{"id":15498,"date":"2009-03-25T11:48:31","date_gmt":"2009-03-25T10:48:31","guid":{"rendered":"http:\/\/www.visit-ulcinj.com\/blog\/?p=15498"},"modified":"2009-03-25T11:48:31","modified_gmt":"2009-03-25T10:48:31","slug":"aida-dhe-adelajda-ti-ke-mungese-intelekti","status":"publish","type":"post","link":"https:\/\/www.visit-ulcinj.com\/blog\/2009\/03\/25\/aida-dhe-adelajda-ti-ke-mungese-intelekti\/","title":{"rendered":"Aida dhe Adelajda : Ti ke munges\u00eb intelekti"},"content":{"rendered":"<p><em><span class=\"newsdate\"><a href=\"http:\/\/www.visit-ulcinj.com\/blog\/wp-content\/uploads\/2009\/03\/aida-debat-me-adelen-big-brother-albania-live.jpg\"><img loading=\"lazy\" class=\"alignleft size-full wp-image-15499\" title=\"aida-debat-me-adelen-big-brother-albania-live\" src=\"http:\/\/www.visit-ulcinj.com\/blog\/wp-content\/uploads\/2009\/03\/aida-debat-me-adelen-big-brother-albania-live.jpg\" alt=\"aida-debat-me-adelen-big-brother-albania-live\" width=\"300\" height=\"205\" \/><\/a>23\/03\/09 03:55<\/span><\/em><\/p>\n<p>Aida i ka th\u00ebn\u00eb Adelajdes se nuk po e b\u00ebnte si\u00e7 duhej rolin e kryefamiljarit, sepse nuk po i ndante n\u00eb m\u00ebnyr\u00eb t\u00eb drejt\u00eb porosit\u00eb dhe blerjet e tyre. Ajo i ka th\u00ebn\u00eb Adel\u00ebs se kjo e fundit nuk e kishte pjekurin\u00eb e nevojshme p\u00ebr t\u00eb dh\u00ebn\u00eb zgjidhjet e duhura. Aida i ka th\u00ebn\u00eb gjithashtu se ajo kishte munges\u00eb intelekti dhe se k\u00ebt\u00eb mendim po vazhdonte t\u2019ia p\u00ebrforconte dita-dit\u00ebs. Adelajda ia ka kthyer se nuk i interesonte fare q\u00eb t\u2019ia nd\u00ebrronte mendimin Aid\u00ebs. Sipas k\u00ebsaj t\u00eb fundit, Adelajda kishte vet\u00ebm nj\u00eb cil\u00ebsi, nj\u00eb z\u00eb acarues dhe asgj\u00eb m\u00eb tep\u00ebr. Adelajda i ka p\u00ebrs\u00ebritur se nuk i interesonte fare \u00e7far\u00eb mund t\u00eb thoshte apo mendonte ajo. Sipas Aid\u00ebs, mosinteresimi i saj, vinte sepse \u201czysha\u201d mjaftohej me aq sa kishte dhe nuk e kuptonte r\u00ebnd\u00ebsin\u00eb e atyre q\u00eb i mungonin.<br \/>\n\u201cUn\u00eb nuk kisha aspak q\u00ebllim t\u00eb t\u00eb acaroja, por ti po kapesh me gj\u00ebra t\u00eb vogla!\u201d \u2013 i ka th\u00ebn\u00eb Adelajda Aid\u00ebs.<\/p>\n","protected":false},"excerpt":{"rendered":"<p>23\/03\/09 03:55 Aida i ka th\u00ebn\u00eb Adelajdes se nuk po e b\u00ebnte si\u00e7 duhej rolin e kryefamiljarit, sepse nuk po i ndante n\u00eb m\u00ebnyr\u00eb t\u00eb drejt\u00eb porosit\u00eb dhe blerjet e tyre. Ajo i ka th\u00ebn\u00eb Adel\u00ebs se kjo e fundit nuk e kishte pjekurin\u00eb e nevojshme p\u00ebr t\u00eb dh\u00ebn\u00eb zgjidhjet e duhura. Aida i ka [&hellip;]<\/p>\n","protected":false},"author":1,"featured_media":0,"comment_status":"open","ping_status":"closed","sticky":false,"template":"","format":"standard","meta":{"spay_email":"","jetpack_publicize_message":"","jetpack_is_tweetstorm":false,"jetpack_publicize_feature_enabled":true},"categories":[6502],"tags":[6529,6537,5057,6506,6516,6712,7129,6891,6693,6887],"jetpack_publicize_connections":[],"yoast_head":"<!-- This site is optimized with the Yoast SEO plugin v19.1 - https:\/\/yoast.com\/wordpress\/plugins\/seo\/ -->\n<title>Aida dhe Adelajda : Ti ke munges\u00c3\u00ab intelekti | Big Brother Albania 2<\/title>\n<meta name=\"description\" content=\"Big Brother Albania 2 - Aida i ka th\u00c3\u00abn\u00c3\u00ab Adelajdes se nuk po e b\u00c3\u00abnte si\u00c3\u00a7 duhej rolin e kryefamiljarit, sepse nuk po i ndante n\u00c3\u00ab m\u00c3\u00abnyr\u00c3\u00ab t\u00c3\u00ab drejt\u00c3\u00ab porosit\u00c3\u00ab dhe blerjet e tyre.\" \/>\n<meta name=\"robots\" content=\"index, follow, max-snippet:-1, max-image-preview:large, max-video-preview:-1\" \/>\n<link rel=\"canonical\" href=\"https:\/\/www.visit-ulcinj.com\/blog\/2009\/03\/25\/aida-dhe-adelajda-ti-ke-mungese-intelekti\/\" \/>\n<meta property=\"og:locale\" content=\"en_US\" \/>\n<meta property=\"og:type\" content=\"article\" \/>\n<meta property=\"og:title\" content=\"Aida dhe Adelajda : Ti ke munges\u00c3\u00ab intelekti | Big Brother Albania 2\" \/>\n<meta property=\"og:description\" content=\"Big Brother Albania 2 - Aida i ka th\u00c3\u00abn\u00c3\u00ab Adelajdes se nuk po e b\u00c3\u00abnte si\u00c3\u00a7 duhej rolin e kryefamiljarit, sepse nuk po i ndante n\u00c3\u00ab m\u00c3\u00abnyr\u00c3\u00ab t\u00c3\u00ab drejt\u00c3\u00ab porosit\u00c3\u00ab dhe blerjet e tyre.\" \/>\n<meta property=\"og:url\" content=\"https:\/\/www.visit-ulcinj.com\/blog\/2009\/03\/25\/aida-dhe-adelajda-ti-ke-mungese-intelekti\/\" \/>\n<meta property=\"og:site_name\" content=\"Lajme nga Ulqini\" \/>\n<meta property=\"article:published_time\" content=\"2009-03-25T10:48:31+00:00\" \/>\n<meta property=\"og:image\" content=\"http:\/\/www.visit-ulcinj.com\/blog\/wp-content\/uploads\/2009\/03\/aida-debat-me-adelen-big-brother-albania-live.jpg\" \/>\n<meta name=\"twitter:label1\" content=\"Written by\" \/>\n\t<meta name=\"twitter:data1\" content=\"ulqini\" \/>\n\t<meta name=\"twitter:label2\" content=\"Est. reading time\" \/>\n\t<meta name=\"twitter:data2\" content=\"1 minute\" \/>\n<script type=\"application\/ld+json\" class=\"yoast-schema-graph\">{\"@context\":\"https:\/\/schema.org\",\"@graph\":[{\"@type\":\"WebSite\",\"@id\":\"https:\/\/www.visit-ulcinj.com\/blog\/#website\",\"url\":\"https:\/\/www.visit-ulcinj.com\/blog\/\",\"name\":\"Lajme nga Ulqini\",\"description\":\"Lajme,Vijesti,Ulqini,Ulqin,Crna Gora,Mali i Zi\",\"potentialAction\":[{\"@type\":\"SearchAction\",\"target\":{\"@type\":\"EntryPoint\",\"urlTemplate\":\"https:\/\/www.visit-ulcinj.com\/blog\/?s={search_term_string}\"},\"query-input\":\"required name=search_term_string\"}],\"inLanguage\":\"en-US\"},{\"@type\":\"ImageObject\",\"inLanguage\":\"en-US\",\"@id\":\"https:\/\/www.visit-ulcinj.com\/blog\/2009\/03\/25\/aida-dhe-adelajda-ti-ke-mungese-intelekti\/#primaryimage\",\"url\":\"http:\/\/www.visit-ulcinj.com\/blog\/wp-content\/uploads\/2009\/03\/aida-debat-me-adelen-big-brother-albania-live.jpg\",\"contentUrl\":\"http:\/\/www.visit-ulcinj.com\/blog\/wp-content\/uploads\/2009\/03\/aida-debat-me-adelen-big-brother-albania-live.jpg\"},{\"@type\":\"WebPage\",\"@id\":\"https:\/\/www.visit-ulcinj.com\/blog\/2009\/03\/25\/aida-dhe-adelajda-ti-ke-mungese-intelekti\/#webpage\",\"url\":\"https:\/\/www.visit-ulcinj.com\/blog\/2009\/03\/25\/aida-dhe-adelajda-ti-ke-mungese-intelekti\/\",\"name\":\"Aida dhe Adelajda : Ti ke munges\u00c3\u00ab intelekti | Big Brother Albania 2\",\"isPartOf\":{\"@id\":\"https:\/\/www.visit-ulcinj.com\/blog\/#website\"},\"primaryImageOfPage\":{\"@id\":\"https:\/\/www.visit-ulcinj.com\/blog\/2009\/03\/25\/aida-dhe-adelajda-ti-ke-mungese-intelekti\/#primaryimage\"},\"datePublished\":\"2009-03-25T10:48:31+00:00\",\"dateModified\":\"2009-03-25T10:48:31+00:00\",\"author\":{\"@id\":\"https:\/\/www.visit-ulcinj.com\/blog\/#\/schema\/person\/dcab619c614d3038751c63bc2aadc06d\"},\"description\":\"Big Brother Albania 2 - Aida i ka th\u00c3\u00abn\u00c3\u00ab Adelajdes se nuk po e b\u00c3\u00abnte si\u00c3\u00a7 duhej rolin e kryefamiljarit, sepse nuk po i ndante n\u00c3\u00ab m\u00c3\u00abnyr\u00c3\u00ab t\u00c3\u00ab drejt\u00c3\u00ab porosit\u00c3\u00ab dhe blerjet e tyre.\",\"breadcrumb\":{\"@id\":\"https:\/\/www.visit-ulcinj.com\/blog\/2009\/03\/25\/aida-dhe-adelajda-ti-ke-mungese-intelekti\/#breadcrumb\"},\"inLanguage\":\"en-US\",\"potentialAction\":[{\"@type\":\"ReadAction\",\"target\":[\"https:\/\/www.visit-ulcinj.com\/blog\/2009\/03\/25\/aida-dhe-adelajda-ti-ke-mungese-intelekti\/\"]}]},{\"@type\":\"BreadcrumbList\",\"@id\":\"https:\/\/www.visit-ulcinj.com\/blog\/2009\/03\/25\/aida-dhe-adelajda-ti-ke-mungese-intelekti\/#breadcrumb\",\"itemListElement\":[{\"@type\":\"ListItem\",\"position\":1,\"name\":\"Aida dhe Adelajda : Ti ke munges\u00eb intelekti\"}]},{\"@type\":\"Person\",\"@id\":\"https:\/\/www.visit-ulcinj.com\/blog\/#\/schema\/person\/dcab619c614d3038751c63bc2aadc06d\",\"name\":\"ulqini\",\"sameAs\":[\"http:\/\/www.visit-ulcinj.com\"],\"url\":\"https:\/\/www.visit-ulcinj.com\/blog\/author\/admin\/\"}]}<\/script>\n<!-- \/ Yoast SEO plugin. -->","yoast_head_json":{"title":"Aida dhe Adelajda : Ti ke munges\u00c3\u00ab intelekti | Big Brother Albania 2","description":"Big Brother Albania 2 - Aida i ka th\u00c3\u00abn\u00c3\u00ab Adelajdes se nuk po e b\u00c3\u00abnte si\u00c3\u00a7 duhej rolin e kryefamiljarit, sepse nuk po i ndante n\u00c3\u00ab m\u00c3\u00abnyr\u00c3\u00ab t\u00c3\u00ab drejt\u00c3\u00ab porosit\u00c3\u00ab dhe blerjet e tyre.","robots":{"index":"index","follow":"follow","max-snippet":"max-snippet:-1","max-image-preview":"max-image-preview:large","max-video-preview":"max-video-preview:-1"},"canonical":"https:\/\/www.visit-ulcinj.com\/blog\/2009\/03\/25\/aida-dhe-adelajda-ti-ke-mungese-intelekti\/","og_locale":"en_US","og_type":"article","og_title":"Aida dhe Adelajda : Ti ke munges\u00c3\u00ab intelekti | Big Brother Albania 2","og_description":"Big Brother Albania 2 - Aida i ka th\u00c3\u00abn\u00c3\u00ab Adelajdes se nuk po e b\u00c3\u00abnte si\u00c3\u00a7 duhej rolin e kryefamiljarit, sepse nuk po i ndante n\u00c3\u00ab m\u00c3\u00abnyr\u00c3\u00ab t\u00c3\u00ab drejt\u00c3\u00ab porosit\u00c3\u00ab dhe blerjet e tyre.","og_url":"https:\/\/www.visit-ulcinj.com\/blog\/2009\/03\/25\/aida-dhe-adelajda-ti-ke-mungese-intelekti\/","og_site_name":"Lajme nga Ulqini","article_published_time":"2009-03-25T10:48:31+00:00","og_image":[{"url":"http:\/\/www.visit-ulcinj.com\/blog\/wp-content\/uploads\/2009\/03\/aida-debat-me-adelen-big-brother-albania-live.jpg"}],"twitter_misc":{"Written by":"ulqini","Est. reading time":"1 minute"},"schema":{"@context":"https:\/\/schema.org","@graph":[{"@type":"WebSite","@id":"https:\/\/www.visit-ulcinj.com\/blog\/#website","url":"https:\/\/www.visit-ulcinj.com\/blog\/","name":"Lajme nga Ulqini","description":"Lajme,Vijesti,Ulqini,Ulqin,Crna Gora,Mali i Zi","potentialAction":[{"@type":"SearchAction","target":{"@type":"EntryPoint","urlTemplate":"https:\/\/www.visit-ulcinj.com\/blog\/?s={search_term_string}"},"query-input":"required name=search_term_string"}],"inLanguage":"en-US"},{"@type":"ImageObject","inLanguage":"en-US","@id":"https:\/\/www.visit-ulcinj.com\/blog\/2009\/03\/25\/aida-dhe-adelajda-ti-ke-mungese-intelekti\/#primaryimage","url":"http:\/\/www.visit-ulcinj.com\/blog\/wp-content\/uploads\/2009\/03\/aida-debat-me-adelen-big-brother-albania-live.jpg","contentUrl":"http:\/\/www.visit-ulcinj.com\/blog\/wp-content\/uploads\/2009\/03\/aida-debat-me-adelen-big-brother-albania-live.jpg"},{"@type":"WebPage","@id":"https:\/\/www.visit-ulcinj.com\/blog\/2009\/03\/25\/aida-dhe-adelajda-ti-ke-mungese-intelekti\/#webpage","url":"https:\/\/www.visit-ulcinj.com\/blog\/2009\/03\/25\/aida-dhe-adelajda-ti-ke-mungese-intelekti\/","name":"Aida dhe Adelajda : Ti ke munges\u00c3\u00ab intelekti | Big Brother Albania 2","isPartOf":{"@id":"https:\/\/www.visit-ulcinj.com\/blog\/#website"},"primaryImageOfPage":{"@id":"https:\/\/www.visit-ulcinj.com\/blog\/2009\/03\/25\/aida-dhe-adelajda-ti-ke-mungese-intelekti\/#primaryimage"},"datePublished":"2009-03-25T10:48:31+00:00","dateModified":"2009-03-25T10:48:31+00:00","author":{"@id":"https:\/\/www.visit-ulcinj.com\/blog\/#\/schema\/person\/dcab619c614d3038751c63bc2aadc06d"},"description":"Big Brother Albania 2 - Aida i ka th\u00c3\u00abn\u00c3\u00ab Adelajdes se nuk po e b\u00c3\u00abnte si\u00c3\u00a7 duhej rolin e kryefamiljarit, sepse nuk po i ndante n\u00c3\u00ab m\u00c3\u00abnyr\u00c3\u00ab t\u00c3\u00ab drejt\u00c3\u00ab porosit\u00c3\u00ab dhe blerjet e tyre.","breadcrumb":{"@id":"https:\/\/www.visit-ulcinj.com\/blog\/2009\/03\/25\/aida-dhe-adelajda-ti-ke-mungese-intelekti\/#breadcrumb"},"inLanguage":"en-US","potentialAction":[{"@type":"ReadAction","target":["https:\/\/www.visit-ulcinj.com\/blog\/2009\/03\/25\/aida-dhe-adelajda-ti-ke-mungese-intelekti\/"]}]},{"@type":"BreadcrumbList","@id":"https:\/\/www.visit-ulcinj.com\/blog\/2009\/03\/25\/aida-dhe-adelajda-ti-ke-mungese-intelekti\/#breadcrumb","itemListElement":[{"@type":"ListItem","position":1,"name":"Aida dhe Adelajda : Ti ke munges\u00eb intelekti"}]},{"@type":"Person","@id":"https:\/\/www.visit-ulcinj.com\/blog\/#\/schema\/person\/dcab619c614d3038751c63bc2aadc06d","name":"ulqini","sameAs":["http:\/\/www.visit-ulcinj.com"],"url":"https:\/\/www.visit-ulcinj.com\/blog\/author\/admin\/"}]}},"jetpack_featured_media_url":"","jetpack_sharing_enabled":true,"jetpack_shortlink":"https:\/\/wp.me\/pe6lTn-41Y","_links":{"self":[{"href":"https:\/\/www.visit-ulcinj.com\/blog\/wp-json\/wp\/v2\/posts\/15498"}],"collection":[{"href":"https:\/\/www.visit-ulcinj.com\/blog\/wp-json\/wp\/v2\/posts"}],"about":[{"href":"https:\/\/www.visit-ulcinj.com\/blog\/wp-json\/wp\/v2\/types\/post"}],"author":[{"embeddable":true,"href":"https:\/\/www.visit-ulcinj.com\/blog\/wp-json\/wp\/v2\/users\/1"}],"replies":[{"embeddable":true,"href":"https:\/\/www.visit-ulcinj.com\/blog\/wp-json\/wp\/v2\/comments?post=15498"}],"version-history":[{"count":0,"href":"https:\/\/www.visit-ulcinj.com\/blog\/wp-json\/wp\/v2\/posts\/15498\/revisions"}],"wp:attachment":[{"href":"https:\/\/www.visit-ulcinj.com\/blog\/wp-json\/wp\/v2\/media?parent=15498"}],"wp:term":[{"taxonomy":"category","embeddable":true,"href":"https:\/\/www.visit-ulcinj.com\/blog\/wp-json\/wp\/v2\/categories?post=15498"},{"taxonomy":"post_tag","embeddable":true,"href":"https:\/\/www.visit-ulcinj.com\/blog\/wp-json\/wp\/v2\/tags?post=15498"}],"curies":[{"name":"wp","href":"https:\/\/api.w.org\/{rel}","templated":true}]}}