{"id":15504,"date":"2009-03-25T12:00:02","date_gmt":"2009-03-25T11:00:02","guid":{"rendered":"http:\/\/www.visit-ulcinj.com\/blog\/?p=15504"},"modified":"2009-03-25T12:00:02","modified_gmt":"2009-03-25T11:00:02","slug":"shaka-per-vajzat-big-brother-albania-2","status":"publish","type":"post","link":"https:\/\/www.visit-ulcinj.com\/blog\/2009\/03\/25\/shaka-per-vajzat-big-brother-albania-2\/","title":{"rendered":"Shaka p\u00ebr vajzat | Big Brother Albania 2"},"content":{"rendered":"<p><em><span class=\"newsdate\"><a href=\"http:\/\/www.visit-ulcinj.com\/blog\/wp-content\/uploads\/2009\/03\/shaka-per-vajzat.jpg\"><img loading=\"lazy\" class=\"alignleft size-full wp-image-15505\" title=\"shaka-per-vajzat-big-brother-albania-2\" src=\"http:\/\/www.visit-ulcinj.com\/blog\/wp-content\/uploads\/2009\/03\/shaka-per-vajzat.jpg\" alt=\"shaka-per-vajzat-big-brother-albania-2\" width=\"300\" height=\"205\" \/><\/a>23\/03\/09 13:41<\/span><\/em><\/p>\n<p>Djemt\u00eb q\u00ebndrojn\u00eb n\u00eb kop\u00ebsht dhe diskutojn\u00eb p\u00ebr t`i b\u00ebr\u00eb nj\u00eb shaka vajzave. Protagonist n\u00eb shaka do jet\u00eb Ani i cili do fshihet tek dhoma e tyre. Ata mendojn\u00eb p\u00ebr vende t\u00eb ndryshme ku mund ta fshehin. Arjoni mendon q\u00eb ta fshehin tek koshi i rrobave. Adi thot\u00eb Anit:-\u201cUn\u00eb do vej kllufin e jastikut ,dhe do t\u00eb v\u00eb si jastik tek krevati i vajzave.\u201d Ai ia kthen:-\u201cPo dal m\u00eb i gjat\u00eb se jastiku un\u00eb!\u201d Por Qetsori i thot\u00eb:-\u201cDo i mbledh\u00ebsh pak k\u00ebmb\u00ebt ti ,ose do t\u00eb vendosim n\u00eb form\u00eb ambazhuri.\u201d Sipas tij nj\u00eb shaka duhet t`ja b\u00ebjn\u00eb vajzave. Arjoni thot\u00eb q\u00eb shakan\u00eb nuk duhet t`ja tregojn\u00eb Bjordit, pasi ai mund t`ua zbuloj\u00eb. Ani propozon q\u00eb shakan\u00eb t`ia b\u00ebj Bjordit ,dhe Adi mendon q\u00eb Ani t\u00eb futet n\u00eb dollap, dhe t\u00eb b\u00ebj zhurm\u00eb n\u00eb m\u00ebnyr\u00eb q\u00eb ta tremb\u00eb.<\/p>\n","protected":false},"excerpt":{"rendered":"<p>23\/03\/09 13:41 Djemt\u00eb q\u00ebndrojn\u00eb n\u00eb kop\u00ebsht dhe diskutojn\u00eb p\u00ebr t`i b\u00ebr\u00eb nj\u00eb shaka vajzave. Protagonist n\u00eb shaka do jet\u00eb Ani i cili do fshihet tek dhoma e tyre. Ata mendojn\u00eb p\u00ebr vende t\u00eb ndryshme ku mund ta fshehin. Arjoni mendon q\u00eb ta fshehin tek koshi i rrobave. Adi thot\u00eb Anit:-\u201cUn\u00eb do vej kllufin e jastikut [&hellip;]<\/p>\n","protected":false},"author":1,"featured_media":0,"comment_status":"open","ping_status":"closed","sticky":false,"template":"","format":"standard","meta":{"spay_email":"","jetpack_publicize_message":"","jetpack_is_tweetstorm":false,"jetpack_publicize_feature_enabled":true},"categories":[6502],"tags":[6529,1414,6537,8289,6525,6883,6516,6712,6522,6544,6900,6891],"jetpack_publicize_connections":[],"yoast_head":"<!-- This site is optimized with the Yoast SEO plugin v19.1 - https:\/\/yoast.com\/wordpress\/plugins\/seo\/ -->\n<title>Shaka p\u00c3\u00abr vajzat | Big Brother Albania 2<\/title>\n<meta name=\"description\" content=\"Big Brother Albania 2 -Djemt\u00c3\u00ab q\u00c3\u00abndrojn\u00c3\u00ab n\u00c3\u00ab kop\u00c3\u00absht dhe diskutojn\u00c3\u00ab p\u00c3\u00abr t`i b\u00c3\u00abr\u00c3\u00ab nj\u00c3\u00ab shaka vajzave.\" \/>\n<meta name=\"robots\" content=\"index, follow, max-snippet:-1, max-image-preview:large, max-video-preview:-1\" \/>\n<link rel=\"canonical\" href=\"https:\/\/www.visit-ulcinj.com\/blog\/2009\/03\/25\/shaka-per-vajzat-big-brother-albania-2\/\" \/>\n<meta property=\"og:locale\" content=\"en_US\" \/>\n<meta property=\"og:type\" content=\"article\" \/>\n<meta property=\"og:title\" content=\"Shaka p\u00c3\u00abr vajzat | Big Brother Albania 2\" \/>\n<meta property=\"og:description\" content=\"Big Brother Albania 2 -Djemt\u00c3\u00ab q\u00c3\u00abndrojn\u00c3\u00ab n\u00c3\u00ab kop\u00c3\u00absht dhe diskutojn\u00c3\u00ab p\u00c3\u00abr t`i b\u00c3\u00abr\u00c3\u00ab nj\u00c3\u00ab shaka vajzave.\" \/>\n<meta property=\"og:url\" content=\"https:\/\/www.visit-ulcinj.com\/blog\/2009\/03\/25\/shaka-per-vajzat-big-brother-albania-2\/\" \/>\n<meta property=\"og:site_name\" content=\"Lajme nga Ulqini\" \/>\n<meta property=\"article:published_time\" content=\"2009-03-25T11:00:02+00:00\" \/>\n<meta property=\"og:image\" content=\"http:\/\/www.visit-ulcinj.com\/blog\/wp-content\/uploads\/2009\/03\/shaka-per-vajzat.jpg\" \/>\n<meta name=\"twitter:label1\" content=\"Written by\" \/>\n\t<meta name=\"twitter:data1\" content=\"ulqini\" \/>\n\t<meta name=\"twitter:label2\" content=\"Est. reading time\" \/>\n\t<meta name=\"twitter:data2\" content=\"1 minute\" \/>\n<script type=\"application\/ld+json\" class=\"yoast-schema-graph\">{\"@context\":\"https:\/\/schema.org\",\"@graph\":[{\"@type\":\"WebSite\",\"@id\":\"https:\/\/www.visit-ulcinj.com\/blog\/#website\",\"url\":\"https:\/\/www.visit-ulcinj.com\/blog\/\",\"name\":\"Lajme nga Ulqini\",\"description\":\"Lajme,Vijesti,Ulqini,Ulqin,Crna Gora,Mali i Zi\",\"potentialAction\":[{\"@type\":\"SearchAction\",\"target\":{\"@type\":\"EntryPoint\",\"urlTemplate\":\"https:\/\/www.visit-ulcinj.com\/blog\/?s={search_term_string}\"},\"query-input\":\"required name=search_term_string\"}],\"inLanguage\":\"en-US\"},{\"@type\":\"ImageObject\",\"inLanguage\":\"en-US\",\"@id\":\"https:\/\/www.visit-ulcinj.com\/blog\/2009\/03\/25\/shaka-per-vajzat-big-brother-albania-2\/#primaryimage\",\"url\":\"http:\/\/www.visit-ulcinj.com\/blog\/wp-content\/uploads\/2009\/03\/shaka-per-vajzat.jpg\",\"contentUrl\":\"http:\/\/www.visit-ulcinj.com\/blog\/wp-content\/uploads\/2009\/03\/shaka-per-vajzat.jpg\"},{\"@type\":\"WebPage\",\"@id\":\"https:\/\/www.visit-ulcinj.com\/blog\/2009\/03\/25\/shaka-per-vajzat-big-brother-albania-2\/#webpage\",\"url\":\"https:\/\/www.visit-ulcinj.com\/blog\/2009\/03\/25\/shaka-per-vajzat-big-brother-albania-2\/\",\"name\":\"Shaka p\u00c3\u00abr vajzat | Big Brother Albania 2\",\"isPartOf\":{\"@id\":\"https:\/\/www.visit-ulcinj.com\/blog\/#website\"},\"primaryImageOfPage\":{\"@id\":\"https:\/\/www.visit-ulcinj.com\/blog\/2009\/03\/25\/shaka-per-vajzat-big-brother-albania-2\/#primaryimage\"},\"datePublished\":\"2009-03-25T11:00:02+00:00\",\"dateModified\":\"2009-03-25T11:00:02+00:00\",\"author\":{\"@id\":\"https:\/\/www.visit-ulcinj.com\/blog\/#\/schema\/person\/dcab619c614d3038751c63bc2aadc06d\"},\"description\":\"Big Brother Albania 2 -Djemt\u00c3\u00ab q\u00c3\u00abndrojn\u00c3\u00ab n\u00c3\u00ab kop\u00c3\u00absht dhe diskutojn\u00c3\u00ab p\u00c3\u00abr t`i b\u00c3\u00abr\u00c3\u00ab nj\u00c3\u00ab shaka vajzave.\",\"breadcrumb\":{\"@id\":\"https:\/\/www.visit-ulcinj.com\/blog\/2009\/03\/25\/shaka-per-vajzat-big-brother-albania-2\/#breadcrumb\"},\"inLanguage\":\"en-US\",\"potentialAction\":[{\"@type\":\"ReadAction\",\"target\":[\"https:\/\/www.visit-ulcinj.com\/blog\/2009\/03\/25\/shaka-per-vajzat-big-brother-albania-2\/\"]}]},{\"@type\":\"BreadcrumbList\",\"@id\":\"https:\/\/www.visit-ulcinj.com\/blog\/2009\/03\/25\/shaka-per-vajzat-big-brother-albania-2\/#breadcrumb\",\"itemListElement\":[{\"@type\":\"ListItem\",\"position\":1,\"name\":\"Shaka p\u00ebr vajzat | Big Brother Albania 2\"}]},{\"@type\":\"Person\",\"@id\":\"https:\/\/www.visit-ulcinj.com\/blog\/#\/schema\/person\/dcab619c614d3038751c63bc2aadc06d\",\"name\":\"ulqini\",\"sameAs\":[\"http:\/\/www.visit-ulcinj.com\"],\"url\":\"https:\/\/www.visit-ulcinj.com\/blog\/author\/admin\/\"}]}<\/script>\n<!-- \/ Yoast SEO plugin. -->","yoast_head_json":{"title":"Shaka p\u00c3\u00abr vajzat | Big Brother Albania 2","description":"Big Brother Albania 2 -Djemt\u00c3\u00ab q\u00c3\u00abndrojn\u00c3\u00ab n\u00c3\u00ab kop\u00c3\u00absht dhe diskutojn\u00c3\u00ab p\u00c3\u00abr t`i b\u00c3\u00abr\u00c3\u00ab nj\u00c3\u00ab shaka vajzave.","robots":{"index":"index","follow":"follow","max-snippet":"max-snippet:-1","max-image-preview":"max-image-preview:large","max-video-preview":"max-video-preview:-1"},"canonical":"https:\/\/www.visit-ulcinj.com\/blog\/2009\/03\/25\/shaka-per-vajzat-big-brother-albania-2\/","og_locale":"en_US","og_type":"article","og_title":"Shaka p\u00c3\u00abr vajzat | Big Brother Albania 2","og_description":"Big Brother Albania 2 -Djemt\u00c3\u00ab q\u00c3\u00abndrojn\u00c3\u00ab n\u00c3\u00ab kop\u00c3\u00absht dhe diskutojn\u00c3\u00ab p\u00c3\u00abr t`i b\u00c3\u00abr\u00c3\u00ab nj\u00c3\u00ab shaka vajzave.","og_url":"https:\/\/www.visit-ulcinj.com\/blog\/2009\/03\/25\/shaka-per-vajzat-big-brother-albania-2\/","og_site_name":"Lajme nga Ulqini","article_published_time":"2009-03-25T11:00:02+00:00","og_image":[{"url":"http:\/\/www.visit-ulcinj.com\/blog\/wp-content\/uploads\/2009\/03\/shaka-per-vajzat.jpg"}],"twitter_misc":{"Written by":"ulqini","Est. reading time":"1 minute"},"schema":{"@context":"https:\/\/schema.org","@graph":[{"@type":"WebSite","@id":"https:\/\/www.visit-ulcinj.com\/blog\/#website","url":"https:\/\/www.visit-ulcinj.com\/blog\/","name":"Lajme nga Ulqini","description":"Lajme,Vijesti,Ulqini,Ulqin,Crna Gora,Mali i Zi","potentialAction":[{"@type":"SearchAction","target":{"@type":"EntryPoint","urlTemplate":"https:\/\/www.visit-ulcinj.com\/blog\/?s={search_term_string}"},"query-input":"required name=search_term_string"}],"inLanguage":"en-US"},{"@type":"ImageObject","inLanguage":"en-US","@id":"https:\/\/www.visit-ulcinj.com\/blog\/2009\/03\/25\/shaka-per-vajzat-big-brother-albania-2\/#primaryimage","url":"http:\/\/www.visit-ulcinj.com\/blog\/wp-content\/uploads\/2009\/03\/shaka-per-vajzat.jpg","contentUrl":"http:\/\/www.visit-ulcinj.com\/blog\/wp-content\/uploads\/2009\/03\/shaka-per-vajzat.jpg"},{"@type":"WebPage","@id":"https:\/\/www.visit-ulcinj.com\/blog\/2009\/03\/25\/shaka-per-vajzat-big-brother-albania-2\/#webpage","url":"https:\/\/www.visit-ulcinj.com\/blog\/2009\/03\/25\/shaka-per-vajzat-big-brother-albania-2\/","name":"Shaka p\u00c3\u00abr vajzat | Big Brother Albania 2","isPartOf":{"@id":"https:\/\/www.visit-ulcinj.com\/blog\/#website"},"primaryImageOfPage":{"@id":"https:\/\/www.visit-ulcinj.com\/blog\/2009\/03\/25\/shaka-per-vajzat-big-brother-albania-2\/#primaryimage"},"datePublished":"2009-03-25T11:00:02+00:00","dateModified":"2009-03-25T11:00:02+00:00","author":{"@id":"https:\/\/www.visit-ulcinj.com\/blog\/#\/schema\/person\/dcab619c614d3038751c63bc2aadc06d"},"description":"Big Brother Albania 2 -Djemt\u00c3\u00ab q\u00c3\u00abndrojn\u00c3\u00ab n\u00c3\u00ab kop\u00c3\u00absht dhe diskutojn\u00c3\u00ab p\u00c3\u00abr t`i b\u00c3\u00abr\u00c3\u00ab nj\u00c3\u00ab shaka vajzave.","breadcrumb":{"@id":"https:\/\/www.visit-ulcinj.com\/blog\/2009\/03\/25\/shaka-per-vajzat-big-brother-albania-2\/#breadcrumb"},"inLanguage":"en-US","potentialAction":[{"@type":"ReadAction","target":["https:\/\/www.visit-ulcinj.com\/blog\/2009\/03\/25\/shaka-per-vajzat-big-brother-albania-2\/"]}]},{"@type":"BreadcrumbList","@id":"https:\/\/www.visit-ulcinj.com\/blog\/2009\/03\/25\/shaka-per-vajzat-big-brother-albania-2\/#breadcrumb","itemListElement":[{"@type":"ListItem","position":1,"name":"Shaka p\u00ebr vajzat | Big Brother Albania 2"}]},{"@type":"Person","@id":"https:\/\/www.visit-ulcinj.com\/blog\/#\/schema\/person\/dcab619c614d3038751c63bc2aadc06d","name":"ulqini","sameAs":["http:\/\/www.visit-ulcinj.com"],"url":"https:\/\/www.visit-ulcinj.com\/blog\/author\/admin\/"}]}},"jetpack_featured_media_url":"","jetpack_sharing_enabled":true,"jetpack_shortlink":"https:\/\/wp.me\/pe6lTn-424","_links":{"self":[{"href":"https:\/\/www.visit-ulcinj.com\/blog\/wp-json\/wp\/v2\/posts\/15504"}],"collection":[{"href":"https:\/\/www.visit-ulcinj.com\/blog\/wp-json\/wp\/v2\/posts"}],"about":[{"href":"https:\/\/www.visit-ulcinj.com\/blog\/wp-json\/wp\/v2\/types\/post"}],"author":[{"embeddable":true,"href":"https:\/\/www.visit-ulcinj.com\/blog\/wp-json\/wp\/v2\/users\/1"}],"replies":[{"embeddable":true,"href":"https:\/\/www.visit-ulcinj.com\/blog\/wp-json\/wp\/v2\/comments?post=15504"}],"version-history":[{"count":0,"href":"https:\/\/www.visit-ulcinj.com\/blog\/wp-json\/wp\/v2\/posts\/15504\/revisions"}],"wp:attachment":[{"href":"https:\/\/www.visit-ulcinj.com\/blog\/wp-json\/wp\/v2\/media?parent=15504"}],"wp:term":[{"taxonomy":"category","embeddable":true,"href":"https:\/\/www.visit-ulcinj.com\/blog\/wp-json\/wp\/v2\/categories?post=15504"},{"taxonomy":"post_tag","embeddable":true,"href":"https:\/\/www.visit-ulcinj.com\/blog\/wp-json\/wp\/v2\/tags?post=15504"}],"curies":[{"name":"wp","href":"https:\/\/api.w.org\/{rel}","templated":true}]}}