{"id":15511,"date":"2009-03-25T12:11:34","date_gmt":"2009-03-25T11:11:34","guid":{"rendered":"http:\/\/www.visit-ulcinj.com\/blog\/?p=15511"},"modified":"2009-03-25T12:11:34","modified_gmt":"2009-03-25T11:11:34","slug":"djemte-sdo-flene-tek-dhoma-e-vajzave","status":"publish","type":"post","link":"https:\/\/www.visit-ulcinj.com\/blog\/2009\/03\/25\/djemte-sdo-flene-tek-dhoma-e-vajzave\/","title":{"rendered":"Djemt\u00eb s`do flen\u00eb tek dhoma e vajzave"},"content":{"rendered":"<p><em><span class=\"newsdate\"><a href=\"http:\/\/www.visit-ulcinj.com\/blog\/wp-content\/uploads\/2009\/03\/diskutimi-per-punet.jpg\"><img loading=\"lazy\" class=\"alignleft size-full wp-image-15512\" title=\"diskutimi-per-punet-big-brother-albania-live\" src=\"http:\/\/www.visit-ulcinj.com\/blog\/wp-content\/uploads\/2009\/03\/diskutimi-per-punet.jpg\" alt=\"diskutimi-per-punet-big-brother-albania-live\" width=\"300\" height=\"205\" \/><\/a>23\/03\/09 17:39<\/span><\/em><\/p>\n<p>Adelajda si kryefamiljare ka vendosur q\u00eb t\u00eb b\u00ebj nj\u00eb organizim tjet\u00ebr n\u00eb lidhje me pun\u00ebt e sht\u00ebpis\u00eb. Ajo mendon q\u00eb personat q\u00eb b\u00ebjn\u00eb pun\u00eb t\u00eb pastrojn\u00eb t\u00eb gjith\u00eb bashk\u00eb nj\u00eb dit\u00eb po dhe nj\u00eb dit\u00eb jo. K\u00ebt\u00eb vendim ajo e diskuton dhe me banor\u00ebt e tjer\u00eb, p\u00ebr t\u00eb marr\u00eb dhe mendimet e tyre. Qetsori m\u00ebnjanohet nga kjo gj\u00eb pasi ai \u00ebsht\u00eb personi q\u00eb gatuan n\u00eb sht\u00ebpi, dhe banor\u00ebt i kan\u00eb dh\u00ebn\u00eb t\u00eb drejt\u00ebn p\u00ebr t\u00eb mos b\u00ebr\u00eb asnj\u00eb pun\u00eb tjet\u00ebr. Si gjithmon\u00eb larja e en\u00ebve \u00ebsht\u00eb kthyer n\u00eb tem\u00eb debati. Banor\u00ebt diskutojn\u00eb me n\u00ebri-tjetrin n\u00eb lidhje me t\u00eb. Republika hap nj\u00eb tjet\u00ebr diskutim, p\u00ebr dhomat. Ajo thot\u00eb:-\u201cDjemt\u00eb nuk do flen\u00eb m\u00eb tek dhoma e vajzave!\u201d Arjoni ndihet i ofenduar nga ky mendim i Republik\u00ebs. Ajo e sqaron duke i th\u00ebn\u00eb q\u00eb jan\u00eb dhe persona t\u00eb tjer\u00eb q\u00eb e mendojn\u00eb si ajo. Sipas saj fakti q\u00eb dhomat jan\u00eb t\u00eb ndara p\u00ebr vajzat dhe meshkujt do t\u00eb thot\u00eb dicka. Banor\u00ebt shrehin mendimin n\u00eb lidhje me k\u00ebt\u00eb. Sipas Anjez\u00ebs \u00ebsht\u00eb absurde q\u00eb djemt\u00eb mos t\u00eb rrin\u00eb tek dhoma e tyre. Qetsori e pyet Republik\u00ebn:-\u201cJu trembeni nga vetja q\u00eb mos b\u00ebni hapin e gabuar, apo ngaq\u00eb mendoni mos gabojn\u00eb djemt\u00eb? Pse k\u00ebrkoni t\u00eb b\u00ebni nj\u00eb viktim\u00eb t\u00eb nj\u00eb bashk\u00ebfjetjeje shoq\u00ebrore?\u201d Republika i thot\u00eb Qetsorit q\u00eb ai ka tendenc\u00ebn p\u00ebr t`i trasformuar gj\u00ebrat dhe ja arrin q\u00ebllimit.<\/p>\n","protected":false},"excerpt":{"rendered":"<p>23\/03\/09 17:39 Adelajda si kryefamiljare ka vendosur q\u00eb t\u00eb b\u00ebj nj\u00eb organizim tjet\u00ebr n\u00eb lidhje me pun\u00ebt e sht\u00ebpis\u00eb. Ajo mendon q\u00eb personat q\u00eb b\u00ebjn\u00eb pun\u00eb t\u00eb pastrojn\u00eb t\u00eb gjith\u00eb bashk\u00eb nj\u00eb dit\u00eb po dhe nj\u00eb dit\u00eb jo. K\u00ebt\u00eb vendim ajo e diskuton dhe me banor\u00ebt e tjer\u00eb, p\u00ebr t\u00eb marr\u00eb dhe mendimet e tyre. [&hellip;]<\/p>\n","protected":false},"author":1,"featured_media":0,"comment_status":"open","ping_status":"closed","sticky":false,"template":"","format":"standard","meta":{"spay_email":"","jetpack_publicize_message":"","jetpack_is_tweetstorm":false,"jetpack_publicize_feature_enabled":true},"categories":[6502],"tags":[6529,1414,6525,6883,6516,6712,6522,262,6891],"jetpack_publicize_connections":[],"yoast_head":"<!-- This site is optimized with the Yoast SEO plugin v19.1 - https:\/\/yoast.com\/wordpress\/plugins\/seo\/ -->\n<title>Djemt\u00c3\u00ab s`do flen\u00c3\u00ab tek dhoma e vajzave | Big Brother Albania 2<\/title>\n<meta name=\"description\" content=\"Big Brother Albania 2 - Adelajda si kryefamiljare ka vendosur q\u00c3\u00ab t\u00c3\u00ab b\u00c3\u00abj nj\u00c3\u00ab organizim tjet\u00c3\u00abr n\u00c3\u00ab lidhje me pun\u00c3\u00abt e sht\u00c3\u00abpis\u00c3\u00ab\" \/>\n<meta name=\"robots\" content=\"index, follow, max-snippet:-1, max-image-preview:large, max-video-preview:-1\" \/>\n<link rel=\"canonical\" href=\"https:\/\/www.visit-ulcinj.com\/blog\/2009\/03\/25\/djemte-sdo-flene-tek-dhoma-e-vajzave\/\" \/>\n<meta property=\"og:locale\" content=\"en_US\" \/>\n<meta property=\"og:type\" content=\"article\" \/>\n<meta property=\"og:title\" content=\"Djemt\u00c3\u00ab s`do flen\u00c3\u00ab tek dhoma e vajzave | Big Brother Albania 2\" \/>\n<meta property=\"og:description\" content=\"Big Brother Albania 2 - Adelajda si kryefamiljare ka vendosur q\u00c3\u00ab t\u00c3\u00ab b\u00c3\u00abj nj\u00c3\u00ab organizim tjet\u00c3\u00abr n\u00c3\u00ab lidhje me pun\u00c3\u00abt e sht\u00c3\u00abpis\u00c3\u00ab\" \/>\n<meta property=\"og:url\" content=\"https:\/\/www.visit-ulcinj.com\/blog\/2009\/03\/25\/djemte-sdo-flene-tek-dhoma-e-vajzave\/\" \/>\n<meta property=\"og:site_name\" content=\"Lajme nga Ulqini\" \/>\n<meta property=\"article:published_time\" content=\"2009-03-25T11:11:34+00:00\" \/>\n<meta property=\"og:image\" content=\"http:\/\/www.visit-ulcinj.com\/blog\/wp-content\/uploads\/2009\/03\/diskutimi-per-punet.jpg\" \/>\n<meta name=\"twitter:label1\" content=\"Written by\" \/>\n\t<meta name=\"twitter:data1\" content=\"ulqini\" \/>\n\t<meta name=\"twitter:label2\" content=\"Est. reading time\" \/>\n\t<meta name=\"twitter:data2\" content=\"1 minute\" \/>\n<script type=\"application\/ld+json\" class=\"yoast-schema-graph\">{\"@context\":\"https:\/\/schema.org\",\"@graph\":[{\"@type\":\"WebSite\",\"@id\":\"https:\/\/www.visit-ulcinj.com\/blog\/#website\",\"url\":\"https:\/\/www.visit-ulcinj.com\/blog\/\",\"name\":\"Lajme nga Ulqini\",\"description\":\"Lajme,Vijesti,Ulqini,Ulqin,Crna Gora,Mali i Zi\",\"potentialAction\":[{\"@type\":\"SearchAction\",\"target\":{\"@type\":\"EntryPoint\",\"urlTemplate\":\"https:\/\/www.visit-ulcinj.com\/blog\/?s={search_term_string}\"},\"query-input\":\"required name=search_term_string\"}],\"inLanguage\":\"en-US\"},{\"@type\":\"ImageObject\",\"inLanguage\":\"en-US\",\"@id\":\"https:\/\/www.visit-ulcinj.com\/blog\/2009\/03\/25\/djemte-sdo-flene-tek-dhoma-e-vajzave\/#primaryimage\",\"url\":\"http:\/\/www.visit-ulcinj.com\/blog\/wp-content\/uploads\/2009\/03\/diskutimi-per-punet.jpg\",\"contentUrl\":\"http:\/\/www.visit-ulcinj.com\/blog\/wp-content\/uploads\/2009\/03\/diskutimi-per-punet.jpg\"},{\"@type\":\"WebPage\",\"@id\":\"https:\/\/www.visit-ulcinj.com\/blog\/2009\/03\/25\/djemte-sdo-flene-tek-dhoma-e-vajzave\/#webpage\",\"url\":\"https:\/\/www.visit-ulcinj.com\/blog\/2009\/03\/25\/djemte-sdo-flene-tek-dhoma-e-vajzave\/\",\"name\":\"Djemt\u00c3\u00ab s`do flen\u00c3\u00ab tek dhoma e vajzave | Big Brother Albania 2\",\"isPartOf\":{\"@id\":\"https:\/\/www.visit-ulcinj.com\/blog\/#website\"},\"primaryImageOfPage\":{\"@id\":\"https:\/\/www.visit-ulcinj.com\/blog\/2009\/03\/25\/djemte-sdo-flene-tek-dhoma-e-vajzave\/#primaryimage\"},\"datePublished\":\"2009-03-25T11:11:34+00:00\",\"dateModified\":\"2009-03-25T11:11:34+00:00\",\"author\":{\"@id\":\"https:\/\/www.visit-ulcinj.com\/blog\/#\/schema\/person\/dcab619c614d3038751c63bc2aadc06d\"},\"description\":\"Big Brother Albania 2 - Adelajda si kryefamiljare ka vendosur q\u00c3\u00ab t\u00c3\u00ab b\u00c3\u00abj nj\u00c3\u00ab organizim tjet\u00c3\u00abr n\u00c3\u00ab lidhje me pun\u00c3\u00abt e sht\u00c3\u00abpis\u00c3\u00ab\",\"breadcrumb\":{\"@id\":\"https:\/\/www.visit-ulcinj.com\/blog\/2009\/03\/25\/djemte-sdo-flene-tek-dhoma-e-vajzave\/#breadcrumb\"},\"inLanguage\":\"en-US\",\"potentialAction\":[{\"@type\":\"ReadAction\",\"target\":[\"https:\/\/www.visit-ulcinj.com\/blog\/2009\/03\/25\/djemte-sdo-flene-tek-dhoma-e-vajzave\/\"]}]},{\"@type\":\"BreadcrumbList\",\"@id\":\"https:\/\/www.visit-ulcinj.com\/blog\/2009\/03\/25\/djemte-sdo-flene-tek-dhoma-e-vajzave\/#breadcrumb\",\"itemListElement\":[{\"@type\":\"ListItem\",\"position\":1,\"name\":\"Djemt\u00eb s`do flen\u00eb tek dhoma e vajzave\"}]},{\"@type\":\"Person\",\"@id\":\"https:\/\/www.visit-ulcinj.com\/blog\/#\/schema\/person\/dcab619c614d3038751c63bc2aadc06d\",\"name\":\"ulqini\",\"sameAs\":[\"http:\/\/www.visit-ulcinj.com\"],\"url\":\"https:\/\/www.visit-ulcinj.com\/blog\/author\/admin\/\"}]}<\/script>\n<!-- \/ Yoast SEO plugin. -->","yoast_head_json":{"title":"Djemt\u00c3\u00ab s`do flen\u00c3\u00ab tek dhoma e vajzave | Big Brother Albania 2","description":"Big Brother Albania 2 - Adelajda si kryefamiljare ka vendosur q\u00c3\u00ab t\u00c3\u00ab b\u00c3\u00abj nj\u00c3\u00ab organizim tjet\u00c3\u00abr n\u00c3\u00ab lidhje me pun\u00c3\u00abt e sht\u00c3\u00abpis\u00c3\u00ab","robots":{"index":"index","follow":"follow","max-snippet":"max-snippet:-1","max-image-preview":"max-image-preview:large","max-video-preview":"max-video-preview:-1"},"canonical":"https:\/\/www.visit-ulcinj.com\/blog\/2009\/03\/25\/djemte-sdo-flene-tek-dhoma-e-vajzave\/","og_locale":"en_US","og_type":"article","og_title":"Djemt\u00c3\u00ab s`do flen\u00c3\u00ab tek dhoma e vajzave | Big Brother Albania 2","og_description":"Big Brother Albania 2 - Adelajda si kryefamiljare ka vendosur q\u00c3\u00ab t\u00c3\u00ab b\u00c3\u00abj nj\u00c3\u00ab organizim tjet\u00c3\u00abr n\u00c3\u00ab lidhje me pun\u00c3\u00abt e sht\u00c3\u00abpis\u00c3\u00ab","og_url":"https:\/\/www.visit-ulcinj.com\/blog\/2009\/03\/25\/djemte-sdo-flene-tek-dhoma-e-vajzave\/","og_site_name":"Lajme nga Ulqini","article_published_time":"2009-03-25T11:11:34+00:00","og_image":[{"url":"http:\/\/www.visit-ulcinj.com\/blog\/wp-content\/uploads\/2009\/03\/diskutimi-per-punet.jpg"}],"twitter_misc":{"Written by":"ulqini","Est. reading time":"1 minute"},"schema":{"@context":"https:\/\/schema.org","@graph":[{"@type":"WebSite","@id":"https:\/\/www.visit-ulcinj.com\/blog\/#website","url":"https:\/\/www.visit-ulcinj.com\/blog\/","name":"Lajme nga Ulqini","description":"Lajme,Vijesti,Ulqini,Ulqin,Crna Gora,Mali i Zi","potentialAction":[{"@type":"SearchAction","target":{"@type":"EntryPoint","urlTemplate":"https:\/\/www.visit-ulcinj.com\/blog\/?s={search_term_string}"},"query-input":"required name=search_term_string"}],"inLanguage":"en-US"},{"@type":"ImageObject","inLanguage":"en-US","@id":"https:\/\/www.visit-ulcinj.com\/blog\/2009\/03\/25\/djemte-sdo-flene-tek-dhoma-e-vajzave\/#primaryimage","url":"http:\/\/www.visit-ulcinj.com\/blog\/wp-content\/uploads\/2009\/03\/diskutimi-per-punet.jpg","contentUrl":"http:\/\/www.visit-ulcinj.com\/blog\/wp-content\/uploads\/2009\/03\/diskutimi-per-punet.jpg"},{"@type":"WebPage","@id":"https:\/\/www.visit-ulcinj.com\/blog\/2009\/03\/25\/djemte-sdo-flene-tek-dhoma-e-vajzave\/#webpage","url":"https:\/\/www.visit-ulcinj.com\/blog\/2009\/03\/25\/djemte-sdo-flene-tek-dhoma-e-vajzave\/","name":"Djemt\u00c3\u00ab s`do flen\u00c3\u00ab tek dhoma e vajzave | Big Brother Albania 2","isPartOf":{"@id":"https:\/\/www.visit-ulcinj.com\/blog\/#website"},"primaryImageOfPage":{"@id":"https:\/\/www.visit-ulcinj.com\/blog\/2009\/03\/25\/djemte-sdo-flene-tek-dhoma-e-vajzave\/#primaryimage"},"datePublished":"2009-03-25T11:11:34+00:00","dateModified":"2009-03-25T11:11:34+00:00","author":{"@id":"https:\/\/www.visit-ulcinj.com\/blog\/#\/schema\/person\/dcab619c614d3038751c63bc2aadc06d"},"description":"Big Brother Albania 2 - Adelajda si kryefamiljare ka vendosur q\u00c3\u00ab t\u00c3\u00ab b\u00c3\u00abj nj\u00c3\u00ab organizim tjet\u00c3\u00abr n\u00c3\u00ab lidhje me pun\u00c3\u00abt e sht\u00c3\u00abpis\u00c3\u00ab","breadcrumb":{"@id":"https:\/\/www.visit-ulcinj.com\/blog\/2009\/03\/25\/djemte-sdo-flene-tek-dhoma-e-vajzave\/#breadcrumb"},"inLanguage":"en-US","potentialAction":[{"@type":"ReadAction","target":["https:\/\/www.visit-ulcinj.com\/blog\/2009\/03\/25\/djemte-sdo-flene-tek-dhoma-e-vajzave\/"]}]},{"@type":"BreadcrumbList","@id":"https:\/\/www.visit-ulcinj.com\/blog\/2009\/03\/25\/djemte-sdo-flene-tek-dhoma-e-vajzave\/#breadcrumb","itemListElement":[{"@type":"ListItem","position":1,"name":"Djemt\u00eb s`do flen\u00eb tek dhoma e vajzave"}]},{"@type":"Person","@id":"https:\/\/www.visit-ulcinj.com\/blog\/#\/schema\/person\/dcab619c614d3038751c63bc2aadc06d","name":"ulqini","sameAs":["http:\/\/www.visit-ulcinj.com"],"url":"https:\/\/www.visit-ulcinj.com\/blog\/author\/admin\/"}]}},"jetpack_featured_media_url":"","jetpack_sharing_enabled":true,"jetpack_shortlink":"https:\/\/wp.me\/pe6lTn-42b","_links":{"self":[{"href":"https:\/\/www.visit-ulcinj.com\/blog\/wp-json\/wp\/v2\/posts\/15511"}],"collection":[{"href":"https:\/\/www.visit-ulcinj.com\/blog\/wp-json\/wp\/v2\/posts"}],"about":[{"href":"https:\/\/www.visit-ulcinj.com\/blog\/wp-json\/wp\/v2\/types\/post"}],"author":[{"embeddable":true,"href":"https:\/\/www.visit-ulcinj.com\/blog\/wp-json\/wp\/v2\/users\/1"}],"replies":[{"embeddable":true,"href":"https:\/\/www.visit-ulcinj.com\/blog\/wp-json\/wp\/v2\/comments?post=15511"}],"version-history":[{"count":0,"href":"https:\/\/www.visit-ulcinj.com\/blog\/wp-json\/wp\/v2\/posts\/15511\/revisions"}],"wp:attachment":[{"href":"https:\/\/www.visit-ulcinj.com\/blog\/wp-json\/wp\/v2\/media?parent=15511"}],"wp:term":[{"taxonomy":"category","embeddable":true,"href":"https:\/\/www.visit-ulcinj.com\/blog\/wp-json\/wp\/v2\/categories?post=15511"},{"taxonomy":"post_tag","embeddable":true,"href":"https:\/\/www.visit-ulcinj.com\/blog\/wp-json\/wp\/v2\/tags?post=15511"}],"curies":[{"name":"wp","href":"https:\/\/api.w.org\/{rel}","templated":true}]}}