{"id":15514,"date":"2009-03-25T12:58:21","date_gmt":"2009-03-25T11:58:21","guid":{"rendered":"http:\/\/www.visit-ulcinj.com\/blog\/?p=15514"},"modified":"2009-03-25T12:58:21","modified_gmt":"2009-03-25T11:58:21","slug":"republika-ndihet-e-sulmuar","status":"publish","type":"post","link":"https:\/\/www.visit-ulcinj.com\/blog\/2009\/03\/25\/republika-ndihet-e-sulmuar\/","title":{"rendered":"Republika ndihet e sulmuar"},"content":{"rendered":"<p><em><span class=\"newsdate\"><a href=\"http:\/\/www.visit-ulcinj.com\/blog\/wp-content\/uploads\/2009\/03\/republika-per-debatin.jpg\"><img loading=\"lazy\" class=\"alignleft size-full wp-image-15515\" title=\"republika-per-debatin\" src=\"http:\/\/www.visit-ulcinj.com\/blog\/wp-content\/uploads\/2009\/03\/republika-per-debatin.jpg\" alt=\"republika-per-debatin\" width=\"300\" height=\"205\" \/><\/a>23\/03\/09 19:37<\/span><\/em><\/p>\n<p>Republika diskuton p\u00ebr debatin q\u00eb u krijua n\u00eb lidhje me djemt\u00eb. Ajo thot\u00eb q\u00eb \u00ebsht\u00eb personi i vet\u00ebm q\u00eb ka treguar m\u00eb shum\u00eb respekt p\u00ebr meshkuj dhe shton:-\u201cN\u00eb momentin e par\u00eb q\u00eb Bika thot\u00eb dicka e sulmojn\u00eb t\u00eb gjith\u00eb.\u201d Adi e kund\u00ebrshton duke i th\u00ebn\u00eb q\u00eb n\u00ebse do e kishin sulmuar Republik\u00ebn, do e kishin nominuar. Ajo thot\u00eb q\u00eb nj\u00eb person e krijon vet\u00eb respektin tek t\u00eb tjer\u00ebt. Adi i thot\u00eb q\u00eb brenda n\u00eb sht\u00ebpi respekti nuk ka munguar nga t\u00eb gjith\u00eb. Republika shprehet e revoltuar nga nj\u00eb batut\u00eb e Qetsorit n\u00eb lidhje me Lazaratin. Ajo thot\u00eb q\u00eb \u00ebsht\u00eb hera e dyt\u00eb q\u00eb e b\u00ebnte at\u00eb lloj shakaje. \u201cE b\u00ebri dhe nj\u00ebher\u00eb at\u00eb shaka, do ta shikojm\u00eb se cfar\u00eb do i b\u00ebj!\u201d-tha ajo. Tani i thot\u00eb q\u00eb ajo duhej ta argumentonte mendimin e saj dhe jo t\u00eb thonte-\u201cNuk dua un\u00eb!\u201d Adi i shpjegon q\u00eb banor\u00ebt nuk po b\u00ebjn\u00eb strategji, por nj\u00eb loj\u00eb t\u00eb rast\u00ebsishme<\/p>\n","protected":false},"excerpt":{"rendered":"<p>23\/03\/09 19:37 Republika diskuton p\u00ebr debatin q\u00eb u krijua n\u00eb lidhje me djemt\u00eb. Ajo thot\u00eb q\u00eb \u00ebsht\u00eb personi i vet\u00ebm q\u00eb ka treguar m\u00eb shum\u00eb respekt p\u00ebr meshkuj dhe shton:-\u201cN\u00eb momentin e par\u00eb q\u00eb Bika thot\u00eb dicka e sulmojn\u00eb t\u00eb gjith\u00eb.\u201d Adi e kund\u00ebrshton duke i th\u00ebn\u00eb q\u00eb n\u00ebse do e kishin sulmuar Republik\u00ebn, do [&hellip;]<\/p>\n","protected":false},"author":1,"featured_media":0,"comment_status":"open","ping_status":"closed","sticky":false,"template":"","format":"standard","meta":{"spay_email":"","jetpack_publicize_message":"","jetpack_is_tweetstorm":false,"jetpack_publicize_feature_enabled":true},"categories":[6502],"tags":[1414,6883,6516,6712,6521,262,6891],"jetpack_publicize_connections":[],"yoast_head":"<!-- This site is optimized with the Yoast SEO plugin v19.1 - https:\/\/yoast.com\/wordpress\/plugins\/seo\/ -->\n<title>Republika ndihet e sulmuar | Big Brohter Albania 2<\/title>\n<meta name=\"description\" content=\"Big Brother Albania 2 - Republika diskuton p\u00c3\u00abr debatin q\u00c3\u00ab u krijua n\u00c3\u00ab lidhje me djemt\u00c3\u00ab. Ajo thot\u00c3\u00ab q\u00c3\u00ab \u00c3\u00absht\u00c3\u00ab personi i vet\u00c3\u00abm q\u00c3\u00ab ka treguar m\u00c3\u00ab shum\u00c3\u00ab respekt p\u00c3\u00abr meshkuj dhe shton\" \/>\n<meta name=\"robots\" content=\"index, follow, max-snippet:-1, max-image-preview:large, max-video-preview:-1\" \/>\n<link rel=\"canonical\" href=\"https:\/\/www.visit-ulcinj.com\/blog\/2009\/03\/25\/republika-ndihet-e-sulmuar\/\" \/>\n<meta property=\"og:locale\" content=\"en_US\" \/>\n<meta property=\"og:type\" content=\"article\" \/>\n<meta property=\"og:title\" content=\"Republika ndihet e sulmuar | Big Brohter Albania 2\" \/>\n<meta property=\"og:description\" content=\"Big Brother Albania 2 - Republika diskuton p\u00c3\u00abr debatin q\u00c3\u00ab u krijua n\u00c3\u00ab lidhje me djemt\u00c3\u00ab. Ajo thot\u00c3\u00ab q\u00c3\u00ab \u00c3\u00absht\u00c3\u00ab personi i vet\u00c3\u00abm q\u00c3\u00ab ka treguar m\u00c3\u00ab shum\u00c3\u00ab respekt p\u00c3\u00abr meshkuj dhe shton\" \/>\n<meta property=\"og:url\" content=\"https:\/\/www.visit-ulcinj.com\/blog\/2009\/03\/25\/republika-ndihet-e-sulmuar\/\" \/>\n<meta property=\"og:site_name\" content=\"Lajme nga Ulqini\" \/>\n<meta property=\"article:published_time\" content=\"2009-03-25T11:58:21+00:00\" \/>\n<meta property=\"og:image\" content=\"http:\/\/www.visit-ulcinj.com\/blog\/wp-content\/uploads\/2009\/03\/republika-per-debatin.jpg\" \/>\n<meta name=\"twitter:label1\" content=\"Written by\" \/>\n\t<meta name=\"twitter:data1\" content=\"ulqini\" \/>\n\t<meta name=\"twitter:label2\" content=\"Est. reading time\" \/>\n\t<meta name=\"twitter:data2\" content=\"1 minute\" \/>\n<script type=\"application\/ld+json\" class=\"yoast-schema-graph\">{\"@context\":\"https:\/\/schema.org\",\"@graph\":[{\"@type\":\"WebSite\",\"@id\":\"https:\/\/www.visit-ulcinj.com\/blog\/#website\",\"url\":\"https:\/\/www.visit-ulcinj.com\/blog\/\",\"name\":\"Lajme nga Ulqini\",\"description\":\"Lajme,Vijesti,Ulqini,Ulqin,Crna Gora,Mali i Zi\",\"potentialAction\":[{\"@type\":\"SearchAction\",\"target\":{\"@type\":\"EntryPoint\",\"urlTemplate\":\"https:\/\/www.visit-ulcinj.com\/blog\/?s={search_term_string}\"},\"query-input\":\"required name=search_term_string\"}],\"inLanguage\":\"en-US\"},{\"@type\":\"ImageObject\",\"inLanguage\":\"en-US\",\"@id\":\"https:\/\/www.visit-ulcinj.com\/blog\/2009\/03\/25\/republika-ndihet-e-sulmuar\/#primaryimage\",\"url\":\"http:\/\/www.visit-ulcinj.com\/blog\/wp-content\/uploads\/2009\/03\/republika-per-debatin.jpg\",\"contentUrl\":\"http:\/\/www.visit-ulcinj.com\/blog\/wp-content\/uploads\/2009\/03\/republika-per-debatin.jpg\"},{\"@type\":\"WebPage\",\"@id\":\"https:\/\/www.visit-ulcinj.com\/blog\/2009\/03\/25\/republika-ndihet-e-sulmuar\/#webpage\",\"url\":\"https:\/\/www.visit-ulcinj.com\/blog\/2009\/03\/25\/republika-ndihet-e-sulmuar\/\",\"name\":\"Republika ndihet e sulmuar | Big Brohter Albania 2\",\"isPartOf\":{\"@id\":\"https:\/\/www.visit-ulcinj.com\/blog\/#website\"},\"primaryImageOfPage\":{\"@id\":\"https:\/\/www.visit-ulcinj.com\/blog\/2009\/03\/25\/republika-ndihet-e-sulmuar\/#primaryimage\"},\"datePublished\":\"2009-03-25T11:58:21+00:00\",\"dateModified\":\"2009-03-25T11:58:21+00:00\",\"author\":{\"@id\":\"https:\/\/www.visit-ulcinj.com\/blog\/#\/schema\/person\/dcab619c614d3038751c63bc2aadc06d\"},\"description\":\"Big Brother Albania 2 - Republika diskuton p\u00c3\u00abr debatin q\u00c3\u00ab u krijua n\u00c3\u00ab lidhje me djemt\u00c3\u00ab. Ajo thot\u00c3\u00ab q\u00c3\u00ab \u00c3\u00absht\u00c3\u00ab personi i vet\u00c3\u00abm q\u00c3\u00ab ka treguar m\u00c3\u00ab shum\u00c3\u00ab respekt p\u00c3\u00abr meshkuj dhe shton\",\"breadcrumb\":{\"@id\":\"https:\/\/www.visit-ulcinj.com\/blog\/2009\/03\/25\/republika-ndihet-e-sulmuar\/#breadcrumb\"},\"inLanguage\":\"en-US\",\"potentialAction\":[{\"@type\":\"ReadAction\",\"target\":[\"https:\/\/www.visit-ulcinj.com\/blog\/2009\/03\/25\/republika-ndihet-e-sulmuar\/\"]}]},{\"@type\":\"BreadcrumbList\",\"@id\":\"https:\/\/www.visit-ulcinj.com\/blog\/2009\/03\/25\/republika-ndihet-e-sulmuar\/#breadcrumb\",\"itemListElement\":[{\"@type\":\"ListItem\",\"position\":1,\"name\":\"Republika ndihet e sulmuar\"}]},{\"@type\":\"Person\",\"@id\":\"https:\/\/www.visit-ulcinj.com\/blog\/#\/schema\/person\/dcab619c614d3038751c63bc2aadc06d\",\"name\":\"ulqini\",\"sameAs\":[\"http:\/\/www.visit-ulcinj.com\"],\"url\":\"https:\/\/www.visit-ulcinj.com\/blog\/author\/admin\/\"}]}<\/script>\n<!-- \/ Yoast SEO plugin. -->","yoast_head_json":{"title":"Republika ndihet e sulmuar | Big Brohter Albania 2","description":"Big Brother Albania 2 - Republika diskuton p\u00c3\u00abr debatin q\u00c3\u00ab u krijua n\u00c3\u00ab lidhje me djemt\u00c3\u00ab. Ajo thot\u00c3\u00ab q\u00c3\u00ab \u00c3\u00absht\u00c3\u00ab personi i vet\u00c3\u00abm q\u00c3\u00ab ka treguar m\u00c3\u00ab shum\u00c3\u00ab respekt p\u00c3\u00abr meshkuj dhe shton","robots":{"index":"index","follow":"follow","max-snippet":"max-snippet:-1","max-image-preview":"max-image-preview:large","max-video-preview":"max-video-preview:-1"},"canonical":"https:\/\/www.visit-ulcinj.com\/blog\/2009\/03\/25\/republika-ndihet-e-sulmuar\/","og_locale":"en_US","og_type":"article","og_title":"Republika ndihet e sulmuar | Big Brohter Albania 2","og_description":"Big Brother Albania 2 - Republika diskuton p\u00c3\u00abr debatin q\u00c3\u00ab u krijua n\u00c3\u00ab lidhje me djemt\u00c3\u00ab. Ajo thot\u00c3\u00ab q\u00c3\u00ab \u00c3\u00absht\u00c3\u00ab personi i vet\u00c3\u00abm q\u00c3\u00ab ka treguar m\u00c3\u00ab shum\u00c3\u00ab respekt p\u00c3\u00abr meshkuj dhe shton","og_url":"https:\/\/www.visit-ulcinj.com\/blog\/2009\/03\/25\/republika-ndihet-e-sulmuar\/","og_site_name":"Lajme nga Ulqini","article_published_time":"2009-03-25T11:58:21+00:00","og_image":[{"url":"http:\/\/www.visit-ulcinj.com\/blog\/wp-content\/uploads\/2009\/03\/republika-per-debatin.jpg"}],"twitter_misc":{"Written by":"ulqini","Est. reading time":"1 minute"},"schema":{"@context":"https:\/\/schema.org","@graph":[{"@type":"WebSite","@id":"https:\/\/www.visit-ulcinj.com\/blog\/#website","url":"https:\/\/www.visit-ulcinj.com\/blog\/","name":"Lajme nga Ulqini","description":"Lajme,Vijesti,Ulqini,Ulqin,Crna Gora,Mali i Zi","potentialAction":[{"@type":"SearchAction","target":{"@type":"EntryPoint","urlTemplate":"https:\/\/www.visit-ulcinj.com\/blog\/?s={search_term_string}"},"query-input":"required name=search_term_string"}],"inLanguage":"en-US"},{"@type":"ImageObject","inLanguage":"en-US","@id":"https:\/\/www.visit-ulcinj.com\/blog\/2009\/03\/25\/republika-ndihet-e-sulmuar\/#primaryimage","url":"http:\/\/www.visit-ulcinj.com\/blog\/wp-content\/uploads\/2009\/03\/republika-per-debatin.jpg","contentUrl":"http:\/\/www.visit-ulcinj.com\/blog\/wp-content\/uploads\/2009\/03\/republika-per-debatin.jpg"},{"@type":"WebPage","@id":"https:\/\/www.visit-ulcinj.com\/blog\/2009\/03\/25\/republika-ndihet-e-sulmuar\/#webpage","url":"https:\/\/www.visit-ulcinj.com\/blog\/2009\/03\/25\/republika-ndihet-e-sulmuar\/","name":"Republika ndihet e sulmuar | Big Brohter Albania 2","isPartOf":{"@id":"https:\/\/www.visit-ulcinj.com\/blog\/#website"},"primaryImageOfPage":{"@id":"https:\/\/www.visit-ulcinj.com\/blog\/2009\/03\/25\/republika-ndihet-e-sulmuar\/#primaryimage"},"datePublished":"2009-03-25T11:58:21+00:00","dateModified":"2009-03-25T11:58:21+00:00","author":{"@id":"https:\/\/www.visit-ulcinj.com\/blog\/#\/schema\/person\/dcab619c614d3038751c63bc2aadc06d"},"description":"Big Brother Albania 2 - Republika diskuton p\u00c3\u00abr debatin q\u00c3\u00ab u krijua n\u00c3\u00ab lidhje me djemt\u00c3\u00ab. Ajo thot\u00c3\u00ab q\u00c3\u00ab \u00c3\u00absht\u00c3\u00ab personi i vet\u00c3\u00abm q\u00c3\u00ab ka treguar m\u00c3\u00ab shum\u00c3\u00ab respekt p\u00c3\u00abr meshkuj dhe shton","breadcrumb":{"@id":"https:\/\/www.visit-ulcinj.com\/blog\/2009\/03\/25\/republika-ndihet-e-sulmuar\/#breadcrumb"},"inLanguage":"en-US","potentialAction":[{"@type":"ReadAction","target":["https:\/\/www.visit-ulcinj.com\/blog\/2009\/03\/25\/republika-ndihet-e-sulmuar\/"]}]},{"@type":"BreadcrumbList","@id":"https:\/\/www.visit-ulcinj.com\/blog\/2009\/03\/25\/republika-ndihet-e-sulmuar\/#breadcrumb","itemListElement":[{"@type":"ListItem","position":1,"name":"Republika ndihet e sulmuar"}]},{"@type":"Person","@id":"https:\/\/www.visit-ulcinj.com\/blog\/#\/schema\/person\/dcab619c614d3038751c63bc2aadc06d","name":"ulqini","sameAs":["http:\/\/www.visit-ulcinj.com"],"url":"https:\/\/www.visit-ulcinj.com\/blog\/author\/admin\/"}]}},"jetpack_featured_media_url":"","jetpack_sharing_enabled":true,"jetpack_shortlink":"https:\/\/wp.me\/pe6lTn-42e","_links":{"self":[{"href":"https:\/\/www.visit-ulcinj.com\/blog\/wp-json\/wp\/v2\/posts\/15514"}],"collection":[{"href":"https:\/\/www.visit-ulcinj.com\/blog\/wp-json\/wp\/v2\/posts"}],"about":[{"href":"https:\/\/www.visit-ulcinj.com\/blog\/wp-json\/wp\/v2\/types\/post"}],"author":[{"embeddable":true,"href":"https:\/\/www.visit-ulcinj.com\/blog\/wp-json\/wp\/v2\/users\/1"}],"replies":[{"embeddable":true,"href":"https:\/\/www.visit-ulcinj.com\/blog\/wp-json\/wp\/v2\/comments?post=15514"}],"version-history":[{"count":0,"href":"https:\/\/www.visit-ulcinj.com\/blog\/wp-json\/wp\/v2\/posts\/15514\/revisions"}],"wp:attachment":[{"href":"https:\/\/www.visit-ulcinj.com\/blog\/wp-json\/wp\/v2\/media?parent=15514"}],"wp:term":[{"taxonomy":"category","embeddable":true,"href":"https:\/\/www.visit-ulcinj.com\/blog\/wp-json\/wp\/v2\/categories?post=15514"},{"taxonomy":"post_tag","embeddable":true,"href":"https:\/\/www.visit-ulcinj.com\/blog\/wp-json\/wp\/v2\/tags?post=15514"}],"curies":[{"name":"wp","href":"https:\/\/api.w.org\/{rel}","templated":true}]}}