{"id":15541,"date":"2009-03-25T15:34:28","date_gmt":"2009-03-25T14:34:28","guid":{"rendered":"http:\/\/www.visit-ulcinj.com\/blog\/?p=15541"},"modified":"2009-03-25T15:34:28","modified_gmt":"2009-03-25T14:34:28","slug":"arjon-ke-marre-10-ne-edukate","status":"publish","type":"post","link":"https:\/\/www.visit-ulcinj.com\/blog\/2009\/03\/25\/arjon-ke-marre-10-ne-edukate\/","title":{"rendered":"Arjon : Ke marr\u00eb 10 n\u00eb edukat\u00eb"},"content":{"rendered":"<p><em><span class=\"newsdate\"><a href=\"http:\/\/www.visit-ulcinj.com\/blog\/wp-content\/uploads\/2009\/03\/arjoniedukata.jpg\"><img loading=\"lazy\" class=\"alignleft size-full wp-image-15542\" title=\"arjoniedukata-big-brother-albania-2\" src=\"http:\/\/www.visit-ulcinj.com\/blog\/wp-content\/uploads\/2009\/03\/arjoniedukata.jpg\" alt=\"arjoniedukata-big-brother-albania-2\" width=\"300\" height=\"205\" \/><\/a>24\/03\/09 03:15<\/span><\/em><\/p>\n<p>Duke diskutuar mbi etik\u00ebn e t\u00eb sjellurit, me Aid\u00ebn, Lirit\u00ebn dhe Anjez\u00ebn, Arjoni ka th\u00ebn\u00eb se ai vet\u00eb, p\u00ebrpiqet t\u00eb jet\u00eb sa m\u00eb i edukuar, por nuk e b\u00ebn k\u00ebt\u00eb p\u00ebr t\u2019u dukur apo ndonj\u00eb arsye tjet\u00ebr, por sepse i p\u00eblqen t\u00eb jet\u00eb i till\u00eb. Ai ka th\u00ebn\u00eb se di t\u00eb jet\u00eb edhe ndryshe, di t\u00eb jet\u00eb edhe i paedukuar. Sipas Adi\u00ebs, Arjoni e ka mjaft t\u00eb zhvilluar vetp\u00ebrmbajtjen. \u201cDeri tani, n\u00eb edukat\u00eb, ke marr\u00eb not\u00ebn dhjet\u00eb!\u201d \u2013 i ka th\u00ebn\u00eb Anjeza Arjonit.<\/p>\n","protected":false},"excerpt":{"rendered":"<p>24\/03\/09 03:15 Duke diskutuar mbi etik\u00ebn e t\u00eb sjellurit, me Aid\u00ebn, Lirit\u00ebn dhe Anjez\u00ebn, Arjoni ka th\u00ebn\u00eb se ai vet\u00eb, p\u00ebrpiqet t\u00eb jet\u00eb sa m\u00eb i edukuar, por nuk e b\u00ebn k\u00ebt\u00eb p\u00ebr t\u2019u dukur apo ndonj\u00eb arsye tjet\u00ebr, por sepse i p\u00eblqen t\u00eb jet\u00eb i till\u00eb. Ai ka th\u00ebn\u00eb se di t\u00eb jet\u00eb edhe [&hellip;]<\/p>\n","protected":false},"author":1,"featured_media":0,"comment_status":"open","ping_status":"closed","sticky":false,"template":"","format":"standard","meta":{"spay_email":"","jetpack_publicize_message":"","jetpack_is_tweetstorm":false,"jetpack_publicize_feature_enabled":true},"categories":[6502],"tags":[6537,8289,6525,6883,6516,6712,6542,6891],"jetpack_publicize_connections":[],"yoast_head":"<!-- This site is optimized with the Yoast SEO plugin v19.1 - https:\/\/yoast.com\/wordpress\/plugins\/seo\/ -->\n<title>Arjon : Ke marr\u00c3\u00ab 10 n\u00c3\u00ab edukat\u00c3\u00ab | Big Brother Albania 2<\/title>\n<meta name=\"description\" content=\"Big Brother Albania 2 - Duke diskutuar mbi etik\u00c3\u00abn e t\u00c3\u00ab sjellurit, me Aid\u00c3\u00abn, Lirit\u00c3\u00abn dhe Anjez\u00c3\u00abn, Arjoni ka th\u00c3\u00abn\u00c3\u00ab se ai vet\u00c3\u00ab, p\u00c3\u00abrpiqet t\u00c3\u00ab jet\u00c3\u00ab sa m\u00c3\u00ab i edukuar, por nuk e b\u00c3\u00abn k\u00c3\u00abt\u00c3\u00ab p\u00c3\u00abr t\u00e2\u20ac\u2122u dukur apo ndonj\u00c3\u00ab arsye tjet\u00c3\u00abr\" \/>\n<meta name=\"robots\" content=\"index, follow, max-snippet:-1, max-image-preview:large, max-video-preview:-1\" \/>\n<link rel=\"canonical\" href=\"https:\/\/www.visit-ulcinj.com\/blog\/2009\/03\/25\/arjon-ke-marre-10-ne-edukate\/\" \/>\n<meta property=\"og:locale\" content=\"en_US\" \/>\n<meta property=\"og:type\" content=\"article\" \/>\n<meta property=\"og:title\" content=\"Arjon : Ke marr\u00c3\u00ab 10 n\u00c3\u00ab edukat\u00c3\u00ab | Big Brother Albania 2\" \/>\n<meta property=\"og:description\" content=\"Big Brother Albania 2 - Duke diskutuar mbi etik\u00c3\u00abn e t\u00c3\u00ab sjellurit, me Aid\u00c3\u00abn, Lirit\u00c3\u00abn dhe Anjez\u00c3\u00abn, Arjoni ka th\u00c3\u00abn\u00c3\u00ab se ai vet\u00c3\u00ab, p\u00c3\u00abrpiqet t\u00c3\u00ab jet\u00c3\u00ab sa m\u00c3\u00ab i edukuar, por nuk e b\u00c3\u00abn k\u00c3\u00abt\u00c3\u00ab p\u00c3\u00abr t\u00e2\u20ac\u2122u dukur apo ndonj\u00c3\u00ab arsye tjet\u00c3\u00abr\" \/>\n<meta property=\"og:url\" content=\"https:\/\/www.visit-ulcinj.com\/blog\/2009\/03\/25\/arjon-ke-marre-10-ne-edukate\/\" \/>\n<meta property=\"og:site_name\" content=\"Lajme nga Ulqini\" \/>\n<meta property=\"article:published_time\" content=\"2009-03-25T14:34:28+00:00\" \/>\n<meta property=\"og:image\" content=\"http:\/\/www.visit-ulcinj.com\/blog\/wp-content\/uploads\/2009\/03\/arjoniedukata.jpg\" \/>\n<meta name=\"twitter:label1\" content=\"Written by\" \/>\n\t<meta name=\"twitter:data1\" content=\"ulqini\" \/>\n<script type=\"application\/ld+json\" class=\"yoast-schema-graph\">{\"@context\":\"https:\/\/schema.org\",\"@graph\":[{\"@type\":\"WebSite\",\"@id\":\"https:\/\/www.visit-ulcinj.com\/blog\/#website\",\"url\":\"https:\/\/www.visit-ulcinj.com\/blog\/\",\"name\":\"Lajme nga Ulqini\",\"description\":\"Lajme,Vijesti,Ulqini,Ulqin,Crna Gora,Mali i Zi\",\"potentialAction\":[{\"@type\":\"SearchAction\",\"target\":{\"@type\":\"EntryPoint\",\"urlTemplate\":\"https:\/\/www.visit-ulcinj.com\/blog\/?s={search_term_string}\"},\"query-input\":\"required name=search_term_string\"}],\"inLanguage\":\"en-US\"},{\"@type\":\"ImageObject\",\"inLanguage\":\"en-US\",\"@id\":\"https:\/\/www.visit-ulcinj.com\/blog\/2009\/03\/25\/arjon-ke-marre-10-ne-edukate\/#primaryimage\",\"url\":\"http:\/\/www.visit-ulcinj.com\/blog\/wp-content\/uploads\/2009\/03\/arjoniedukata.jpg\",\"contentUrl\":\"http:\/\/www.visit-ulcinj.com\/blog\/wp-content\/uploads\/2009\/03\/arjoniedukata.jpg\"},{\"@type\":\"WebPage\",\"@id\":\"https:\/\/www.visit-ulcinj.com\/blog\/2009\/03\/25\/arjon-ke-marre-10-ne-edukate\/#webpage\",\"url\":\"https:\/\/www.visit-ulcinj.com\/blog\/2009\/03\/25\/arjon-ke-marre-10-ne-edukate\/\",\"name\":\"Arjon : Ke marr\u00c3\u00ab 10 n\u00c3\u00ab edukat\u00c3\u00ab | Big Brother Albania 2\",\"isPartOf\":{\"@id\":\"https:\/\/www.visit-ulcinj.com\/blog\/#website\"},\"primaryImageOfPage\":{\"@id\":\"https:\/\/www.visit-ulcinj.com\/blog\/2009\/03\/25\/arjon-ke-marre-10-ne-edukate\/#primaryimage\"},\"datePublished\":\"2009-03-25T14:34:28+00:00\",\"dateModified\":\"2009-03-25T14:34:28+00:00\",\"author\":{\"@id\":\"https:\/\/www.visit-ulcinj.com\/blog\/#\/schema\/person\/dcab619c614d3038751c63bc2aadc06d\"},\"description\":\"Big Brother Albania 2 - Duke diskutuar mbi etik\u00c3\u00abn e t\u00c3\u00ab sjellurit, me Aid\u00c3\u00abn, Lirit\u00c3\u00abn dhe Anjez\u00c3\u00abn, Arjoni ka th\u00c3\u00abn\u00c3\u00ab se ai vet\u00c3\u00ab, p\u00c3\u00abrpiqet t\u00c3\u00ab jet\u00c3\u00ab sa m\u00c3\u00ab i edukuar, por nuk e b\u00c3\u00abn k\u00c3\u00abt\u00c3\u00ab p\u00c3\u00abr t\u00e2\u20ac\u2122u dukur apo ndonj\u00c3\u00ab arsye tjet\u00c3\u00abr\",\"breadcrumb\":{\"@id\":\"https:\/\/www.visit-ulcinj.com\/blog\/2009\/03\/25\/arjon-ke-marre-10-ne-edukate\/#breadcrumb\"},\"inLanguage\":\"en-US\",\"potentialAction\":[{\"@type\":\"ReadAction\",\"target\":[\"https:\/\/www.visit-ulcinj.com\/blog\/2009\/03\/25\/arjon-ke-marre-10-ne-edukate\/\"]}]},{\"@type\":\"BreadcrumbList\",\"@id\":\"https:\/\/www.visit-ulcinj.com\/blog\/2009\/03\/25\/arjon-ke-marre-10-ne-edukate\/#breadcrumb\",\"itemListElement\":[{\"@type\":\"ListItem\",\"position\":1,\"name\":\"Arjon : Ke marr\u00eb 10 n\u00eb edukat\u00eb\"}]},{\"@type\":\"Person\",\"@id\":\"https:\/\/www.visit-ulcinj.com\/blog\/#\/schema\/person\/dcab619c614d3038751c63bc2aadc06d\",\"name\":\"ulqini\",\"sameAs\":[\"http:\/\/www.visit-ulcinj.com\"],\"url\":\"https:\/\/www.visit-ulcinj.com\/blog\/author\/admin\/\"}]}<\/script>\n<!-- \/ Yoast SEO plugin. -->","yoast_head_json":{"title":"Arjon : Ke marr\u00c3\u00ab 10 n\u00c3\u00ab edukat\u00c3\u00ab | Big Brother Albania 2","description":"Big Brother Albania 2 - Duke diskutuar mbi etik\u00c3\u00abn e t\u00c3\u00ab sjellurit, me Aid\u00c3\u00abn, Lirit\u00c3\u00abn dhe Anjez\u00c3\u00abn, Arjoni ka th\u00c3\u00abn\u00c3\u00ab se ai vet\u00c3\u00ab, p\u00c3\u00abrpiqet t\u00c3\u00ab jet\u00c3\u00ab sa m\u00c3\u00ab i edukuar, por nuk e b\u00c3\u00abn k\u00c3\u00abt\u00c3\u00ab p\u00c3\u00abr t\u00e2\u20ac\u2122u dukur apo ndonj\u00c3\u00ab arsye tjet\u00c3\u00abr","robots":{"index":"index","follow":"follow","max-snippet":"max-snippet:-1","max-image-preview":"max-image-preview:large","max-video-preview":"max-video-preview:-1"},"canonical":"https:\/\/www.visit-ulcinj.com\/blog\/2009\/03\/25\/arjon-ke-marre-10-ne-edukate\/","og_locale":"en_US","og_type":"article","og_title":"Arjon : Ke marr\u00c3\u00ab 10 n\u00c3\u00ab edukat\u00c3\u00ab | Big Brother Albania 2","og_description":"Big Brother Albania 2 - Duke diskutuar mbi etik\u00c3\u00abn e t\u00c3\u00ab sjellurit, me Aid\u00c3\u00abn, Lirit\u00c3\u00abn dhe Anjez\u00c3\u00abn, Arjoni ka th\u00c3\u00abn\u00c3\u00ab se ai vet\u00c3\u00ab, p\u00c3\u00abrpiqet t\u00c3\u00ab jet\u00c3\u00ab sa m\u00c3\u00ab i edukuar, por nuk e b\u00c3\u00abn k\u00c3\u00abt\u00c3\u00ab p\u00c3\u00abr t\u00e2\u20ac\u2122u dukur apo ndonj\u00c3\u00ab arsye tjet\u00c3\u00abr","og_url":"https:\/\/www.visit-ulcinj.com\/blog\/2009\/03\/25\/arjon-ke-marre-10-ne-edukate\/","og_site_name":"Lajme nga Ulqini","article_published_time":"2009-03-25T14:34:28+00:00","og_image":[{"url":"http:\/\/www.visit-ulcinj.com\/blog\/wp-content\/uploads\/2009\/03\/arjoniedukata.jpg"}],"twitter_misc":{"Written by":"ulqini"},"schema":{"@context":"https:\/\/schema.org","@graph":[{"@type":"WebSite","@id":"https:\/\/www.visit-ulcinj.com\/blog\/#website","url":"https:\/\/www.visit-ulcinj.com\/blog\/","name":"Lajme nga Ulqini","description":"Lajme,Vijesti,Ulqini,Ulqin,Crna Gora,Mali i Zi","potentialAction":[{"@type":"SearchAction","target":{"@type":"EntryPoint","urlTemplate":"https:\/\/www.visit-ulcinj.com\/blog\/?s={search_term_string}"},"query-input":"required name=search_term_string"}],"inLanguage":"en-US"},{"@type":"ImageObject","inLanguage":"en-US","@id":"https:\/\/www.visit-ulcinj.com\/blog\/2009\/03\/25\/arjon-ke-marre-10-ne-edukate\/#primaryimage","url":"http:\/\/www.visit-ulcinj.com\/blog\/wp-content\/uploads\/2009\/03\/arjoniedukata.jpg","contentUrl":"http:\/\/www.visit-ulcinj.com\/blog\/wp-content\/uploads\/2009\/03\/arjoniedukata.jpg"},{"@type":"WebPage","@id":"https:\/\/www.visit-ulcinj.com\/blog\/2009\/03\/25\/arjon-ke-marre-10-ne-edukate\/#webpage","url":"https:\/\/www.visit-ulcinj.com\/blog\/2009\/03\/25\/arjon-ke-marre-10-ne-edukate\/","name":"Arjon : Ke marr\u00c3\u00ab 10 n\u00c3\u00ab edukat\u00c3\u00ab | Big Brother Albania 2","isPartOf":{"@id":"https:\/\/www.visit-ulcinj.com\/blog\/#website"},"primaryImageOfPage":{"@id":"https:\/\/www.visit-ulcinj.com\/blog\/2009\/03\/25\/arjon-ke-marre-10-ne-edukate\/#primaryimage"},"datePublished":"2009-03-25T14:34:28+00:00","dateModified":"2009-03-25T14:34:28+00:00","author":{"@id":"https:\/\/www.visit-ulcinj.com\/blog\/#\/schema\/person\/dcab619c614d3038751c63bc2aadc06d"},"description":"Big Brother Albania 2 - Duke diskutuar mbi etik\u00c3\u00abn e t\u00c3\u00ab sjellurit, me Aid\u00c3\u00abn, Lirit\u00c3\u00abn dhe Anjez\u00c3\u00abn, Arjoni ka th\u00c3\u00abn\u00c3\u00ab se ai vet\u00c3\u00ab, p\u00c3\u00abrpiqet t\u00c3\u00ab jet\u00c3\u00ab sa m\u00c3\u00ab i edukuar, por nuk e b\u00c3\u00abn k\u00c3\u00abt\u00c3\u00ab p\u00c3\u00abr t\u00e2\u20ac\u2122u dukur apo ndonj\u00c3\u00ab arsye tjet\u00c3\u00abr","breadcrumb":{"@id":"https:\/\/www.visit-ulcinj.com\/blog\/2009\/03\/25\/arjon-ke-marre-10-ne-edukate\/#breadcrumb"},"inLanguage":"en-US","potentialAction":[{"@type":"ReadAction","target":["https:\/\/www.visit-ulcinj.com\/blog\/2009\/03\/25\/arjon-ke-marre-10-ne-edukate\/"]}]},{"@type":"BreadcrumbList","@id":"https:\/\/www.visit-ulcinj.com\/blog\/2009\/03\/25\/arjon-ke-marre-10-ne-edukate\/#breadcrumb","itemListElement":[{"@type":"ListItem","position":1,"name":"Arjon : Ke marr\u00eb 10 n\u00eb edukat\u00eb"}]},{"@type":"Person","@id":"https:\/\/www.visit-ulcinj.com\/blog\/#\/schema\/person\/dcab619c614d3038751c63bc2aadc06d","name":"ulqini","sameAs":["http:\/\/www.visit-ulcinj.com"],"url":"https:\/\/www.visit-ulcinj.com\/blog\/author\/admin\/"}]}},"jetpack_featured_media_url":"","jetpack_sharing_enabled":true,"jetpack_shortlink":"https:\/\/wp.me\/pe6lTn-42F","_links":{"self":[{"href":"https:\/\/www.visit-ulcinj.com\/blog\/wp-json\/wp\/v2\/posts\/15541"}],"collection":[{"href":"https:\/\/www.visit-ulcinj.com\/blog\/wp-json\/wp\/v2\/posts"}],"about":[{"href":"https:\/\/www.visit-ulcinj.com\/blog\/wp-json\/wp\/v2\/types\/post"}],"author":[{"embeddable":true,"href":"https:\/\/www.visit-ulcinj.com\/blog\/wp-json\/wp\/v2\/users\/1"}],"replies":[{"embeddable":true,"href":"https:\/\/www.visit-ulcinj.com\/blog\/wp-json\/wp\/v2\/comments?post=15541"}],"version-history":[{"count":0,"href":"https:\/\/www.visit-ulcinj.com\/blog\/wp-json\/wp\/v2\/posts\/15541\/revisions"}],"wp:attachment":[{"href":"https:\/\/www.visit-ulcinj.com\/blog\/wp-json\/wp\/v2\/media?parent=15541"}],"wp:term":[{"taxonomy":"category","embeddable":true,"href":"https:\/\/www.visit-ulcinj.com\/blog\/wp-json\/wp\/v2\/categories?post=15541"},{"taxonomy":"post_tag","embeddable":true,"href":"https:\/\/www.visit-ulcinj.com\/blog\/wp-json\/wp\/v2\/tags?post=15541"}],"curies":[{"name":"wp","href":"https:\/\/api.w.org\/{rel}","templated":true}]}}