{"id":15548,"date":"2009-03-25T16:42:12","date_gmt":"2009-03-25T15:42:12","guid":{"rendered":"http:\/\/www.visit-ulcinj.com\/blog\/?p=15548"},"modified":"2009-03-25T16:42:12","modified_gmt":"2009-03-25T15:42:12","slug":"anjeza-familja-eshte-e-shenjte","status":"publish","type":"post","link":"https:\/\/www.visit-ulcinj.com\/blog\/2009\/03\/25\/anjeza-familja-eshte-e-shenjte\/","title":{"rendered":"Anjeza: Familja \u00ebsht\u00eb e shenjt\u00eb"},"content":{"rendered":"<p><em><span class=\"newsdate\"><a href=\"http:\/\/www.visit-ulcinj.com\/blog\/wp-content\/uploads\/2009\/03\/anjeza-dhe-qetsori.jpg\"><img loading=\"lazy\" class=\"alignleft size-full wp-image-15549\" title=\"anjeza-dhe-qetsori-big-brother-albania-2\" src=\"http:\/\/www.visit-ulcinj.com\/blog\/wp-content\/uploads\/2009\/03\/anjeza-dhe-qetsori.jpg\" alt=\"anjeza-dhe-qetsori-big-brother-albania-2\" width=\"300\" height=\"205\" \/><\/a>23\/03\/09 18:43<\/span><\/em><\/p>\n<p>Anjeza nd\u00ebrkoh\u00eb q\u00eb ndihmon Qetsorin p\u00ebr gatimin do q\u00eb t\u00eb dij\u00eb m\u00eb shum\u00eb p\u00ebr t\u00eb. Ajo gjithashtu i tregon nga jeta e saj. Ajo thot\u00eb q\u00eb \u00ebsht\u00eb nj\u00eb person q\u00eb e do pun\u00ebn ,pasi e m\u00ebson t\u00eb komunikoj\u00eb me njer\u00ebzit ,dhe t\u00eb vler\u00ebsoj\u00eb lekun. Paralelisht me pun\u00ebn ajo studion n\u00eb vitin e dyt\u00eb p\u00ebr Juridik. Qetsori e pyet n\u00ebse ka patur lidhje dhe ajo i p\u00ebrgjigjet q\u00eb po, por q\u00eb kishte p\u00ebrfunduar. Ajo shton:-\u201cJemi ndar\u00eb p\u00ebrfundimisht dhe nuk ka kthim mbrapa. Un\u00eb dua q\u00eb nj\u00eb njeri t\u00eb m\u00eb jap\u00eb aq sa i jap dhe un\u00eb, t\u00eb jemi t\u00eb barabart\u00eb.\u201d Jeta e saj ka q\u00ebn\u00eb e v\u00ebshtir\u00eb pasi \u00ebsht\u00eb rritur pa baba. Ajo thot\u00eb:-\u201cFamilja \u00ebsht\u00eb e shenjt\u00eb p\u00ebr mua!\u201d<\/p>\n","protected":false},"excerpt":{"rendered":"<p>23\/03\/09 18:43 Anjeza nd\u00ebrkoh\u00eb q\u00eb ndihmon Qetsorin p\u00ebr gatimin do q\u00eb t\u00eb dij\u00eb m\u00eb shum\u00eb p\u00ebr t\u00eb. Ajo gjithashtu i tregon nga jeta e saj. Ajo thot\u00eb q\u00eb \u00ebsht\u00eb nj\u00eb person q\u00eb e do pun\u00ebn ,pasi e m\u00ebson t\u00eb komunikoj\u00eb me njer\u00ebzit ,dhe t\u00eb vler\u00ebsoj\u00eb lekun. Paralelisht me pun\u00ebn ajo studion n\u00eb vitin e dyt\u00eb [&hellip;]<\/p>\n","protected":false},"author":1,"featured_media":0,"comment_status":"open","ping_status":"closed","sticky":false,"template":"","format":"standard","meta":{"spay_email":"","jetpack_publicize_message":"","jetpack_is_tweetstorm":false,"jetpack_publicize_feature_enabled":true},"categories":[6502],"tags":[8289,5057,6506,6516,6712,7129,8338,6900,6891,6693,6887],"jetpack_publicize_connections":[],"yoast_head":"<!-- This site is optimized with the Yoast SEO plugin v19.1 - https:\/\/yoast.com\/wordpress\/plugins\/seo\/ -->\n<title>Anjeza: Familja \u00c3\u00absht\u00c3\u00ab e shenjt\u00c3\u00ab | Big Brother Albania 2<\/title>\n<meta name=\"description\" content=\"Big Brother Albania 2 - Anjeza nd\u00c3\u00abrkoh\u00c3\u00ab q\u00c3\u00ab ndihmon Qetsorin p\u00c3\u00abr gatimin do q\u00c3\u00ab t\u00c3\u00ab dij\u00c3\u00ab m\u00c3\u00ab shum\u00c3\u00ab p\u00c3\u00abr t\u00c3\u00ab. Ajo gjithashtu i tregon nga jeta e saj.\" \/>\n<meta name=\"robots\" content=\"index, follow, max-snippet:-1, max-image-preview:large, max-video-preview:-1\" \/>\n<link rel=\"canonical\" href=\"https:\/\/www.visit-ulcinj.com\/blog\/2009\/03\/25\/anjeza-familja-eshte-e-shenjte\/\" \/>\n<meta property=\"og:locale\" content=\"en_US\" \/>\n<meta property=\"og:type\" content=\"article\" \/>\n<meta property=\"og:title\" content=\"Anjeza: Familja \u00c3\u00absht\u00c3\u00ab e shenjt\u00c3\u00ab | Big Brother Albania 2\" \/>\n<meta property=\"og:description\" content=\"Big Brother Albania 2 - Anjeza nd\u00c3\u00abrkoh\u00c3\u00ab q\u00c3\u00ab ndihmon Qetsorin p\u00c3\u00abr gatimin do q\u00c3\u00ab t\u00c3\u00ab dij\u00c3\u00ab m\u00c3\u00ab shum\u00c3\u00ab p\u00c3\u00abr t\u00c3\u00ab. Ajo gjithashtu i tregon nga jeta e saj.\" \/>\n<meta property=\"og:url\" content=\"https:\/\/www.visit-ulcinj.com\/blog\/2009\/03\/25\/anjeza-familja-eshte-e-shenjte\/\" \/>\n<meta property=\"og:site_name\" content=\"Lajme nga Ulqini\" \/>\n<meta property=\"article:published_time\" content=\"2009-03-25T15:42:12+00:00\" \/>\n<meta property=\"og:image\" content=\"http:\/\/www.visit-ulcinj.com\/blog\/wp-content\/uploads\/2009\/03\/anjeza-dhe-qetsori.jpg\" \/>\n<meta name=\"twitter:label1\" content=\"Written by\" \/>\n\t<meta name=\"twitter:data1\" content=\"ulqini\" \/>\n\t<meta name=\"twitter:label2\" content=\"Est. reading time\" \/>\n\t<meta name=\"twitter:data2\" content=\"1 minute\" \/>\n<script type=\"application\/ld+json\" class=\"yoast-schema-graph\">{\"@context\":\"https:\/\/schema.org\",\"@graph\":[{\"@type\":\"WebSite\",\"@id\":\"https:\/\/www.visit-ulcinj.com\/blog\/#website\",\"url\":\"https:\/\/www.visit-ulcinj.com\/blog\/\",\"name\":\"Lajme nga Ulqini\",\"description\":\"Lajme,Vijesti,Ulqini,Ulqin,Crna Gora,Mali i Zi\",\"potentialAction\":[{\"@type\":\"SearchAction\",\"target\":{\"@type\":\"EntryPoint\",\"urlTemplate\":\"https:\/\/www.visit-ulcinj.com\/blog\/?s={search_term_string}\"},\"query-input\":\"required name=search_term_string\"}],\"inLanguage\":\"en-US\"},{\"@type\":\"ImageObject\",\"inLanguage\":\"en-US\",\"@id\":\"https:\/\/www.visit-ulcinj.com\/blog\/2009\/03\/25\/anjeza-familja-eshte-e-shenjte\/#primaryimage\",\"url\":\"http:\/\/www.visit-ulcinj.com\/blog\/wp-content\/uploads\/2009\/03\/anjeza-dhe-qetsori.jpg\",\"contentUrl\":\"http:\/\/www.visit-ulcinj.com\/blog\/wp-content\/uploads\/2009\/03\/anjeza-dhe-qetsori.jpg\"},{\"@type\":\"WebPage\",\"@id\":\"https:\/\/www.visit-ulcinj.com\/blog\/2009\/03\/25\/anjeza-familja-eshte-e-shenjte\/#webpage\",\"url\":\"https:\/\/www.visit-ulcinj.com\/blog\/2009\/03\/25\/anjeza-familja-eshte-e-shenjte\/\",\"name\":\"Anjeza: Familja \u00c3\u00absht\u00c3\u00ab e shenjt\u00c3\u00ab | Big Brother Albania 2\",\"isPartOf\":{\"@id\":\"https:\/\/www.visit-ulcinj.com\/blog\/#website\"},\"primaryImageOfPage\":{\"@id\":\"https:\/\/www.visit-ulcinj.com\/blog\/2009\/03\/25\/anjeza-familja-eshte-e-shenjte\/#primaryimage\"},\"datePublished\":\"2009-03-25T15:42:12+00:00\",\"dateModified\":\"2009-03-25T15:42:12+00:00\",\"author\":{\"@id\":\"https:\/\/www.visit-ulcinj.com\/blog\/#\/schema\/person\/dcab619c614d3038751c63bc2aadc06d\"},\"description\":\"Big Brother Albania 2 - Anjeza nd\u00c3\u00abrkoh\u00c3\u00ab q\u00c3\u00ab ndihmon Qetsorin p\u00c3\u00abr gatimin do q\u00c3\u00ab t\u00c3\u00ab dij\u00c3\u00ab m\u00c3\u00ab shum\u00c3\u00ab p\u00c3\u00abr t\u00c3\u00ab. Ajo gjithashtu i tregon nga jeta e saj.\",\"breadcrumb\":{\"@id\":\"https:\/\/www.visit-ulcinj.com\/blog\/2009\/03\/25\/anjeza-familja-eshte-e-shenjte\/#breadcrumb\"},\"inLanguage\":\"en-US\",\"potentialAction\":[{\"@type\":\"ReadAction\",\"target\":[\"https:\/\/www.visit-ulcinj.com\/blog\/2009\/03\/25\/anjeza-familja-eshte-e-shenjte\/\"]}]},{\"@type\":\"BreadcrumbList\",\"@id\":\"https:\/\/www.visit-ulcinj.com\/blog\/2009\/03\/25\/anjeza-familja-eshte-e-shenjte\/#breadcrumb\",\"itemListElement\":[{\"@type\":\"ListItem\",\"position\":1,\"name\":\"Anjeza: Familja \u00ebsht\u00eb e shenjt\u00eb\"}]},{\"@type\":\"Person\",\"@id\":\"https:\/\/www.visit-ulcinj.com\/blog\/#\/schema\/person\/dcab619c614d3038751c63bc2aadc06d\",\"name\":\"ulqini\",\"sameAs\":[\"http:\/\/www.visit-ulcinj.com\"],\"url\":\"https:\/\/www.visit-ulcinj.com\/blog\/author\/admin\/\"}]}<\/script>\n<!-- \/ Yoast SEO plugin. -->","yoast_head_json":{"title":"Anjeza: Familja \u00c3\u00absht\u00c3\u00ab e shenjt\u00c3\u00ab | Big Brother Albania 2","description":"Big Brother Albania 2 - Anjeza nd\u00c3\u00abrkoh\u00c3\u00ab q\u00c3\u00ab ndihmon Qetsorin p\u00c3\u00abr gatimin do q\u00c3\u00ab t\u00c3\u00ab dij\u00c3\u00ab m\u00c3\u00ab shum\u00c3\u00ab p\u00c3\u00abr t\u00c3\u00ab. Ajo gjithashtu i tregon nga jeta e saj.","robots":{"index":"index","follow":"follow","max-snippet":"max-snippet:-1","max-image-preview":"max-image-preview:large","max-video-preview":"max-video-preview:-1"},"canonical":"https:\/\/www.visit-ulcinj.com\/blog\/2009\/03\/25\/anjeza-familja-eshte-e-shenjte\/","og_locale":"en_US","og_type":"article","og_title":"Anjeza: Familja \u00c3\u00absht\u00c3\u00ab e shenjt\u00c3\u00ab | Big Brother Albania 2","og_description":"Big Brother Albania 2 - Anjeza nd\u00c3\u00abrkoh\u00c3\u00ab q\u00c3\u00ab ndihmon Qetsorin p\u00c3\u00abr gatimin do q\u00c3\u00ab t\u00c3\u00ab dij\u00c3\u00ab m\u00c3\u00ab shum\u00c3\u00ab p\u00c3\u00abr t\u00c3\u00ab. Ajo gjithashtu i tregon nga jeta e saj.","og_url":"https:\/\/www.visit-ulcinj.com\/blog\/2009\/03\/25\/anjeza-familja-eshte-e-shenjte\/","og_site_name":"Lajme nga Ulqini","article_published_time":"2009-03-25T15:42:12+00:00","og_image":[{"url":"http:\/\/www.visit-ulcinj.com\/blog\/wp-content\/uploads\/2009\/03\/anjeza-dhe-qetsori.jpg"}],"twitter_misc":{"Written by":"ulqini","Est. reading time":"1 minute"},"schema":{"@context":"https:\/\/schema.org","@graph":[{"@type":"WebSite","@id":"https:\/\/www.visit-ulcinj.com\/blog\/#website","url":"https:\/\/www.visit-ulcinj.com\/blog\/","name":"Lajme nga Ulqini","description":"Lajme,Vijesti,Ulqini,Ulqin,Crna Gora,Mali i Zi","potentialAction":[{"@type":"SearchAction","target":{"@type":"EntryPoint","urlTemplate":"https:\/\/www.visit-ulcinj.com\/blog\/?s={search_term_string}"},"query-input":"required name=search_term_string"}],"inLanguage":"en-US"},{"@type":"ImageObject","inLanguage":"en-US","@id":"https:\/\/www.visit-ulcinj.com\/blog\/2009\/03\/25\/anjeza-familja-eshte-e-shenjte\/#primaryimage","url":"http:\/\/www.visit-ulcinj.com\/blog\/wp-content\/uploads\/2009\/03\/anjeza-dhe-qetsori.jpg","contentUrl":"http:\/\/www.visit-ulcinj.com\/blog\/wp-content\/uploads\/2009\/03\/anjeza-dhe-qetsori.jpg"},{"@type":"WebPage","@id":"https:\/\/www.visit-ulcinj.com\/blog\/2009\/03\/25\/anjeza-familja-eshte-e-shenjte\/#webpage","url":"https:\/\/www.visit-ulcinj.com\/blog\/2009\/03\/25\/anjeza-familja-eshte-e-shenjte\/","name":"Anjeza: Familja \u00c3\u00absht\u00c3\u00ab e shenjt\u00c3\u00ab | Big Brother Albania 2","isPartOf":{"@id":"https:\/\/www.visit-ulcinj.com\/blog\/#website"},"primaryImageOfPage":{"@id":"https:\/\/www.visit-ulcinj.com\/blog\/2009\/03\/25\/anjeza-familja-eshte-e-shenjte\/#primaryimage"},"datePublished":"2009-03-25T15:42:12+00:00","dateModified":"2009-03-25T15:42:12+00:00","author":{"@id":"https:\/\/www.visit-ulcinj.com\/blog\/#\/schema\/person\/dcab619c614d3038751c63bc2aadc06d"},"description":"Big Brother Albania 2 - Anjeza nd\u00c3\u00abrkoh\u00c3\u00ab q\u00c3\u00ab ndihmon Qetsorin p\u00c3\u00abr gatimin do q\u00c3\u00ab t\u00c3\u00ab dij\u00c3\u00ab m\u00c3\u00ab shum\u00c3\u00ab p\u00c3\u00abr t\u00c3\u00ab. Ajo gjithashtu i tregon nga jeta e saj.","breadcrumb":{"@id":"https:\/\/www.visit-ulcinj.com\/blog\/2009\/03\/25\/anjeza-familja-eshte-e-shenjte\/#breadcrumb"},"inLanguage":"en-US","potentialAction":[{"@type":"ReadAction","target":["https:\/\/www.visit-ulcinj.com\/blog\/2009\/03\/25\/anjeza-familja-eshte-e-shenjte\/"]}]},{"@type":"BreadcrumbList","@id":"https:\/\/www.visit-ulcinj.com\/blog\/2009\/03\/25\/anjeza-familja-eshte-e-shenjte\/#breadcrumb","itemListElement":[{"@type":"ListItem","position":1,"name":"Anjeza: Familja \u00ebsht\u00eb e shenjt\u00eb"}]},{"@type":"Person","@id":"https:\/\/www.visit-ulcinj.com\/blog\/#\/schema\/person\/dcab619c614d3038751c63bc2aadc06d","name":"ulqini","sameAs":["http:\/\/www.visit-ulcinj.com"],"url":"https:\/\/www.visit-ulcinj.com\/blog\/author\/admin\/"}]}},"jetpack_featured_media_url":"","jetpack_sharing_enabled":true,"jetpack_shortlink":"https:\/\/wp.me\/pe6lTn-42M","_links":{"self":[{"href":"https:\/\/www.visit-ulcinj.com\/blog\/wp-json\/wp\/v2\/posts\/15548"}],"collection":[{"href":"https:\/\/www.visit-ulcinj.com\/blog\/wp-json\/wp\/v2\/posts"}],"about":[{"href":"https:\/\/www.visit-ulcinj.com\/blog\/wp-json\/wp\/v2\/types\/post"}],"author":[{"embeddable":true,"href":"https:\/\/www.visit-ulcinj.com\/blog\/wp-json\/wp\/v2\/users\/1"}],"replies":[{"embeddable":true,"href":"https:\/\/www.visit-ulcinj.com\/blog\/wp-json\/wp\/v2\/comments?post=15548"}],"version-history":[{"count":0,"href":"https:\/\/www.visit-ulcinj.com\/blog\/wp-json\/wp\/v2\/posts\/15548\/revisions"}],"wp:attachment":[{"href":"https:\/\/www.visit-ulcinj.com\/blog\/wp-json\/wp\/v2\/media?parent=15548"}],"wp:term":[{"taxonomy":"category","embeddable":true,"href":"https:\/\/www.visit-ulcinj.com\/blog\/wp-json\/wp\/v2\/categories?post=15548"},{"taxonomy":"post_tag","embeddable":true,"href":"https:\/\/www.visit-ulcinj.com\/blog\/wp-json\/wp\/v2\/tags?post=15548"}],"curies":[{"name":"wp","href":"https:\/\/api.w.org\/{rel}","templated":true}]}}