{"id":1556,"date":"2008-05-13T12:54:18","date_gmt":"2008-05-13T17:54:18","guid":{"rendered":"http:\/\/www.visit-ulcinj.com\/blog\/?p=1556"},"modified":"2008-05-13T13:05:24","modified_gmt":"2008-05-13T18:05:24","slug":"kompani-te-fuqishme-interesohen-per-ade","status":"publish","type":"post","link":"https:\/\/www.visit-ulcinj.com\/blog\/2008\/05\/13\/kompani-te-fuqishme-interesohen-per-ade\/","title":{"rendered":"Kompani t\u00eb fuqishme interesohen p\u00ebr Ad\u00eb"},"content":{"rendered":"<p><a href=\"http:\/\/www.visit-ulcinj.com\/blog\/wp-content\/uploads\/2008\/05\/ada_bojana4.jpg\"><img loading=\"lazy\" class=\"alignleft attachment wp-att-1492\" style=\"float: left;\" src=\"http:\/\/www.visit-ulcinj.com\/blog\/wp-content\/uploads\/2008\/05\/ada_bojana4.thumbnail.jpg\" alt=\"ada_bojana4\" width=\"200\" height=\"133\" \/><\/a><strong>P\u00ebrfundon afati p\u00ebr dor\u00ebzimin e letrave t\u00eb t\u00eb interesuarve p\u00ebr t\u00eb investuar n\u00eb ad\u00eb<\/strong><br \/>\nDisa kompani t\u00eb fuqishme n\u00eb mesin e t\u00eb cilave kompania amerikane Dolphin Capital Investment, IFA Hotels &amp; Resorts Dubai, kompania turke Gintash, kompania \u00e7eke Mayfield dhe ajo kroate Deep Blue kan\u00eb shfaqur interesim p\u00ebr t\u00eb investuar n\u00eb Ad\u00eb.<br \/>\nPo ashtu interesim p\u00ebr t\u00eb menaxhuar hotelet n\u00eb Ad\u00eb kan\u00eb shfaqur edhe kompanit\u00eb Movenpick Hotel&amp;Resorts, Jumeirah Group dhe Rezidor Hotels&amp;Resorts.<br \/>\nQeveria e Malit t\u00eb Zi parashikon q\u00eb s\u00eb shpejti t\u00eb hap\u00eb tenderin n\u00eb t\u00eb cilin investitor\u00ebt potencial\u00eb do t\u00eb dor\u00ebzojn\u00eb ofertat e tyre.<br \/>\nQeveria parashikon q\u00eb t\u00eb n\u00ebnshkruaj\u00eb kontrat\u00ebn p\u00ebr qiramarrje afatgjate p\u00ebr rreth 100 hektar\u00eb t\u00eb k\u00ebsaj uj\u00ebdhese.<a href=\"http:\/\/www.visit-ulcinj.com\/blog\/wp-content\/uploads\/2008\/01\/velipojashengjinishkodra.jpg\"><img loading=\"lazy\" class=\"alignright attachment wp-att-309\" style=\"float: right;\" src=\"http:\/\/www.visit-ulcinj.com\/blog\/wp-content\/uploads\/2008\/01\/velipojashengjinishkodra.thumbnail.jpg\" alt=\"Ada Bojana,Buna,Velipoja,\" width=\"128\" height=\"95\" \/><\/a><br \/>\nAjo ka parashikuar po ashtu edhe mund\u00ebsin\u00eb e bisedimeve p\u00ebr dh\u00ebnien me qira t\u00eb t\u00ebr\u00eb uj\u00ebdhes\u00ebs, n\u00eb rast se qiramarr\u00ebsi vler\u00ebson q\u00eb p\u00ebr t\u00eb \u00ebsht\u00eb p\u00ebrpar\u00ebsi t\u00eb mir\u00ebmbaj\u00eb parkun natyror t\u00eb pasur me biodiversitet.<br \/>\nMe Master Planin regjional n\u00eb Ad\u00eb parashikohet zhvillimi i turizmit t\u00eb lart\u00eb si dhe nd\u00ebrtimi i rreth 2 500 shtret\u00ebrve n\u00eb var\u00ebsi t\u00eb llojit t\u00eb kompleksit turistik q\u00eb do t\u00eb nd\u00ebrtohet.<br \/>\n<strong>(Kohapress)<\/strong><\/p>\n<p><a href=\"http:\/\/www.visit-ulcinj.com\/blog\/2008\/01\/28\/mame-jeftini-kvadrati-u-albaniji\/velipojashengjinidhkodra\/\"><br \/>\n<\/a><\/p>\n","protected":false},"excerpt":{"rendered":"<p><img loading=\"lazy\" class=\"attachment wp-att-1492 alignleft\" src=\"http:\/\/www.visit-ulcinj.com\/blog\/wp-content\/uploads\/2008\/05\/ada_bojana4.thumbnail.jpg\" alt=\"ada_bojana4\" width=\"140\" height=\"140\" \/><\/p>\n","protected":false},"author":1,"featured_media":0,"comment_status":"open","ping_status":"closed","sticky":false,"template":"","format":"standard","meta":{"spay_email":"","jetpack_publicize_message":"","jetpack_is_tweetstorm":false,"jetpack_publicize_feature_enabled":true},"categories":[8,10,12,15],"tags":[138],"jetpack_publicize_connections":[],"yoast_head":"<!-- This site is optimized with the Yoast SEO plugin v19.1 - https:\/\/yoast.com\/wordpress\/plugins\/seo\/ -->\n<title>Kompani t\u00eb fuqishme interesohen p\u00ebr Ad\u00eb - Lajme nga Ulqini<\/title>\n<meta name=\"robots\" content=\"index, follow, max-snippet:-1, max-image-preview:large, max-video-preview:-1\" \/>\n<link rel=\"canonical\" href=\"https:\/\/www.visit-ulcinj.com\/blog\/2008\/05\/13\/kompani-te-fuqishme-interesohen-per-ade\/\" \/>\n<meta property=\"og:locale\" content=\"en_US\" \/>\n<meta property=\"og:type\" content=\"article\" \/>\n<meta property=\"og:title\" content=\"Kompani t\u00eb fuqishme interesohen p\u00ebr Ad\u00eb - Lajme nga Ulqini\" \/>\n<meta property=\"og:url\" content=\"https:\/\/www.visit-ulcinj.com\/blog\/2008\/05\/13\/kompani-te-fuqishme-interesohen-per-ade\/\" \/>\n<meta property=\"og:site_name\" content=\"Lajme nga Ulqini\" \/>\n<meta property=\"article:published_time\" content=\"2008-05-13T17:54:18+00:00\" \/>\n<meta property=\"article:modified_time\" content=\"2008-05-13T18:05:24+00:00\" \/>\n<meta property=\"og:image\" content=\"http:\/\/www.visit-ulcinj.com\/blog\/wp-content\/uploads\/2008\/05\/ada_bojana4.thumbnail.jpg\" \/>\n<meta name=\"twitter:label1\" content=\"Written by\" \/>\n\t<meta name=\"twitter:data1\" content=\"ulqini\" \/>\n\t<meta name=\"twitter:label2\" content=\"Est. reading time\" \/>\n\t<meta name=\"twitter:data2\" content=\"1 minute\" \/>\n<script type=\"application\/ld+json\" class=\"yoast-schema-graph\">{\"@context\":\"https:\/\/schema.org\",\"@graph\":[{\"@type\":\"WebSite\",\"@id\":\"https:\/\/www.visit-ulcinj.com\/blog\/#website\",\"url\":\"https:\/\/www.visit-ulcinj.com\/blog\/\",\"name\":\"Lajme nga Ulqini\",\"description\":\"Lajme,Vijesti,Ulqini,Ulqin,Crna Gora,Mali i Zi\",\"potentialAction\":[{\"@type\":\"SearchAction\",\"target\":{\"@type\":\"EntryPoint\",\"urlTemplate\":\"https:\/\/www.visit-ulcinj.com\/blog\/?s={search_term_string}\"},\"query-input\":\"required name=search_term_string\"}],\"inLanguage\":\"en-US\"},{\"@type\":\"ImageObject\",\"inLanguage\":\"en-US\",\"@id\":\"https:\/\/www.visit-ulcinj.com\/blog\/2008\/05\/13\/kompani-te-fuqishme-interesohen-per-ade\/#primaryimage\",\"url\":\"http:\/\/www.visit-ulcinj.com\/blog\/wp-content\/uploads\/2008\/05\/ada_bojana4.thumbnail.jpg\",\"contentUrl\":\"http:\/\/www.visit-ulcinj.com\/blog\/wp-content\/uploads\/2008\/05\/ada_bojana4.thumbnail.jpg\"},{\"@type\":\"WebPage\",\"@id\":\"https:\/\/www.visit-ulcinj.com\/blog\/2008\/05\/13\/kompani-te-fuqishme-interesohen-per-ade\/#webpage\",\"url\":\"https:\/\/www.visit-ulcinj.com\/blog\/2008\/05\/13\/kompani-te-fuqishme-interesohen-per-ade\/\",\"name\":\"Kompani t\u00eb fuqishme interesohen p\u00ebr Ad\u00eb - Lajme nga Ulqini\",\"isPartOf\":{\"@id\":\"https:\/\/www.visit-ulcinj.com\/blog\/#website\"},\"primaryImageOfPage\":{\"@id\":\"https:\/\/www.visit-ulcinj.com\/blog\/2008\/05\/13\/kompani-te-fuqishme-interesohen-per-ade\/#primaryimage\"},\"datePublished\":\"2008-05-13T17:54:18+00:00\",\"dateModified\":\"2008-05-13T18:05:24+00:00\",\"author\":{\"@id\":\"https:\/\/www.visit-ulcinj.com\/blog\/#\/schema\/person\/dcab619c614d3038751c63bc2aadc06d\"},\"breadcrumb\":{\"@id\":\"https:\/\/www.visit-ulcinj.com\/blog\/2008\/05\/13\/kompani-te-fuqishme-interesohen-per-ade\/#breadcrumb\"},\"inLanguage\":\"en-US\",\"potentialAction\":[{\"@type\":\"ReadAction\",\"target\":[\"https:\/\/www.visit-ulcinj.com\/blog\/2008\/05\/13\/kompani-te-fuqishme-interesohen-per-ade\/\"]}]},{\"@type\":\"BreadcrumbList\",\"@id\":\"https:\/\/www.visit-ulcinj.com\/blog\/2008\/05\/13\/kompani-te-fuqishme-interesohen-per-ade\/#breadcrumb\",\"itemListElement\":[{\"@type\":\"ListItem\",\"position\":1,\"name\":\"Kompani t\u00eb fuqishme interesohen p\u00ebr Ad\u00eb\"}]},{\"@type\":\"Person\",\"@id\":\"https:\/\/www.visit-ulcinj.com\/blog\/#\/schema\/person\/dcab619c614d3038751c63bc2aadc06d\",\"name\":\"ulqini\",\"sameAs\":[\"http:\/\/www.visit-ulcinj.com\"],\"url\":\"https:\/\/www.visit-ulcinj.com\/blog\/author\/admin\/\"}]}<\/script>\n<!-- \/ Yoast SEO plugin. -->","yoast_head_json":{"title":"Kompani t\u00eb fuqishme interesohen p\u00ebr Ad\u00eb - Lajme nga Ulqini","robots":{"index":"index","follow":"follow","max-snippet":"max-snippet:-1","max-image-preview":"max-image-preview:large","max-video-preview":"max-video-preview:-1"},"canonical":"https:\/\/www.visit-ulcinj.com\/blog\/2008\/05\/13\/kompani-te-fuqishme-interesohen-per-ade\/","og_locale":"en_US","og_type":"article","og_title":"Kompani t\u00eb fuqishme interesohen p\u00ebr Ad\u00eb - Lajme nga Ulqini","og_url":"https:\/\/www.visit-ulcinj.com\/blog\/2008\/05\/13\/kompani-te-fuqishme-interesohen-per-ade\/","og_site_name":"Lajme nga Ulqini","article_published_time":"2008-05-13T17:54:18+00:00","article_modified_time":"2008-05-13T18:05:24+00:00","og_image":[{"url":"http:\/\/www.visit-ulcinj.com\/blog\/wp-content\/uploads\/2008\/05\/ada_bojana4.thumbnail.jpg"}],"twitter_misc":{"Written by":"ulqini","Est. reading time":"1 minute"},"schema":{"@context":"https:\/\/schema.org","@graph":[{"@type":"WebSite","@id":"https:\/\/www.visit-ulcinj.com\/blog\/#website","url":"https:\/\/www.visit-ulcinj.com\/blog\/","name":"Lajme nga Ulqini","description":"Lajme,Vijesti,Ulqini,Ulqin,Crna Gora,Mali i Zi","potentialAction":[{"@type":"SearchAction","target":{"@type":"EntryPoint","urlTemplate":"https:\/\/www.visit-ulcinj.com\/blog\/?s={search_term_string}"},"query-input":"required name=search_term_string"}],"inLanguage":"en-US"},{"@type":"ImageObject","inLanguage":"en-US","@id":"https:\/\/www.visit-ulcinj.com\/blog\/2008\/05\/13\/kompani-te-fuqishme-interesohen-per-ade\/#primaryimage","url":"http:\/\/www.visit-ulcinj.com\/blog\/wp-content\/uploads\/2008\/05\/ada_bojana4.thumbnail.jpg","contentUrl":"http:\/\/www.visit-ulcinj.com\/blog\/wp-content\/uploads\/2008\/05\/ada_bojana4.thumbnail.jpg"},{"@type":"WebPage","@id":"https:\/\/www.visit-ulcinj.com\/blog\/2008\/05\/13\/kompani-te-fuqishme-interesohen-per-ade\/#webpage","url":"https:\/\/www.visit-ulcinj.com\/blog\/2008\/05\/13\/kompani-te-fuqishme-interesohen-per-ade\/","name":"Kompani t\u00eb fuqishme interesohen p\u00ebr Ad\u00eb - Lajme nga Ulqini","isPartOf":{"@id":"https:\/\/www.visit-ulcinj.com\/blog\/#website"},"primaryImageOfPage":{"@id":"https:\/\/www.visit-ulcinj.com\/blog\/2008\/05\/13\/kompani-te-fuqishme-interesohen-per-ade\/#primaryimage"},"datePublished":"2008-05-13T17:54:18+00:00","dateModified":"2008-05-13T18:05:24+00:00","author":{"@id":"https:\/\/www.visit-ulcinj.com\/blog\/#\/schema\/person\/dcab619c614d3038751c63bc2aadc06d"},"breadcrumb":{"@id":"https:\/\/www.visit-ulcinj.com\/blog\/2008\/05\/13\/kompani-te-fuqishme-interesohen-per-ade\/#breadcrumb"},"inLanguage":"en-US","potentialAction":[{"@type":"ReadAction","target":["https:\/\/www.visit-ulcinj.com\/blog\/2008\/05\/13\/kompani-te-fuqishme-interesohen-per-ade\/"]}]},{"@type":"BreadcrumbList","@id":"https:\/\/www.visit-ulcinj.com\/blog\/2008\/05\/13\/kompani-te-fuqishme-interesohen-per-ade\/#breadcrumb","itemListElement":[{"@type":"ListItem","position":1,"name":"Kompani t\u00eb fuqishme interesohen p\u00ebr Ad\u00eb"}]},{"@type":"Person","@id":"https:\/\/www.visit-ulcinj.com\/blog\/#\/schema\/person\/dcab619c614d3038751c63bc2aadc06d","name":"ulqini","sameAs":["http:\/\/www.visit-ulcinj.com"],"url":"https:\/\/www.visit-ulcinj.com\/blog\/author\/admin\/"}]}},"jetpack_featured_media_url":"","jetpack_sharing_enabled":true,"jetpack_shortlink":"https:\/\/wp.me\/pe6lTn-p6","_links":{"self":[{"href":"https:\/\/www.visit-ulcinj.com\/blog\/wp-json\/wp\/v2\/posts\/1556"}],"collection":[{"href":"https:\/\/www.visit-ulcinj.com\/blog\/wp-json\/wp\/v2\/posts"}],"about":[{"href":"https:\/\/www.visit-ulcinj.com\/blog\/wp-json\/wp\/v2\/types\/post"}],"author":[{"embeddable":true,"href":"https:\/\/www.visit-ulcinj.com\/blog\/wp-json\/wp\/v2\/users\/1"}],"replies":[{"embeddable":true,"href":"https:\/\/www.visit-ulcinj.com\/blog\/wp-json\/wp\/v2\/comments?post=1556"}],"version-history":[{"count":0,"href":"https:\/\/www.visit-ulcinj.com\/blog\/wp-json\/wp\/v2\/posts\/1556\/revisions"}],"wp:attachment":[{"href":"https:\/\/www.visit-ulcinj.com\/blog\/wp-json\/wp\/v2\/media?parent=1556"}],"wp:term":[{"taxonomy":"category","embeddable":true,"href":"https:\/\/www.visit-ulcinj.com\/blog\/wp-json\/wp\/v2\/categories?post=1556"},{"taxonomy":"post_tag","embeddable":true,"href":"https:\/\/www.visit-ulcinj.com\/blog\/wp-json\/wp\/v2\/tags?post=1556"}],"curies":[{"name":"wp","href":"https:\/\/api.w.org\/{rel}","templated":true}]}}