{"id":15561,"date":"2009-03-25T23:00:44","date_gmt":"2009-03-25T22:00:44","guid":{"rendered":"http:\/\/www.visit-ulcinj.com\/blog\/?p=15561"},"modified":"2009-03-25T21:41:34","modified_gmt":"2009-03-25T20:41:34","slug":"aida-troka-seksi-dhe-qyteti","status":"publish","type":"post","link":"https:\/\/www.visit-ulcinj.com\/blog\/2009\/03\/25\/aida-troka-seksi-dhe-qyteti\/","title":{"rendered":"Aida Troka : Seksi dhe Qyteti"},"content":{"rendered":"<p><em><span class=\"newsdate\"><a href=\"http:\/\/www.visit-ulcinj.com\/blog\/wp-content\/uploads\/2009\/03\/aida25-copy.jpg\"><img loading=\"lazy\" class=\"alignleft size-full wp-image-15601\" title=\"aida-seks-big-broher-albania-2\" src=\"http:\/\/www.visit-ulcinj.com\/blog\/wp-content\/uploads\/2009\/03\/aida25-copy.jpg\" alt=\"aida-seks-big-broher-albania-2\" width=\"300\" height=\"205\" \/><\/a>25\/03\/09 00:00<\/span><\/em><\/p>\n<p>Aida ka propozuar q\u00eb s\u00eb bashku me banor\u00ebt e tjer\u00eb t\u00eb diskutonin tem\u00ebn \u201cSeksi dhe Qyteti\u201d. Fillimisht banor\u00ebt kan\u00eb qen\u00eb pak t\u00eb rezervuar, por m\u00eb pas kan\u00eb nisur t\u00eb diskutojn\u00eb m\u00eb lirisht. Ata kan\u00eb folur e debatuar, her\u00eb duke sjell\u00eb raste konkrete nga eksperienca e tyre jet\u00ebsore apo e dikujt q\u00eb ata njihnin e her\u00eb duke folur n\u00eb prgjith\u00ebsi, n\u00eb parim, mbi k\u00ebndv\u00ebshtrimet e ndryshme t\u00eb raportit fem\u00ebr-mashkull, t\u00eb marr\u00ebdh\u00ebnieve seksuale, t\u00eb rolit q\u00eb luan mentaliteti shoq\u00ebror n\u00eb gjith\u00eb k\u00ebt\u00eb e p\u00ebr shum\u00eb argumente t\u00eb tjera brenda t\u00eb nj\u00ebjt\u00ebs tematik\u00eb. Megjith\u00ebse, q\u00eb n\u00eb fillim, Aida ka th\u00ebn\u00eb se meq\u00eb tema mund t\u00eb dukej delikate, cilido q\u00eb nuk donte t\u00eb q\u00ebndronte, ishte i lir\u00eb ta b\u00ebnte, banor\u00ebt e sht\u00ebpis\u00eb kan\u00eb q\u00ebndruar q\u00eb t\u00eb gjith\u00eb. T\u00eb parat q\u00eb jan\u00eb larguar kan\u00eb qen\u00eb Republika e Mimoza, sepse, si\u00e7 tha Republika, po u vinte gjum\u00eb.N\u00eb \u201ctalk show-n\u201d e Aid\u00ebs, i ftuar special ka qen\u00eb Adi, nd\u00ebrsa opinionist i par\u00eb, Bjordi.<\/p>\n","protected":false},"excerpt":{"rendered":"<p>25\/03\/09 00:00 Aida ka propozuar q\u00eb s\u00eb bashku me banor\u00ebt e tjer\u00eb t\u00eb diskutonin tem\u00ebn \u201cSeksi dhe Qyteti\u201d. Fillimisht banor\u00ebt kan\u00eb qen\u00eb pak t\u00eb rezervuar, por m\u00eb pas kan\u00eb nisur t\u00eb diskutojn\u00eb m\u00eb lirisht. Ata kan\u00eb folur e debatuar, her\u00eb duke sjell\u00eb raste konkrete nga eksperienca e tyre jet\u00ebsore apo e dikujt q\u00eb ata njihnin [&hellip;]<\/p>\n","protected":false},"author":1,"featured_media":0,"comment_status":"open","ping_status":"closed","sticky":false,"template":"","format":"standard","meta":{"spay_email":"","jetpack_publicize_message":"","jetpack_is_tweetstorm":false,"jetpack_publicize_feature_enabled":true},"categories":[6502],"tags":[6529,1414,6537,6883,6516,6712,6665,6522,262,6891],"jetpack_publicize_connections":[],"yoast_head":"<!-- This site is optimized with the Yoast SEO plugin v19.1 - https:\/\/yoast.com\/wordpress\/plugins\/seo\/ -->\n<title>Aida Troka : Seksi dhe Qyteti | Big Brother Albania 2<\/title>\n<meta name=\"description\" content=\"Big Brother Albania 2 - Aida ka propozuar q\u00c3\u00ab s\u00c3\u00ab bashku me banor\u00c3\u00abt e tjer\u00c3\u00ab t\u00c3\u00ab diskutonin tem\u00c3\u00abn \u00e2\u20ac\u0153Seksi dhe Qyteti\u00e2\u20ac\u009d.\" \/>\n<meta name=\"robots\" content=\"index, follow, max-snippet:-1, max-image-preview:large, max-video-preview:-1\" \/>\n<link rel=\"canonical\" href=\"https:\/\/www.visit-ulcinj.com\/blog\/2009\/03\/25\/aida-troka-seksi-dhe-qyteti\/\" \/>\n<meta property=\"og:locale\" content=\"en_US\" \/>\n<meta property=\"og:type\" content=\"article\" \/>\n<meta property=\"og:title\" content=\"Aida Troka : Seksi dhe Qyteti | Big Brother Albania 2\" \/>\n<meta property=\"og:description\" content=\"Big Brother Albania 2 - Aida ka propozuar q\u00c3\u00ab s\u00c3\u00ab bashku me banor\u00c3\u00abt e tjer\u00c3\u00ab t\u00c3\u00ab diskutonin tem\u00c3\u00abn \u00e2\u20ac\u0153Seksi dhe Qyteti\u00e2\u20ac\u009d.\" \/>\n<meta property=\"og:url\" content=\"https:\/\/www.visit-ulcinj.com\/blog\/2009\/03\/25\/aida-troka-seksi-dhe-qyteti\/\" \/>\n<meta property=\"og:site_name\" content=\"Lajme nga Ulqini\" \/>\n<meta property=\"article:published_time\" content=\"2009-03-25T22:00:44+00:00\" \/>\n<meta property=\"article:modified_time\" content=\"2009-03-25T20:41:34+00:00\" \/>\n<meta property=\"og:image\" content=\"http:\/\/www.visit-ulcinj.com\/blog\/wp-content\/uploads\/2009\/03\/aida25-copy.jpg\" \/>\n<meta name=\"twitter:label1\" content=\"Written by\" \/>\n\t<meta name=\"twitter:data1\" content=\"ulqini\" \/>\n\t<meta name=\"twitter:label2\" content=\"Est. reading time\" \/>\n\t<meta name=\"twitter:data2\" content=\"1 minute\" \/>\n<script type=\"application\/ld+json\" class=\"yoast-schema-graph\">{\"@context\":\"https:\/\/schema.org\",\"@graph\":[{\"@type\":\"WebSite\",\"@id\":\"https:\/\/www.visit-ulcinj.com\/blog\/#website\",\"url\":\"https:\/\/www.visit-ulcinj.com\/blog\/\",\"name\":\"Lajme nga Ulqini\",\"description\":\"Lajme,Vijesti,Ulqini,Ulqin,Crna Gora,Mali i Zi\",\"potentialAction\":[{\"@type\":\"SearchAction\",\"target\":{\"@type\":\"EntryPoint\",\"urlTemplate\":\"https:\/\/www.visit-ulcinj.com\/blog\/?s={search_term_string}\"},\"query-input\":\"required name=search_term_string\"}],\"inLanguage\":\"en-US\"},{\"@type\":\"ImageObject\",\"inLanguage\":\"en-US\",\"@id\":\"https:\/\/www.visit-ulcinj.com\/blog\/2009\/03\/25\/aida-troka-seksi-dhe-qyteti\/#primaryimage\",\"url\":\"http:\/\/www.visit-ulcinj.com\/blog\/wp-content\/uploads\/2009\/03\/aida25-copy.jpg\",\"contentUrl\":\"http:\/\/www.visit-ulcinj.com\/blog\/wp-content\/uploads\/2009\/03\/aida25-copy.jpg\"},{\"@type\":\"WebPage\",\"@id\":\"https:\/\/www.visit-ulcinj.com\/blog\/2009\/03\/25\/aida-troka-seksi-dhe-qyteti\/#webpage\",\"url\":\"https:\/\/www.visit-ulcinj.com\/blog\/2009\/03\/25\/aida-troka-seksi-dhe-qyteti\/\",\"name\":\"Aida Troka : Seksi dhe Qyteti | Big Brother Albania 2\",\"isPartOf\":{\"@id\":\"https:\/\/www.visit-ulcinj.com\/blog\/#website\"},\"primaryImageOfPage\":{\"@id\":\"https:\/\/www.visit-ulcinj.com\/blog\/2009\/03\/25\/aida-troka-seksi-dhe-qyteti\/#primaryimage\"},\"datePublished\":\"2009-03-25T22:00:44+00:00\",\"dateModified\":\"2009-03-25T20:41:34+00:00\",\"author\":{\"@id\":\"https:\/\/www.visit-ulcinj.com\/blog\/#\/schema\/person\/dcab619c614d3038751c63bc2aadc06d\"},\"description\":\"Big Brother Albania 2 - Aida ka propozuar q\u00c3\u00ab s\u00c3\u00ab bashku me banor\u00c3\u00abt e tjer\u00c3\u00ab t\u00c3\u00ab diskutonin tem\u00c3\u00abn \u00e2\u20ac\u0153Seksi dhe Qyteti\u00e2\u20ac\u009d.\",\"breadcrumb\":{\"@id\":\"https:\/\/www.visit-ulcinj.com\/blog\/2009\/03\/25\/aida-troka-seksi-dhe-qyteti\/#breadcrumb\"},\"inLanguage\":\"en-US\",\"potentialAction\":[{\"@type\":\"ReadAction\",\"target\":[\"https:\/\/www.visit-ulcinj.com\/blog\/2009\/03\/25\/aida-troka-seksi-dhe-qyteti\/\"]}]},{\"@type\":\"BreadcrumbList\",\"@id\":\"https:\/\/www.visit-ulcinj.com\/blog\/2009\/03\/25\/aida-troka-seksi-dhe-qyteti\/#breadcrumb\",\"itemListElement\":[{\"@type\":\"ListItem\",\"position\":1,\"name\":\"Aida Troka : Seksi dhe Qyteti\"}]},{\"@type\":\"Person\",\"@id\":\"https:\/\/www.visit-ulcinj.com\/blog\/#\/schema\/person\/dcab619c614d3038751c63bc2aadc06d\",\"name\":\"ulqini\",\"sameAs\":[\"http:\/\/www.visit-ulcinj.com\"],\"url\":\"https:\/\/www.visit-ulcinj.com\/blog\/author\/admin\/\"}]}<\/script>\n<!-- \/ Yoast SEO plugin. -->","yoast_head_json":{"title":"Aida Troka : Seksi dhe Qyteti | Big Brother Albania 2","description":"Big Brother Albania 2 - Aida ka propozuar q\u00c3\u00ab s\u00c3\u00ab bashku me banor\u00c3\u00abt e tjer\u00c3\u00ab t\u00c3\u00ab diskutonin tem\u00c3\u00abn \u00e2\u20ac\u0153Seksi dhe Qyteti\u00e2\u20ac\u009d.","robots":{"index":"index","follow":"follow","max-snippet":"max-snippet:-1","max-image-preview":"max-image-preview:large","max-video-preview":"max-video-preview:-1"},"canonical":"https:\/\/www.visit-ulcinj.com\/blog\/2009\/03\/25\/aida-troka-seksi-dhe-qyteti\/","og_locale":"en_US","og_type":"article","og_title":"Aida Troka : Seksi dhe Qyteti | Big Brother Albania 2","og_description":"Big Brother Albania 2 - Aida ka propozuar q\u00c3\u00ab s\u00c3\u00ab bashku me banor\u00c3\u00abt e tjer\u00c3\u00ab t\u00c3\u00ab diskutonin tem\u00c3\u00abn \u00e2\u20ac\u0153Seksi dhe Qyteti\u00e2\u20ac\u009d.","og_url":"https:\/\/www.visit-ulcinj.com\/blog\/2009\/03\/25\/aida-troka-seksi-dhe-qyteti\/","og_site_name":"Lajme nga Ulqini","article_published_time":"2009-03-25T22:00:44+00:00","article_modified_time":"2009-03-25T20:41:34+00:00","og_image":[{"url":"http:\/\/www.visit-ulcinj.com\/blog\/wp-content\/uploads\/2009\/03\/aida25-copy.jpg"}],"twitter_misc":{"Written by":"ulqini","Est. reading time":"1 minute"},"schema":{"@context":"https:\/\/schema.org","@graph":[{"@type":"WebSite","@id":"https:\/\/www.visit-ulcinj.com\/blog\/#website","url":"https:\/\/www.visit-ulcinj.com\/blog\/","name":"Lajme nga Ulqini","description":"Lajme,Vijesti,Ulqini,Ulqin,Crna Gora,Mali i Zi","potentialAction":[{"@type":"SearchAction","target":{"@type":"EntryPoint","urlTemplate":"https:\/\/www.visit-ulcinj.com\/blog\/?s={search_term_string}"},"query-input":"required name=search_term_string"}],"inLanguage":"en-US"},{"@type":"ImageObject","inLanguage":"en-US","@id":"https:\/\/www.visit-ulcinj.com\/blog\/2009\/03\/25\/aida-troka-seksi-dhe-qyteti\/#primaryimage","url":"http:\/\/www.visit-ulcinj.com\/blog\/wp-content\/uploads\/2009\/03\/aida25-copy.jpg","contentUrl":"http:\/\/www.visit-ulcinj.com\/blog\/wp-content\/uploads\/2009\/03\/aida25-copy.jpg"},{"@type":"WebPage","@id":"https:\/\/www.visit-ulcinj.com\/blog\/2009\/03\/25\/aida-troka-seksi-dhe-qyteti\/#webpage","url":"https:\/\/www.visit-ulcinj.com\/blog\/2009\/03\/25\/aida-troka-seksi-dhe-qyteti\/","name":"Aida Troka : Seksi dhe Qyteti | Big Brother Albania 2","isPartOf":{"@id":"https:\/\/www.visit-ulcinj.com\/blog\/#website"},"primaryImageOfPage":{"@id":"https:\/\/www.visit-ulcinj.com\/blog\/2009\/03\/25\/aida-troka-seksi-dhe-qyteti\/#primaryimage"},"datePublished":"2009-03-25T22:00:44+00:00","dateModified":"2009-03-25T20:41:34+00:00","author":{"@id":"https:\/\/www.visit-ulcinj.com\/blog\/#\/schema\/person\/dcab619c614d3038751c63bc2aadc06d"},"description":"Big Brother Albania 2 - Aida ka propozuar q\u00c3\u00ab s\u00c3\u00ab bashku me banor\u00c3\u00abt e tjer\u00c3\u00ab t\u00c3\u00ab diskutonin tem\u00c3\u00abn \u00e2\u20ac\u0153Seksi dhe Qyteti\u00e2\u20ac\u009d.","breadcrumb":{"@id":"https:\/\/www.visit-ulcinj.com\/blog\/2009\/03\/25\/aida-troka-seksi-dhe-qyteti\/#breadcrumb"},"inLanguage":"en-US","potentialAction":[{"@type":"ReadAction","target":["https:\/\/www.visit-ulcinj.com\/blog\/2009\/03\/25\/aida-troka-seksi-dhe-qyteti\/"]}]},{"@type":"BreadcrumbList","@id":"https:\/\/www.visit-ulcinj.com\/blog\/2009\/03\/25\/aida-troka-seksi-dhe-qyteti\/#breadcrumb","itemListElement":[{"@type":"ListItem","position":1,"name":"Aida Troka : Seksi dhe Qyteti"}]},{"@type":"Person","@id":"https:\/\/www.visit-ulcinj.com\/blog\/#\/schema\/person\/dcab619c614d3038751c63bc2aadc06d","name":"ulqini","sameAs":["http:\/\/www.visit-ulcinj.com"],"url":"https:\/\/www.visit-ulcinj.com\/blog\/author\/admin\/"}]}},"jetpack_featured_media_url":"","jetpack_sharing_enabled":true,"jetpack_shortlink":"https:\/\/wp.me\/pe6lTn-42Z","_links":{"self":[{"href":"https:\/\/www.visit-ulcinj.com\/blog\/wp-json\/wp\/v2\/posts\/15561"}],"collection":[{"href":"https:\/\/www.visit-ulcinj.com\/blog\/wp-json\/wp\/v2\/posts"}],"about":[{"href":"https:\/\/www.visit-ulcinj.com\/blog\/wp-json\/wp\/v2\/types\/post"}],"author":[{"embeddable":true,"href":"https:\/\/www.visit-ulcinj.com\/blog\/wp-json\/wp\/v2\/users\/1"}],"replies":[{"embeddable":true,"href":"https:\/\/www.visit-ulcinj.com\/blog\/wp-json\/wp\/v2\/comments?post=15561"}],"version-history":[{"count":0,"href":"https:\/\/www.visit-ulcinj.com\/blog\/wp-json\/wp\/v2\/posts\/15561\/revisions"}],"wp:attachment":[{"href":"https:\/\/www.visit-ulcinj.com\/blog\/wp-json\/wp\/v2\/media?parent=15561"}],"wp:term":[{"taxonomy":"category","embeddable":true,"href":"https:\/\/www.visit-ulcinj.com\/blog\/wp-json\/wp\/v2\/categories?post=15561"},{"taxonomy":"post_tag","embeddable":true,"href":"https:\/\/www.visit-ulcinj.com\/blog\/wp-json\/wp\/v2\/tags?post=15561"}],"curies":[{"name":"wp","href":"https:\/\/api.w.org\/{rel}","templated":true}]}}