{"id":15591,"date":"2009-03-25T18:28:00","date_gmt":"2009-03-25T17:28:00","guid":{"rendered":"http:\/\/www.visit-ulcinj.com\/blog\/?p=15591"},"modified":"2009-03-25T18:28:00","modified_gmt":"2009-03-25T17:28:00","slug":"na-velikoj-plazi-u-ulcinju-stradao-i-drugi-delfin","status":"publish","type":"post","link":"https:\/\/www.visit-ulcinj.com\/blog\/2009\/03\/25\/na-velikoj-plazi-u-ulcinju-stradao-i-drugi-delfin\/","title":{"rendered":"NA VELIKOJ PLA\u017dI U ULCINJU STRADAO I DRUGI DELFIN"},"content":{"rendered":"<p><strong><a href=\"http:\/\/www.visit-ulcinj.com\/blog\/wp-content\/uploads\/2009\/03\/na-velikoj-plazi-u-ulcinju-stradao-i-drugi-delfin.jpg\"><img loading=\"lazy\" class=\"alignleft size-full wp-image-15592\" title=\"na-velikoj-plazi-u-ulcinju-stradao-i-drugi-delfin\" src=\"http:\/\/www.visit-ulcinj.com\/blog\/wp-content\/uploads\/2009\/03\/na-velikoj-plazi-u-ulcinju-stradao-i-drugi-delfin.jpg\" alt=\"na-velikoj-plazi-u-ulcinju-stradao-i-drugi-delfin\" width=\"367\" height=\"241\" \/><\/a>Vratio se na isto mjesto da umre <\/strong><br \/>\nUlcinj &#8211; Drama koja se prekju?e odvijala na Velikoj pla\u017ei u Ulcinju, okon?ana je smr?u i drugog delfina, ali u nadle\u017enim institucijama upozoravaju da tu mo\u017eda i ne?e biti kraj stradanja ovih inteligentnih sisara.<br \/>\nU pli?aku ispred hotela \u201cOtrant\u201d, gotovo na istom mjestu gdje je dan ranije mrtav prona?en delfin, talasi su ju?e zapljuskivali be\u017eivotno tijelo jo\u0161 jednog delfina, svjedo?e?i o tragi?noj sudbini i smrti koja je jo\u0161 obavijena velom tajne. Oba delfina bila su duga oko metar i po i te\u0161ka oko 40 kilograma. Mirko ?urovi? iz kotorskog Instituta za biologiju mora kazao je da je rije? o mladun?adima koja pripadaju vrsti tigrastih delfina.<br \/>\n&#8211; Na njima nema vidljivih spolja\u0161njih o\u0161te?enja, \u0161to upu?uje na zaklju?ak da ljudski faktor nije uzrok smrti &#8211; kazao je ?urovi? ju?e \u201cVijestima\u201d. On je rekao da ?e ulcinjska veterinarska ustanova \u201cVeterinum\u201d poku\u0161ati da utvrdi zbog ?ega su stradali delfini.<br \/>\n&#8211; Vjerujem da je u pitanju neka bolest jer su previ\u0161e inteligentni da bi se izgubili &#8211; kazao je ?urovi?. On je naglasio da bi, u slu?aju da se ne radi o nekoj zaraznoj bolesti, delfine trebalo sahraniti u moru.<br \/>\nDirektor \u201cVeterinuma\u201d D\u017eemal Ravja kazao je da su oba delfina bili mu\u017ejaci i izrazio uvjerenje da su u blizini i \u017eenke. On je naglasio da na unutra\u0161njim organima ju?e uginulog delfina nije zapazio promjene.<br \/>\n&#8211; Za razliku od njega, prvi prona?eni delfin imao je obilna krvarenja u grudnoj i trbu\u0161noj \u0161upljini. To ne zna?i da je stradao nasilnom smr?u jer je ki?meni stub nepovrije?en, a nije bilo ni vidljivih spoljnih ozljeda &#8211; kazao je Ravja. On je kazao da ?e uzeti uzorci oba delfina biti poslati Veterinarskom fakultetu Sveu?ili\u0161ta u Zagrebu i Specijalisti?koj veterinarskoj laboratoriji u Podgorici na dalje analize.<br \/>\nNevres ?eri? iz Udru\u017eenja za\u0161tite \u017eivotinja i \u017eivotne sredine iz Kotora nije krio tugu zbog smrti i drugog delfina.<br \/>\n&#8211; Onaj isti spaseni delfin, prona?en je mrtav na mjestu gdje je prekju?e otplakao svog prijatelja. Vratio se da umre na isto mjesto gdje je \u017eivot izgubio i njegov srodnik, potvr?uju?i time da su delfini vrlo inteligentni, plemeniti, humani i emotivni. Vjerovali ili ne, to je prava istina &#8211; kazao je ?eri? \u201cVijestima\u201d.<br \/>\nPredsjednik NVO \u201cZeleni korak\u201d D\u017eelal Hod\u017ei? pretpostavlja da su se delfini nasukali jure?i kublu.<br \/>\n&#8211; Postoji mogu?nost da strada jo\u0161 delfina zbog ?ega apelujem na nadle\u017ene op\u0161tinskle slu\u017ebe da formiraju eko patrolu koja bi patrolirala 24 sata. Mi smo spremni uvijek da pomognemo i uklju?imo i na\u0161e aktiviste &#8211; kazao je Hod\u017ei?.<br \/>\nBeskrajno tu\u017ena pri?a po?ela je prekju?e poslije podne kada je mje\u0161tanin Ilir Ljamovi?, \u0161etaju?i svog psa, ispred \u201cOtranta\u201d ugledao mrtvog delfina. Nedugo zatim, primijetio je jo\u0161 jednog, koji se pra?akao u pli?aku poku\u0161avaju?i da se izbavi iz pijeska. Bez razmi\u0161ljanja je sko?io u vodu i gotovo pola sata ga vukao prema skeli kada je delfin nestao u dubini. Sat kasnije, vjerovatno isti delfin nasukao se na obalu obli\u017enje Port Milene, odakle su ga izvadili i u posljednji ?as spasili sigurne smrti sin i otac, Enver i Gazmend Mila.<br \/>\nSlu?ajno ili ne, delfini su skon?ali na istom mjestu. Da li je pre\u017eivjeli delfin okon?ao \u017eivot tra\u017ee?i mrtvog saputnika, vjerovatno ?e jo\u0161 dugo ostati tajna. No, malo koji ekspert im spori da imaju instikt i osje?aj, ja?i nego ljudi.<br \/>\n<strong>S. A.<br \/>\nVijesti<\/strong><\/p>\n","protected":false},"excerpt":{"rendered":"<p>Vratio se na isto mjesto da umre Ulcinj &#8211; Drama koja se prekju?e odvijala na Velikoj pla\u017ei u Ulcinju, okon?ana je smr?u i drugog delfina, ali u nadle\u017enim institucijama upozoravaju da tu mo\u017eda i ne?e biti kraj stradanja ovih inteligentnih sisara. U pli?aku ispred hotela \u201cOtrant\u201d, gotovo na istom mjestu gdje je dan ranije mrtav [&hellip;]<\/p>\n","protected":false},"author":1,"featured_media":0,"comment_status":"open","ping_status":"closed","sticky":false,"template":"","format":"standard","meta":{"spay_email":"","jetpack_publicize_message":"","jetpack_is_tweetstorm":false,"jetpack_publicize_feature_enabled":true},"categories":[8337],"tags":[20,8346,8347],"jetpack_publicize_connections":[],"yoast_head":"<!-- This site is optimized with the Yoast SEO plugin v19.1 - https:\/\/yoast.com\/wordpress\/plugins\/seo\/ -->\n<title>NA VELIKOJ PLA\u017dI U ULCINJU STRADAO I DRUGI DELFIN - Lajme nga Ulqini<\/title>\n<meta name=\"description\" content=\"Vratio se na isto mjesto da umre Ulcinj - Drama koja se prekju?e odvijala na Velikoj pla\u017ei u Ulcinju, okon?ana je smr?u i drugog delfina, ali u nadle\u017enim\" \/>\n<meta name=\"robots\" content=\"index, follow, max-snippet:-1, max-image-preview:large, max-video-preview:-1\" \/>\n<link rel=\"canonical\" href=\"https:\/\/www.visit-ulcinj.com\/blog\/2009\/03\/25\/na-velikoj-plazi-u-ulcinju-stradao-i-drugi-delfin\/\" \/>\n<meta property=\"og:locale\" content=\"en_US\" \/>\n<meta property=\"og:type\" content=\"article\" \/>\n<meta property=\"og:title\" content=\"NA VELIKOJ PLA\u017dI U ULCINJU STRADAO I DRUGI DELFIN - Lajme nga Ulqini\" \/>\n<meta property=\"og:description\" content=\"Vratio se na isto mjesto da umre Ulcinj - Drama koja se prekju?e odvijala na Velikoj pla\u017ei u Ulcinju, okon?ana je smr?u i drugog delfina, ali u nadle\u017enim\" \/>\n<meta property=\"og:url\" content=\"https:\/\/www.visit-ulcinj.com\/blog\/2009\/03\/25\/na-velikoj-plazi-u-ulcinju-stradao-i-drugi-delfin\/\" \/>\n<meta property=\"og:site_name\" content=\"Lajme nga Ulqini\" \/>\n<meta property=\"article:published_time\" content=\"2009-03-25T17:28:00+00:00\" \/>\n<meta property=\"og:image\" content=\"http:\/\/www.visit-ulcinj.com\/blog\/wp-content\/uploads\/2009\/03\/na-velikoj-plazi-u-ulcinju-stradao-i-drugi-delfin.jpg\" \/>\n<meta name=\"twitter:label1\" content=\"Written by\" \/>\n\t<meta name=\"twitter:data1\" content=\"ulqini\" \/>\n\t<meta name=\"twitter:label2\" content=\"Est. reading time\" \/>\n\t<meta name=\"twitter:data2\" content=\"3 minutes\" \/>\n<script type=\"application\/ld+json\" class=\"yoast-schema-graph\">{\"@context\":\"https:\/\/schema.org\",\"@graph\":[{\"@type\":\"WebSite\",\"@id\":\"https:\/\/www.visit-ulcinj.com\/blog\/#website\",\"url\":\"https:\/\/www.visit-ulcinj.com\/blog\/\",\"name\":\"Lajme nga Ulqini\",\"description\":\"Lajme,Vijesti,Ulqini,Ulqin,Crna Gora,Mali i Zi\",\"potentialAction\":[{\"@type\":\"SearchAction\",\"target\":{\"@type\":\"EntryPoint\",\"urlTemplate\":\"https:\/\/www.visit-ulcinj.com\/blog\/?s={search_term_string}\"},\"query-input\":\"required name=search_term_string\"}],\"inLanguage\":\"en-US\"},{\"@type\":\"ImageObject\",\"inLanguage\":\"en-US\",\"@id\":\"https:\/\/www.visit-ulcinj.com\/blog\/2009\/03\/25\/na-velikoj-plazi-u-ulcinju-stradao-i-drugi-delfin\/#primaryimage\",\"url\":\"https:\/\/www.visit-ulcinj.com\/blog\/wp-content\/uploads\/2009\/03\/na-velikoj-plazi-u-ulcinju-stradao-i-drugi-delfin.jpg\",\"contentUrl\":\"https:\/\/www.visit-ulcinj.com\/blog\/wp-content\/uploads\/2009\/03\/na-velikoj-plazi-u-ulcinju-stradao-i-drugi-delfin.jpg\",\"width\":\"290\",\"height\":\"190\"},{\"@type\":\"WebPage\",\"@id\":\"https:\/\/www.visit-ulcinj.com\/blog\/2009\/03\/25\/na-velikoj-plazi-u-ulcinju-stradao-i-drugi-delfin\/#webpage\",\"url\":\"https:\/\/www.visit-ulcinj.com\/blog\/2009\/03\/25\/na-velikoj-plazi-u-ulcinju-stradao-i-drugi-delfin\/\",\"name\":\"NA VELIKOJ PLA\u017dI U ULCINJU STRADAO I DRUGI DELFIN - Lajme nga Ulqini\",\"isPartOf\":{\"@id\":\"https:\/\/www.visit-ulcinj.com\/blog\/#website\"},\"primaryImageOfPage\":{\"@id\":\"https:\/\/www.visit-ulcinj.com\/blog\/2009\/03\/25\/na-velikoj-plazi-u-ulcinju-stradao-i-drugi-delfin\/#primaryimage\"},\"datePublished\":\"2009-03-25T17:28:00+00:00\",\"dateModified\":\"2009-03-25T17:28:00+00:00\",\"author\":{\"@id\":\"https:\/\/www.visit-ulcinj.com\/blog\/#\/schema\/person\/dcab619c614d3038751c63bc2aadc06d\"},\"description\":\"Vratio se na isto mjesto da umre Ulcinj - Drama koja se prekju?e odvijala na Velikoj pla\u017ei u Ulcinju, okon?ana je smr?u i drugog delfina, ali u nadle\u017enim\",\"breadcrumb\":{\"@id\":\"https:\/\/www.visit-ulcinj.com\/blog\/2009\/03\/25\/na-velikoj-plazi-u-ulcinju-stradao-i-drugi-delfin\/#breadcrumb\"},\"inLanguage\":\"en-US\",\"potentialAction\":[{\"@type\":\"ReadAction\",\"target\":[\"https:\/\/www.visit-ulcinj.com\/blog\/2009\/03\/25\/na-velikoj-plazi-u-ulcinju-stradao-i-drugi-delfin\/\"]}]},{\"@type\":\"BreadcrumbList\",\"@id\":\"https:\/\/www.visit-ulcinj.com\/blog\/2009\/03\/25\/na-velikoj-plazi-u-ulcinju-stradao-i-drugi-delfin\/#breadcrumb\",\"itemListElement\":[{\"@type\":\"ListItem\",\"position\":1,\"name\":\"NA VELIKOJ PLA\u017dI U ULCINJU STRADAO I DRUGI DELFIN\"}]},{\"@type\":\"Person\",\"@id\":\"https:\/\/www.visit-ulcinj.com\/blog\/#\/schema\/person\/dcab619c614d3038751c63bc2aadc06d\",\"name\":\"ulqini\",\"sameAs\":[\"http:\/\/www.visit-ulcinj.com\"],\"url\":\"https:\/\/www.visit-ulcinj.com\/blog\/author\/admin\/\"}]}<\/script>\n<!-- \/ Yoast SEO plugin. -->","yoast_head_json":{"title":"NA VELIKOJ PLA\u017dI U ULCINJU STRADAO I DRUGI DELFIN - Lajme nga Ulqini","description":"Vratio se na isto mjesto da umre Ulcinj - Drama koja se prekju?e odvijala na Velikoj pla\u017ei u Ulcinju, okon?ana je smr?u i drugog delfina, ali u nadle\u017enim","robots":{"index":"index","follow":"follow","max-snippet":"max-snippet:-1","max-image-preview":"max-image-preview:large","max-video-preview":"max-video-preview:-1"},"canonical":"https:\/\/www.visit-ulcinj.com\/blog\/2009\/03\/25\/na-velikoj-plazi-u-ulcinju-stradao-i-drugi-delfin\/","og_locale":"en_US","og_type":"article","og_title":"NA VELIKOJ PLA\u017dI U ULCINJU STRADAO I DRUGI DELFIN - Lajme nga Ulqini","og_description":"Vratio se na isto mjesto da umre Ulcinj - Drama koja se prekju?e odvijala na Velikoj pla\u017ei u Ulcinju, okon?ana je smr?u i drugog delfina, ali u nadle\u017enim","og_url":"https:\/\/www.visit-ulcinj.com\/blog\/2009\/03\/25\/na-velikoj-plazi-u-ulcinju-stradao-i-drugi-delfin\/","og_site_name":"Lajme nga Ulqini","article_published_time":"2009-03-25T17:28:00+00:00","og_image":[{"url":"http:\/\/www.visit-ulcinj.com\/blog\/wp-content\/uploads\/2009\/03\/na-velikoj-plazi-u-ulcinju-stradao-i-drugi-delfin.jpg"}],"twitter_misc":{"Written by":"ulqini","Est. reading time":"3 minutes"},"schema":{"@context":"https:\/\/schema.org","@graph":[{"@type":"WebSite","@id":"https:\/\/www.visit-ulcinj.com\/blog\/#website","url":"https:\/\/www.visit-ulcinj.com\/blog\/","name":"Lajme nga Ulqini","description":"Lajme,Vijesti,Ulqini,Ulqin,Crna Gora,Mali i Zi","potentialAction":[{"@type":"SearchAction","target":{"@type":"EntryPoint","urlTemplate":"https:\/\/www.visit-ulcinj.com\/blog\/?s={search_term_string}"},"query-input":"required name=search_term_string"}],"inLanguage":"en-US"},{"@type":"ImageObject","inLanguage":"en-US","@id":"https:\/\/www.visit-ulcinj.com\/blog\/2009\/03\/25\/na-velikoj-plazi-u-ulcinju-stradao-i-drugi-delfin\/#primaryimage","url":"https:\/\/www.visit-ulcinj.com\/blog\/wp-content\/uploads\/2009\/03\/na-velikoj-plazi-u-ulcinju-stradao-i-drugi-delfin.jpg","contentUrl":"https:\/\/www.visit-ulcinj.com\/blog\/wp-content\/uploads\/2009\/03\/na-velikoj-plazi-u-ulcinju-stradao-i-drugi-delfin.jpg","width":"290","height":"190"},{"@type":"WebPage","@id":"https:\/\/www.visit-ulcinj.com\/blog\/2009\/03\/25\/na-velikoj-plazi-u-ulcinju-stradao-i-drugi-delfin\/#webpage","url":"https:\/\/www.visit-ulcinj.com\/blog\/2009\/03\/25\/na-velikoj-plazi-u-ulcinju-stradao-i-drugi-delfin\/","name":"NA VELIKOJ PLA\u017dI U ULCINJU STRADAO I DRUGI DELFIN - Lajme nga Ulqini","isPartOf":{"@id":"https:\/\/www.visit-ulcinj.com\/blog\/#website"},"primaryImageOfPage":{"@id":"https:\/\/www.visit-ulcinj.com\/blog\/2009\/03\/25\/na-velikoj-plazi-u-ulcinju-stradao-i-drugi-delfin\/#primaryimage"},"datePublished":"2009-03-25T17:28:00+00:00","dateModified":"2009-03-25T17:28:00+00:00","author":{"@id":"https:\/\/www.visit-ulcinj.com\/blog\/#\/schema\/person\/dcab619c614d3038751c63bc2aadc06d"},"description":"Vratio se na isto mjesto da umre Ulcinj - Drama koja se prekju?e odvijala na Velikoj pla\u017ei u Ulcinju, okon?ana je smr?u i drugog delfina, ali u nadle\u017enim","breadcrumb":{"@id":"https:\/\/www.visit-ulcinj.com\/blog\/2009\/03\/25\/na-velikoj-plazi-u-ulcinju-stradao-i-drugi-delfin\/#breadcrumb"},"inLanguage":"en-US","potentialAction":[{"@type":"ReadAction","target":["https:\/\/www.visit-ulcinj.com\/blog\/2009\/03\/25\/na-velikoj-plazi-u-ulcinju-stradao-i-drugi-delfin\/"]}]},{"@type":"BreadcrumbList","@id":"https:\/\/www.visit-ulcinj.com\/blog\/2009\/03\/25\/na-velikoj-plazi-u-ulcinju-stradao-i-drugi-delfin\/#breadcrumb","itemListElement":[{"@type":"ListItem","position":1,"name":"NA VELIKOJ PLA\u017dI U ULCINJU STRADAO I DRUGI DELFIN"}]},{"@type":"Person","@id":"https:\/\/www.visit-ulcinj.com\/blog\/#\/schema\/person\/dcab619c614d3038751c63bc2aadc06d","name":"ulqini","sameAs":["http:\/\/www.visit-ulcinj.com"],"url":"https:\/\/www.visit-ulcinj.com\/blog\/author\/admin\/"}]}},"jetpack_featured_media_url":"","jetpack_sharing_enabled":true,"jetpack_shortlink":"https:\/\/wp.me\/pe6lTn-43t","_links":{"self":[{"href":"https:\/\/www.visit-ulcinj.com\/blog\/wp-json\/wp\/v2\/posts\/15591"}],"collection":[{"href":"https:\/\/www.visit-ulcinj.com\/blog\/wp-json\/wp\/v2\/posts"}],"about":[{"href":"https:\/\/www.visit-ulcinj.com\/blog\/wp-json\/wp\/v2\/types\/post"}],"author":[{"embeddable":true,"href":"https:\/\/www.visit-ulcinj.com\/blog\/wp-json\/wp\/v2\/users\/1"}],"replies":[{"embeddable":true,"href":"https:\/\/www.visit-ulcinj.com\/blog\/wp-json\/wp\/v2\/comments?post=15591"}],"version-history":[{"count":0,"href":"https:\/\/www.visit-ulcinj.com\/blog\/wp-json\/wp\/v2\/posts\/15591\/revisions"}],"wp:attachment":[{"href":"https:\/\/www.visit-ulcinj.com\/blog\/wp-json\/wp\/v2\/media?parent=15591"}],"wp:term":[{"taxonomy":"category","embeddable":true,"href":"https:\/\/www.visit-ulcinj.com\/blog\/wp-json\/wp\/v2\/categories?post=15591"},{"taxonomy":"post_tag","embeddable":true,"href":"https:\/\/www.visit-ulcinj.com\/blog\/wp-json\/wp\/v2\/tags?post=15591"}],"curies":[{"name":"wp","href":"https:\/\/api.w.org\/{rel}","templated":true}]}}