{"id":15594,"date":"2009-03-25T18:37:55","date_gmt":"2009-03-25T17:37:55","guid":{"rendered":"http:\/\/www.visit-ulcinj.com\/blog\/?p=15594"},"modified":"2009-03-29T11:28:57","modified_gmt":"2009-03-29T10:28:57","slug":"celnici-albanskih-stranaka-salju-ista-predizborna-obecanja","status":"publish","type":"post","link":"https:\/\/www.visit-ulcinj.com\/blog\/2009\/03\/25\/celnici-albanskih-stranaka-salju-ista-predizborna-obecanja\/","title":{"rendered":"?ELNICI ALBANSKIH STRANAKA \u0160ALJU ISTA PREDIZBORNA OBE?ANJA"},"content":{"rendered":"<p><strong><a href=\"http:\/\/www.visit-ulcinj.com\/blog\/wp-content\/uploads\/2009\/03\/ulcinj-celnici-albanskih-stranaka-salju-ista-predizborna-obecanja.jpg\"><img loading=\"lazy\" class=\"alignleft size-full wp-image-15595\" title=\"ulcinj-celnici-albanskih-stranaka-salju-ista-predizborna-obecanja\" src=\"http:\/\/www.visit-ulcinj.com\/blog\/wp-content\/uploads\/2009\/03\/ulcinj-celnici-albanskih-stranaka-salju-ista-predizborna-obecanja.jpg\" alt=\"ulcinj-celnici-albanskih-stranaka-salju-ista-predizborna-obecanja\" width=\"378\" height=\"248\" \/><\/a>Samo ih harizma dijeli<\/strong><br \/>\nPodgorica \u2013 Kada 29. marta iza?e na izbore, prosje?an albanski glasa? nacionalnih stranaka mora?e da zaokru\u017ei ime poslani?kog kandidata na osnovu li?nih simpatija. S obzirom na to da gotovo nema razlike u predizbornim obe?anjima albanskih politi?ara u Crnoj Gori, harizma albanskih vo?a mogla bi biti presudan argument na bira?kom mjestu.<br \/>\nIako na izborima nastupaju tri albanske partije, jedna koaliciona i jedna lista gra?ana, glasa?ima od Ulcinja do Gusinja ve? sada je zagarantovana borba za decentralizovanu vlast i samostalnu op\u0161tinu Tuzi, bez obzira na to ko u?e u skup\u0161tinske klupe. Osim labavijeg zagrljaja dr\u017eave u sredinama gdje \u017eive Albanci, na listi politi?kih prioriteta svih albanskih stranaka je ve?a zastupljenost u dr\u017eavnim institucijama. Jedina razlika za sada je ta \u0161to je Demokratska unija Albanaca Ferhata Dino\u0161e bliska vlasti, dok su ostale liste izrazito opoziciono nastrojene.<\/p>\n<p>Nosilac izborne liste Demokratskog saveza i Albanske alternative Mehmet Bardhi smatra da polo\u017eaj Albanaca u Crnoj Gori nije po evropskim standardima. On upozorava da vlast od 90-ih vodi diskriminatorsku politiku prema albanskoj manjini, isti?u?i da nikada nije bilo ozbiljne \u017eelje za uspostavljanje me?usobnog povjerenja.<br \/>\n\u201cOdnos vlasti prema Albancima, njihovim pravima i prostorima gdje \u017eive bio je nekad otvoreno, nekad skriveno ignorantski, pa i diskriminatorski\u201c, smatra Bardhi.<br \/>\nOn podsje?a da lokalnu vlast niko nije pitao tokom privatizacija hotelskih kompleksa u Ulcinju, isti?u?i da su Ulcinjani uskra?eni i u gazdovanju morskim dobrom. Bardhi tvrdi da vlast Albance opstruira na lokalnom nivou, podsje?aju?i na odluku Ustavnog suda kojom je ukinuta odluka SO Ulcinj da imena ulica budu na albanskom jeziku.<\/p>\n<p>Kandidat na albanskoj listi \u201cPerspektiva\u201c Vaselj Sini\u0161taj upozorava da Crna Gora jo\u0161 nema Zakon o izboru odbornika i poslanika uskla?en sa Ustavom, kojim bi u Skup\u0161tini i lokalnim parlamentima bila zagarantovana mjesta za predstavnike manjina.<br \/>\nSini\u0161taj tvrdi da treba donijeti i zakon o manjinskim pravima i slobodama, zakon o zabrani diskriminacije i regulisati upotrebu jezika. On smatra da vlast kr\u0161i Ustav na \u0161tetu manjina, iako se zala\u017ee za nacionalni sklad.<br \/>\n\u201cOp\u0161te poznata ?injenica je da u Crnoj Gori olako usvajamo i Ustav i zakon, a da vrlo te\u0161ko to sprovodimo u djelo\u201c, nagla\u0161ava on.<\/p>\n<p>S druge strane, lider DUA Ferhat Dino\u0161a smatra da je polo\u017eaj Albanaca u Crnoj Gori bolji nego u vrijeme uvo?enje vi\u0161epartijskog sistema.<br \/>\nDino\u0161a, koji uz Bardhija zastupa Albance od ranih 90-ih, tvrdi da je puno pozitivnih promjena od vremena kada je Podgorica bila naklonjena Milo\u0161evi?evom re\u017eimu.<br \/>\nOn podsje?a na otvaranje porodili\u0161ta u Ulcinju, Fakulteta na albanskom jeziku u Podgorici, dono\u0161enja Zakona o nacionalnim simbolima, pravima manjina, kao i formiranje Nacionalnog savjeta Albanaca koji se finansira iz dr\u017eavnog fonda. Isti?u?i da je zaslu\u017ean za ve?inu tih stvari, Dino\u0161a smatra da je priznanje nezavinosti Kosova najbolji pokazatelj odnosa vlasti prema Albancima.<\/p>\n<p>Iako ga kolege optu\u017euju za naklonjenost vlasti, Dino\u0161a ka\u017ee da je uvijek zastupao nacionalne interese.<br \/>\n\u201cNa nekim me?unardonim skupovima, posebno u SAD-u, bio sam jedini albanski politi?ar iz Crne Gore koji je predstavljao svoj narod. Stvorio sam logistiku za odr\u017eavanje kontakata sa me?unarodnim centrima, i dovoljno sam relevantan da zastupam politiku Albanaca\u201d, isti?e Dino\u0161a.<br \/>\nForca je vi\u0161e usmjerena ka Evropskoj uniji: \u201cSamo unutar Evrope ima?emo visoke standarde u svim segmentima \u017eivota i u\u017eiva?emo sva prava i puno po\u0161tovanje na\u0161eg nacionalnog identiteta\u201d, ka\u017ee potpredsjednik Force Genci Nimanbegu.<br \/>\nKada je u pitanju zastupljenost Albanaca u dr\u017eavnim institucijama, Sini\u0161taj upozorava da se i tu Ustav kr\u0161i iako Albanci ?ine sedam odsto stanovni\u0161tva Crne Gore.<\/p>\n<p>On napominje da bi moralo biti vi\u0161e Albanaca u policiji, tu\u017eila\u0161tvu i sudstvu: \u201dDovoljno je navesti primjer Podgorice, u kojoj od Osnovnog do Ustavnog suda nema ni jednog jedinog Albanca sudije\u201c.<br \/>\nKao i Sini\u0161taj, Bardhi ukazuje da re\u017eim ne dozvoljava formiranje punopravne op\u0161tine Tuzi, bez obzira na dominantno raspolo\u017eenje gra?ana Malesije:<br \/>\n\u201cPitanje statusa Albanaca u Crnoj Gori jo\u0161 nije rije\u0161eno\u201d, ka\u017ee Bardhi.<br \/>\n<strong><br \/>\nDru\u017eenja sa glasa?ima umjesto tribina<\/strong><\/p>\n<p>Iako su na parlamentarnim izborima prije sedam godina neke albanske stranake anga\u017eovale i estradne zvijezde, kampanja za martovske izbore pro\u0161la je bez pjesme. U Malesiji, iz koje dolazi najvi\u0161e istaknutih albanskih politi?ara, do sada nije bilo strana?kih skupova. Kako tvrde strana?ki prvaci, umjesto tribina organizuju se seoska dru\u017eenja sa glasa?ima.<br \/>\n\u201cPro\u0161lo je vrijeme zapaljivih govora i skupova. Mislim da je bolje sa bira?ima razgovarati direktno, zbog strana?kih podjela kojih smo imali suvi\u0161e posljednjih godina. Kroz razgovore sa glasa?ima tra\u017ei?emo njihovo povjerenje, a velike politi?ke skupove organizova?emo na kraju kampanje\u201d, tvrdi jedan od nosilaca liste.<br \/>\nUo?i glasanja u septembru 2006. godine, strana?ki skupovi su u Malesiji bili nezaobilazni dio izbornog cirkusa od Ulcinja do Tuzi. Osim zapaljivih govora i prozivanja politi?kih protivnika, nijesu bili rijetki ni oni koji su u kolonama, uz zastave i skandiranje obilazili okolna sela.<br \/>\n<strong><br \/>\nSamir KAJO\u0160EVI?<br \/>\nVijesti<\/strong><\/p>\n","protected":false},"excerpt":{"rendered":"<p>Samo ih harizma dijeli Podgorica \u2013 Kada 29. marta iza?e na izbore, prosje?an albanski glasa? nacionalnih stranaka mora?e da zaokru\u017ei ime poslani?kog kandidata na osnovu li?nih simpatija. S obzirom na to da gotovo nema razlike u predizbornim obe?anjima albanskih politi?ara u Crnoj Gori, harizma albanskih vo?a mogla bi biti presudan argument na bira?kom mjestu. Iako [&hellip;]<\/p>\n","protected":false},"author":1,"featured_media":0,"comment_status":"open","ping_status":"closed","sticky":false,"template":"","format":"standard","meta":{"spay_email":"","jetpack_publicize_message":"","jetpack_is_tweetstorm":false,"jetpack_publicize_feature_enabled":true},"categories":[8337],"tags":[4513,8351,8350,4512],"jetpack_publicize_connections":[],"yoast_head":"<!-- This site is optimized with the Yoast SEO plugin v19.1 - https:\/\/yoast.com\/wordpress\/plugins\/seo\/ -->\n<title>?ELNICI ALBANSKIH STRANAKA \u0160ALJU ISTA PREDIZBORNA OBE?ANJA - Lajme nga Ulqini<\/title>\n<meta name=\"description\" content=\"Samo ih harizma dijeli Podgorica \u2013 Kada 29. marta iza?e na izbore, prosje?an albanski glasa? nacionalnih stranaka mora?e da zaokru\u017ei ime poslani?kog\" \/>\n<meta name=\"robots\" content=\"index, follow, max-snippet:-1, max-image-preview:large, max-video-preview:-1\" \/>\n<link rel=\"canonical\" href=\"https:\/\/www.visit-ulcinj.com\/blog\/2009\/03\/25\/celnici-albanskih-stranaka-salju-ista-predizborna-obecanja\/\" \/>\n<meta property=\"og:locale\" content=\"en_US\" \/>\n<meta property=\"og:type\" content=\"article\" \/>\n<meta property=\"og:title\" content=\"?ELNICI ALBANSKIH STRANAKA \u0160ALJU ISTA PREDIZBORNA OBE?ANJA - Lajme nga Ulqini\" \/>\n<meta property=\"og:description\" content=\"Samo ih harizma dijeli Podgorica \u2013 Kada 29. marta iza?e na izbore, prosje?an albanski glasa? nacionalnih stranaka mora?e da zaokru\u017ei ime poslani?kog\" \/>\n<meta property=\"og:url\" content=\"https:\/\/www.visit-ulcinj.com\/blog\/2009\/03\/25\/celnici-albanskih-stranaka-salju-ista-predizborna-obecanja\/\" \/>\n<meta property=\"og:site_name\" content=\"Lajme nga Ulqini\" \/>\n<meta property=\"article:published_time\" content=\"2009-03-25T17:37:55+00:00\" \/>\n<meta property=\"article:modified_time\" content=\"2009-03-29T10:28:57+00:00\" \/>\n<meta property=\"og:image\" content=\"http:\/\/www.visit-ulcinj.com\/blog\/wp-content\/uploads\/2009\/03\/ulcinj-celnici-albanskih-stranaka-salju-ista-predizborna-obecanja.jpg\" \/>\n<meta name=\"twitter:label1\" content=\"Written by\" \/>\n\t<meta name=\"twitter:data1\" content=\"ulqini\" \/>\n\t<meta name=\"twitter:label2\" content=\"Est. reading time\" \/>\n\t<meta name=\"twitter:data2\" content=\"4 minutes\" \/>\n<script type=\"application\/ld+json\" class=\"yoast-schema-graph\">{\"@context\":\"https:\/\/schema.org\",\"@graph\":[{\"@type\":\"WebSite\",\"@id\":\"https:\/\/www.visit-ulcinj.com\/blog\/#website\",\"url\":\"https:\/\/www.visit-ulcinj.com\/blog\/\",\"name\":\"Lajme nga Ulqini\",\"description\":\"Lajme,Vijesti,Ulqini,Ulqin,Crna Gora,Mali i Zi\",\"potentialAction\":[{\"@type\":\"SearchAction\",\"target\":{\"@type\":\"EntryPoint\",\"urlTemplate\":\"https:\/\/www.visit-ulcinj.com\/blog\/?s={search_term_string}\"},\"query-input\":\"required name=search_term_string\"}],\"inLanguage\":\"en-US\"},{\"@type\":\"ImageObject\",\"inLanguage\":\"en-US\",\"@id\":\"https:\/\/www.visit-ulcinj.com\/blog\/2009\/03\/25\/celnici-albanskih-stranaka-salju-ista-predizborna-obecanja\/#primaryimage\",\"url\":\"https:\/\/www.visit-ulcinj.com\/blog\/wp-content\/uploads\/2009\/03\/ulcinj-celnici-albanskih-stranaka-salju-ista-predizborna-obecanja.jpg\",\"contentUrl\":\"https:\/\/www.visit-ulcinj.com\/blog\/wp-content\/uploads\/2009\/03\/ulcinj-celnici-albanskih-stranaka-salju-ista-predizborna-obecanja.jpg\",\"width\":\"290\",\"height\":\"190\"},{\"@type\":\"WebPage\",\"@id\":\"https:\/\/www.visit-ulcinj.com\/blog\/2009\/03\/25\/celnici-albanskih-stranaka-salju-ista-predizborna-obecanja\/#webpage\",\"url\":\"https:\/\/www.visit-ulcinj.com\/blog\/2009\/03\/25\/celnici-albanskih-stranaka-salju-ista-predizborna-obecanja\/\",\"name\":\"?ELNICI ALBANSKIH STRANAKA \u0160ALJU ISTA PREDIZBORNA OBE?ANJA - Lajme nga Ulqini\",\"isPartOf\":{\"@id\":\"https:\/\/www.visit-ulcinj.com\/blog\/#website\"},\"primaryImageOfPage\":{\"@id\":\"https:\/\/www.visit-ulcinj.com\/blog\/2009\/03\/25\/celnici-albanskih-stranaka-salju-ista-predizborna-obecanja\/#primaryimage\"},\"datePublished\":\"2009-03-25T17:37:55+00:00\",\"dateModified\":\"2009-03-29T10:28:57+00:00\",\"author\":{\"@id\":\"https:\/\/www.visit-ulcinj.com\/blog\/#\/schema\/person\/dcab619c614d3038751c63bc2aadc06d\"},\"description\":\"Samo ih harizma dijeli Podgorica \u2013 Kada 29. marta iza?e na izbore, prosje?an albanski glasa? nacionalnih stranaka mora?e da zaokru\u017ei ime poslani?kog\",\"breadcrumb\":{\"@id\":\"https:\/\/www.visit-ulcinj.com\/blog\/2009\/03\/25\/celnici-albanskih-stranaka-salju-ista-predizborna-obecanja\/#breadcrumb\"},\"inLanguage\":\"en-US\",\"potentialAction\":[{\"@type\":\"ReadAction\",\"target\":[\"https:\/\/www.visit-ulcinj.com\/blog\/2009\/03\/25\/celnici-albanskih-stranaka-salju-ista-predizborna-obecanja\/\"]}]},{\"@type\":\"BreadcrumbList\",\"@id\":\"https:\/\/www.visit-ulcinj.com\/blog\/2009\/03\/25\/celnici-albanskih-stranaka-salju-ista-predizborna-obecanja\/#breadcrumb\",\"itemListElement\":[{\"@type\":\"ListItem\",\"position\":1,\"name\":\"?ELNICI ALBANSKIH STRANAKA \u0160ALJU ISTA PREDIZBORNA OBE?ANJA\"}]},{\"@type\":\"Person\",\"@id\":\"https:\/\/www.visit-ulcinj.com\/blog\/#\/schema\/person\/dcab619c614d3038751c63bc2aadc06d\",\"name\":\"ulqini\",\"sameAs\":[\"http:\/\/www.visit-ulcinj.com\"],\"url\":\"https:\/\/www.visit-ulcinj.com\/blog\/author\/admin\/\"}]}<\/script>\n<!-- \/ Yoast SEO plugin. -->","yoast_head_json":{"title":"?ELNICI ALBANSKIH STRANAKA \u0160ALJU ISTA PREDIZBORNA OBE?ANJA - Lajme nga Ulqini","description":"Samo ih harizma dijeli Podgorica \u2013 Kada 29. marta iza?e na izbore, prosje?an albanski glasa? nacionalnih stranaka mora?e da zaokru\u017ei ime poslani?kog","robots":{"index":"index","follow":"follow","max-snippet":"max-snippet:-1","max-image-preview":"max-image-preview:large","max-video-preview":"max-video-preview:-1"},"canonical":"https:\/\/www.visit-ulcinj.com\/blog\/2009\/03\/25\/celnici-albanskih-stranaka-salju-ista-predizborna-obecanja\/","og_locale":"en_US","og_type":"article","og_title":"?ELNICI ALBANSKIH STRANAKA \u0160ALJU ISTA PREDIZBORNA OBE?ANJA - Lajme nga Ulqini","og_description":"Samo ih harizma dijeli Podgorica \u2013 Kada 29. marta iza?e na izbore, prosje?an albanski glasa? nacionalnih stranaka mora?e da zaokru\u017ei ime poslani?kog","og_url":"https:\/\/www.visit-ulcinj.com\/blog\/2009\/03\/25\/celnici-albanskih-stranaka-salju-ista-predizborna-obecanja\/","og_site_name":"Lajme nga Ulqini","article_published_time":"2009-03-25T17:37:55+00:00","article_modified_time":"2009-03-29T10:28:57+00:00","og_image":[{"url":"http:\/\/www.visit-ulcinj.com\/blog\/wp-content\/uploads\/2009\/03\/ulcinj-celnici-albanskih-stranaka-salju-ista-predizborna-obecanja.jpg"}],"twitter_misc":{"Written by":"ulqini","Est. reading time":"4 minutes"},"schema":{"@context":"https:\/\/schema.org","@graph":[{"@type":"WebSite","@id":"https:\/\/www.visit-ulcinj.com\/blog\/#website","url":"https:\/\/www.visit-ulcinj.com\/blog\/","name":"Lajme nga Ulqini","description":"Lajme,Vijesti,Ulqini,Ulqin,Crna Gora,Mali i Zi","potentialAction":[{"@type":"SearchAction","target":{"@type":"EntryPoint","urlTemplate":"https:\/\/www.visit-ulcinj.com\/blog\/?s={search_term_string}"},"query-input":"required name=search_term_string"}],"inLanguage":"en-US"},{"@type":"ImageObject","inLanguage":"en-US","@id":"https:\/\/www.visit-ulcinj.com\/blog\/2009\/03\/25\/celnici-albanskih-stranaka-salju-ista-predizborna-obecanja\/#primaryimage","url":"https:\/\/www.visit-ulcinj.com\/blog\/wp-content\/uploads\/2009\/03\/ulcinj-celnici-albanskih-stranaka-salju-ista-predizborna-obecanja.jpg","contentUrl":"https:\/\/www.visit-ulcinj.com\/blog\/wp-content\/uploads\/2009\/03\/ulcinj-celnici-albanskih-stranaka-salju-ista-predizborna-obecanja.jpg","width":"290","height":"190"},{"@type":"WebPage","@id":"https:\/\/www.visit-ulcinj.com\/blog\/2009\/03\/25\/celnici-albanskih-stranaka-salju-ista-predizborna-obecanja\/#webpage","url":"https:\/\/www.visit-ulcinj.com\/blog\/2009\/03\/25\/celnici-albanskih-stranaka-salju-ista-predizborna-obecanja\/","name":"?ELNICI ALBANSKIH STRANAKA \u0160ALJU ISTA PREDIZBORNA OBE?ANJA - Lajme nga Ulqini","isPartOf":{"@id":"https:\/\/www.visit-ulcinj.com\/blog\/#website"},"primaryImageOfPage":{"@id":"https:\/\/www.visit-ulcinj.com\/blog\/2009\/03\/25\/celnici-albanskih-stranaka-salju-ista-predizborna-obecanja\/#primaryimage"},"datePublished":"2009-03-25T17:37:55+00:00","dateModified":"2009-03-29T10:28:57+00:00","author":{"@id":"https:\/\/www.visit-ulcinj.com\/blog\/#\/schema\/person\/dcab619c614d3038751c63bc2aadc06d"},"description":"Samo ih harizma dijeli Podgorica \u2013 Kada 29. marta iza?e na izbore, prosje?an albanski glasa? nacionalnih stranaka mora?e da zaokru\u017ei ime poslani?kog","breadcrumb":{"@id":"https:\/\/www.visit-ulcinj.com\/blog\/2009\/03\/25\/celnici-albanskih-stranaka-salju-ista-predizborna-obecanja\/#breadcrumb"},"inLanguage":"en-US","potentialAction":[{"@type":"ReadAction","target":["https:\/\/www.visit-ulcinj.com\/blog\/2009\/03\/25\/celnici-albanskih-stranaka-salju-ista-predizborna-obecanja\/"]}]},{"@type":"BreadcrumbList","@id":"https:\/\/www.visit-ulcinj.com\/blog\/2009\/03\/25\/celnici-albanskih-stranaka-salju-ista-predizborna-obecanja\/#breadcrumb","itemListElement":[{"@type":"ListItem","position":1,"name":"?ELNICI ALBANSKIH STRANAKA \u0160ALJU ISTA PREDIZBORNA OBE?ANJA"}]},{"@type":"Person","@id":"https:\/\/www.visit-ulcinj.com\/blog\/#\/schema\/person\/dcab619c614d3038751c63bc2aadc06d","name":"ulqini","sameAs":["http:\/\/www.visit-ulcinj.com"],"url":"https:\/\/www.visit-ulcinj.com\/blog\/author\/admin\/"}]}},"jetpack_featured_media_url":"","jetpack_sharing_enabled":true,"jetpack_shortlink":"https:\/\/wp.me\/pe6lTn-43w","_links":{"self":[{"href":"https:\/\/www.visit-ulcinj.com\/blog\/wp-json\/wp\/v2\/posts\/15594"}],"collection":[{"href":"https:\/\/www.visit-ulcinj.com\/blog\/wp-json\/wp\/v2\/posts"}],"about":[{"href":"https:\/\/www.visit-ulcinj.com\/blog\/wp-json\/wp\/v2\/types\/post"}],"author":[{"embeddable":true,"href":"https:\/\/www.visit-ulcinj.com\/blog\/wp-json\/wp\/v2\/users\/1"}],"replies":[{"embeddable":true,"href":"https:\/\/www.visit-ulcinj.com\/blog\/wp-json\/wp\/v2\/comments?post=15594"}],"version-history":[{"count":0,"href":"https:\/\/www.visit-ulcinj.com\/blog\/wp-json\/wp\/v2\/posts\/15594\/revisions"}],"wp:attachment":[{"href":"https:\/\/www.visit-ulcinj.com\/blog\/wp-json\/wp\/v2\/media?parent=15594"}],"wp:term":[{"taxonomy":"category","embeddable":true,"href":"https:\/\/www.visit-ulcinj.com\/blog\/wp-json\/wp\/v2\/categories?post=15594"},{"taxonomy":"post_tag","embeddable":true,"href":"https:\/\/www.visit-ulcinj.com\/blog\/wp-json\/wp\/v2\/tags?post=15594"}],"curies":[{"name":"wp","href":"https:\/\/api.w.org\/{rel}","templated":true}]}}