{"id":156,"date":"2008-01-14T14:39:37","date_gmt":"2008-01-14T19:39:37","guid":{"rendered":"http:\/\/www.visit-ulcinj.com\/blog\/2008\/01\/14\/shqiptaret-ne-mal-te-zi-ne-vitin-2007\/"},"modified":"2008-02-12T18:40:00","modified_gmt":"2008-02-12T23:40:00","slug":"shqiptaret-ne-mal-te-zi-ne-vitin-2007","status":"publish","type":"post","link":"https:\/\/www.visit-ulcinj.com\/blog\/2008\/01\/14\/shqiptaret-ne-mal-te-zi-ne-vitin-2007\/","title":{"rendered":"Shqiptar\u00ebt n\u00eb Mal t\u00eb Zi n\u00eb vitin 2007"},"content":{"rendered":"<p><strong>Pa nj\u00eb vizion p\u00ebr t\u00eb ardhmen<\/strong><\/p>\n<p><img loading=\"lazy\" src=\"http:\/\/www.visit-ulcinj.com\/blog\/wp-content\/uploads\/2008\/01\/partit-shqiptare.jpg\" align=\"absbottom\" height=\"73\" hspace=\"2\" vspace=\"2\" width=\"322\" \/><br \/>\nN\u00eb Republik\u00ebn e Malit t\u00eb Zi forcat politike shqiptare d\u00ebshmuan edhe n\u00eb vitin q\u00eb lam\u00eb pas munges\u00ebn e nj\u00eb vizioni p\u00ebr t\u00eb ardhmen, bazuar n\u00eb bashk\u00ebpunimin nd\u00ebrmjet tyre. Vihet re se shqiptar\u00ebt n\u00eb k\u00ebt\u00eb republik\u00eb, p\u00ebr arsyen e p\u00ebr\u00e7arjes q\u00eb mbizot\u00ebron n\u00eb forcat politike<!--more--> shqiptare, jan\u00eb ende larg realizimit t\u00eb t\u00eb drejtave t\u00eb tyre konform ligjeve evropiane, kur \u00ebsht\u00eb fjala p\u00ebr t\u00eb drejat e pakicave nacionale.<br \/>\nShqiptar\u00ebt n\u00eb Mal t\u00eb Zi n\u00eb fillim t\u00eb vitit 2007 hyn\u00eb me shpres\u00ebn se sadopak do t\u00eb p\u00ebrmir\u00ebsohet niveli i jetes\u00ebs dhe i mir\u00ebqenies s\u00eb tyre. K\u00ebt\u00eb madje publikisht ua kan\u00eb premtuar p\u00ebrfaq\u00ebsuesit e forcave politike shqiptare dhe pushtetar\u00ebt malazez. Por, p\u00ebr fat t\u00eb keq shqiptar\u00ebt q\u00eb jetojn\u00eb n\u00eb Mal t\u00eb Zi edhe n\u00eb vitin e kaluar, si shum\u00eb her\u00eb deri m\u00eb tash mbet\u00ebn t\u00eb zhg\u00ebnjyer, sepse politikan\u00ebt shqiptar\u00eb dhe pushtetar\u00ebt malazez nuk i p\u00ebrmbush\u00ebn premtimet e dh\u00ebna qytetar\u00ebve shqiptar\u00eb n\u00eb fillim t\u00eb vitit q\u00eb lam\u00eb pas. N\u00eb bisedat e ndryshme me qytetar\u00eb t\u00eb thjesht\u00eb rrug\u00ebve apo edhe n\u00eb mjedise t\u00eb ndryshme n\u00eb Ulqin, An\u00eb t\u00eb Malit, Kraj\u00eb, Mal\u00ebsi, Plav\u00eb, Guci e Rozhaj\u00eb v\u00ebren qart\u00eb zhg\u00ebnjimin dhe mosbesimin n\u00eb radh\u00eb t\u00eb par\u00eb ndaj forcave politike shqiptare. \u00cbsht\u00eb fakt se edhe gjat\u00eb vitit q\u00eb shkoi forcat politike shqiptare nuk kan\u00eb ditur, ose nuk kan\u00eb dashtur t\u00eb gjejn\u00eb kompromisin nd\u00ebrmjet tyre, as kur kan\u00eb qen\u00eb n\u00eb pyetje \u00e7\u00ebshtjet madhore, si\u00e7 \u00ebsht\u00eb p\u00ebr shembull kushtetuta e re e Malit t\u00eb Zi dhe disa ligje q\u00eb kan\u00eb t\u00eb b\u00ebjn\u00eb kryek\u00ebput me p\u00ebrmir\u00ebsimin e statusit dhe avancimin e lirive t\u00eb drejtave t\u00eb shqiptar\u00ebve n\u00eb k\u00ebt\u00eb republik\u00eb. P\u00ebr t\u00eb gjitha k\u00ebto dhe \u00e7\u00ebshtje t\u00eb tjera t\u00eb r\u00ebnd\u00ebsishme p\u00ebr popullsin\u00eb shqiptare partit\u00eb politike ose kan\u00eb shprehur q\u00ebndrime diametralisht t\u00eb kund\u00ebrta, ose kan\u00eb heshtur. N\u00eb Republik\u00ebn e Malit t\u00eb Zi forcat politike shqiptare d\u00ebshmuan edhe vitin e shkuar munges\u00ebn e nj\u00eb vizioni p\u00ebr t\u00eb ardhmen, bazuar n\u00eb bashk\u00ebpunimin nd\u00ebrmjet tyre. Vihet re se shqiptar\u00ebt n\u00eb k\u00ebt\u00eb republik\u00eb, p\u00ebr arsyen e p\u00ebr\u00e7arjes q\u00eb mbizot\u00ebron n\u00eb forcat politike shqiptare, jan\u00eb ende larg realizimit t\u00eb t\u00eb drejtave t\u00eb tyre konform ligjeve evropiane kur \u00ebsht\u00eb fjala p\u00ebr t\u00eb drejat e pakicave nacionale. Politikan\u00ebt shqiptar\u00eb nuk ishin s\u00eb bashku as n\u00eb kremtimin e 28 N\u00ebntorit. n\u00eb Ulqin. Ata, nuk arriti t`i bashkoj\u00eb as Dita e Flamurit , simbol i liris\u00eb, krenaris\u00eb e bashkimit gjith\u00ebkomb\u00ebtar. Dhe kur kjo jo vet\u00ebm se ndodh por tashm\u00eb \u00ebsht\u00eb b\u00ebr\u00eb si t\u00eb thuash dukuri, at\u00ebher\u00eb natyrsh\u00ebm rezultatet e shum\u00ebpritura mungojn\u00eb. Megjith\u00eb k\u00ebt\u00eb hendek t\u00eb madh nd\u00ebrmjet subjekteve nacionale politke shqiptare ka disa t\u00eb arritura t\u00eb vogla q\u00eb kan\u00eb t\u00eb b\u00ebjn\u00eb me shqiptar\u00ebt. Sivjet Kuvendi malazez ka miratuar aktin m\u00eb t\u00eb lart\u00eb ligjor, q\u00eb paraqet filozofin\u00eb e jet\u00ebs n\u00eb shtetin e pavarur t\u00eb Malit t\u00eb Zi &#8211; kushtetut\u00ebn . Me kushtetut\u00ebn e re , e cila mbron lirin\u00eb dhe t\u00eb drejtat e \u00e7do qytetari dhe krijon sundimin e t\u00eb drejt\u00ebs , p\u00ebr t\u00eb gjitha pakicat nacionale, p\u00ebrfshir\u00eb k\u00ebtu edhe shqiptar\u00ebt, \u00ebsht\u00eb b\u00ebr\u00eb &#8221; nj\u00eb hap p\u00ebrpara&#8221;. Pakicave nacionale n\u00eb baz\u00eb t\u00eb k\u00ebtij dokumenti u mund\u00ebsohet p\u00ebrfaq\u00ebsimi autentik dhe proporcional, kurse pakicat shum\u00eb shpejt do t\u00eb ken\u00eb mund\u00ebsi t\u00eb krijon\u00eb k\u00ebshillat nacionale, t\u00eb cilat do t\u00eb formohen nga shteti dhe do t\u00eb ken\u00eb fondin p\u00ebrkat\u00ebs p\u00ebr zhvillimin e kulturave t\u00eb tyre.<br \/>\nRisi tjet\u00ebr pas aprovimit t\u00eb kushtetut\u00ebs \u00ebsht\u00eb aprovimi i Ligjit p\u00ebr let\u00ebrnjoftime, i cili shqiptar\u00ebve u mund\u00ebson q\u00eb n\u00eb t\u00eb ardhmen t`i regjsitrojn\u00eb emrat dhe mbiemrat e tyre n\u00eb form\u00eb origjinale, n\u00eb gjuh\u00ebn amtare. Sipas k\u00ebtij ligji, qytetar\u00ebt shqiptar\u00eb q\u00eb gjenden n\u00eb Mal t\u00eb Zi, n\u00eb cil\u00ebndo komun\u00eb qoft\u00eb, mund t\u00eb b\u00ebjn\u00eb k\u00ebrkes\u00ebn p\u00ebr ndryshimin e emrit, apo mbiemrit dhe at\u00ebher\u00eb n\u00ebpun\u00ebsi, apo ai q\u00eb kryen pun\u00ebn e l\u00ebshimit t\u00eb let\u00ebrnjoftimit, e ka p\u00ebr detyr\u00eb q\u00eb me automatiz\u00ebm t`i d\u00ebrgoj\u00eb ofiqarit gjegj\u00ebs emrin dhe mbiemrin e shkruar n\u00eb gjuh\u00ebn shqipe. Arritje tjet\u00ebr e shqiptar\u00ebve \u00ebsht\u00eb themelimi i Fondit p\u00ebr pakica, q\u00eb ka p\u00ebr q\u00ebllim ruajtjen e identittetit fetar, kulturor dhe gjuh\u00ebsor t\u00eb popujve pakic\u00eb dhe bashk\u00ebsive nacionale n\u00eb Mal t\u00eb Zi. Pritet q\u00eb p\u00ebrmes k\u00ebtij fondi t\u00eb financohen puna dhe projektet e k\u00ebshillave nacionale t\u00eb popujve pakic\u00eb dhe bashk\u00ebsive nacionale, pra edhe t\u00eb shqiptar\u00ebve. Fitore e shqiptar\u00ebve \u00ebsht\u00eb fjalimi i par\u00eb shqip n\u00eb Parlamentin e Malit t\u00eb Zi, i deputetit t\u00eb Alternativ\u00ebs Shqiptare, Vasel Sinishtaj, intenca e t\u00eb cilit, si\u00e7 \u00ebsht\u00eb shprehur ai, ka qen\u00eb jo t\u00eb hyj\u00eb n\u00eb histori t\u00eb kombit, sepse i pari foli shqip n\u00eb Kuvendin malazez, por p\u00ebr t\u00eb treguar se gjuha shqipe duhet t\u00eb jet\u00eb gjuh\u00eb zyrtare n\u00eb ato mjedise ku shqiptar\u00ebt p\u00ebrb\u00ebjn\u00eb shumic\u00ebn, qoft\u00eb n\u00eb Parlament, qoft\u00eb n\u00eb gjyqe, n\u00eb jet\u00ebn private apo at\u00eb zyrtare. Ky diskutim n\u00eb gjuh\u00ebn shqipe u cil\u00ebsua si nj\u00eb moment madh\u00ebshtor jo vet\u00ebm p\u00ebr ne shqiptar\u00ebt, por edhe p\u00ebr t\u00eb gjith\u00eb intelektual\u00ebt pavar\u00ebsisht nga p\u00ebrkat\u00ebsia komb\u00ebtare, sepse p\u00ebr t\u00eb par\u00ebn here kan\u00eb pasur mund\u00ebsi ta d\u00ebgjojn\u00eb se si ting\u00ebllon kjo gjuh\u00eb e lasht\u00eb indoevropiane n\u00eb mileniumin e tret\u00eb. N\u00eb vitin 2007 Alternativa Shqiptare ka k\u00ebrkuar p\u00ebrmes nj\u00eb letre t\u00eb hapur drejtuar krer\u00ebve m\u00eb t\u00eb lart\u00eb shtet\u00ebror\u00eb t\u00eb Malit t\u00eb Zi q\u00eb deri me aprovimin e Ligjit t\u00eb ri mbi p\u00ebrdorimin e simboleve komb\u00ebtare, tu mund\u00ebsohet p\u00ebrdorimi i simboleve komb\u00ebtare n\u00eb objektet e kuvendeve komunale, organeve vet\u00ebqeveris\u00ebse lokale, zyrave dhe institucioneve publike, n\u00eb trevat ku shqiptar\u00ebt p\u00ebrb\u00ebjn\u00eb shumic\u00ebn, duke th\u00ebn\u00eb se &#8221; me Kushtetut\u00ebn e Malit t\u00eb Zi, dispozita e nenit 79, paragrafi 1, pika 2, pjes\u00ebtar\u00ebve t\u00eb pakicave u garantohet e drejta e zgjidhjes, e p\u00ebrdorimit dhe e ngritjes s\u00eb simboleve komb\u00ebtare dhe e sh\u00ebnimit t\u00eb festave komb\u00ebtare, si dhe me Kushtetut\u00ebn e Re, dispozita e nenit 79, paragrafi 1, pika 8, pjes\u00ebtar\u00ebve t\u00eb pakicave u garantohet e drejta q\u00eb n\u00eb mjediset me pjes\u00ebmarrje t\u00eb r\u00ebnd\u00ebsishme t\u00eb pakicave n\u00eb popullat\u00ebn e p\u00ebrgjithshme, em\u00ebrtimet tradicionale lokale, em\u00ebrtimet e rrug\u00ebve dhe qendrave t\u00eb banuara, si dhe shenjat topografike t\u00eb shkruhen edhe n\u00eb gjuh\u00ebn e popujve pakic\u00eb dhe t\u00eb bashk\u00ebsive t\u00eb tjera minoritare&#8221;. Viti 2007 u karakterizua edhe me prishjen e koalicionit t\u00eb partive shqiptare n\u00eb parlamentin e Ulqinit i p\u00ebrb\u00ebr\u00eb nga Lidhja Demokratike n\u00eb Mal t\u00eb Zi, Forca e Re Demokratike- Forca, Partia e Prosperitetit Demokratik dhe Bashkimi Demokratik i Shqiptar\u00ebve. PPD-ja \u00ebsht\u00eb larguar nga koalicinoni i subjekteve politike shqiptare dhe i \u00ebsht\u00eb bashkangjitur Koaliconit &#8221; P\u00ebr Ulqini evropian&#8221;, t\u00eb cil\u00ebt tani p\u00ebrb\u00ebjn\u00eb shumic\u00ebn n\u00eb Kuvendin Komunal t\u00eb Ulqinit dhe ushtrojn\u00eb edhe pushetin ekzekutiv. Shqiptar\u00ebt n\u00eb k\u00ebrkim t\u00eb t\u00eb drejtave t\u00eb tyre brenda k\u00ebtij viti organizuan disa protesta q\u00eb kishin t\u00eb b\u00ebnin me sh\u00ebnimin e nj\u00ebvjetorit t\u00eb arrestimit t\u00eb shqiptar\u00ebve nga Mal\u00ebsia n\u00eb aksionin &#8221; Fluturimi i shqiponj\u00ebs&#8221;, ku u k\u00ebrkua nga institucionet gjyq\u00ebsore gjykim i drejt\u00eb dhe i shpejt si dhe p\u00ebrballjen para drejt\u00ebsis\u00eb t\u00eb polic\u00ebve malazez\u00eb, q\u00eb kan\u00eb ushtruar dhun\u00eb e brutalitet ndaj shqiptar\u00ebve t\u00eb paraburgosur. Por ajo q\u00eb shqet\u00ebsoi jasht\u00eb mase ve\u00e7mas qyetar\u00ebt e Mal\u00ebsis\u00eb gjithsesi \u00ebsht\u00eb vonesa e procesit gjyq\u00ebsor, respektivisht zbradhja e faj\u00ebsis\u00eb ndaj 18 shqiptar\u00ebve (mal\u00ebsor\u00ebve) t\u00eb akuzuar p\u00ebr &#8220;terroriz\u00ebm dhe prishje t\u00eb rendit kushtetues&#8221;, t\u00eb cil\u00ebt tash m\u00eb se nj\u00eb vit ndodhen n\u00eb gjyqin e Spuzhit. Nd\u00ebrkoh\u00eb jan\u00eb organizuar disa protesta p\u00ebr kthimin e pasuris\u00eb s\u00eb sekuestruar, n\u00eb fshatin Shipshanik, af\u00ebr Tuzit dhe n\u00eb Gjirin e Valdanosit, n\u00eb Ulqin. K\u00ebto dhe probleme t\u00eb tjera q\u00eb i kan\u00eb brengosur pa mas\u00eb shqiptar\u00ebt gjat\u00eb vitit t\u00eb kaluar i b\u00ebjn\u00eb nj\u00eb pjes\u00eb t\u00eb tyre t\u00eb ndjehen se u jan\u00eb rrezikuar t\u00eb drejtat dhe se p\u00ebr ta nuk vlejn\u00eb t\u00eb nj\u00ebjtat akte ligjore. Ky vler\u00ebsim i \u00ebsht\u00eb b\u00ebr\u00eb i njohur edhe Misionit V\u00ebzhgues t\u00eb Bashkimit Europian.<br \/>\n<strong>Gjek\u00eb Gjonaj<\/strong><\/p>\n<p>www.koha javore.cg.yu<\/p>\n","protected":false},"excerpt":{"rendered":"<p><img loading=\"lazy\" src=\"http:\/\/www.visit-ulcinj.com\/blog\/wp-content\/uploads\/2008\/01\/partit-shqiptare.jpg\" alt=\"Shqiptare\" height=\"140\"  width=\"140\" \/><\/p>\n","protected":false},"author":1,"featured_media":0,"comment_status":"open","ping_status":"closed","sticky":false,"template":"","format":"standard","meta":{"spay_email":"","jetpack_publicize_message":"","jetpack_is_tweetstorm":false,"jetpack_publicize_feature_enabled":true},"categories":[8],"tags":[1206,497,501,498,499,95,500,208,496,201,200,18],"jetpack_publicize_connections":[],"yoast_head":"<!-- This site is optimized with the Yoast SEO plugin v19.1 - https:\/\/yoast.com\/wordpress\/plugins\/seo\/ -->\n<title>Shqiptar\u00ebt n\u00eb Mal t\u00eb Zi n\u00eb vitin 2007 - Lajme nga Ulqini<\/title>\n<meta name=\"robots\" content=\"index, follow, max-snippet:-1, max-image-preview:large, max-video-preview:-1\" \/>\n<link rel=\"canonical\" href=\"https:\/\/www.visit-ulcinj.com\/blog\/2008\/01\/14\/shqiptaret-ne-mal-te-zi-ne-vitin-2007\/\" \/>\n<meta property=\"og:locale\" content=\"en_US\" \/>\n<meta property=\"og:type\" content=\"article\" \/>\n<meta property=\"og:title\" content=\"Shqiptar\u00ebt n\u00eb Mal t\u00eb Zi n\u00eb vitin 2007 - Lajme nga Ulqini\" \/>\n<meta property=\"og:url\" content=\"https:\/\/www.visit-ulcinj.com\/blog\/2008\/01\/14\/shqiptaret-ne-mal-te-zi-ne-vitin-2007\/\" \/>\n<meta property=\"og:site_name\" content=\"Lajme nga Ulqini\" \/>\n<meta property=\"article:published_time\" content=\"2008-01-14T19:39:37+00:00\" \/>\n<meta property=\"article:modified_time\" content=\"2008-02-12T23:40:00+00:00\" \/>\n<meta property=\"og:image\" content=\"http:\/\/www.visit-ulcinj.com\/blog\/wp-content\/uploads\/2008\/01\/partit-shqiptare.jpg\" \/>\n<meta name=\"twitter:label1\" content=\"Written by\" \/>\n\t<meta name=\"twitter:data1\" content=\"ulqini\" \/>\n\t<meta name=\"twitter:label2\" content=\"Est. reading time\" \/>\n\t<meta name=\"twitter:data2\" content=\"7 minutes\" \/>\n<script type=\"application\/ld+json\" class=\"yoast-schema-graph\">{\"@context\":\"https:\/\/schema.org\",\"@graph\":[{\"@type\":\"WebSite\",\"@id\":\"https:\/\/www.visit-ulcinj.com\/blog\/#website\",\"url\":\"https:\/\/www.visit-ulcinj.com\/blog\/\",\"name\":\"Lajme nga Ulqini\",\"description\":\"Lajme,Vijesti,Ulqini,Ulqin,Crna Gora,Mali i Zi\",\"potentialAction\":[{\"@type\":\"SearchAction\",\"target\":{\"@type\":\"EntryPoint\",\"urlTemplate\":\"https:\/\/www.visit-ulcinj.com\/blog\/?s={search_term_string}\"},\"query-input\":\"required name=search_term_string\"}],\"inLanguage\":\"en-US\"},{\"@type\":\"ImageObject\",\"inLanguage\":\"en-US\",\"@id\":\"https:\/\/www.visit-ulcinj.com\/blog\/2008\/01\/14\/shqiptaret-ne-mal-te-zi-ne-vitin-2007\/#primaryimage\",\"url\":\"http:\/\/www.visit-ulcinj.com\/blog\/wp-content\/uploads\/2008\/01\/partit-shqiptare.jpg\",\"contentUrl\":\"http:\/\/www.visit-ulcinj.com\/blog\/wp-content\/uploads\/2008\/01\/partit-shqiptare.jpg\"},{\"@type\":\"WebPage\",\"@id\":\"https:\/\/www.visit-ulcinj.com\/blog\/2008\/01\/14\/shqiptaret-ne-mal-te-zi-ne-vitin-2007\/#webpage\",\"url\":\"https:\/\/www.visit-ulcinj.com\/blog\/2008\/01\/14\/shqiptaret-ne-mal-te-zi-ne-vitin-2007\/\",\"name\":\"Shqiptar\u00ebt n\u00eb Mal t\u00eb Zi n\u00eb vitin 2007 - Lajme nga Ulqini\",\"isPartOf\":{\"@id\":\"https:\/\/www.visit-ulcinj.com\/blog\/#website\"},\"primaryImageOfPage\":{\"@id\":\"https:\/\/www.visit-ulcinj.com\/blog\/2008\/01\/14\/shqiptaret-ne-mal-te-zi-ne-vitin-2007\/#primaryimage\"},\"datePublished\":\"2008-01-14T19:39:37+00:00\",\"dateModified\":\"2008-02-12T23:40:00+00:00\",\"author\":{\"@id\":\"https:\/\/www.visit-ulcinj.com\/blog\/#\/schema\/person\/dcab619c614d3038751c63bc2aadc06d\"},\"breadcrumb\":{\"@id\":\"https:\/\/www.visit-ulcinj.com\/blog\/2008\/01\/14\/shqiptaret-ne-mal-te-zi-ne-vitin-2007\/#breadcrumb\"},\"inLanguage\":\"en-US\",\"potentialAction\":[{\"@type\":\"ReadAction\",\"target\":[\"https:\/\/www.visit-ulcinj.com\/blog\/2008\/01\/14\/shqiptaret-ne-mal-te-zi-ne-vitin-2007\/\"]}]},{\"@type\":\"BreadcrumbList\",\"@id\":\"https:\/\/www.visit-ulcinj.com\/blog\/2008\/01\/14\/shqiptaret-ne-mal-te-zi-ne-vitin-2007\/#breadcrumb\",\"itemListElement\":[{\"@type\":\"ListItem\",\"position\":1,\"name\":\"Shqiptar\u00ebt n\u00eb Mal t\u00eb Zi n\u00eb vitin 2007\"}]},{\"@type\":\"Person\",\"@id\":\"https:\/\/www.visit-ulcinj.com\/blog\/#\/schema\/person\/dcab619c614d3038751c63bc2aadc06d\",\"name\":\"ulqini\",\"sameAs\":[\"http:\/\/www.visit-ulcinj.com\"],\"url\":\"https:\/\/www.visit-ulcinj.com\/blog\/author\/admin\/\"}]}<\/script>\n<!-- \/ Yoast SEO plugin. -->","yoast_head_json":{"title":"Shqiptar\u00ebt n\u00eb Mal t\u00eb Zi n\u00eb vitin 2007 - Lajme nga Ulqini","robots":{"index":"index","follow":"follow","max-snippet":"max-snippet:-1","max-image-preview":"max-image-preview:large","max-video-preview":"max-video-preview:-1"},"canonical":"https:\/\/www.visit-ulcinj.com\/blog\/2008\/01\/14\/shqiptaret-ne-mal-te-zi-ne-vitin-2007\/","og_locale":"en_US","og_type":"article","og_title":"Shqiptar\u00ebt n\u00eb Mal t\u00eb Zi n\u00eb vitin 2007 - Lajme nga Ulqini","og_url":"https:\/\/www.visit-ulcinj.com\/blog\/2008\/01\/14\/shqiptaret-ne-mal-te-zi-ne-vitin-2007\/","og_site_name":"Lajme nga Ulqini","article_published_time":"2008-01-14T19:39:37+00:00","article_modified_time":"2008-02-12T23:40:00+00:00","og_image":[{"url":"http:\/\/www.visit-ulcinj.com\/blog\/wp-content\/uploads\/2008\/01\/partit-shqiptare.jpg"}],"twitter_misc":{"Written by":"ulqini","Est. reading time":"7 minutes"},"schema":{"@context":"https:\/\/schema.org","@graph":[{"@type":"WebSite","@id":"https:\/\/www.visit-ulcinj.com\/blog\/#website","url":"https:\/\/www.visit-ulcinj.com\/blog\/","name":"Lajme nga Ulqini","description":"Lajme,Vijesti,Ulqini,Ulqin,Crna Gora,Mali i Zi","potentialAction":[{"@type":"SearchAction","target":{"@type":"EntryPoint","urlTemplate":"https:\/\/www.visit-ulcinj.com\/blog\/?s={search_term_string}"},"query-input":"required name=search_term_string"}],"inLanguage":"en-US"},{"@type":"ImageObject","inLanguage":"en-US","@id":"https:\/\/www.visit-ulcinj.com\/blog\/2008\/01\/14\/shqiptaret-ne-mal-te-zi-ne-vitin-2007\/#primaryimage","url":"http:\/\/www.visit-ulcinj.com\/blog\/wp-content\/uploads\/2008\/01\/partit-shqiptare.jpg","contentUrl":"http:\/\/www.visit-ulcinj.com\/blog\/wp-content\/uploads\/2008\/01\/partit-shqiptare.jpg"},{"@type":"WebPage","@id":"https:\/\/www.visit-ulcinj.com\/blog\/2008\/01\/14\/shqiptaret-ne-mal-te-zi-ne-vitin-2007\/#webpage","url":"https:\/\/www.visit-ulcinj.com\/blog\/2008\/01\/14\/shqiptaret-ne-mal-te-zi-ne-vitin-2007\/","name":"Shqiptar\u00ebt n\u00eb Mal t\u00eb Zi n\u00eb vitin 2007 - Lajme nga Ulqini","isPartOf":{"@id":"https:\/\/www.visit-ulcinj.com\/blog\/#website"},"primaryImageOfPage":{"@id":"https:\/\/www.visit-ulcinj.com\/blog\/2008\/01\/14\/shqiptaret-ne-mal-te-zi-ne-vitin-2007\/#primaryimage"},"datePublished":"2008-01-14T19:39:37+00:00","dateModified":"2008-02-12T23:40:00+00:00","author":{"@id":"https:\/\/www.visit-ulcinj.com\/blog\/#\/schema\/person\/dcab619c614d3038751c63bc2aadc06d"},"breadcrumb":{"@id":"https:\/\/www.visit-ulcinj.com\/blog\/2008\/01\/14\/shqiptaret-ne-mal-te-zi-ne-vitin-2007\/#breadcrumb"},"inLanguage":"en-US","potentialAction":[{"@type":"ReadAction","target":["https:\/\/www.visit-ulcinj.com\/blog\/2008\/01\/14\/shqiptaret-ne-mal-te-zi-ne-vitin-2007\/"]}]},{"@type":"BreadcrumbList","@id":"https:\/\/www.visit-ulcinj.com\/blog\/2008\/01\/14\/shqiptaret-ne-mal-te-zi-ne-vitin-2007\/#breadcrumb","itemListElement":[{"@type":"ListItem","position":1,"name":"Shqiptar\u00ebt n\u00eb Mal t\u00eb Zi n\u00eb vitin 2007"}]},{"@type":"Person","@id":"https:\/\/www.visit-ulcinj.com\/blog\/#\/schema\/person\/dcab619c614d3038751c63bc2aadc06d","name":"ulqini","sameAs":["http:\/\/www.visit-ulcinj.com"],"url":"https:\/\/www.visit-ulcinj.com\/blog\/author\/admin\/"}]}},"jetpack_featured_media_url":"","jetpack_sharing_enabled":true,"jetpack_shortlink":"https:\/\/wp.me\/pe6lTn-2w","_links":{"self":[{"href":"https:\/\/www.visit-ulcinj.com\/blog\/wp-json\/wp\/v2\/posts\/156"}],"collection":[{"href":"https:\/\/www.visit-ulcinj.com\/blog\/wp-json\/wp\/v2\/posts"}],"about":[{"href":"https:\/\/www.visit-ulcinj.com\/blog\/wp-json\/wp\/v2\/types\/post"}],"author":[{"embeddable":true,"href":"https:\/\/www.visit-ulcinj.com\/blog\/wp-json\/wp\/v2\/users\/1"}],"replies":[{"embeddable":true,"href":"https:\/\/www.visit-ulcinj.com\/blog\/wp-json\/wp\/v2\/comments?post=156"}],"version-history":[{"count":0,"href":"https:\/\/www.visit-ulcinj.com\/blog\/wp-json\/wp\/v2\/posts\/156\/revisions"}],"wp:attachment":[{"href":"https:\/\/www.visit-ulcinj.com\/blog\/wp-json\/wp\/v2\/media?parent=156"}],"wp:term":[{"taxonomy":"category","embeddable":true,"href":"https:\/\/www.visit-ulcinj.com\/blog\/wp-json\/wp\/v2\/categories?post=156"},{"taxonomy":"post_tag","embeddable":true,"href":"https:\/\/www.visit-ulcinj.com\/blog\/wp-json\/wp\/v2\/tags?post=156"}],"curies":[{"name":"wp","href":"https:\/\/api.w.org\/{rel}","templated":true}]}}