{"id":15614,"date":"2009-03-25T21:58:21","date_gmt":"2009-03-25T20:58:21","guid":{"rendered":"http:\/\/www.visit-ulcinj.com\/blog\/?p=15614"},"modified":"2009-03-25T21:58:21","modified_gmt":"2009-03-25T20:58:21","slug":"anjeza-mimoza-duhet-te-rrinte","status":"publish","type":"post","link":"https:\/\/www.visit-ulcinj.com\/blog\/2009\/03\/25\/anjeza-mimoza-duhet-te-rrinte\/","title":{"rendered":"Anjeza : Mimoza duhet t\u00eb rrinte"},"content":{"rendered":"<p><em><span class=\"newsdate\"><a href=\"http:\/\/www.visit-ulcinj.com\/blog\/wp-content\/uploads\/2009\/03\/anjeza-per-mozen-copy.jpg\"><img loading=\"lazy\" class=\"alignleft size-full wp-image-15615\" title=\"anjeza-per-mozen-big-brother-albania-2\" src=\"http:\/\/www.visit-ulcinj.com\/blog\/wp-content\/uploads\/2009\/03\/anjeza-per-mozen-copy.jpg\" alt=\"anjeza-per-mozen-big-brother-albania-2\" width=\"300\" height=\"205\" \/><\/a>25\/03\/09 02:25<\/span><\/em><\/p>\n<p>Anjeza i \u00ebsht\u00eb shprehur fillimisht Lirit\u00ebs dhe m\u00eb pas edhe Adi\u00ebs se i kishte b\u00ebr\u00eb p\u00ebrshtypje reagimi i Mimoz\u00ebs gjat\u00eb debatit mbi seksin. Lirita \u00ebsht\u00eb munduar ta justifikoj\u00eb Mimoz\u00ebn duke i th\u00ebn\u00eb se ajo ishte e vog\u00ebl dhe nuk i dinte ca gj\u00ebra, nuk kishte eksperienc\u00eb dhe p\u00ebr m\u00eb tep\u00ebr k\u00ebto ishin tema tabu dhe Mimoza nuk kishte m\u00ebsuar t\u00eb fliste p\u00ebr to. \u201cAt\u00ebher\u00eb, p\u00ebrderisa nuk di, t\u00eb rrinte dhe t\u00eb d\u00ebgjonte!\u201d \u2013 ka th\u00ebn\u00eb Anjeza.<\/p>\n","protected":false},"excerpt":{"rendered":"<p>25\/03\/09 02:25 Anjeza i \u00ebsht\u00eb shprehur fillimisht Lirit\u00ebs dhe m\u00eb pas edhe Adi\u00ebs se i kishte b\u00ebr\u00eb p\u00ebrshtypje reagimi i Mimoz\u00ebs gjat\u00eb debatit mbi seksin. Lirita \u00ebsht\u00eb munduar ta justifikoj\u00eb Mimoz\u00ebn duke i th\u00ebn\u00eb se ajo ishte e vog\u00ebl dhe nuk i dinte ca gj\u00ebra, nuk kishte eksperienc\u00eb dhe p\u00ebr m\u00eb tep\u00ebr k\u00ebto ishin tema [&hellip;]<\/p>\n","protected":false},"author":1,"featured_media":0,"comment_status":"open","ping_status":"closed","sticky":false,"template":"","format":"standard","meta":{"spay_email":"","jetpack_publicize_message":"","jetpack_is_tweetstorm":false,"jetpack_publicize_feature_enabled":true},"categories":[6502],"tags":[8289,5057,6506,6516,6712,7129,6542,6544,6757,6891,6693,6887],"jetpack_publicize_connections":[],"yoast_head":"<!-- This site is optimized with the Yoast SEO plugin v19.1 - https:\/\/yoast.com\/wordpress\/plugins\/seo\/ -->\n<title>Anjeza : Mimoza duhet t\u00c3\u00ab rrinte | Big Brother Albania 2<\/title>\n<meta name=\"description\" content=\"Big Brother Albania 2 - Anjeza i \u00c3\u00absht\u00c3\u00ab shprehur fillimisht Lirit\u00c3\u00abs dhe m\u00c3\u00ab pas edhe Adi\u00c3\u00abs se i kishte b\u00c3\u00abr\u00c3\u00ab p\u00c3\u00abrshtypje reagimi i Mimoz\u00c3\u00abs gjat\u00c3\u00ab debatit mbi seksin.\" \/>\n<meta name=\"robots\" content=\"index, follow, max-snippet:-1, max-image-preview:large, max-video-preview:-1\" \/>\n<link rel=\"canonical\" href=\"https:\/\/www.visit-ulcinj.com\/blog\/2009\/03\/25\/anjeza-mimoza-duhet-te-rrinte\/\" \/>\n<meta property=\"og:locale\" content=\"en_US\" \/>\n<meta property=\"og:type\" content=\"article\" \/>\n<meta property=\"og:title\" content=\"Anjeza : Mimoza duhet t\u00c3\u00ab rrinte | Big Brother Albania 2\" \/>\n<meta property=\"og:description\" content=\"Big Brother Albania 2 - Anjeza i \u00c3\u00absht\u00c3\u00ab shprehur fillimisht Lirit\u00c3\u00abs dhe m\u00c3\u00ab pas edhe Adi\u00c3\u00abs se i kishte b\u00c3\u00abr\u00c3\u00ab p\u00c3\u00abrshtypje reagimi i Mimoz\u00c3\u00abs gjat\u00c3\u00ab debatit mbi seksin.\" \/>\n<meta property=\"og:url\" content=\"https:\/\/www.visit-ulcinj.com\/blog\/2009\/03\/25\/anjeza-mimoza-duhet-te-rrinte\/\" \/>\n<meta property=\"og:site_name\" content=\"Lajme nga Ulqini\" \/>\n<meta property=\"article:published_time\" content=\"2009-03-25T20:58:21+00:00\" \/>\n<meta property=\"og:image\" content=\"http:\/\/www.visit-ulcinj.com\/blog\/wp-content\/uploads\/2009\/03\/anjeza-per-mozen-copy.jpg\" \/>\n<meta name=\"twitter:label1\" content=\"Written by\" \/>\n\t<meta name=\"twitter:data1\" content=\"ulqini\" \/>\n<script type=\"application\/ld+json\" class=\"yoast-schema-graph\">{\"@context\":\"https:\/\/schema.org\",\"@graph\":[{\"@type\":\"WebSite\",\"@id\":\"https:\/\/www.visit-ulcinj.com\/blog\/#website\",\"url\":\"https:\/\/www.visit-ulcinj.com\/blog\/\",\"name\":\"Lajme nga Ulqini\",\"description\":\"Lajme,Vijesti,Ulqini,Ulqin,Crna Gora,Mali i Zi\",\"potentialAction\":[{\"@type\":\"SearchAction\",\"target\":{\"@type\":\"EntryPoint\",\"urlTemplate\":\"https:\/\/www.visit-ulcinj.com\/blog\/?s={search_term_string}\"},\"query-input\":\"required name=search_term_string\"}],\"inLanguage\":\"en-US\"},{\"@type\":\"ImageObject\",\"inLanguage\":\"en-US\",\"@id\":\"https:\/\/www.visit-ulcinj.com\/blog\/2009\/03\/25\/anjeza-mimoza-duhet-te-rrinte\/#primaryimage\",\"url\":\"http:\/\/www.visit-ulcinj.com\/blog\/wp-content\/uploads\/2009\/03\/anjeza-per-mozen-copy.jpg\",\"contentUrl\":\"http:\/\/www.visit-ulcinj.com\/blog\/wp-content\/uploads\/2009\/03\/anjeza-per-mozen-copy.jpg\"},{\"@type\":\"WebPage\",\"@id\":\"https:\/\/www.visit-ulcinj.com\/blog\/2009\/03\/25\/anjeza-mimoza-duhet-te-rrinte\/#webpage\",\"url\":\"https:\/\/www.visit-ulcinj.com\/blog\/2009\/03\/25\/anjeza-mimoza-duhet-te-rrinte\/\",\"name\":\"Anjeza : Mimoza duhet t\u00c3\u00ab rrinte | Big Brother Albania 2\",\"isPartOf\":{\"@id\":\"https:\/\/www.visit-ulcinj.com\/blog\/#website\"},\"primaryImageOfPage\":{\"@id\":\"https:\/\/www.visit-ulcinj.com\/blog\/2009\/03\/25\/anjeza-mimoza-duhet-te-rrinte\/#primaryimage\"},\"datePublished\":\"2009-03-25T20:58:21+00:00\",\"dateModified\":\"2009-03-25T20:58:21+00:00\",\"author\":{\"@id\":\"https:\/\/www.visit-ulcinj.com\/blog\/#\/schema\/person\/dcab619c614d3038751c63bc2aadc06d\"},\"description\":\"Big Brother Albania 2 - Anjeza i \u00c3\u00absht\u00c3\u00ab shprehur fillimisht Lirit\u00c3\u00abs dhe m\u00c3\u00ab pas edhe Adi\u00c3\u00abs se i kishte b\u00c3\u00abr\u00c3\u00ab p\u00c3\u00abrshtypje reagimi i Mimoz\u00c3\u00abs gjat\u00c3\u00ab debatit mbi seksin.\",\"breadcrumb\":{\"@id\":\"https:\/\/www.visit-ulcinj.com\/blog\/2009\/03\/25\/anjeza-mimoza-duhet-te-rrinte\/#breadcrumb\"},\"inLanguage\":\"en-US\",\"potentialAction\":[{\"@type\":\"ReadAction\",\"target\":[\"https:\/\/www.visit-ulcinj.com\/blog\/2009\/03\/25\/anjeza-mimoza-duhet-te-rrinte\/\"]}]},{\"@type\":\"BreadcrumbList\",\"@id\":\"https:\/\/www.visit-ulcinj.com\/blog\/2009\/03\/25\/anjeza-mimoza-duhet-te-rrinte\/#breadcrumb\",\"itemListElement\":[{\"@type\":\"ListItem\",\"position\":1,\"name\":\"Anjeza : Mimoza duhet t\u00eb rrinte\"}]},{\"@type\":\"Person\",\"@id\":\"https:\/\/www.visit-ulcinj.com\/blog\/#\/schema\/person\/dcab619c614d3038751c63bc2aadc06d\",\"name\":\"ulqini\",\"sameAs\":[\"http:\/\/www.visit-ulcinj.com\"],\"url\":\"https:\/\/www.visit-ulcinj.com\/blog\/author\/admin\/\"}]}<\/script>\n<!-- \/ Yoast SEO plugin. -->","yoast_head_json":{"title":"Anjeza : Mimoza duhet t\u00c3\u00ab rrinte | Big Brother Albania 2","description":"Big Brother Albania 2 - Anjeza i \u00c3\u00absht\u00c3\u00ab shprehur fillimisht Lirit\u00c3\u00abs dhe m\u00c3\u00ab pas edhe Adi\u00c3\u00abs se i kishte b\u00c3\u00abr\u00c3\u00ab p\u00c3\u00abrshtypje reagimi i Mimoz\u00c3\u00abs gjat\u00c3\u00ab debatit mbi seksin.","robots":{"index":"index","follow":"follow","max-snippet":"max-snippet:-1","max-image-preview":"max-image-preview:large","max-video-preview":"max-video-preview:-1"},"canonical":"https:\/\/www.visit-ulcinj.com\/blog\/2009\/03\/25\/anjeza-mimoza-duhet-te-rrinte\/","og_locale":"en_US","og_type":"article","og_title":"Anjeza : Mimoza duhet t\u00c3\u00ab rrinte | Big Brother Albania 2","og_description":"Big Brother Albania 2 - Anjeza i \u00c3\u00absht\u00c3\u00ab shprehur fillimisht Lirit\u00c3\u00abs dhe m\u00c3\u00ab pas edhe Adi\u00c3\u00abs se i kishte b\u00c3\u00abr\u00c3\u00ab p\u00c3\u00abrshtypje reagimi i Mimoz\u00c3\u00abs gjat\u00c3\u00ab debatit mbi seksin.","og_url":"https:\/\/www.visit-ulcinj.com\/blog\/2009\/03\/25\/anjeza-mimoza-duhet-te-rrinte\/","og_site_name":"Lajme nga Ulqini","article_published_time":"2009-03-25T20:58:21+00:00","og_image":[{"url":"http:\/\/www.visit-ulcinj.com\/blog\/wp-content\/uploads\/2009\/03\/anjeza-per-mozen-copy.jpg"}],"twitter_misc":{"Written by":"ulqini"},"schema":{"@context":"https:\/\/schema.org","@graph":[{"@type":"WebSite","@id":"https:\/\/www.visit-ulcinj.com\/blog\/#website","url":"https:\/\/www.visit-ulcinj.com\/blog\/","name":"Lajme nga Ulqini","description":"Lajme,Vijesti,Ulqini,Ulqin,Crna Gora,Mali i Zi","potentialAction":[{"@type":"SearchAction","target":{"@type":"EntryPoint","urlTemplate":"https:\/\/www.visit-ulcinj.com\/blog\/?s={search_term_string}"},"query-input":"required name=search_term_string"}],"inLanguage":"en-US"},{"@type":"ImageObject","inLanguage":"en-US","@id":"https:\/\/www.visit-ulcinj.com\/blog\/2009\/03\/25\/anjeza-mimoza-duhet-te-rrinte\/#primaryimage","url":"http:\/\/www.visit-ulcinj.com\/blog\/wp-content\/uploads\/2009\/03\/anjeza-per-mozen-copy.jpg","contentUrl":"http:\/\/www.visit-ulcinj.com\/blog\/wp-content\/uploads\/2009\/03\/anjeza-per-mozen-copy.jpg"},{"@type":"WebPage","@id":"https:\/\/www.visit-ulcinj.com\/blog\/2009\/03\/25\/anjeza-mimoza-duhet-te-rrinte\/#webpage","url":"https:\/\/www.visit-ulcinj.com\/blog\/2009\/03\/25\/anjeza-mimoza-duhet-te-rrinte\/","name":"Anjeza : Mimoza duhet t\u00c3\u00ab rrinte | Big Brother Albania 2","isPartOf":{"@id":"https:\/\/www.visit-ulcinj.com\/blog\/#website"},"primaryImageOfPage":{"@id":"https:\/\/www.visit-ulcinj.com\/blog\/2009\/03\/25\/anjeza-mimoza-duhet-te-rrinte\/#primaryimage"},"datePublished":"2009-03-25T20:58:21+00:00","dateModified":"2009-03-25T20:58:21+00:00","author":{"@id":"https:\/\/www.visit-ulcinj.com\/blog\/#\/schema\/person\/dcab619c614d3038751c63bc2aadc06d"},"description":"Big Brother Albania 2 - Anjeza i \u00c3\u00absht\u00c3\u00ab shprehur fillimisht Lirit\u00c3\u00abs dhe m\u00c3\u00ab pas edhe Adi\u00c3\u00abs se i kishte b\u00c3\u00abr\u00c3\u00ab p\u00c3\u00abrshtypje reagimi i Mimoz\u00c3\u00abs gjat\u00c3\u00ab debatit mbi seksin.","breadcrumb":{"@id":"https:\/\/www.visit-ulcinj.com\/blog\/2009\/03\/25\/anjeza-mimoza-duhet-te-rrinte\/#breadcrumb"},"inLanguage":"en-US","potentialAction":[{"@type":"ReadAction","target":["https:\/\/www.visit-ulcinj.com\/blog\/2009\/03\/25\/anjeza-mimoza-duhet-te-rrinte\/"]}]},{"@type":"BreadcrumbList","@id":"https:\/\/www.visit-ulcinj.com\/blog\/2009\/03\/25\/anjeza-mimoza-duhet-te-rrinte\/#breadcrumb","itemListElement":[{"@type":"ListItem","position":1,"name":"Anjeza : Mimoza duhet t\u00eb rrinte"}]},{"@type":"Person","@id":"https:\/\/www.visit-ulcinj.com\/blog\/#\/schema\/person\/dcab619c614d3038751c63bc2aadc06d","name":"ulqini","sameAs":["http:\/\/www.visit-ulcinj.com"],"url":"https:\/\/www.visit-ulcinj.com\/blog\/author\/admin\/"}]}},"jetpack_featured_media_url":"","jetpack_sharing_enabled":true,"jetpack_shortlink":"https:\/\/wp.me\/pe6lTn-43Q","_links":{"self":[{"href":"https:\/\/www.visit-ulcinj.com\/blog\/wp-json\/wp\/v2\/posts\/15614"}],"collection":[{"href":"https:\/\/www.visit-ulcinj.com\/blog\/wp-json\/wp\/v2\/posts"}],"about":[{"href":"https:\/\/www.visit-ulcinj.com\/blog\/wp-json\/wp\/v2\/types\/post"}],"author":[{"embeddable":true,"href":"https:\/\/www.visit-ulcinj.com\/blog\/wp-json\/wp\/v2\/users\/1"}],"replies":[{"embeddable":true,"href":"https:\/\/www.visit-ulcinj.com\/blog\/wp-json\/wp\/v2\/comments?post=15614"}],"version-history":[{"count":0,"href":"https:\/\/www.visit-ulcinj.com\/blog\/wp-json\/wp\/v2\/posts\/15614\/revisions"}],"wp:attachment":[{"href":"https:\/\/www.visit-ulcinj.com\/blog\/wp-json\/wp\/v2\/media?parent=15614"}],"wp:term":[{"taxonomy":"category","embeddable":true,"href":"https:\/\/www.visit-ulcinj.com\/blog\/wp-json\/wp\/v2\/categories?post=15614"},{"taxonomy":"post_tag","embeddable":true,"href":"https:\/\/www.visit-ulcinj.com\/blog\/wp-json\/wp\/v2\/tags?post=15614"}],"curies":[{"name":"wp","href":"https:\/\/api.w.org\/{rel}","templated":true}]}}