{"id":15617,"date":"2009-03-25T22:06:22","date_gmt":"2009-03-25T21:06:22","guid":{"rendered":"http:\/\/www.visit-ulcinj.com\/blog\/?p=15617"},"modified":"2009-03-25T22:06:22","modified_gmt":"2009-03-25T21:06:22","slug":"lirita-mos-u-merr-me-adelen","status":"publish","type":"post","link":"https:\/\/www.visit-ulcinj.com\/blog\/2009\/03\/25\/lirita-mos-u-merr-me-adelen\/","title":{"rendered":"Lirita : Mos u merr me Adel\u00ebn"},"content":{"rendered":"<p><em><span class=\"newsdate\"><a href=\"http:\/\/www.visit-ulcinj.com\/blog\/wp-content\/uploads\/2009\/03\/aide-lirita-adela.jpg\"><img loading=\"lazy\" class=\"alignleft size-full wp-image-15618\" title=\"aide-lirita-adela-big-brother-albania-2\" src=\"http:\/\/www.visit-ulcinj.com\/blog\/wp-content\/uploads\/2009\/03\/aide-lirita-adela.jpg\" alt=\"aide-lirita-adela-big-brother-albania-2\" width=\"300\" height=\"205\" \/><\/a>25\/03\/09 02:30<\/span><\/em><\/p>\n<p>Lirita i ka th\u00ebn\u00eb Aid\u00ebs t\u00eb mos merrej me Adel\u00ebn, pavar\u00ebsisht se cfar\u00eb mund t\u00eb thoshte kjo e fundit. Sipas Lirit\u00ebs, Aida po nervozohej m\u00eb shum\u00eb se \u00e7\u2019duhej. Aida i ka th\u00ebn\u00eb se donte t\u2019i tregonte \u201czyshes\u201d se ajo nuk ia mbyllte dot goj\u00ebn. \u201cAjo do t\u00eb m\u00eb tregoj\u00eb sa e p\u00ebrkrahur \u00ebsht\u00eb!\u201d \u2013 ka th\u00ebn\u00eb Aida dhe ka shtuar se kjo nuk i interesonte aspak, sepse ajo ishte n\u00eb gjendje p\u00ebrballonte edhe at\u00eb edhe p\u00ebrkrah\u00ebsit e saj. Dhe k\u00ebt\u00eb po p\u00ebrpiqej t\u00eb tregonte.<\/p>\n","protected":false},"excerpt":{"rendered":"<p>25\/03\/09 02:30 Lirita i ka th\u00ebn\u00eb Aid\u00ebs t\u00eb mos merrej me Adel\u00ebn, pavar\u00ebsisht se cfar\u00eb mund t\u00eb thoshte kjo e fundit. Sipas Lirit\u00ebs, Aida po nervozohej m\u00eb shum\u00eb se \u00e7\u2019duhej. Aida i ka th\u00ebn\u00eb se donte t\u2019i tregonte \u201czyshes\u201d se ajo nuk ia mbyllte dot goj\u00ebn. \u201cAjo do t\u00eb m\u00eb tregoj\u00eb sa e p\u00ebrkrahur \u00ebsht\u00eb!\u201d [&hellip;]<\/p>\n","protected":false},"author":1,"featured_media":0,"comment_status":"open","ping_status":"closed","sticky":false,"template":"","format":"standard","meta":{"spay_email":"","jetpack_publicize_message":"","jetpack_is_tweetstorm":false,"jetpack_publicize_feature_enabled":true},"categories":[6502],"tags":[6529,6537,6883,6516,6712,6542,6891],"jetpack_publicize_connections":[],"yoast_head":"<!-- This site is optimized with the Yoast SEO plugin v19.1 - https:\/\/yoast.com\/wordpress\/plugins\/seo\/ -->\n<title>Lirita : Mos u merr me Adel\u00c3\u00abn | Big Brother Albania 2<\/title>\n<meta name=\"description\" content=\"Big Brother Albania 2 - Lirita i ka th\u00c3\u00abn\u00c3\u00ab Aid\u00c3\u00abs t\u00c3\u00ab mos merrej me Adel\u00c3\u00abn, pavar\u00c3\u00absisht se cfar\u00c3\u00ab mund t\u00c3\u00ab thoshte kjo e fundit. Sipas Lirit\u00c3\u00abs, Aida po nervozohej m\u00c3\u00ab shum\u00c3\u00ab se \u00c3\u00a7\u00e2\u20ac\u2122duhej.\" \/>\n<meta name=\"robots\" content=\"index, follow, max-snippet:-1, max-image-preview:large, max-video-preview:-1\" \/>\n<link rel=\"canonical\" href=\"https:\/\/www.visit-ulcinj.com\/blog\/2009\/03\/25\/lirita-mos-u-merr-me-adelen\/\" \/>\n<meta property=\"og:locale\" content=\"en_US\" \/>\n<meta property=\"og:type\" content=\"article\" \/>\n<meta property=\"og:title\" content=\"Lirita : Mos u merr me Adel\u00c3\u00abn | Big Brother Albania 2\" \/>\n<meta property=\"og:description\" content=\"Big Brother Albania 2 - Lirita i ka th\u00c3\u00abn\u00c3\u00ab Aid\u00c3\u00abs t\u00c3\u00ab mos merrej me Adel\u00c3\u00abn, pavar\u00c3\u00absisht se cfar\u00c3\u00ab mund t\u00c3\u00ab thoshte kjo e fundit. Sipas Lirit\u00c3\u00abs, Aida po nervozohej m\u00c3\u00ab shum\u00c3\u00ab se \u00c3\u00a7\u00e2\u20ac\u2122duhej.\" \/>\n<meta property=\"og:url\" content=\"https:\/\/www.visit-ulcinj.com\/blog\/2009\/03\/25\/lirita-mos-u-merr-me-adelen\/\" \/>\n<meta property=\"og:site_name\" content=\"Lajme nga Ulqini\" \/>\n<meta property=\"article:published_time\" content=\"2009-03-25T21:06:22+00:00\" \/>\n<meta property=\"og:image\" content=\"http:\/\/www.visit-ulcinj.com\/blog\/wp-content\/uploads\/2009\/03\/aide-lirita-adela.jpg\" \/>\n<meta name=\"twitter:label1\" content=\"Written by\" \/>\n\t<meta name=\"twitter:data1\" content=\"ulqini\" \/>\n<script type=\"application\/ld+json\" class=\"yoast-schema-graph\">{\"@context\":\"https:\/\/schema.org\",\"@graph\":[{\"@type\":\"WebSite\",\"@id\":\"https:\/\/www.visit-ulcinj.com\/blog\/#website\",\"url\":\"https:\/\/www.visit-ulcinj.com\/blog\/\",\"name\":\"Lajme nga Ulqini\",\"description\":\"Lajme,Vijesti,Ulqini,Ulqin,Crna Gora,Mali i Zi\",\"potentialAction\":[{\"@type\":\"SearchAction\",\"target\":{\"@type\":\"EntryPoint\",\"urlTemplate\":\"https:\/\/www.visit-ulcinj.com\/blog\/?s={search_term_string}\"},\"query-input\":\"required name=search_term_string\"}],\"inLanguage\":\"en-US\"},{\"@type\":\"ImageObject\",\"inLanguage\":\"en-US\",\"@id\":\"https:\/\/www.visit-ulcinj.com\/blog\/2009\/03\/25\/lirita-mos-u-merr-me-adelen\/#primaryimage\",\"url\":\"http:\/\/www.visit-ulcinj.com\/blog\/wp-content\/uploads\/2009\/03\/aide-lirita-adela.jpg\",\"contentUrl\":\"http:\/\/www.visit-ulcinj.com\/blog\/wp-content\/uploads\/2009\/03\/aide-lirita-adela.jpg\"},{\"@type\":\"WebPage\",\"@id\":\"https:\/\/www.visit-ulcinj.com\/blog\/2009\/03\/25\/lirita-mos-u-merr-me-adelen\/#webpage\",\"url\":\"https:\/\/www.visit-ulcinj.com\/blog\/2009\/03\/25\/lirita-mos-u-merr-me-adelen\/\",\"name\":\"Lirita : Mos u merr me Adel\u00c3\u00abn | Big Brother Albania 2\",\"isPartOf\":{\"@id\":\"https:\/\/www.visit-ulcinj.com\/blog\/#website\"},\"primaryImageOfPage\":{\"@id\":\"https:\/\/www.visit-ulcinj.com\/blog\/2009\/03\/25\/lirita-mos-u-merr-me-adelen\/#primaryimage\"},\"datePublished\":\"2009-03-25T21:06:22+00:00\",\"dateModified\":\"2009-03-25T21:06:22+00:00\",\"author\":{\"@id\":\"https:\/\/www.visit-ulcinj.com\/blog\/#\/schema\/person\/dcab619c614d3038751c63bc2aadc06d\"},\"description\":\"Big Brother Albania 2 - Lirita i ka th\u00c3\u00abn\u00c3\u00ab Aid\u00c3\u00abs t\u00c3\u00ab mos merrej me Adel\u00c3\u00abn, pavar\u00c3\u00absisht se cfar\u00c3\u00ab mund t\u00c3\u00ab thoshte kjo e fundit. Sipas Lirit\u00c3\u00abs, Aida po nervozohej m\u00c3\u00ab shum\u00c3\u00ab se \u00c3\u00a7\u00e2\u20ac\u2122duhej.\",\"breadcrumb\":{\"@id\":\"https:\/\/www.visit-ulcinj.com\/blog\/2009\/03\/25\/lirita-mos-u-merr-me-adelen\/#breadcrumb\"},\"inLanguage\":\"en-US\",\"potentialAction\":[{\"@type\":\"ReadAction\",\"target\":[\"https:\/\/www.visit-ulcinj.com\/blog\/2009\/03\/25\/lirita-mos-u-merr-me-adelen\/\"]}]},{\"@type\":\"BreadcrumbList\",\"@id\":\"https:\/\/www.visit-ulcinj.com\/blog\/2009\/03\/25\/lirita-mos-u-merr-me-adelen\/#breadcrumb\",\"itemListElement\":[{\"@type\":\"ListItem\",\"position\":1,\"name\":\"Lirita : Mos u merr me Adel\u00ebn\"}]},{\"@type\":\"Person\",\"@id\":\"https:\/\/www.visit-ulcinj.com\/blog\/#\/schema\/person\/dcab619c614d3038751c63bc2aadc06d\",\"name\":\"ulqini\",\"sameAs\":[\"http:\/\/www.visit-ulcinj.com\"],\"url\":\"https:\/\/www.visit-ulcinj.com\/blog\/author\/admin\/\"}]}<\/script>\n<!-- \/ Yoast SEO plugin. -->","yoast_head_json":{"title":"Lirita : Mos u merr me Adel\u00c3\u00abn | Big Brother Albania 2","description":"Big Brother Albania 2 - Lirita i ka th\u00c3\u00abn\u00c3\u00ab Aid\u00c3\u00abs t\u00c3\u00ab mos merrej me Adel\u00c3\u00abn, pavar\u00c3\u00absisht se cfar\u00c3\u00ab mund t\u00c3\u00ab thoshte kjo e fundit. Sipas Lirit\u00c3\u00abs, Aida po nervozohej m\u00c3\u00ab shum\u00c3\u00ab se \u00c3\u00a7\u00e2\u20ac\u2122duhej.","robots":{"index":"index","follow":"follow","max-snippet":"max-snippet:-1","max-image-preview":"max-image-preview:large","max-video-preview":"max-video-preview:-1"},"canonical":"https:\/\/www.visit-ulcinj.com\/blog\/2009\/03\/25\/lirita-mos-u-merr-me-adelen\/","og_locale":"en_US","og_type":"article","og_title":"Lirita : Mos u merr me Adel\u00c3\u00abn | Big Brother Albania 2","og_description":"Big Brother Albania 2 - Lirita i ka th\u00c3\u00abn\u00c3\u00ab Aid\u00c3\u00abs t\u00c3\u00ab mos merrej me Adel\u00c3\u00abn, pavar\u00c3\u00absisht se cfar\u00c3\u00ab mund t\u00c3\u00ab thoshte kjo e fundit. Sipas Lirit\u00c3\u00abs, Aida po nervozohej m\u00c3\u00ab shum\u00c3\u00ab se \u00c3\u00a7\u00e2\u20ac\u2122duhej.","og_url":"https:\/\/www.visit-ulcinj.com\/blog\/2009\/03\/25\/lirita-mos-u-merr-me-adelen\/","og_site_name":"Lajme nga Ulqini","article_published_time":"2009-03-25T21:06:22+00:00","og_image":[{"url":"http:\/\/www.visit-ulcinj.com\/blog\/wp-content\/uploads\/2009\/03\/aide-lirita-adela.jpg"}],"twitter_misc":{"Written by":"ulqini"},"schema":{"@context":"https:\/\/schema.org","@graph":[{"@type":"WebSite","@id":"https:\/\/www.visit-ulcinj.com\/blog\/#website","url":"https:\/\/www.visit-ulcinj.com\/blog\/","name":"Lajme nga Ulqini","description":"Lajme,Vijesti,Ulqini,Ulqin,Crna Gora,Mali i Zi","potentialAction":[{"@type":"SearchAction","target":{"@type":"EntryPoint","urlTemplate":"https:\/\/www.visit-ulcinj.com\/blog\/?s={search_term_string}"},"query-input":"required name=search_term_string"}],"inLanguage":"en-US"},{"@type":"ImageObject","inLanguage":"en-US","@id":"https:\/\/www.visit-ulcinj.com\/blog\/2009\/03\/25\/lirita-mos-u-merr-me-adelen\/#primaryimage","url":"http:\/\/www.visit-ulcinj.com\/blog\/wp-content\/uploads\/2009\/03\/aide-lirita-adela.jpg","contentUrl":"http:\/\/www.visit-ulcinj.com\/blog\/wp-content\/uploads\/2009\/03\/aide-lirita-adela.jpg"},{"@type":"WebPage","@id":"https:\/\/www.visit-ulcinj.com\/blog\/2009\/03\/25\/lirita-mos-u-merr-me-adelen\/#webpage","url":"https:\/\/www.visit-ulcinj.com\/blog\/2009\/03\/25\/lirita-mos-u-merr-me-adelen\/","name":"Lirita : Mos u merr me Adel\u00c3\u00abn | Big Brother Albania 2","isPartOf":{"@id":"https:\/\/www.visit-ulcinj.com\/blog\/#website"},"primaryImageOfPage":{"@id":"https:\/\/www.visit-ulcinj.com\/blog\/2009\/03\/25\/lirita-mos-u-merr-me-adelen\/#primaryimage"},"datePublished":"2009-03-25T21:06:22+00:00","dateModified":"2009-03-25T21:06:22+00:00","author":{"@id":"https:\/\/www.visit-ulcinj.com\/blog\/#\/schema\/person\/dcab619c614d3038751c63bc2aadc06d"},"description":"Big Brother Albania 2 - Lirita i ka th\u00c3\u00abn\u00c3\u00ab Aid\u00c3\u00abs t\u00c3\u00ab mos merrej me Adel\u00c3\u00abn, pavar\u00c3\u00absisht se cfar\u00c3\u00ab mund t\u00c3\u00ab thoshte kjo e fundit. Sipas Lirit\u00c3\u00abs, Aida po nervozohej m\u00c3\u00ab shum\u00c3\u00ab se \u00c3\u00a7\u00e2\u20ac\u2122duhej.","breadcrumb":{"@id":"https:\/\/www.visit-ulcinj.com\/blog\/2009\/03\/25\/lirita-mos-u-merr-me-adelen\/#breadcrumb"},"inLanguage":"en-US","potentialAction":[{"@type":"ReadAction","target":["https:\/\/www.visit-ulcinj.com\/blog\/2009\/03\/25\/lirita-mos-u-merr-me-adelen\/"]}]},{"@type":"BreadcrumbList","@id":"https:\/\/www.visit-ulcinj.com\/blog\/2009\/03\/25\/lirita-mos-u-merr-me-adelen\/#breadcrumb","itemListElement":[{"@type":"ListItem","position":1,"name":"Lirita : Mos u merr me Adel\u00ebn"}]},{"@type":"Person","@id":"https:\/\/www.visit-ulcinj.com\/blog\/#\/schema\/person\/dcab619c614d3038751c63bc2aadc06d","name":"ulqini","sameAs":["http:\/\/www.visit-ulcinj.com"],"url":"https:\/\/www.visit-ulcinj.com\/blog\/author\/admin\/"}]}},"jetpack_featured_media_url":"","jetpack_sharing_enabled":true,"jetpack_shortlink":"https:\/\/wp.me\/pe6lTn-43T","_links":{"self":[{"href":"https:\/\/www.visit-ulcinj.com\/blog\/wp-json\/wp\/v2\/posts\/15617"}],"collection":[{"href":"https:\/\/www.visit-ulcinj.com\/blog\/wp-json\/wp\/v2\/posts"}],"about":[{"href":"https:\/\/www.visit-ulcinj.com\/blog\/wp-json\/wp\/v2\/types\/post"}],"author":[{"embeddable":true,"href":"https:\/\/www.visit-ulcinj.com\/blog\/wp-json\/wp\/v2\/users\/1"}],"replies":[{"embeddable":true,"href":"https:\/\/www.visit-ulcinj.com\/blog\/wp-json\/wp\/v2\/comments?post=15617"}],"version-history":[{"count":0,"href":"https:\/\/www.visit-ulcinj.com\/blog\/wp-json\/wp\/v2\/posts\/15617\/revisions"}],"wp:attachment":[{"href":"https:\/\/www.visit-ulcinj.com\/blog\/wp-json\/wp\/v2\/media?parent=15617"}],"wp:term":[{"taxonomy":"category","embeddable":true,"href":"https:\/\/www.visit-ulcinj.com\/blog\/wp-json\/wp\/v2\/categories?post=15617"},{"taxonomy":"post_tag","embeddable":true,"href":"https:\/\/www.visit-ulcinj.com\/blog\/wp-json\/wp\/v2\/tags?post=15617"}],"curies":[{"name":"wp","href":"https:\/\/api.w.org\/{rel}","templated":true}]}}