{"id":15627,"date":"2009-03-26T00:15:36","date_gmt":"2009-03-25T23:15:36","guid":{"rendered":"http:\/\/www.visit-ulcinj.com\/blog\/?p=15627"},"modified":"2009-03-26T00:15:36","modified_gmt":"2009-03-25T23:15:36","slug":"aida-e-bera-per-te-njohur-mimozen","status":"publish","type":"post","link":"https:\/\/www.visit-ulcinj.com\/blog\/2009\/03\/26\/aida-e-bera-per-te-njohur-mimozen\/","title":{"rendered":"Aida : E b\u00ebra p\u00ebr t\u00eb njohur Mimoz\u00ebn"},"content":{"rendered":"<p><em><span class=\"newsdate\"><a href=\"http:\/\/www.visit-ulcinj.com\/blog\/wp-content\/uploads\/2009\/03\/aida-per-mimozen-copy.jpg\"><img loading=\"lazy\" class=\"alignleft size-full wp-image-15644\" title=\"aida-per-mimozen-big-brother-albania-2\" src=\"http:\/\/www.visit-ulcinj.com\/blog\/wp-content\/uploads\/2009\/03\/aida-per-mimozen-copy.jpg\" alt=\"aida-per-mimozen-big-brother-albania-2\" width=\"300\" height=\"205\" \/><\/a>25\/03\/09 03:14<\/span><\/em><\/p>\n<p>Gjat\u00eb debatit midis Aid\u00ebs dhe Adel\u00ebs, kjo e fundit i tha Aid\u00ebs se i ishte shprehur dikujt, q\u00eb m\u00eb pas ia kishte treguar asaj, se Adelajda nuk e donte qytetin e vet. Duke komentuar m\u00eb pas k\u00ebt\u00eb me Lirit\u00ebn, Aida tha se Adel\u00ebs ia kishte treguar Mimoza dhe se ajo e kishte b\u00ebr\u00eb q\u00ebllimisht, p\u00ebr t\u00eb kuptuar n\u00ebse Mimoza do t\u00eb shkonte t\u2019ia thoshte apo jo Adel\u00ebs. \u201cK\u00ebta kujtojn\u00eb se un\u00eb e hap goj\u00ebn kot!\u201d \u2013 i ka th\u00ebn\u00eb ajo Lirit\u00ebs. N\u00eb t\u00eb v\u00ebrtet\u00eb, sipas saj, p.sh gjat\u00eb debatit, ajo kishte studiuar gjat\u00eb gjith\u00eb koh\u00ebs si Anjez\u00ebn, si Dritanin, si t\u00eb tjer\u00ebt.<\/p>\n","protected":false},"excerpt":{"rendered":"<p>25\/03\/09 03:14 Gjat\u00eb debatit midis Aid\u00ebs dhe Adel\u00ebs, kjo e fundit i tha Aid\u00ebs se i ishte shprehur dikujt, q\u00eb m\u00eb pas ia kishte treguar asaj, se Adelajda nuk e donte qytetin e vet. Duke komentuar m\u00eb pas k\u00ebt\u00eb me Lirit\u00ebn, Aida tha se Adel\u00ebs ia kishte treguar Mimoza dhe se ajo e kishte b\u00ebr\u00eb [&hellip;]<\/p>\n","protected":false},"author":1,"featured_media":0,"comment_status":"open","ping_status":"closed","sticky":false,"template":"","format":"standard","meta":{"spay_email":"","jetpack_publicize_message":"","jetpack_is_tweetstorm":false,"jetpack_publicize_feature_enabled":true},"categories":[6502],"tags":[6529,6537,6883,6516,6712,6544,6891],"jetpack_publicize_connections":[],"yoast_head":"<!-- This site is optimized with the Yoast SEO plugin v19.1 - https:\/\/yoast.com\/wordpress\/plugins\/seo\/ -->\n<title>Aida : E b\u00c3\u00abra p\u00c3\u00abr t\u00c3\u00ab njohur Mimoz\u00c3\u00abn | Big Brother Albania 2<\/title>\n<meta name=\"description\" content=\"Big Brother Albania 2 - Gjat\u00c3\u00ab debatit midis Aid\u00c3\u00abs dhe Adel\u00c3\u00abs, kjo e fundit i tha Aid\u00c3\u00abs se i ishte shprehur dikujt, q\u00c3\u00ab m\u00c3\u00ab pas ia kishte treguar asaj, se Adelajda nuk e donte qytetin e vet.\" \/>\n<meta name=\"robots\" content=\"index, follow, max-snippet:-1, max-image-preview:large, max-video-preview:-1\" \/>\n<link rel=\"canonical\" href=\"https:\/\/www.visit-ulcinj.com\/blog\/2009\/03\/26\/aida-e-bera-per-te-njohur-mimozen\/\" \/>\n<meta property=\"og:locale\" content=\"en_US\" \/>\n<meta property=\"og:type\" content=\"article\" \/>\n<meta property=\"og:title\" content=\"Aida : E b\u00c3\u00abra p\u00c3\u00abr t\u00c3\u00ab njohur Mimoz\u00c3\u00abn | Big Brother Albania 2\" \/>\n<meta property=\"og:description\" content=\"Big Brother Albania 2 - Gjat\u00c3\u00ab debatit midis Aid\u00c3\u00abs dhe Adel\u00c3\u00abs, kjo e fundit i tha Aid\u00c3\u00abs se i ishte shprehur dikujt, q\u00c3\u00ab m\u00c3\u00ab pas ia kishte treguar asaj, se Adelajda nuk e donte qytetin e vet.\" \/>\n<meta property=\"og:url\" content=\"https:\/\/www.visit-ulcinj.com\/blog\/2009\/03\/26\/aida-e-bera-per-te-njohur-mimozen\/\" \/>\n<meta property=\"og:site_name\" content=\"Lajme nga Ulqini\" \/>\n<meta property=\"article:published_time\" content=\"2009-03-25T23:15:36+00:00\" \/>\n<meta property=\"og:image\" content=\"http:\/\/www.visit-ulcinj.com\/blog\/wp-content\/uploads\/2009\/03\/aida-per-mimozen-copy.jpg\" \/>\n<meta name=\"twitter:label1\" content=\"Written by\" \/>\n\t<meta name=\"twitter:data1\" content=\"ulqini\" \/>\n\t<meta name=\"twitter:label2\" content=\"Est. reading time\" \/>\n\t<meta name=\"twitter:data2\" content=\"1 minute\" \/>\n<script type=\"application\/ld+json\" class=\"yoast-schema-graph\">{\"@context\":\"https:\/\/schema.org\",\"@graph\":[{\"@type\":\"WebSite\",\"@id\":\"https:\/\/www.visit-ulcinj.com\/blog\/#website\",\"url\":\"https:\/\/www.visit-ulcinj.com\/blog\/\",\"name\":\"Lajme nga Ulqini\",\"description\":\"Lajme,Vijesti,Ulqini,Ulqin,Crna Gora,Mali i Zi\",\"potentialAction\":[{\"@type\":\"SearchAction\",\"target\":{\"@type\":\"EntryPoint\",\"urlTemplate\":\"https:\/\/www.visit-ulcinj.com\/blog\/?s={search_term_string}\"},\"query-input\":\"required name=search_term_string\"}],\"inLanguage\":\"en-US\"},{\"@type\":\"ImageObject\",\"inLanguage\":\"en-US\",\"@id\":\"https:\/\/www.visit-ulcinj.com\/blog\/2009\/03\/26\/aida-e-bera-per-te-njohur-mimozen\/#primaryimage\",\"url\":\"http:\/\/www.visit-ulcinj.com\/blog\/wp-content\/uploads\/2009\/03\/aida-per-mimozen-copy.jpg\",\"contentUrl\":\"http:\/\/www.visit-ulcinj.com\/blog\/wp-content\/uploads\/2009\/03\/aida-per-mimozen-copy.jpg\"},{\"@type\":\"WebPage\",\"@id\":\"https:\/\/www.visit-ulcinj.com\/blog\/2009\/03\/26\/aida-e-bera-per-te-njohur-mimozen\/#webpage\",\"url\":\"https:\/\/www.visit-ulcinj.com\/blog\/2009\/03\/26\/aida-e-bera-per-te-njohur-mimozen\/\",\"name\":\"Aida : E b\u00c3\u00abra p\u00c3\u00abr t\u00c3\u00ab njohur Mimoz\u00c3\u00abn | Big Brother Albania 2\",\"isPartOf\":{\"@id\":\"https:\/\/www.visit-ulcinj.com\/blog\/#website\"},\"primaryImageOfPage\":{\"@id\":\"https:\/\/www.visit-ulcinj.com\/blog\/2009\/03\/26\/aida-e-bera-per-te-njohur-mimozen\/#primaryimage\"},\"datePublished\":\"2009-03-25T23:15:36+00:00\",\"dateModified\":\"2009-03-25T23:15:36+00:00\",\"author\":{\"@id\":\"https:\/\/www.visit-ulcinj.com\/blog\/#\/schema\/person\/dcab619c614d3038751c63bc2aadc06d\"},\"description\":\"Big Brother Albania 2 - Gjat\u00c3\u00ab debatit midis Aid\u00c3\u00abs dhe Adel\u00c3\u00abs, kjo e fundit i tha Aid\u00c3\u00abs se i ishte shprehur dikujt, q\u00c3\u00ab m\u00c3\u00ab pas ia kishte treguar asaj, se Adelajda nuk e donte qytetin e vet.\",\"breadcrumb\":{\"@id\":\"https:\/\/www.visit-ulcinj.com\/blog\/2009\/03\/26\/aida-e-bera-per-te-njohur-mimozen\/#breadcrumb\"},\"inLanguage\":\"en-US\",\"potentialAction\":[{\"@type\":\"ReadAction\",\"target\":[\"https:\/\/www.visit-ulcinj.com\/blog\/2009\/03\/26\/aida-e-bera-per-te-njohur-mimozen\/\"]}]},{\"@type\":\"BreadcrumbList\",\"@id\":\"https:\/\/www.visit-ulcinj.com\/blog\/2009\/03\/26\/aida-e-bera-per-te-njohur-mimozen\/#breadcrumb\",\"itemListElement\":[{\"@type\":\"ListItem\",\"position\":1,\"name\":\"Aida : E b\u00ebra p\u00ebr t\u00eb njohur Mimoz\u00ebn\"}]},{\"@type\":\"Person\",\"@id\":\"https:\/\/www.visit-ulcinj.com\/blog\/#\/schema\/person\/dcab619c614d3038751c63bc2aadc06d\",\"name\":\"ulqini\",\"sameAs\":[\"http:\/\/www.visit-ulcinj.com\"],\"url\":\"https:\/\/www.visit-ulcinj.com\/blog\/author\/admin\/\"}]}<\/script>\n<!-- \/ Yoast SEO plugin. -->","yoast_head_json":{"title":"Aida : E b\u00c3\u00abra p\u00c3\u00abr t\u00c3\u00ab njohur Mimoz\u00c3\u00abn | Big Brother Albania 2","description":"Big Brother Albania 2 - Gjat\u00c3\u00ab debatit midis Aid\u00c3\u00abs dhe Adel\u00c3\u00abs, kjo e fundit i tha Aid\u00c3\u00abs se i ishte shprehur dikujt, q\u00c3\u00ab m\u00c3\u00ab pas ia kishte treguar asaj, se Adelajda nuk e donte qytetin e vet.","robots":{"index":"index","follow":"follow","max-snippet":"max-snippet:-1","max-image-preview":"max-image-preview:large","max-video-preview":"max-video-preview:-1"},"canonical":"https:\/\/www.visit-ulcinj.com\/blog\/2009\/03\/26\/aida-e-bera-per-te-njohur-mimozen\/","og_locale":"en_US","og_type":"article","og_title":"Aida : E b\u00c3\u00abra p\u00c3\u00abr t\u00c3\u00ab njohur Mimoz\u00c3\u00abn | Big Brother Albania 2","og_description":"Big Brother Albania 2 - Gjat\u00c3\u00ab debatit midis Aid\u00c3\u00abs dhe Adel\u00c3\u00abs, kjo e fundit i tha Aid\u00c3\u00abs se i ishte shprehur dikujt, q\u00c3\u00ab m\u00c3\u00ab pas ia kishte treguar asaj, se Adelajda nuk e donte qytetin e vet.","og_url":"https:\/\/www.visit-ulcinj.com\/blog\/2009\/03\/26\/aida-e-bera-per-te-njohur-mimozen\/","og_site_name":"Lajme nga Ulqini","article_published_time":"2009-03-25T23:15:36+00:00","og_image":[{"url":"http:\/\/www.visit-ulcinj.com\/blog\/wp-content\/uploads\/2009\/03\/aida-per-mimozen-copy.jpg"}],"twitter_misc":{"Written by":"ulqini","Est. reading time":"1 minute"},"schema":{"@context":"https:\/\/schema.org","@graph":[{"@type":"WebSite","@id":"https:\/\/www.visit-ulcinj.com\/blog\/#website","url":"https:\/\/www.visit-ulcinj.com\/blog\/","name":"Lajme nga Ulqini","description":"Lajme,Vijesti,Ulqini,Ulqin,Crna Gora,Mali i Zi","potentialAction":[{"@type":"SearchAction","target":{"@type":"EntryPoint","urlTemplate":"https:\/\/www.visit-ulcinj.com\/blog\/?s={search_term_string}"},"query-input":"required name=search_term_string"}],"inLanguage":"en-US"},{"@type":"ImageObject","inLanguage":"en-US","@id":"https:\/\/www.visit-ulcinj.com\/blog\/2009\/03\/26\/aida-e-bera-per-te-njohur-mimozen\/#primaryimage","url":"http:\/\/www.visit-ulcinj.com\/blog\/wp-content\/uploads\/2009\/03\/aida-per-mimozen-copy.jpg","contentUrl":"http:\/\/www.visit-ulcinj.com\/blog\/wp-content\/uploads\/2009\/03\/aida-per-mimozen-copy.jpg"},{"@type":"WebPage","@id":"https:\/\/www.visit-ulcinj.com\/blog\/2009\/03\/26\/aida-e-bera-per-te-njohur-mimozen\/#webpage","url":"https:\/\/www.visit-ulcinj.com\/blog\/2009\/03\/26\/aida-e-bera-per-te-njohur-mimozen\/","name":"Aida : E b\u00c3\u00abra p\u00c3\u00abr t\u00c3\u00ab njohur Mimoz\u00c3\u00abn | Big Brother Albania 2","isPartOf":{"@id":"https:\/\/www.visit-ulcinj.com\/blog\/#website"},"primaryImageOfPage":{"@id":"https:\/\/www.visit-ulcinj.com\/blog\/2009\/03\/26\/aida-e-bera-per-te-njohur-mimozen\/#primaryimage"},"datePublished":"2009-03-25T23:15:36+00:00","dateModified":"2009-03-25T23:15:36+00:00","author":{"@id":"https:\/\/www.visit-ulcinj.com\/blog\/#\/schema\/person\/dcab619c614d3038751c63bc2aadc06d"},"description":"Big Brother Albania 2 - Gjat\u00c3\u00ab debatit midis Aid\u00c3\u00abs dhe Adel\u00c3\u00abs, kjo e fundit i tha Aid\u00c3\u00abs se i ishte shprehur dikujt, q\u00c3\u00ab m\u00c3\u00ab pas ia kishte treguar asaj, se Adelajda nuk e donte qytetin e vet.","breadcrumb":{"@id":"https:\/\/www.visit-ulcinj.com\/blog\/2009\/03\/26\/aida-e-bera-per-te-njohur-mimozen\/#breadcrumb"},"inLanguage":"en-US","potentialAction":[{"@type":"ReadAction","target":["https:\/\/www.visit-ulcinj.com\/blog\/2009\/03\/26\/aida-e-bera-per-te-njohur-mimozen\/"]}]},{"@type":"BreadcrumbList","@id":"https:\/\/www.visit-ulcinj.com\/blog\/2009\/03\/26\/aida-e-bera-per-te-njohur-mimozen\/#breadcrumb","itemListElement":[{"@type":"ListItem","position":1,"name":"Aida : E b\u00ebra p\u00ebr t\u00eb njohur Mimoz\u00ebn"}]},{"@type":"Person","@id":"https:\/\/www.visit-ulcinj.com\/blog\/#\/schema\/person\/dcab619c614d3038751c63bc2aadc06d","name":"ulqini","sameAs":["http:\/\/www.visit-ulcinj.com"],"url":"https:\/\/www.visit-ulcinj.com\/blog\/author\/admin\/"}]}},"jetpack_featured_media_url":"","jetpack_sharing_enabled":true,"jetpack_shortlink":"https:\/\/wp.me\/pe6lTn-443","_links":{"self":[{"href":"https:\/\/www.visit-ulcinj.com\/blog\/wp-json\/wp\/v2\/posts\/15627"}],"collection":[{"href":"https:\/\/www.visit-ulcinj.com\/blog\/wp-json\/wp\/v2\/posts"}],"about":[{"href":"https:\/\/www.visit-ulcinj.com\/blog\/wp-json\/wp\/v2\/types\/post"}],"author":[{"embeddable":true,"href":"https:\/\/www.visit-ulcinj.com\/blog\/wp-json\/wp\/v2\/users\/1"}],"replies":[{"embeddable":true,"href":"https:\/\/www.visit-ulcinj.com\/blog\/wp-json\/wp\/v2\/comments?post=15627"}],"version-history":[{"count":0,"href":"https:\/\/www.visit-ulcinj.com\/blog\/wp-json\/wp\/v2\/posts\/15627\/revisions"}],"wp:attachment":[{"href":"https:\/\/www.visit-ulcinj.com\/blog\/wp-json\/wp\/v2\/media?parent=15627"}],"wp:term":[{"taxonomy":"category","embeddable":true,"href":"https:\/\/www.visit-ulcinj.com\/blog\/wp-json\/wp\/v2\/categories?post=15627"},{"taxonomy":"post_tag","embeddable":true,"href":"https:\/\/www.visit-ulcinj.com\/blog\/wp-json\/wp\/v2\/tags?post=15627"}],"curies":[{"name":"wp","href":"https:\/\/api.w.org\/{rel}","templated":true}]}}