{"id":15649,"date":"2009-03-26T00:21:52","date_gmt":"2009-03-25T23:21:52","guid":{"rendered":"http:\/\/www.visit-ulcinj.com\/blog\/?p=15649"},"modified":"2009-03-26T00:21:52","modified_gmt":"2009-03-25T23:21:52","slug":"bika-tema-ishte-kot","status":"publish","type":"post","link":"https:\/\/www.visit-ulcinj.com\/blog\/2009\/03\/26\/bika-tema-ishte-kot\/","title":{"rendered":"Bika: Tema ishte kot"},"content":{"rendered":"<p><em><span class=\"newsdate\"><a href=\"http:\/\/www.visit-ulcinj.com\/blog\/wp-content\/uploads\/2009\/03\/bika-per-temen.jpg\"><img loading=\"lazy\" class=\"alignleft size-full wp-image-15650\" title=\"bika-per-temen-big-brother-albania-2\" src=\"http:\/\/www.visit-ulcinj.com\/blog\/wp-content\/uploads\/2009\/03\/bika-per-temen.jpg\" alt=\"bika-per-temen-big-brother-albania-2\" width=\"300\" height=\"205\" \/><\/a>25\/03\/09 17:50<\/span><\/em><\/p>\n<p>Dritani dhe Republika diskutojn\u00eb p\u00ebr nominimet. Republika mendon q\u00eb jav\u00ebn q\u00eb vjen ata t\u00eb dy, dhe Bjordi do nominohen. Sipas Dritanit nominimi \u00ebsht\u00eb nj\u00eb gj\u00eb e mir\u00eb.Ai diskuton p\u00ebr Aid\u00ebn ,dhe thot\u00eb q\u00eb nuk i p\u00eblqeu reagimi i Aid\u00ebs n\u00eb spetak\u00ebl kur i tha Qetsorit se kush nuk ka dal\u00eb n\u00eb nominim, me nj\u00eb buz\u00ebqeshje ironike. Sipas tij ajo shtiret, pasi ajo me Qetsorin nuk shkojn\u00eb mir\u00eb, dhe papritur b\u00ebhet si v\u00eblla e mot\u00ebr.Republika thot\u00eb q\u00eb jan\u00eb shtuar shum\u00eb banor\u00ebt koh\u00ebt e fundit. Dritani i thot\u00eb q\u00eb tani banor\u00ebt po b\u00ebhen grupe-grupe. Ato diskutojn\u00eb p\u00ebr tem\u00ebn e Aid\u00ebs. Ato thon\u00eb q\u00eb Aida nuk u soll mir\u00eb me Adelajd\u00ebn. Republika thot\u00eb q\u00eb Adelajda nuk \u00ebsht\u00eb e zonja t\u00eb reagoj\u00eb at\u00ebher\u00eb kur duhet. Dritani thot\u00eb:-\u201cP\u00ebr mua ,ka ulur pik\u00eb Aida!\u201d Sipas Republik\u00ebs Aida ka ndryshuar shum\u00eb koh\u00ebt e fundit. Sipas Dritanit tek tema e Aid\u00ebs t\u00eb gjith\u00eb fol\u00ebn secili p\u00ebr vete. Republika thot\u00eb:-\u201cTema ishte<\/p>\n","protected":false},"excerpt":{"rendered":"<p>25\/03\/09 17:50 Dritani dhe Republika diskutojn\u00eb p\u00ebr nominimet. Republika mendon q\u00eb jav\u00ebn q\u00eb vjen ata t\u00eb dy, dhe Bjordi do nominohen. Sipas Dritanit nominimi \u00ebsht\u00eb nj\u00eb gj\u00eb e mir\u00eb.Ai diskuton p\u00ebr Aid\u00ebn ,dhe thot\u00eb q\u00eb nuk i p\u00eblqeu reagimi i Aid\u00ebs n\u00eb spetak\u00ebl kur i tha Qetsorit se kush nuk ka dal\u00eb n\u00eb nominim, me [&hellip;]<\/p>\n","protected":false},"author":1,"featured_media":0,"comment_status":"open","ping_status":"closed","sticky":false,"template":"","format":"standard","meta":{"spay_email":"","jetpack_publicize_message":"","jetpack_is_tweetstorm":false,"jetpack_publicize_feature_enabled":true},"categories":[6502],"tags":[6537,6883,6516,6712,6740,6521,262,6891],"jetpack_publicize_connections":[],"yoast_head":"<!-- This site is optimized with the Yoast SEO plugin v19.1 - https:\/\/yoast.com\/wordpress\/plugins\/seo\/ -->\n<title>Bika: Tema ishte kot | Big Brother Albania 2<\/title>\n<meta name=\"description\" content=\"Big Brother Albania 2 - Dritani dhe Republika diskutojn\u00c3\u00ab p\u00c3\u00abr nominimet. Republika mendon q\u00c3\u00ab jav\u00c3\u00abn q\u00c3\u00ab vjen ata t\u00c3\u00ab dy, dhe Bjordi do nominohen.\" \/>\n<meta name=\"robots\" content=\"index, follow, max-snippet:-1, max-image-preview:large, max-video-preview:-1\" \/>\n<link rel=\"canonical\" href=\"https:\/\/www.visit-ulcinj.com\/blog\/2009\/03\/26\/bika-tema-ishte-kot\/\" \/>\n<meta property=\"og:locale\" content=\"en_US\" \/>\n<meta property=\"og:type\" content=\"article\" \/>\n<meta property=\"og:title\" content=\"Bika: Tema ishte kot | Big Brother Albania 2\" \/>\n<meta property=\"og:description\" content=\"Big Brother Albania 2 - Dritani dhe Republika diskutojn\u00c3\u00ab p\u00c3\u00abr nominimet. Republika mendon q\u00c3\u00ab jav\u00c3\u00abn q\u00c3\u00ab vjen ata t\u00c3\u00ab dy, dhe Bjordi do nominohen.\" \/>\n<meta property=\"og:url\" content=\"https:\/\/www.visit-ulcinj.com\/blog\/2009\/03\/26\/bika-tema-ishte-kot\/\" \/>\n<meta property=\"og:site_name\" content=\"Lajme nga Ulqini\" \/>\n<meta property=\"article:published_time\" content=\"2009-03-25T23:21:52+00:00\" \/>\n<meta property=\"og:image\" content=\"http:\/\/www.visit-ulcinj.com\/blog\/wp-content\/uploads\/2009\/03\/bika-per-temen.jpg\" \/>\n<meta name=\"twitter:label1\" content=\"Written by\" \/>\n\t<meta name=\"twitter:data1\" content=\"ulqini\" \/>\n\t<meta name=\"twitter:label2\" content=\"Est. reading time\" \/>\n\t<meta name=\"twitter:data2\" content=\"1 minute\" \/>\n<script type=\"application\/ld+json\" class=\"yoast-schema-graph\">{\"@context\":\"https:\/\/schema.org\",\"@graph\":[{\"@type\":\"WebSite\",\"@id\":\"https:\/\/www.visit-ulcinj.com\/blog\/#website\",\"url\":\"https:\/\/www.visit-ulcinj.com\/blog\/\",\"name\":\"Lajme nga Ulqini\",\"description\":\"Lajme,Vijesti,Ulqini,Ulqin,Crna Gora,Mali i Zi\",\"potentialAction\":[{\"@type\":\"SearchAction\",\"target\":{\"@type\":\"EntryPoint\",\"urlTemplate\":\"https:\/\/www.visit-ulcinj.com\/blog\/?s={search_term_string}\"},\"query-input\":\"required name=search_term_string\"}],\"inLanguage\":\"en-US\"},{\"@type\":\"ImageObject\",\"inLanguage\":\"en-US\",\"@id\":\"https:\/\/www.visit-ulcinj.com\/blog\/2009\/03\/26\/bika-tema-ishte-kot\/#primaryimage\",\"url\":\"http:\/\/www.visit-ulcinj.com\/blog\/wp-content\/uploads\/2009\/03\/bika-per-temen.jpg\",\"contentUrl\":\"http:\/\/www.visit-ulcinj.com\/blog\/wp-content\/uploads\/2009\/03\/bika-per-temen.jpg\"},{\"@type\":\"WebPage\",\"@id\":\"https:\/\/www.visit-ulcinj.com\/blog\/2009\/03\/26\/bika-tema-ishte-kot\/#webpage\",\"url\":\"https:\/\/www.visit-ulcinj.com\/blog\/2009\/03\/26\/bika-tema-ishte-kot\/\",\"name\":\"Bika: Tema ishte kot | Big Brother Albania 2\",\"isPartOf\":{\"@id\":\"https:\/\/www.visit-ulcinj.com\/blog\/#website\"},\"primaryImageOfPage\":{\"@id\":\"https:\/\/www.visit-ulcinj.com\/blog\/2009\/03\/26\/bika-tema-ishte-kot\/#primaryimage\"},\"datePublished\":\"2009-03-25T23:21:52+00:00\",\"dateModified\":\"2009-03-25T23:21:52+00:00\",\"author\":{\"@id\":\"https:\/\/www.visit-ulcinj.com\/blog\/#\/schema\/person\/dcab619c614d3038751c63bc2aadc06d\"},\"description\":\"Big Brother Albania 2 - Dritani dhe Republika diskutojn\u00c3\u00ab p\u00c3\u00abr nominimet. Republika mendon q\u00c3\u00ab jav\u00c3\u00abn q\u00c3\u00ab vjen ata t\u00c3\u00ab dy, dhe Bjordi do nominohen.\",\"breadcrumb\":{\"@id\":\"https:\/\/www.visit-ulcinj.com\/blog\/2009\/03\/26\/bika-tema-ishte-kot\/#breadcrumb\"},\"inLanguage\":\"en-US\",\"potentialAction\":[{\"@type\":\"ReadAction\",\"target\":[\"https:\/\/www.visit-ulcinj.com\/blog\/2009\/03\/26\/bika-tema-ishte-kot\/\"]}]},{\"@type\":\"BreadcrumbList\",\"@id\":\"https:\/\/www.visit-ulcinj.com\/blog\/2009\/03\/26\/bika-tema-ishte-kot\/#breadcrumb\",\"itemListElement\":[{\"@type\":\"ListItem\",\"position\":1,\"name\":\"Bika: Tema ishte kot\"}]},{\"@type\":\"Person\",\"@id\":\"https:\/\/www.visit-ulcinj.com\/blog\/#\/schema\/person\/dcab619c614d3038751c63bc2aadc06d\",\"name\":\"ulqini\",\"sameAs\":[\"http:\/\/www.visit-ulcinj.com\"],\"url\":\"https:\/\/www.visit-ulcinj.com\/blog\/author\/admin\/\"}]}<\/script>\n<!-- \/ Yoast SEO plugin. -->","yoast_head_json":{"title":"Bika: Tema ishte kot | Big Brother Albania 2","description":"Big Brother Albania 2 - Dritani dhe Republika diskutojn\u00c3\u00ab p\u00c3\u00abr nominimet. Republika mendon q\u00c3\u00ab jav\u00c3\u00abn q\u00c3\u00ab vjen ata t\u00c3\u00ab dy, dhe Bjordi do nominohen.","robots":{"index":"index","follow":"follow","max-snippet":"max-snippet:-1","max-image-preview":"max-image-preview:large","max-video-preview":"max-video-preview:-1"},"canonical":"https:\/\/www.visit-ulcinj.com\/blog\/2009\/03\/26\/bika-tema-ishte-kot\/","og_locale":"en_US","og_type":"article","og_title":"Bika: Tema ishte kot | Big Brother Albania 2","og_description":"Big Brother Albania 2 - Dritani dhe Republika diskutojn\u00c3\u00ab p\u00c3\u00abr nominimet. Republika mendon q\u00c3\u00ab jav\u00c3\u00abn q\u00c3\u00ab vjen ata t\u00c3\u00ab dy, dhe Bjordi do nominohen.","og_url":"https:\/\/www.visit-ulcinj.com\/blog\/2009\/03\/26\/bika-tema-ishte-kot\/","og_site_name":"Lajme nga Ulqini","article_published_time":"2009-03-25T23:21:52+00:00","og_image":[{"url":"http:\/\/www.visit-ulcinj.com\/blog\/wp-content\/uploads\/2009\/03\/bika-per-temen.jpg"}],"twitter_misc":{"Written by":"ulqini","Est. reading time":"1 minute"},"schema":{"@context":"https:\/\/schema.org","@graph":[{"@type":"WebSite","@id":"https:\/\/www.visit-ulcinj.com\/blog\/#website","url":"https:\/\/www.visit-ulcinj.com\/blog\/","name":"Lajme nga Ulqini","description":"Lajme,Vijesti,Ulqini,Ulqin,Crna Gora,Mali i Zi","potentialAction":[{"@type":"SearchAction","target":{"@type":"EntryPoint","urlTemplate":"https:\/\/www.visit-ulcinj.com\/blog\/?s={search_term_string}"},"query-input":"required name=search_term_string"}],"inLanguage":"en-US"},{"@type":"ImageObject","inLanguage":"en-US","@id":"https:\/\/www.visit-ulcinj.com\/blog\/2009\/03\/26\/bika-tema-ishte-kot\/#primaryimage","url":"http:\/\/www.visit-ulcinj.com\/blog\/wp-content\/uploads\/2009\/03\/bika-per-temen.jpg","contentUrl":"http:\/\/www.visit-ulcinj.com\/blog\/wp-content\/uploads\/2009\/03\/bika-per-temen.jpg"},{"@type":"WebPage","@id":"https:\/\/www.visit-ulcinj.com\/blog\/2009\/03\/26\/bika-tema-ishte-kot\/#webpage","url":"https:\/\/www.visit-ulcinj.com\/blog\/2009\/03\/26\/bika-tema-ishte-kot\/","name":"Bika: Tema ishte kot | Big Brother Albania 2","isPartOf":{"@id":"https:\/\/www.visit-ulcinj.com\/blog\/#website"},"primaryImageOfPage":{"@id":"https:\/\/www.visit-ulcinj.com\/blog\/2009\/03\/26\/bika-tema-ishte-kot\/#primaryimage"},"datePublished":"2009-03-25T23:21:52+00:00","dateModified":"2009-03-25T23:21:52+00:00","author":{"@id":"https:\/\/www.visit-ulcinj.com\/blog\/#\/schema\/person\/dcab619c614d3038751c63bc2aadc06d"},"description":"Big Brother Albania 2 - Dritani dhe Republika diskutojn\u00c3\u00ab p\u00c3\u00abr nominimet. Republika mendon q\u00c3\u00ab jav\u00c3\u00abn q\u00c3\u00ab vjen ata t\u00c3\u00ab dy, dhe Bjordi do nominohen.","breadcrumb":{"@id":"https:\/\/www.visit-ulcinj.com\/blog\/2009\/03\/26\/bika-tema-ishte-kot\/#breadcrumb"},"inLanguage":"en-US","potentialAction":[{"@type":"ReadAction","target":["https:\/\/www.visit-ulcinj.com\/blog\/2009\/03\/26\/bika-tema-ishte-kot\/"]}]},{"@type":"BreadcrumbList","@id":"https:\/\/www.visit-ulcinj.com\/blog\/2009\/03\/26\/bika-tema-ishte-kot\/#breadcrumb","itemListElement":[{"@type":"ListItem","position":1,"name":"Bika: Tema ishte kot"}]},{"@type":"Person","@id":"https:\/\/www.visit-ulcinj.com\/blog\/#\/schema\/person\/dcab619c614d3038751c63bc2aadc06d","name":"ulqini","sameAs":["http:\/\/www.visit-ulcinj.com"],"url":"https:\/\/www.visit-ulcinj.com\/blog\/author\/admin\/"}]}},"jetpack_featured_media_url":"","jetpack_sharing_enabled":true,"jetpack_shortlink":"https:\/\/wp.me\/pe6lTn-44p","_links":{"self":[{"href":"https:\/\/www.visit-ulcinj.com\/blog\/wp-json\/wp\/v2\/posts\/15649"}],"collection":[{"href":"https:\/\/www.visit-ulcinj.com\/blog\/wp-json\/wp\/v2\/posts"}],"about":[{"href":"https:\/\/www.visit-ulcinj.com\/blog\/wp-json\/wp\/v2\/types\/post"}],"author":[{"embeddable":true,"href":"https:\/\/www.visit-ulcinj.com\/blog\/wp-json\/wp\/v2\/users\/1"}],"replies":[{"embeddable":true,"href":"https:\/\/www.visit-ulcinj.com\/blog\/wp-json\/wp\/v2\/comments?post=15649"}],"version-history":[{"count":0,"href":"https:\/\/www.visit-ulcinj.com\/blog\/wp-json\/wp\/v2\/posts\/15649\/revisions"}],"wp:attachment":[{"href":"https:\/\/www.visit-ulcinj.com\/blog\/wp-json\/wp\/v2\/media?parent=15649"}],"wp:term":[{"taxonomy":"category","embeddable":true,"href":"https:\/\/www.visit-ulcinj.com\/blog\/wp-json\/wp\/v2\/categories?post=15649"},{"taxonomy":"post_tag","embeddable":true,"href":"https:\/\/www.visit-ulcinj.com\/blog\/wp-json\/wp\/v2\/tags?post=15649"}],"curies":[{"name":"wp","href":"https:\/\/api.w.org\/{rel}","templated":true}]}}