{"id":15652,"date":"2009-03-26T00:23:21","date_gmt":"2009-03-25T23:23:21","guid":{"rendered":"http:\/\/www.visit-ulcinj.com\/blog\/?p=15652"},"modified":"2009-03-26T00:23:21","modified_gmt":"2009-03-25T23:23:21","slug":"arjon-ani-ka-zemer-te-paster","status":"publish","type":"post","link":"https:\/\/www.visit-ulcinj.com\/blog\/2009\/03\/26\/arjon-ani-ka-zemer-te-paster\/","title":{"rendered":"Arjon : Ani ka zem\u00ebr t\u00eb past\u00ebr"},"content":{"rendered":"<p><em><span class=\"newsdate\"><a href=\"http:\/\/www.visit-ulcinj.com\/blog\/wp-content\/uploads\/2009\/03\/arjontani-per-anin.jpg\"><img loading=\"lazy\" class=\"alignleft size-full wp-image-15653\" title=\"arjontani-per-anin-big-brother-albania-2\" src=\"http:\/\/www.visit-ulcinj.com\/blog\/wp-content\/uploads\/2009\/03\/arjontani-per-anin.jpg\" alt=\"arjontani-per-anin-big-brother-albania-2\" width=\"300\" height=\"205\" \/><\/a>25\/03\/09 13:10<\/span><\/em><\/p>\n<p>Arjoni dhe Dritani bisedojn\u00eb p\u00ebr Antoninin. Dritani hap bised\u00ebn duke i treguar se Ani nuk dinte se si zhvillohej nominimi. Arjoni mendon se ai nuk e ka konceptin se ku ndodhet, thjesht\u00eb ka hyr\u00eb n\u00eb k\u00ebt\u00eb loj\u00eb dhe kaq. T\u00eb dy djemt\u00eb mendojn\u00eb se Ani \u00ebsht\u00eb nj\u00eb njeri q\u00eb nuk p\u00ebrzihet me t\u00eb tjer\u00ebt dhe se ka nj\u00eb zem\u00ebr t\u00eb past\u00ebr. Ata thon\u00eb se kan\u00eb v\u00ebn\u00eb re se shpesh Ani nuk flet n\u00ebp\u00ebr biseda dhe ndonj\u00ebher\u00eb ai nuk e kupton se p\u00ebr cfar\u00eb flitet. Arjoni b\u00ebn krahasimin e Anit me Pavlinin dhe thot\u00eb se edhe pse t\u00eb dy vijn\u00eb nga fshati, jan\u00eb shum\u00eb t\u00eb ndrysh\u00ebm nga njeri-tjetri. Dritani mendon se vendi dhe m\u00ebnyra si \u00ebsht\u00eb rritur ndikon n\u00eb formimin e karakterit t\u00eb tij. P\u00ebr Arjonin, do t\u00eb jet\u00eb interesant ballafaqimi i gjith\u00eb banor\u00ebve me Anin p\u00ebr vet\u00eb konceptet e ndryshme q\u00eb kan\u00eb.<\/p>\n","protected":false},"excerpt":{"rendered":"<p>25\/03\/09 13:10 Arjoni dhe Dritani bisedojn\u00eb p\u00ebr Antoninin. Dritani hap bised\u00ebn duke i treguar se Ani nuk dinte se si zhvillohej nominimi. Arjoni mendon se ai nuk e ka konceptin se ku ndodhet, thjesht\u00eb ka hyr\u00eb n\u00eb k\u00ebt\u00eb loj\u00eb dhe kaq. T\u00eb dy djemt\u00eb mendojn\u00eb se Ani \u00ebsht\u00eb nj\u00eb njeri q\u00eb nuk p\u00ebrzihet me t\u00eb [&hellip;]<\/p>\n","protected":false},"author":1,"featured_media":0,"comment_status":"open","ping_status":"closed","sticky":false,"template":"","format":"standard","meta":{"spay_email":"","jetpack_publicize_message":"","jetpack_is_tweetstorm":false,"jetpack_publicize_feature_enabled":true},"categories":[6502],"tags":[6529,8290,6525,6883,6516,6712,6521,6891],"jetpack_publicize_connections":[],"yoast_head":"<!-- This site is optimized with the Yoast SEO plugin v19.1 - https:\/\/yoast.com\/wordpress\/plugins\/seo\/ -->\n<title>Arjon : Ani ka zem\u00c3\u00abr t\u00c3\u00ab past\u00c3\u00abr | Big Brother Albania 2<\/title>\n<meta name=\"description\" content=\"Big Brother Albania 2 - Arjoni dhe Dritani bisedojn\u00c3\u00ab p\u00c3\u00abr Antoninin. Dritani hap bised\u00c3\u00abn duke i treguar se Ani nuk dinte se si zhvillohej nominimi.\" \/>\n<meta name=\"robots\" content=\"index, follow, max-snippet:-1, max-image-preview:large, max-video-preview:-1\" \/>\n<link rel=\"canonical\" href=\"https:\/\/www.visit-ulcinj.com\/blog\/2009\/03\/26\/arjon-ani-ka-zemer-te-paster\/\" \/>\n<meta property=\"og:locale\" content=\"en_US\" \/>\n<meta property=\"og:type\" content=\"article\" \/>\n<meta property=\"og:title\" content=\"Arjon : Ani ka zem\u00c3\u00abr t\u00c3\u00ab past\u00c3\u00abr | Big Brother Albania 2\" \/>\n<meta property=\"og:description\" content=\"Big Brother Albania 2 - Arjoni dhe Dritani bisedojn\u00c3\u00ab p\u00c3\u00abr Antoninin. Dritani hap bised\u00c3\u00abn duke i treguar se Ani nuk dinte se si zhvillohej nominimi.\" \/>\n<meta property=\"og:url\" content=\"https:\/\/www.visit-ulcinj.com\/blog\/2009\/03\/26\/arjon-ani-ka-zemer-te-paster\/\" \/>\n<meta property=\"og:site_name\" content=\"Lajme nga Ulqini\" \/>\n<meta property=\"article:published_time\" content=\"2009-03-25T23:23:21+00:00\" \/>\n<meta property=\"og:image\" content=\"http:\/\/www.visit-ulcinj.com\/blog\/wp-content\/uploads\/2009\/03\/arjontani-per-anin.jpg\" \/>\n<meta name=\"twitter:label1\" content=\"Written by\" \/>\n\t<meta name=\"twitter:data1\" content=\"ulqini\" \/>\n\t<meta name=\"twitter:label2\" content=\"Est. reading time\" \/>\n\t<meta name=\"twitter:data2\" content=\"1 minute\" \/>\n<script type=\"application\/ld+json\" class=\"yoast-schema-graph\">{\"@context\":\"https:\/\/schema.org\",\"@graph\":[{\"@type\":\"WebSite\",\"@id\":\"https:\/\/www.visit-ulcinj.com\/blog\/#website\",\"url\":\"https:\/\/www.visit-ulcinj.com\/blog\/\",\"name\":\"Lajme nga Ulqini\",\"description\":\"Lajme,Vijesti,Ulqini,Ulqin,Crna Gora,Mali i Zi\",\"potentialAction\":[{\"@type\":\"SearchAction\",\"target\":{\"@type\":\"EntryPoint\",\"urlTemplate\":\"https:\/\/www.visit-ulcinj.com\/blog\/?s={search_term_string}\"},\"query-input\":\"required name=search_term_string\"}],\"inLanguage\":\"en-US\"},{\"@type\":\"ImageObject\",\"inLanguage\":\"en-US\",\"@id\":\"https:\/\/www.visit-ulcinj.com\/blog\/2009\/03\/26\/arjon-ani-ka-zemer-te-paster\/#primaryimage\",\"url\":\"http:\/\/www.visit-ulcinj.com\/blog\/wp-content\/uploads\/2009\/03\/arjontani-per-anin.jpg\",\"contentUrl\":\"http:\/\/www.visit-ulcinj.com\/blog\/wp-content\/uploads\/2009\/03\/arjontani-per-anin.jpg\"},{\"@type\":\"WebPage\",\"@id\":\"https:\/\/www.visit-ulcinj.com\/blog\/2009\/03\/26\/arjon-ani-ka-zemer-te-paster\/#webpage\",\"url\":\"https:\/\/www.visit-ulcinj.com\/blog\/2009\/03\/26\/arjon-ani-ka-zemer-te-paster\/\",\"name\":\"Arjon : Ani ka zem\u00c3\u00abr t\u00c3\u00ab past\u00c3\u00abr | Big Brother Albania 2\",\"isPartOf\":{\"@id\":\"https:\/\/www.visit-ulcinj.com\/blog\/#website\"},\"primaryImageOfPage\":{\"@id\":\"https:\/\/www.visit-ulcinj.com\/blog\/2009\/03\/26\/arjon-ani-ka-zemer-te-paster\/#primaryimage\"},\"datePublished\":\"2009-03-25T23:23:21+00:00\",\"dateModified\":\"2009-03-25T23:23:21+00:00\",\"author\":{\"@id\":\"https:\/\/www.visit-ulcinj.com\/blog\/#\/schema\/person\/dcab619c614d3038751c63bc2aadc06d\"},\"description\":\"Big Brother Albania 2 - Arjoni dhe Dritani bisedojn\u00c3\u00ab p\u00c3\u00abr Antoninin. Dritani hap bised\u00c3\u00abn duke i treguar se Ani nuk dinte se si zhvillohej nominimi.\",\"breadcrumb\":{\"@id\":\"https:\/\/www.visit-ulcinj.com\/blog\/2009\/03\/26\/arjon-ani-ka-zemer-te-paster\/#breadcrumb\"},\"inLanguage\":\"en-US\",\"potentialAction\":[{\"@type\":\"ReadAction\",\"target\":[\"https:\/\/www.visit-ulcinj.com\/blog\/2009\/03\/26\/arjon-ani-ka-zemer-te-paster\/\"]}]},{\"@type\":\"BreadcrumbList\",\"@id\":\"https:\/\/www.visit-ulcinj.com\/blog\/2009\/03\/26\/arjon-ani-ka-zemer-te-paster\/#breadcrumb\",\"itemListElement\":[{\"@type\":\"ListItem\",\"position\":1,\"name\":\"Arjon : Ani ka zem\u00ebr t\u00eb past\u00ebr\"}]},{\"@type\":\"Person\",\"@id\":\"https:\/\/www.visit-ulcinj.com\/blog\/#\/schema\/person\/dcab619c614d3038751c63bc2aadc06d\",\"name\":\"ulqini\",\"sameAs\":[\"http:\/\/www.visit-ulcinj.com\"],\"url\":\"https:\/\/www.visit-ulcinj.com\/blog\/author\/admin\/\"}]}<\/script>\n<!-- \/ Yoast SEO plugin. -->","yoast_head_json":{"title":"Arjon : Ani ka zem\u00c3\u00abr t\u00c3\u00ab past\u00c3\u00abr | Big Brother Albania 2","description":"Big Brother Albania 2 - Arjoni dhe Dritani bisedojn\u00c3\u00ab p\u00c3\u00abr Antoninin. Dritani hap bised\u00c3\u00abn duke i treguar se Ani nuk dinte se si zhvillohej nominimi.","robots":{"index":"index","follow":"follow","max-snippet":"max-snippet:-1","max-image-preview":"max-image-preview:large","max-video-preview":"max-video-preview:-1"},"canonical":"https:\/\/www.visit-ulcinj.com\/blog\/2009\/03\/26\/arjon-ani-ka-zemer-te-paster\/","og_locale":"en_US","og_type":"article","og_title":"Arjon : Ani ka zem\u00c3\u00abr t\u00c3\u00ab past\u00c3\u00abr | Big Brother Albania 2","og_description":"Big Brother Albania 2 - Arjoni dhe Dritani bisedojn\u00c3\u00ab p\u00c3\u00abr Antoninin. Dritani hap bised\u00c3\u00abn duke i treguar se Ani nuk dinte se si zhvillohej nominimi.","og_url":"https:\/\/www.visit-ulcinj.com\/blog\/2009\/03\/26\/arjon-ani-ka-zemer-te-paster\/","og_site_name":"Lajme nga Ulqini","article_published_time":"2009-03-25T23:23:21+00:00","og_image":[{"url":"http:\/\/www.visit-ulcinj.com\/blog\/wp-content\/uploads\/2009\/03\/arjontani-per-anin.jpg"}],"twitter_misc":{"Written by":"ulqini","Est. reading time":"1 minute"},"schema":{"@context":"https:\/\/schema.org","@graph":[{"@type":"WebSite","@id":"https:\/\/www.visit-ulcinj.com\/blog\/#website","url":"https:\/\/www.visit-ulcinj.com\/blog\/","name":"Lajme nga Ulqini","description":"Lajme,Vijesti,Ulqini,Ulqin,Crna Gora,Mali i Zi","potentialAction":[{"@type":"SearchAction","target":{"@type":"EntryPoint","urlTemplate":"https:\/\/www.visit-ulcinj.com\/blog\/?s={search_term_string}"},"query-input":"required name=search_term_string"}],"inLanguage":"en-US"},{"@type":"ImageObject","inLanguage":"en-US","@id":"https:\/\/www.visit-ulcinj.com\/blog\/2009\/03\/26\/arjon-ani-ka-zemer-te-paster\/#primaryimage","url":"http:\/\/www.visit-ulcinj.com\/blog\/wp-content\/uploads\/2009\/03\/arjontani-per-anin.jpg","contentUrl":"http:\/\/www.visit-ulcinj.com\/blog\/wp-content\/uploads\/2009\/03\/arjontani-per-anin.jpg"},{"@type":"WebPage","@id":"https:\/\/www.visit-ulcinj.com\/blog\/2009\/03\/26\/arjon-ani-ka-zemer-te-paster\/#webpage","url":"https:\/\/www.visit-ulcinj.com\/blog\/2009\/03\/26\/arjon-ani-ka-zemer-te-paster\/","name":"Arjon : Ani ka zem\u00c3\u00abr t\u00c3\u00ab past\u00c3\u00abr | Big Brother Albania 2","isPartOf":{"@id":"https:\/\/www.visit-ulcinj.com\/blog\/#website"},"primaryImageOfPage":{"@id":"https:\/\/www.visit-ulcinj.com\/blog\/2009\/03\/26\/arjon-ani-ka-zemer-te-paster\/#primaryimage"},"datePublished":"2009-03-25T23:23:21+00:00","dateModified":"2009-03-25T23:23:21+00:00","author":{"@id":"https:\/\/www.visit-ulcinj.com\/blog\/#\/schema\/person\/dcab619c614d3038751c63bc2aadc06d"},"description":"Big Brother Albania 2 - Arjoni dhe Dritani bisedojn\u00c3\u00ab p\u00c3\u00abr Antoninin. Dritani hap bised\u00c3\u00abn duke i treguar se Ani nuk dinte se si zhvillohej nominimi.","breadcrumb":{"@id":"https:\/\/www.visit-ulcinj.com\/blog\/2009\/03\/26\/arjon-ani-ka-zemer-te-paster\/#breadcrumb"},"inLanguage":"en-US","potentialAction":[{"@type":"ReadAction","target":["https:\/\/www.visit-ulcinj.com\/blog\/2009\/03\/26\/arjon-ani-ka-zemer-te-paster\/"]}]},{"@type":"BreadcrumbList","@id":"https:\/\/www.visit-ulcinj.com\/blog\/2009\/03\/26\/arjon-ani-ka-zemer-te-paster\/#breadcrumb","itemListElement":[{"@type":"ListItem","position":1,"name":"Arjon : Ani ka zem\u00ebr t\u00eb past\u00ebr"}]},{"@type":"Person","@id":"https:\/\/www.visit-ulcinj.com\/blog\/#\/schema\/person\/dcab619c614d3038751c63bc2aadc06d","name":"ulqini","sameAs":["http:\/\/www.visit-ulcinj.com"],"url":"https:\/\/www.visit-ulcinj.com\/blog\/author\/admin\/"}]}},"jetpack_featured_media_url":"","jetpack_sharing_enabled":true,"jetpack_shortlink":"https:\/\/wp.me\/pe6lTn-44s","_links":{"self":[{"href":"https:\/\/www.visit-ulcinj.com\/blog\/wp-json\/wp\/v2\/posts\/15652"}],"collection":[{"href":"https:\/\/www.visit-ulcinj.com\/blog\/wp-json\/wp\/v2\/posts"}],"about":[{"href":"https:\/\/www.visit-ulcinj.com\/blog\/wp-json\/wp\/v2\/types\/post"}],"author":[{"embeddable":true,"href":"https:\/\/www.visit-ulcinj.com\/blog\/wp-json\/wp\/v2\/users\/1"}],"replies":[{"embeddable":true,"href":"https:\/\/www.visit-ulcinj.com\/blog\/wp-json\/wp\/v2\/comments?post=15652"}],"version-history":[{"count":0,"href":"https:\/\/www.visit-ulcinj.com\/blog\/wp-json\/wp\/v2\/posts\/15652\/revisions"}],"wp:attachment":[{"href":"https:\/\/www.visit-ulcinj.com\/blog\/wp-json\/wp\/v2\/media?parent=15652"}],"wp:term":[{"taxonomy":"category","embeddable":true,"href":"https:\/\/www.visit-ulcinj.com\/blog\/wp-json\/wp\/v2\/categories?post=15652"},{"taxonomy":"post_tag","embeddable":true,"href":"https:\/\/www.visit-ulcinj.com\/blog\/wp-json\/wp\/v2\/tags?post=15652"}],"curies":[{"name":"wp","href":"https:\/\/api.w.org\/{rel}","templated":true}]}}