{"id":15659,"date":"2009-03-26T00:32:51","date_gmt":"2009-03-25T23:32:51","guid":{"rendered":"http:\/\/www.visit-ulcinj.com\/blog\/?p=15659"},"modified":"2009-03-26T00:32:51","modified_gmt":"2009-03-25T23:32:51","slug":"anjeza-kush-eshte-bjordi","status":"publish","type":"post","link":"https:\/\/www.visit-ulcinj.com\/blog\/2009\/03\/26\/anjeza-kush-eshte-bjordi\/","title":{"rendered":"Anjeza: Kush \u00ebsht\u00eb Bjordi?"},"content":{"rendered":"<p><em><span class=\"newsdate\"><a href=\"http:\/\/www.visit-ulcinj.com\/blog\/wp-content\/uploads\/2009\/03\/bjordi-dhe-anjeza.jpg\"><img loading=\"lazy\" class=\"alignleft size-full wp-image-15660\" title=\"bjordi-dhe-anjeza-big-brother-albania-2\" src=\"http:\/\/www.visit-ulcinj.com\/blog\/wp-content\/uploads\/2009\/03\/bjordi-dhe-anjeza.jpg\" alt=\"bjordi-dhe-anjeza-big-brother-albania-2\" width=\"300\" height=\"205\" \/><\/a>25\/03\/09 15:26<\/span><\/em><\/p>\n<p>Anjeza k\u00ebrkon t\u00eb njoh\u00eb m\u00eb shum\u00eb Bjordin dhe ulet pran\u00eb tij. Ajo i thot\u00eb q\u00eb ato nuk e njohin nj\u00ebri-tjetrin. Sipas saj fakti q\u00eb e ka ndjekur nga jasht\u00eb, nuk do t\u00eb thot\u00eb q\u00eb ajo e njeh at\u00eb. Bjordi i thot\u00eb:-\u201cNormal,mua nuk po m\u00eb njohin k\u00ebta q\u00eb jan\u00eb brenda!\u201d Ai vazhdon duke th\u00ebn\u00eb q\u00eb personat n\u00eb sht\u00ebpi mund t\u00eb njohin vet\u00ebm 2% t\u00eb Bjordit. Anjeza i thot\u00eb:-\u201cN\u00ebse ato t\u00eb njohin kaq pak, i bie q\u00eb ti t\u00eb mos kesh q\u00ebn\u00eb vetvetja k\u00ebtu.\u201d Sipas Bjordit arsyeja \u00ebsht\u00eb se personat e sht\u00ebpis\u00eb, nuk i intereson ta njohin at\u00eb. Anjeza i thot\u00eb q\u00eb ajo shum\u00eb e interesuar t\u00eb njoh\u00eb t\u00eb gjith\u00eb banor\u00ebt, por n\u00eb vecanti Bjordin, pasi ka shum\u00eb kuriozitet p\u00ebr t\u00eb. Ajo vler\u00ebson tek ai faktin q\u00eb i respekton shum\u00eb femrat. Bjordi e pyet:-\u201cCfar\u00eb do t\u00eb dish nga Bjordi?\u201d Ajo i thot\u00eb:-\u201cKush \u00ebsht\u00eb Bjordi?\u201d Ai i thot\u00eb q\u00eb ka zgjedhur nj\u00eb pyetje shum\u00eb t\u00eb v\u00ebshtir\u00eb, pasi nuk p\u00eblqen t\u00eb flas\u00eb p\u00ebr veten. Ajo i thot\u00eb q\u00eb dhe ajo nuk i pelqen t\u00eb tregoj\u00eb shum\u00eb p\u00ebr veten, por ja l\u00eb n\u00eb dor\u00eb personave q\u00eb ta kuptojn\u00eb me veprimet, me mendimet e saj. Bjordi i tregon shkurtimisht p\u00ebr jet\u00ebn e tij. Ajo e pyet:-\u201cCfar\u00eb k\u00ebrkon prej nj\u00eb femre?\u201d Ai i thot\u00eb q\u00eb femra duhet t\u00eb ket\u00eb feminilitet, dhe ta kuptoj\u00eb. Tek njer\u00ebzit ai thot\u00eb q\u00eb n\u00eb p\u00ebrgjith\u00ebsi vler\u00ebson sinqeritetin dhe te mir\u00ebn. Ajo vazhdon me pyetjet:-\u201cPo p\u00ebr mua si e ke ndjesin\u00eb,jam e mir\u00eb apo e keqe?\u201d Ai i kthen:-\u201cDo t\u00eb t\u00eb studjoj!\u201d<\/p>\n","protected":false},"excerpt":{"rendered":"<p>25\/03\/09 15:26 Anjeza k\u00ebrkon t\u00eb njoh\u00eb m\u00eb shum\u00eb Bjordin dhe ulet pran\u00eb tij. Ajo i thot\u00eb q\u00eb ato nuk e njohin nj\u00ebri-tjetrin. Sipas saj fakti q\u00eb e ka ndjekur nga jasht\u00eb, nuk do t\u00eb thot\u00eb q\u00eb ajo e njeh at\u00eb. Bjordi i thot\u00eb:-\u201cNormal,mua nuk po m\u00eb njohin k\u00ebta q\u00eb jan\u00eb brenda!\u201d Ai vazhdon duke th\u00ebn\u00eb [&hellip;]<\/p>\n","protected":false},"author":1,"featured_media":0,"comment_status":"open","ping_status":"closed","sticky":false,"template":"","format":"standard","meta":{"spay_email":"","jetpack_publicize_message":"","jetpack_is_tweetstorm":false,"jetpack_publicize_feature_enabled":true},"categories":[6502],"tags":[6529,8358,6883,6516,6712,6522,8357,6891],"jetpack_publicize_connections":[],"yoast_head":"<!-- This site is optimized with the Yoast SEO plugin v19.1 - https:\/\/yoast.com\/wordpress\/plugins\/seo\/ -->\n<title>Anjeza: Kush \u00c3\u00absht\u00c3\u00ab Bjordi? | Big Brother Albania 2<\/title>\n<meta name=\"description\" content=\"Big Brother Albania 2 - Anjeza k\u00c3\u00abrkon t\u00c3\u00ab njoh\u00c3\u00ab m\u00c3\u00ab shum\u00c3\u00ab Bjordin dhe ulet pran\u00c3\u00ab tij. Ajo i thot\u00c3\u00ab q\u00c3\u00ab ato nuk e njohin nj\u00c3\u00abri-tjetrin. Sipas saj fakti q\u00c3\u00ab e ka ndjekur nga jasht\u00c3\u00ab,\" \/>\n<meta name=\"robots\" content=\"index, follow, max-snippet:-1, max-image-preview:large, max-video-preview:-1\" \/>\n<link rel=\"canonical\" href=\"https:\/\/www.visit-ulcinj.com\/blog\/2009\/03\/26\/anjeza-kush-eshte-bjordi\/\" \/>\n<meta property=\"og:locale\" content=\"en_US\" \/>\n<meta property=\"og:type\" content=\"article\" \/>\n<meta property=\"og:title\" content=\"Anjeza: Kush \u00c3\u00absht\u00c3\u00ab Bjordi? | Big Brother Albania 2\" \/>\n<meta property=\"og:description\" content=\"Big Brother Albania 2 - Anjeza k\u00c3\u00abrkon t\u00c3\u00ab njoh\u00c3\u00ab m\u00c3\u00ab shum\u00c3\u00ab Bjordin dhe ulet pran\u00c3\u00ab tij. Ajo i thot\u00c3\u00ab q\u00c3\u00ab ato nuk e njohin nj\u00c3\u00abri-tjetrin. Sipas saj fakti q\u00c3\u00ab e ka ndjekur nga jasht\u00c3\u00ab,\" \/>\n<meta property=\"og:url\" content=\"https:\/\/www.visit-ulcinj.com\/blog\/2009\/03\/26\/anjeza-kush-eshte-bjordi\/\" \/>\n<meta property=\"og:site_name\" content=\"Lajme nga Ulqini\" \/>\n<meta property=\"article:published_time\" content=\"2009-03-25T23:32:51+00:00\" \/>\n<meta property=\"og:image\" content=\"http:\/\/www.visit-ulcinj.com\/blog\/wp-content\/uploads\/2009\/03\/bjordi-dhe-anjeza.jpg\" \/>\n<meta name=\"twitter:label1\" content=\"Written by\" \/>\n\t<meta name=\"twitter:data1\" content=\"ulqini\" \/>\n\t<meta name=\"twitter:label2\" content=\"Est. reading time\" \/>\n\t<meta name=\"twitter:data2\" content=\"1 minute\" \/>\n<script type=\"application\/ld+json\" class=\"yoast-schema-graph\">{\"@context\":\"https:\/\/schema.org\",\"@graph\":[{\"@type\":\"WebSite\",\"@id\":\"https:\/\/www.visit-ulcinj.com\/blog\/#website\",\"url\":\"https:\/\/www.visit-ulcinj.com\/blog\/\",\"name\":\"Lajme nga Ulqini\",\"description\":\"Lajme,Vijesti,Ulqini,Ulqin,Crna Gora,Mali i Zi\",\"potentialAction\":[{\"@type\":\"SearchAction\",\"target\":{\"@type\":\"EntryPoint\",\"urlTemplate\":\"https:\/\/www.visit-ulcinj.com\/blog\/?s={search_term_string}\"},\"query-input\":\"required name=search_term_string\"}],\"inLanguage\":\"en-US\"},{\"@type\":\"ImageObject\",\"inLanguage\":\"en-US\",\"@id\":\"https:\/\/www.visit-ulcinj.com\/blog\/2009\/03\/26\/anjeza-kush-eshte-bjordi\/#primaryimage\",\"url\":\"http:\/\/www.visit-ulcinj.com\/blog\/wp-content\/uploads\/2009\/03\/bjordi-dhe-anjeza.jpg\",\"contentUrl\":\"http:\/\/www.visit-ulcinj.com\/blog\/wp-content\/uploads\/2009\/03\/bjordi-dhe-anjeza.jpg\"},{\"@type\":\"WebPage\",\"@id\":\"https:\/\/www.visit-ulcinj.com\/blog\/2009\/03\/26\/anjeza-kush-eshte-bjordi\/#webpage\",\"url\":\"https:\/\/www.visit-ulcinj.com\/blog\/2009\/03\/26\/anjeza-kush-eshte-bjordi\/\",\"name\":\"Anjeza: Kush \u00c3\u00absht\u00c3\u00ab Bjordi? | Big Brother Albania 2\",\"isPartOf\":{\"@id\":\"https:\/\/www.visit-ulcinj.com\/blog\/#website\"},\"primaryImageOfPage\":{\"@id\":\"https:\/\/www.visit-ulcinj.com\/blog\/2009\/03\/26\/anjeza-kush-eshte-bjordi\/#primaryimage\"},\"datePublished\":\"2009-03-25T23:32:51+00:00\",\"dateModified\":\"2009-03-25T23:32:51+00:00\",\"author\":{\"@id\":\"https:\/\/www.visit-ulcinj.com\/blog\/#\/schema\/person\/dcab619c614d3038751c63bc2aadc06d\"},\"description\":\"Big Brother Albania 2 - Anjeza k\u00c3\u00abrkon t\u00c3\u00ab njoh\u00c3\u00ab m\u00c3\u00ab shum\u00c3\u00ab Bjordin dhe ulet pran\u00c3\u00ab tij. Ajo i thot\u00c3\u00ab q\u00c3\u00ab ato nuk e njohin nj\u00c3\u00abri-tjetrin. Sipas saj fakti q\u00c3\u00ab e ka ndjekur nga jasht\u00c3\u00ab,\",\"breadcrumb\":{\"@id\":\"https:\/\/www.visit-ulcinj.com\/blog\/2009\/03\/26\/anjeza-kush-eshte-bjordi\/#breadcrumb\"},\"inLanguage\":\"en-US\",\"potentialAction\":[{\"@type\":\"ReadAction\",\"target\":[\"https:\/\/www.visit-ulcinj.com\/blog\/2009\/03\/26\/anjeza-kush-eshte-bjordi\/\"]}]},{\"@type\":\"BreadcrumbList\",\"@id\":\"https:\/\/www.visit-ulcinj.com\/blog\/2009\/03\/26\/anjeza-kush-eshte-bjordi\/#breadcrumb\",\"itemListElement\":[{\"@type\":\"ListItem\",\"position\":1,\"name\":\"Anjeza: Kush \u00ebsht\u00eb Bjordi?\"}]},{\"@type\":\"Person\",\"@id\":\"https:\/\/www.visit-ulcinj.com\/blog\/#\/schema\/person\/dcab619c614d3038751c63bc2aadc06d\",\"name\":\"ulqini\",\"sameAs\":[\"http:\/\/www.visit-ulcinj.com\"],\"url\":\"https:\/\/www.visit-ulcinj.com\/blog\/author\/admin\/\"}]}<\/script>\n<!-- \/ Yoast SEO plugin. -->","yoast_head_json":{"title":"Anjeza: Kush \u00c3\u00absht\u00c3\u00ab Bjordi? | Big Brother Albania 2","description":"Big Brother Albania 2 - Anjeza k\u00c3\u00abrkon t\u00c3\u00ab njoh\u00c3\u00ab m\u00c3\u00ab shum\u00c3\u00ab Bjordin dhe ulet pran\u00c3\u00ab tij. Ajo i thot\u00c3\u00ab q\u00c3\u00ab ato nuk e njohin nj\u00c3\u00abri-tjetrin. Sipas saj fakti q\u00c3\u00ab e ka ndjekur nga jasht\u00c3\u00ab,","robots":{"index":"index","follow":"follow","max-snippet":"max-snippet:-1","max-image-preview":"max-image-preview:large","max-video-preview":"max-video-preview:-1"},"canonical":"https:\/\/www.visit-ulcinj.com\/blog\/2009\/03\/26\/anjeza-kush-eshte-bjordi\/","og_locale":"en_US","og_type":"article","og_title":"Anjeza: Kush \u00c3\u00absht\u00c3\u00ab Bjordi? | Big Brother Albania 2","og_description":"Big Brother Albania 2 - Anjeza k\u00c3\u00abrkon t\u00c3\u00ab njoh\u00c3\u00ab m\u00c3\u00ab shum\u00c3\u00ab Bjordin dhe ulet pran\u00c3\u00ab tij. Ajo i thot\u00c3\u00ab q\u00c3\u00ab ato nuk e njohin nj\u00c3\u00abri-tjetrin. Sipas saj fakti q\u00c3\u00ab e ka ndjekur nga jasht\u00c3\u00ab,","og_url":"https:\/\/www.visit-ulcinj.com\/blog\/2009\/03\/26\/anjeza-kush-eshte-bjordi\/","og_site_name":"Lajme nga Ulqini","article_published_time":"2009-03-25T23:32:51+00:00","og_image":[{"url":"http:\/\/www.visit-ulcinj.com\/blog\/wp-content\/uploads\/2009\/03\/bjordi-dhe-anjeza.jpg"}],"twitter_misc":{"Written by":"ulqini","Est. reading time":"1 minute"},"schema":{"@context":"https:\/\/schema.org","@graph":[{"@type":"WebSite","@id":"https:\/\/www.visit-ulcinj.com\/blog\/#website","url":"https:\/\/www.visit-ulcinj.com\/blog\/","name":"Lajme nga Ulqini","description":"Lajme,Vijesti,Ulqini,Ulqin,Crna Gora,Mali i Zi","potentialAction":[{"@type":"SearchAction","target":{"@type":"EntryPoint","urlTemplate":"https:\/\/www.visit-ulcinj.com\/blog\/?s={search_term_string}"},"query-input":"required name=search_term_string"}],"inLanguage":"en-US"},{"@type":"ImageObject","inLanguage":"en-US","@id":"https:\/\/www.visit-ulcinj.com\/blog\/2009\/03\/26\/anjeza-kush-eshte-bjordi\/#primaryimage","url":"http:\/\/www.visit-ulcinj.com\/blog\/wp-content\/uploads\/2009\/03\/bjordi-dhe-anjeza.jpg","contentUrl":"http:\/\/www.visit-ulcinj.com\/blog\/wp-content\/uploads\/2009\/03\/bjordi-dhe-anjeza.jpg"},{"@type":"WebPage","@id":"https:\/\/www.visit-ulcinj.com\/blog\/2009\/03\/26\/anjeza-kush-eshte-bjordi\/#webpage","url":"https:\/\/www.visit-ulcinj.com\/blog\/2009\/03\/26\/anjeza-kush-eshte-bjordi\/","name":"Anjeza: Kush \u00c3\u00absht\u00c3\u00ab Bjordi? | Big Brother Albania 2","isPartOf":{"@id":"https:\/\/www.visit-ulcinj.com\/blog\/#website"},"primaryImageOfPage":{"@id":"https:\/\/www.visit-ulcinj.com\/blog\/2009\/03\/26\/anjeza-kush-eshte-bjordi\/#primaryimage"},"datePublished":"2009-03-25T23:32:51+00:00","dateModified":"2009-03-25T23:32:51+00:00","author":{"@id":"https:\/\/www.visit-ulcinj.com\/blog\/#\/schema\/person\/dcab619c614d3038751c63bc2aadc06d"},"description":"Big Brother Albania 2 - Anjeza k\u00c3\u00abrkon t\u00c3\u00ab njoh\u00c3\u00ab m\u00c3\u00ab shum\u00c3\u00ab Bjordin dhe ulet pran\u00c3\u00ab tij. Ajo i thot\u00c3\u00ab q\u00c3\u00ab ato nuk e njohin nj\u00c3\u00abri-tjetrin. Sipas saj fakti q\u00c3\u00ab e ka ndjekur nga jasht\u00c3\u00ab,","breadcrumb":{"@id":"https:\/\/www.visit-ulcinj.com\/blog\/2009\/03\/26\/anjeza-kush-eshte-bjordi\/#breadcrumb"},"inLanguage":"en-US","potentialAction":[{"@type":"ReadAction","target":["https:\/\/www.visit-ulcinj.com\/blog\/2009\/03\/26\/anjeza-kush-eshte-bjordi\/"]}]},{"@type":"BreadcrumbList","@id":"https:\/\/www.visit-ulcinj.com\/blog\/2009\/03\/26\/anjeza-kush-eshte-bjordi\/#breadcrumb","itemListElement":[{"@type":"ListItem","position":1,"name":"Anjeza: Kush \u00ebsht\u00eb Bjordi?"}]},{"@type":"Person","@id":"https:\/\/www.visit-ulcinj.com\/blog\/#\/schema\/person\/dcab619c614d3038751c63bc2aadc06d","name":"ulqini","sameAs":["http:\/\/www.visit-ulcinj.com"],"url":"https:\/\/www.visit-ulcinj.com\/blog\/author\/admin\/"}]}},"jetpack_featured_media_url":"","jetpack_sharing_enabled":true,"jetpack_shortlink":"https:\/\/wp.me\/pe6lTn-44z","_links":{"self":[{"href":"https:\/\/www.visit-ulcinj.com\/blog\/wp-json\/wp\/v2\/posts\/15659"}],"collection":[{"href":"https:\/\/www.visit-ulcinj.com\/blog\/wp-json\/wp\/v2\/posts"}],"about":[{"href":"https:\/\/www.visit-ulcinj.com\/blog\/wp-json\/wp\/v2\/types\/post"}],"author":[{"embeddable":true,"href":"https:\/\/www.visit-ulcinj.com\/blog\/wp-json\/wp\/v2\/users\/1"}],"replies":[{"embeddable":true,"href":"https:\/\/www.visit-ulcinj.com\/blog\/wp-json\/wp\/v2\/comments?post=15659"}],"version-history":[{"count":0,"href":"https:\/\/www.visit-ulcinj.com\/blog\/wp-json\/wp\/v2\/posts\/15659\/revisions"}],"wp:attachment":[{"href":"https:\/\/www.visit-ulcinj.com\/blog\/wp-json\/wp\/v2\/media?parent=15659"}],"wp:term":[{"taxonomy":"category","embeddable":true,"href":"https:\/\/www.visit-ulcinj.com\/blog\/wp-json\/wp\/v2\/categories?post=15659"},{"taxonomy":"post_tag","embeddable":true,"href":"https:\/\/www.visit-ulcinj.com\/blog\/wp-json\/wp\/v2\/tags?post=15659"}],"curies":[{"name":"wp","href":"https:\/\/api.w.org\/{rel}","templated":true}]}}