{"id":15665,"date":"2009-03-26T00:37:49","date_gmt":"2009-03-25T23:37:49","guid":{"rendered":"http:\/\/www.visit-ulcinj.com\/blog\/?p=15665"},"modified":"2009-03-26T00:37:49","modified_gmt":"2009-03-25T23:37:49","slug":"bika-dhe-dritani-aida-po-tregon-veten","status":"publish","type":"post","link":"https:\/\/www.visit-ulcinj.com\/blog\/2009\/03\/26\/bika-dhe-dritani-aida-po-tregon-veten\/","title":{"rendered":"Bika dhe Dritani : Aida po tregon veten"},"content":{"rendered":"<p><em><span class=\"newsdate\"><a href=\"http:\/\/www.visit-ulcinj.com\/blog\/wp-content\/uploads\/2009\/03\/dritanibikaper-aiden.jpg\"><img loading=\"lazy\" class=\"alignleft size-full wp-image-15666\" title=\"dritanibikaper-aiden-big-brother-albania-2\" src=\"http:\/\/www.visit-ulcinj.com\/blog\/wp-content\/uploads\/2009\/03\/dritanibikaper-aiden.jpg\" alt=\"dritanibikaper-aiden-big-brother-albania-2\" width=\"300\" height=\"205\" \/><\/a>25\/03\/09 12:30<\/span><\/em><\/p>\n<p>Bika dhe Dritani diskutojn\u00eb p\u00ebr p\u00ebrplasjet e vazhdueshme nd\u00ebrmjet Aid\u00ebs dhe Adel\u00ebs. Ata v\u00ebn\u00eb n\u00eb dukje edhe shk\u00ebmbimin e fjal\u00ebve gjat\u00eb tem\u00ebs q\u00eb hapi Aida nj\u00eb dit\u00eb m\u00eb par\u00eb. Bika thot\u00eb se ka v\u00ebn\u00eb re q\u00eb Aida p\u00ebrpiqet me cdo kusht q\u00eb t\u00eb kapet me Adel\u00ebn dhe i vjen inat q\u00eb kjo e fundit nuk ia kthen me t\u00eb nj\u00ebjt\u00ebn monedh\u00eb. Ajo i tregon Dritanit se e ka k\u00ebshilluar Adel\u00ebn q\u00eb t\u00eb mos q\u00ebndroj\u00eb indiferente, pasi situatat konfliktuese mes tyre p\u00ebrs\u00ebriten por, Adela nuk d\u00ebshiron q\u00eb t\u00eb bjer\u00eb n\u00eb nivelin e Aid\u00ebs. \u201cPreferon t\u00eb flas\u00eb n\u00eb konfensional e jo t\u00eb p\u00ebrballet\u201d thot\u00eb Bika. Dritani i tregon asaj p\u00ebr nj\u00eb shprehje q\u00eb kishte d\u00ebgjuar nga Aida kundrejt Adel\u00ebs. Ajo i kishte th\u00ebn\u00eb se e imagjinonte se cfar\u00eb do t\u00eb b\u00ebhej Adela n\u00ebse jetonte n\u00eb Tiran\u00eb. Dritani e gjykon Aid\u00ebn p\u00ebr k\u00ebt\u00eb q\u00eb ka th\u00ebn\u00eb sepse ishte nj\u00eb ofendim shum\u00eb i madh dhe se Aida e tregoi veten se \u00ebsht\u00eb nj\u00eb fem\u00ebr e ul\u00ebt.<\/p>\n","protected":false},"excerpt":{"rendered":"<p>25\/03\/09 12:30 Bika dhe Dritani diskutojn\u00eb p\u00ebr p\u00ebrplasjet e vazhdueshme nd\u00ebrmjet Aid\u00ebs dhe Adel\u00ebs. Ata v\u00ebn\u00eb n\u00eb dukje edhe shk\u00ebmbimin e fjal\u00ebve gjat\u00eb tem\u00ebs q\u00eb hapi Aida nj\u00eb dit\u00eb m\u00eb par\u00eb. Bika thot\u00eb se ka v\u00ebn\u00eb re q\u00eb Aida p\u00ebrpiqet me cdo kusht q\u00eb t\u00eb kapet me Adel\u00ebn dhe i vjen inat q\u00eb kjo e [&hellip;]<\/p>\n","protected":false},"author":1,"featured_media":0,"comment_status":"open","ping_status":"closed","sticky":false,"template":"","format":"standard","meta":{"spay_email":"","jetpack_publicize_message":"","jetpack_is_tweetstorm":false,"jetpack_publicize_feature_enabled":true},"categories":[6502],"tags":[6537,6883,6516,6712,6740,6521,6891],"jetpack_publicize_connections":[],"yoast_head":"<!-- This site is optimized with the Yoast SEO plugin v19.1 - https:\/\/yoast.com\/wordpress\/plugins\/seo\/ -->\n<title>Bika dhe Dritani : Aida po tregon veten | Big Brother Albania 2<\/title>\n<meta name=\"description\" content=\"Big Brother Albania 2 - Bika dhe Dritani diskutojn\u00c3\u00ab p\u00c3\u00abr p\u00c3\u00abrplasjet e vazhdueshme nd\u00c3\u00abrmjet Aid\u00c3\u00abs dhe Adel\u00c3\u00abs. Ata v\u00c3\u00abn\u00c3\u00ab n\u00c3\u00ab dukje edhe shk\u00c3\u00abmbimin e fjal\u00c3\u00abve gjat\u00c3\u00ab tem\u00c3\u00abs q\u00c3\u00ab hapi Aida nj\u00c3\u00ab dit\u00c3\u00ab m\u00c3\u00ab par\u00c3\u00ab.\" \/>\n<meta name=\"robots\" content=\"index, follow, max-snippet:-1, max-image-preview:large, max-video-preview:-1\" \/>\n<link rel=\"canonical\" href=\"https:\/\/www.visit-ulcinj.com\/blog\/2009\/03\/26\/bika-dhe-dritani-aida-po-tregon-veten\/\" \/>\n<meta property=\"og:locale\" content=\"en_US\" \/>\n<meta property=\"og:type\" content=\"article\" \/>\n<meta property=\"og:title\" content=\"Bika dhe Dritani : Aida po tregon veten | Big Brother Albania 2\" \/>\n<meta property=\"og:description\" content=\"Big Brother Albania 2 - Bika dhe Dritani diskutojn\u00c3\u00ab p\u00c3\u00abr p\u00c3\u00abrplasjet e vazhdueshme nd\u00c3\u00abrmjet Aid\u00c3\u00abs dhe Adel\u00c3\u00abs. Ata v\u00c3\u00abn\u00c3\u00ab n\u00c3\u00ab dukje edhe shk\u00c3\u00abmbimin e fjal\u00c3\u00abve gjat\u00c3\u00ab tem\u00c3\u00abs q\u00c3\u00ab hapi Aida nj\u00c3\u00ab dit\u00c3\u00ab m\u00c3\u00ab par\u00c3\u00ab.\" \/>\n<meta property=\"og:url\" content=\"https:\/\/www.visit-ulcinj.com\/blog\/2009\/03\/26\/bika-dhe-dritani-aida-po-tregon-veten\/\" \/>\n<meta property=\"og:site_name\" content=\"Lajme nga Ulqini\" \/>\n<meta property=\"article:published_time\" content=\"2009-03-25T23:37:49+00:00\" \/>\n<meta property=\"og:image\" content=\"http:\/\/www.visit-ulcinj.com\/blog\/wp-content\/uploads\/2009\/03\/dritanibikaper-aiden.jpg\" \/>\n<meta name=\"twitter:label1\" content=\"Written by\" \/>\n\t<meta name=\"twitter:data1\" content=\"ulqini\" \/>\n\t<meta name=\"twitter:label2\" content=\"Est. reading time\" \/>\n\t<meta name=\"twitter:data2\" content=\"1 minute\" \/>\n<script type=\"application\/ld+json\" class=\"yoast-schema-graph\">{\"@context\":\"https:\/\/schema.org\",\"@graph\":[{\"@type\":\"WebSite\",\"@id\":\"https:\/\/www.visit-ulcinj.com\/blog\/#website\",\"url\":\"https:\/\/www.visit-ulcinj.com\/blog\/\",\"name\":\"Lajme nga Ulqini\",\"description\":\"Lajme,Vijesti,Ulqini,Ulqin,Crna Gora,Mali i Zi\",\"potentialAction\":[{\"@type\":\"SearchAction\",\"target\":{\"@type\":\"EntryPoint\",\"urlTemplate\":\"https:\/\/www.visit-ulcinj.com\/blog\/?s={search_term_string}\"},\"query-input\":\"required name=search_term_string\"}],\"inLanguage\":\"en-US\"},{\"@type\":\"ImageObject\",\"inLanguage\":\"en-US\",\"@id\":\"https:\/\/www.visit-ulcinj.com\/blog\/2009\/03\/26\/bika-dhe-dritani-aida-po-tregon-veten\/#primaryimage\",\"url\":\"http:\/\/www.visit-ulcinj.com\/blog\/wp-content\/uploads\/2009\/03\/dritanibikaper-aiden.jpg\",\"contentUrl\":\"http:\/\/www.visit-ulcinj.com\/blog\/wp-content\/uploads\/2009\/03\/dritanibikaper-aiden.jpg\"},{\"@type\":\"WebPage\",\"@id\":\"https:\/\/www.visit-ulcinj.com\/blog\/2009\/03\/26\/bika-dhe-dritani-aida-po-tregon-veten\/#webpage\",\"url\":\"https:\/\/www.visit-ulcinj.com\/blog\/2009\/03\/26\/bika-dhe-dritani-aida-po-tregon-veten\/\",\"name\":\"Bika dhe Dritani : Aida po tregon veten | Big Brother Albania 2\",\"isPartOf\":{\"@id\":\"https:\/\/www.visit-ulcinj.com\/blog\/#website\"},\"primaryImageOfPage\":{\"@id\":\"https:\/\/www.visit-ulcinj.com\/blog\/2009\/03\/26\/bika-dhe-dritani-aida-po-tregon-veten\/#primaryimage\"},\"datePublished\":\"2009-03-25T23:37:49+00:00\",\"dateModified\":\"2009-03-25T23:37:49+00:00\",\"author\":{\"@id\":\"https:\/\/www.visit-ulcinj.com\/blog\/#\/schema\/person\/dcab619c614d3038751c63bc2aadc06d\"},\"description\":\"Big Brother Albania 2 - Bika dhe Dritani diskutojn\u00c3\u00ab p\u00c3\u00abr p\u00c3\u00abrplasjet e vazhdueshme nd\u00c3\u00abrmjet Aid\u00c3\u00abs dhe Adel\u00c3\u00abs. Ata v\u00c3\u00abn\u00c3\u00ab n\u00c3\u00ab dukje edhe shk\u00c3\u00abmbimin e fjal\u00c3\u00abve gjat\u00c3\u00ab tem\u00c3\u00abs q\u00c3\u00ab hapi Aida nj\u00c3\u00ab dit\u00c3\u00ab m\u00c3\u00ab par\u00c3\u00ab.\",\"breadcrumb\":{\"@id\":\"https:\/\/www.visit-ulcinj.com\/blog\/2009\/03\/26\/bika-dhe-dritani-aida-po-tregon-veten\/#breadcrumb\"},\"inLanguage\":\"en-US\",\"potentialAction\":[{\"@type\":\"ReadAction\",\"target\":[\"https:\/\/www.visit-ulcinj.com\/blog\/2009\/03\/26\/bika-dhe-dritani-aida-po-tregon-veten\/\"]}]},{\"@type\":\"BreadcrumbList\",\"@id\":\"https:\/\/www.visit-ulcinj.com\/blog\/2009\/03\/26\/bika-dhe-dritani-aida-po-tregon-veten\/#breadcrumb\",\"itemListElement\":[{\"@type\":\"ListItem\",\"position\":1,\"name\":\"Bika dhe Dritani : Aida po tregon veten\"}]},{\"@type\":\"Person\",\"@id\":\"https:\/\/www.visit-ulcinj.com\/blog\/#\/schema\/person\/dcab619c614d3038751c63bc2aadc06d\",\"name\":\"ulqini\",\"sameAs\":[\"http:\/\/www.visit-ulcinj.com\"],\"url\":\"https:\/\/www.visit-ulcinj.com\/blog\/author\/admin\/\"}]}<\/script>\n<!-- \/ Yoast SEO plugin. -->","yoast_head_json":{"title":"Bika dhe Dritani : Aida po tregon veten | Big Brother Albania 2","description":"Big Brother Albania 2 - Bika dhe Dritani diskutojn\u00c3\u00ab p\u00c3\u00abr p\u00c3\u00abrplasjet e vazhdueshme nd\u00c3\u00abrmjet Aid\u00c3\u00abs dhe Adel\u00c3\u00abs. Ata v\u00c3\u00abn\u00c3\u00ab n\u00c3\u00ab dukje edhe shk\u00c3\u00abmbimin e fjal\u00c3\u00abve gjat\u00c3\u00ab tem\u00c3\u00abs q\u00c3\u00ab hapi Aida nj\u00c3\u00ab dit\u00c3\u00ab m\u00c3\u00ab par\u00c3\u00ab.","robots":{"index":"index","follow":"follow","max-snippet":"max-snippet:-1","max-image-preview":"max-image-preview:large","max-video-preview":"max-video-preview:-1"},"canonical":"https:\/\/www.visit-ulcinj.com\/blog\/2009\/03\/26\/bika-dhe-dritani-aida-po-tregon-veten\/","og_locale":"en_US","og_type":"article","og_title":"Bika dhe Dritani : Aida po tregon veten | Big Brother Albania 2","og_description":"Big Brother Albania 2 - Bika dhe Dritani diskutojn\u00c3\u00ab p\u00c3\u00abr p\u00c3\u00abrplasjet e vazhdueshme nd\u00c3\u00abrmjet Aid\u00c3\u00abs dhe Adel\u00c3\u00abs. Ata v\u00c3\u00abn\u00c3\u00ab n\u00c3\u00ab dukje edhe shk\u00c3\u00abmbimin e fjal\u00c3\u00abve gjat\u00c3\u00ab tem\u00c3\u00abs q\u00c3\u00ab hapi Aida nj\u00c3\u00ab dit\u00c3\u00ab m\u00c3\u00ab par\u00c3\u00ab.","og_url":"https:\/\/www.visit-ulcinj.com\/blog\/2009\/03\/26\/bika-dhe-dritani-aida-po-tregon-veten\/","og_site_name":"Lajme nga Ulqini","article_published_time":"2009-03-25T23:37:49+00:00","og_image":[{"url":"http:\/\/www.visit-ulcinj.com\/blog\/wp-content\/uploads\/2009\/03\/dritanibikaper-aiden.jpg"}],"twitter_misc":{"Written by":"ulqini","Est. reading time":"1 minute"},"schema":{"@context":"https:\/\/schema.org","@graph":[{"@type":"WebSite","@id":"https:\/\/www.visit-ulcinj.com\/blog\/#website","url":"https:\/\/www.visit-ulcinj.com\/blog\/","name":"Lajme nga Ulqini","description":"Lajme,Vijesti,Ulqini,Ulqin,Crna Gora,Mali i Zi","potentialAction":[{"@type":"SearchAction","target":{"@type":"EntryPoint","urlTemplate":"https:\/\/www.visit-ulcinj.com\/blog\/?s={search_term_string}"},"query-input":"required name=search_term_string"}],"inLanguage":"en-US"},{"@type":"ImageObject","inLanguage":"en-US","@id":"https:\/\/www.visit-ulcinj.com\/blog\/2009\/03\/26\/bika-dhe-dritani-aida-po-tregon-veten\/#primaryimage","url":"http:\/\/www.visit-ulcinj.com\/blog\/wp-content\/uploads\/2009\/03\/dritanibikaper-aiden.jpg","contentUrl":"http:\/\/www.visit-ulcinj.com\/blog\/wp-content\/uploads\/2009\/03\/dritanibikaper-aiden.jpg"},{"@type":"WebPage","@id":"https:\/\/www.visit-ulcinj.com\/blog\/2009\/03\/26\/bika-dhe-dritani-aida-po-tregon-veten\/#webpage","url":"https:\/\/www.visit-ulcinj.com\/blog\/2009\/03\/26\/bika-dhe-dritani-aida-po-tregon-veten\/","name":"Bika dhe Dritani : Aida po tregon veten | Big Brother Albania 2","isPartOf":{"@id":"https:\/\/www.visit-ulcinj.com\/blog\/#website"},"primaryImageOfPage":{"@id":"https:\/\/www.visit-ulcinj.com\/blog\/2009\/03\/26\/bika-dhe-dritani-aida-po-tregon-veten\/#primaryimage"},"datePublished":"2009-03-25T23:37:49+00:00","dateModified":"2009-03-25T23:37:49+00:00","author":{"@id":"https:\/\/www.visit-ulcinj.com\/blog\/#\/schema\/person\/dcab619c614d3038751c63bc2aadc06d"},"description":"Big Brother Albania 2 - Bika dhe Dritani diskutojn\u00c3\u00ab p\u00c3\u00abr p\u00c3\u00abrplasjet e vazhdueshme nd\u00c3\u00abrmjet Aid\u00c3\u00abs dhe Adel\u00c3\u00abs. Ata v\u00c3\u00abn\u00c3\u00ab n\u00c3\u00ab dukje edhe shk\u00c3\u00abmbimin e fjal\u00c3\u00abve gjat\u00c3\u00ab tem\u00c3\u00abs q\u00c3\u00ab hapi Aida nj\u00c3\u00ab dit\u00c3\u00ab m\u00c3\u00ab par\u00c3\u00ab.","breadcrumb":{"@id":"https:\/\/www.visit-ulcinj.com\/blog\/2009\/03\/26\/bika-dhe-dritani-aida-po-tregon-veten\/#breadcrumb"},"inLanguage":"en-US","potentialAction":[{"@type":"ReadAction","target":["https:\/\/www.visit-ulcinj.com\/blog\/2009\/03\/26\/bika-dhe-dritani-aida-po-tregon-veten\/"]}]},{"@type":"BreadcrumbList","@id":"https:\/\/www.visit-ulcinj.com\/blog\/2009\/03\/26\/bika-dhe-dritani-aida-po-tregon-veten\/#breadcrumb","itemListElement":[{"@type":"ListItem","position":1,"name":"Bika dhe Dritani : Aida po tregon veten"}]},{"@type":"Person","@id":"https:\/\/www.visit-ulcinj.com\/blog\/#\/schema\/person\/dcab619c614d3038751c63bc2aadc06d","name":"ulqini","sameAs":["http:\/\/www.visit-ulcinj.com"],"url":"https:\/\/www.visit-ulcinj.com\/blog\/author\/admin\/"}]}},"jetpack_featured_media_url":"","jetpack_sharing_enabled":true,"jetpack_shortlink":"https:\/\/wp.me\/pe6lTn-44F","_links":{"self":[{"href":"https:\/\/www.visit-ulcinj.com\/blog\/wp-json\/wp\/v2\/posts\/15665"}],"collection":[{"href":"https:\/\/www.visit-ulcinj.com\/blog\/wp-json\/wp\/v2\/posts"}],"about":[{"href":"https:\/\/www.visit-ulcinj.com\/blog\/wp-json\/wp\/v2\/types\/post"}],"author":[{"embeddable":true,"href":"https:\/\/www.visit-ulcinj.com\/blog\/wp-json\/wp\/v2\/users\/1"}],"replies":[{"embeddable":true,"href":"https:\/\/www.visit-ulcinj.com\/blog\/wp-json\/wp\/v2\/comments?post=15665"}],"version-history":[{"count":0,"href":"https:\/\/www.visit-ulcinj.com\/blog\/wp-json\/wp\/v2\/posts\/15665\/revisions"}],"wp:attachment":[{"href":"https:\/\/www.visit-ulcinj.com\/blog\/wp-json\/wp\/v2\/media?parent=15665"}],"wp:term":[{"taxonomy":"category","embeddable":true,"href":"https:\/\/www.visit-ulcinj.com\/blog\/wp-json\/wp\/v2\/categories?post=15665"},{"taxonomy":"post_tag","embeddable":true,"href":"https:\/\/www.visit-ulcinj.com\/blog\/wp-json\/wp\/v2\/tags?post=15665"}],"curies":[{"name":"wp","href":"https:\/\/api.w.org\/{rel}","templated":true}]}}