{"id":15671,"date":"2009-03-26T00:42:04","date_gmt":"2009-03-25T23:42:04","guid":{"rendered":"http:\/\/www.visit-ulcinj.com\/blog\/?p=15671"},"modified":"2009-03-26T00:42:04","modified_gmt":"2009-03-25T23:42:04","slug":"adelajda-dhe-qetsori-nuk-formoj-grupe","status":"publish","type":"post","link":"https:\/\/www.visit-ulcinj.com\/blog\/2009\/03\/26\/adelajda-dhe-qetsori-nuk-formoj-grupe\/","title":{"rendered":"Adelajda dhe Qetsori : Nuk formoj grupe"},"content":{"rendered":"<p><em><span class=\"newsdate\"><a href=\"http:\/\/www.visit-ulcinj.com\/blog\/wp-content\/uploads\/2009\/03\/adela-sori-1234.jpg\"><img loading=\"lazy\" class=\"alignleft size-full wp-image-15672\" title=\"adela-sori-1234-big-brother-albania-2\" src=\"http:\/\/www.visit-ulcinj.com\/blog\/wp-content\/uploads\/2009\/03\/adela-sori-1234.jpg\" alt=\"adela-sori-1234-big-brother-albania-2\" width=\"300\" height=\"205\" \/><\/a>25\/03\/09 14:25<\/span><\/em><\/p>\n<p>Sori e pyet Adel\u00ebn n\u00ebse do t\u00eb pranonte nj\u00eb sulm nga ai pasi ai e sheh at\u00eb si nj\u00eb lojtare t\u00eb fort\u00eb, Adela i p\u00ebrgjigjet se k\u00ebtu jan\u00eb n\u00eb gar\u00eb dhe se mosmarr\u00ebveshjet, p\u00ebrplasjet apo sulmet jan\u00eb pjes\u00eb e loj\u00ebs. Sori e pyet at\u00eb se n\u00ebse do ndaheshin n\u00eb grupe, a do donte ajo t\u00eb b\u00ebnt\u00eb pjes\u00eb n\u00eb grupin e tij, por Adela i p\u00ebrgjigjet se as b\u00ebn pjes\u00eb, e as do b\u00ebj\u00eb pjes\u00eb n\u00eb ndonj\u00eb grup por vec grup ku i mb\u00ebshtet dhe e mb\u00ebshtesin. Ajo mendon se aleancat dhe grupimet nuk jan\u00eb t\u00eb nevojshme p\u00ebr gjith\u00eb loj\u00ebn por vec p\u00ebr nj\u00eb pjes\u00eb t\u00eb saj\u00eb, pasi n\u00ebse ajo do ket\u00eb nj\u00eb mendim ndryshe nga pjes\u00ebtar\u00ebt e tjer\u00eb t\u00eb grupit, at\u00ebher\u00eb ajo p\u00ebrjashtohet prej tij. Sipas Adel\u00ebs, \u00ebsht\u00eb mir\u00eb q\u00eb t\u00eb mos ket\u00eb as aleat\u00eb t\u00eb tjer\u00eb dhe as kund\u00ebrshtar\u00eb t\u00eb tjer\u00eb sepse k\u00ebto p\u00ebsojn\u00eb ndryshime t\u00eb vazhdueshme me kalimin e koh\u00ebs. Sori e pyet edhe se si e sheh ajo at\u00eb, si nj\u00eb konkurent q\u00eb do t\u2019i marr\u00eb lek\u00ebt sepse p\u00ebr t\u00eb, ato jan\u00eb motivi q\u00eb ai po vazhdon loj\u00ebn. Adela mendon se ai \u00ebsht\u00eb nga ata konkurent\u00eb q\u00eb do b\u00ebnin shum\u00eb p\u00ebr ta fituar cmimin, por jo cdo gj\u00eb. P\u00ebr Sorin ky \u00ebsht\u00eb nj\u00eb vler\u00ebsim i madh dhe i thot\u00eb asaj se e beson pasi tek ajo i p\u00eblqen q\u00eb ajo luan past\u00ebr n\u00eb k\u00ebt\u00eb loj\u00eb dhe e vler\u00ebson shum\u00eb sinqeritetin e saj. Ai i ofron mb\u00ebshtetjen e tij n\u00ebse ajo ia k\u00ebrkon p\u00ebr ndonj\u00eb aleanc\u00eb t\u00eb mundshme, por Adela i thot\u00eb se k\u00ebt\u00eb do ta ket\u00eb parasysh por gjith\u00ebsesi aleancat krijohen p\u00ebr momentin, at\u00ebher\u00eb kur \u00ebsht\u00eb nevoja.<\/p>\n","protected":false},"excerpt":{"rendered":"<p>25\/03\/09 14:25 Sori e pyet Adel\u00ebn n\u00ebse do t\u00eb pranonte nj\u00eb sulm nga ai pasi ai e sheh at\u00eb si nj\u00eb lojtare t\u00eb fort\u00eb, Adela i p\u00ebrgjigjet se k\u00ebtu jan\u00eb n\u00eb gar\u00eb dhe se mosmarr\u00ebveshjet, p\u00ebrplasjet apo sulmet jan\u00eb pjes\u00eb e loj\u00ebs. Sori e pyet at\u00eb se n\u00ebse do ndaheshin n\u00eb grupe, a do donte [&hellip;]<\/p>\n","protected":false},"author":1,"featured_media":0,"comment_status":"open","ping_status":"closed","sticky":false,"template":"","format":"standard","meta":{"spay_email":"","jetpack_publicize_message":"","jetpack_is_tweetstorm":false,"jetpack_publicize_feature_enabled":true},"categories":[6502],"tags":[6529,5057,6506,6516,6712,7129,8359,6900,6891,6693,6887],"jetpack_publicize_connections":[],"yoast_head":"<!-- This site is optimized with the Yoast SEO plugin v19.1 - https:\/\/yoast.com\/wordpress\/plugins\/seo\/ -->\n<title>Adelajda dhe Qetsori : Nuk formoj grupe | Big Brother Albania 2<\/title>\n<meta name=\"description\" content=\"Big Brother Albania 2 - Sori e pyet Adel\u00c3\u00abn n\u00c3\u00abse do t\u00c3\u00ab pranonte nj\u00c3\u00ab sulm nga ai pasi ai e sheh at\u00c3\u00ab si nj\u00c3\u00ab lojtare t\u00c3\u00ab fort\u00c3\u00ab, Adela i p\u00c3\u00abrgjigjet se k\u00c3\u00abtu jan\u00c3\u00ab n\u00c3\u00ab gar\u00c3\u00ab dhe se mosmarr\u00c3\u00abveshjet\" \/>\n<meta name=\"robots\" content=\"index, follow, max-snippet:-1, max-image-preview:large, max-video-preview:-1\" \/>\n<link rel=\"canonical\" href=\"https:\/\/www.visit-ulcinj.com\/blog\/2009\/03\/26\/adelajda-dhe-qetsori-nuk-formoj-grupe\/\" \/>\n<meta property=\"og:locale\" content=\"en_US\" \/>\n<meta property=\"og:type\" content=\"article\" \/>\n<meta property=\"og:title\" content=\"Adelajda dhe Qetsori : Nuk formoj grupe | Big Brother Albania 2\" \/>\n<meta property=\"og:description\" content=\"Big Brother Albania 2 - Sori e pyet Adel\u00c3\u00abn n\u00c3\u00abse do t\u00c3\u00ab pranonte nj\u00c3\u00ab sulm nga ai pasi ai e sheh at\u00c3\u00ab si nj\u00c3\u00ab lojtare t\u00c3\u00ab fort\u00c3\u00ab, Adela i p\u00c3\u00abrgjigjet se k\u00c3\u00abtu jan\u00c3\u00ab n\u00c3\u00ab gar\u00c3\u00ab dhe se mosmarr\u00c3\u00abveshjet\" \/>\n<meta property=\"og:url\" content=\"https:\/\/www.visit-ulcinj.com\/blog\/2009\/03\/26\/adelajda-dhe-qetsori-nuk-formoj-grupe\/\" \/>\n<meta property=\"og:site_name\" content=\"Lajme nga Ulqini\" \/>\n<meta property=\"article:published_time\" content=\"2009-03-25T23:42:04+00:00\" \/>\n<meta property=\"og:image\" content=\"http:\/\/www.visit-ulcinj.com\/blog\/wp-content\/uploads\/2009\/03\/adela-sori-1234.jpg\" \/>\n<meta name=\"twitter:label1\" content=\"Written by\" \/>\n\t<meta name=\"twitter:data1\" content=\"ulqini\" \/>\n\t<meta name=\"twitter:label2\" content=\"Est. reading time\" \/>\n\t<meta name=\"twitter:data2\" content=\"2 minutes\" \/>\n<script type=\"application\/ld+json\" class=\"yoast-schema-graph\">{\"@context\":\"https:\/\/schema.org\",\"@graph\":[{\"@type\":\"WebSite\",\"@id\":\"https:\/\/www.visit-ulcinj.com\/blog\/#website\",\"url\":\"https:\/\/www.visit-ulcinj.com\/blog\/\",\"name\":\"Lajme nga Ulqini\",\"description\":\"Lajme,Vijesti,Ulqini,Ulqin,Crna Gora,Mali i Zi\",\"potentialAction\":[{\"@type\":\"SearchAction\",\"target\":{\"@type\":\"EntryPoint\",\"urlTemplate\":\"https:\/\/www.visit-ulcinj.com\/blog\/?s={search_term_string}\"},\"query-input\":\"required name=search_term_string\"}],\"inLanguage\":\"en-US\"},{\"@type\":\"ImageObject\",\"inLanguage\":\"en-US\",\"@id\":\"https:\/\/www.visit-ulcinj.com\/blog\/2009\/03\/26\/adelajda-dhe-qetsori-nuk-formoj-grupe\/#primaryimage\",\"url\":\"http:\/\/www.visit-ulcinj.com\/blog\/wp-content\/uploads\/2009\/03\/adela-sori-1234.jpg\",\"contentUrl\":\"http:\/\/www.visit-ulcinj.com\/blog\/wp-content\/uploads\/2009\/03\/adela-sori-1234.jpg\"},{\"@type\":\"WebPage\",\"@id\":\"https:\/\/www.visit-ulcinj.com\/blog\/2009\/03\/26\/adelajda-dhe-qetsori-nuk-formoj-grupe\/#webpage\",\"url\":\"https:\/\/www.visit-ulcinj.com\/blog\/2009\/03\/26\/adelajda-dhe-qetsori-nuk-formoj-grupe\/\",\"name\":\"Adelajda dhe Qetsori : Nuk formoj grupe | Big Brother Albania 2\",\"isPartOf\":{\"@id\":\"https:\/\/www.visit-ulcinj.com\/blog\/#website\"},\"primaryImageOfPage\":{\"@id\":\"https:\/\/www.visit-ulcinj.com\/blog\/2009\/03\/26\/adelajda-dhe-qetsori-nuk-formoj-grupe\/#primaryimage\"},\"datePublished\":\"2009-03-25T23:42:04+00:00\",\"dateModified\":\"2009-03-25T23:42:04+00:00\",\"author\":{\"@id\":\"https:\/\/www.visit-ulcinj.com\/blog\/#\/schema\/person\/dcab619c614d3038751c63bc2aadc06d\"},\"description\":\"Big Brother Albania 2 - Sori e pyet Adel\u00c3\u00abn n\u00c3\u00abse do t\u00c3\u00ab pranonte nj\u00c3\u00ab sulm nga ai pasi ai e sheh at\u00c3\u00ab si nj\u00c3\u00ab lojtare t\u00c3\u00ab fort\u00c3\u00ab, Adela i p\u00c3\u00abrgjigjet se k\u00c3\u00abtu jan\u00c3\u00ab n\u00c3\u00ab gar\u00c3\u00ab dhe se mosmarr\u00c3\u00abveshjet\",\"breadcrumb\":{\"@id\":\"https:\/\/www.visit-ulcinj.com\/blog\/2009\/03\/26\/adelajda-dhe-qetsori-nuk-formoj-grupe\/#breadcrumb\"},\"inLanguage\":\"en-US\",\"potentialAction\":[{\"@type\":\"ReadAction\",\"target\":[\"https:\/\/www.visit-ulcinj.com\/blog\/2009\/03\/26\/adelajda-dhe-qetsori-nuk-formoj-grupe\/\"]}]},{\"@type\":\"BreadcrumbList\",\"@id\":\"https:\/\/www.visit-ulcinj.com\/blog\/2009\/03\/26\/adelajda-dhe-qetsori-nuk-formoj-grupe\/#breadcrumb\",\"itemListElement\":[{\"@type\":\"ListItem\",\"position\":1,\"name\":\"Adelajda dhe Qetsori : Nuk formoj grupe\"}]},{\"@type\":\"Person\",\"@id\":\"https:\/\/www.visit-ulcinj.com\/blog\/#\/schema\/person\/dcab619c614d3038751c63bc2aadc06d\",\"name\":\"ulqini\",\"sameAs\":[\"http:\/\/www.visit-ulcinj.com\"],\"url\":\"https:\/\/www.visit-ulcinj.com\/blog\/author\/admin\/\"}]}<\/script>\n<!-- \/ Yoast SEO plugin. -->","yoast_head_json":{"title":"Adelajda dhe Qetsori : Nuk formoj grupe | Big Brother Albania 2","description":"Big Brother Albania 2 - Sori e pyet Adel\u00c3\u00abn n\u00c3\u00abse do t\u00c3\u00ab pranonte nj\u00c3\u00ab sulm nga ai pasi ai e sheh at\u00c3\u00ab si nj\u00c3\u00ab lojtare t\u00c3\u00ab fort\u00c3\u00ab, Adela i p\u00c3\u00abrgjigjet se k\u00c3\u00abtu jan\u00c3\u00ab n\u00c3\u00ab gar\u00c3\u00ab dhe se mosmarr\u00c3\u00abveshjet","robots":{"index":"index","follow":"follow","max-snippet":"max-snippet:-1","max-image-preview":"max-image-preview:large","max-video-preview":"max-video-preview:-1"},"canonical":"https:\/\/www.visit-ulcinj.com\/blog\/2009\/03\/26\/adelajda-dhe-qetsori-nuk-formoj-grupe\/","og_locale":"en_US","og_type":"article","og_title":"Adelajda dhe Qetsori : Nuk formoj grupe | Big Brother Albania 2","og_description":"Big Brother Albania 2 - Sori e pyet Adel\u00c3\u00abn n\u00c3\u00abse do t\u00c3\u00ab pranonte nj\u00c3\u00ab sulm nga ai pasi ai e sheh at\u00c3\u00ab si nj\u00c3\u00ab lojtare t\u00c3\u00ab fort\u00c3\u00ab, Adela i p\u00c3\u00abrgjigjet se k\u00c3\u00abtu jan\u00c3\u00ab n\u00c3\u00ab gar\u00c3\u00ab dhe se mosmarr\u00c3\u00abveshjet","og_url":"https:\/\/www.visit-ulcinj.com\/blog\/2009\/03\/26\/adelajda-dhe-qetsori-nuk-formoj-grupe\/","og_site_name":"Lajme nga Ulqini","article_published_time":"2009-03-25T23:42:04+00:00","og_image":[{"url":"http:\/\/www.visit-ulcinj.com\/blog\/wp-content\/uploads\/2009\/03\/adela-sori-1234.jpg"}],"twitter_misc":{"Written by":"ulqini","Est. reading time":"2 minutes"},"schema":{"@context":"https:\/\/schema.org","@graph":[{"@type":"WebSite","@id":"https:\/\/www.visit-ulcinj.com\/blog\/#website","url":"https:\/\/www.visit-ulcinj.com\/blog\/","name":"Lajme nga Ulqini","description":"Lajme,Vijesti,Ulqini,Ulqin,Crna Gora,Mali i Zi","potentialAction":[{"@type":"SearchAction","target":{"@type":"EntryPoint","urlTemplate":"https:\/\/www.visit-ulcinj.com\/blog\/?s={search_term_string}"},"query-input":"required name=search_term_string"}],"inLanguage":"en-US"},{"@type":"ImageObject","inLanguage":"en-US","@id":"https:\/\/www.visit-ulcinj.com\/blog\/2009\/03\/26\/adelajda-dhe-qetsori-nuk-formoj-grupe\/#primaryimage","url":"http:\/\/www.visit-ulcinj.com\/blog\/wp-content\/uploads\/2009\/03\/adela-sori-1234.jpg","contentUrl":"http:\/\/www.visit-ulcinj.com\/blog\/wp-content\/uploads\/2009\/03\/adela-sori-1234.jpg"},{"@type":"WebPage","@id":"https:\/\/www.visit-ulcinj.com\/blog\/2009\/03\/26\/adelajda-dhe-qetsori-nuk-formoj-grupe\/#webpage","url":"https:\/\/www.visit-ulcinj.com\/blog\/2009\/03\/26\/adelajda-dhe-qetsori-nuk-formoj-grupe\/","name":"Adelajda dhe Qetsori : Nuk formoj grupe | Big Brother Albania 2","isPartOf":{"@id":"https:\/\/www.visit-ulcinj.com\/blog\/#website"},"primaryImageOfPage":{"@id":"https:\/\/www.visit-ulcinj.com\/blog\/2009\/03\/26\/adelajda-dhe-qetsori-nuk-formoj-grupe\/#primaryimage"},"datePublished":"2009-03-25T23:42:04+00:00","dateModified":"2009-03-25T23:42:04+00:00","author":{"@id":"https:\/\/www.visit-ulcinj.com\/blog\/#\/schema\/person\/dcab619c614d3038751c63bc2aadc06d"},"description":"Big Brother Albania 2 - Sori e pyet Adel\u00c3\u00abn n\u00c3\u00abse do t\u00c3\u00ab pranonte nj\u00c3\u00ab sulm nga ai pasi ai e sheh at\u00c3\u00ab si nj\u00c3\u00ab lojtare t\u00c3\u00ab fort\u00c3\u00ab, Adela i p\u00c3\u00abrgjigjet se k\u00c3\u00abtu jan\u00c3\u00ab n\u00c3\u00ab gar\u00c3\u00ab dhe se mosmarr\u00c3\u00abveshjet","breadcrumb":{"@id":"https:\/\/www.visit-ulcinj.com\/blog\/2009\/03\/26\/adelajda-dhe-qetsori-nuk-formoj-grupe\/#breadcrumb"},"inLanguage":"en-US","potentialAction":[{"@type":"ReadAction","target":["https:\/\/www.visit-ulcinj.com\/blog\/2009\/03\/26\/adelajda-dhe-qetsori-nuk-formoj-grupe\/"]}]},{"@type":"BreadcrumbList","@id":"https:\/\/www.visit-ulcinj.com\/blog\/2009\/03\/26\/adelajda-dhe-qetsori-nuk-formoj-grupe\/#breadcrumb","itemListElement":[{"@type":"ListItem","position":1,"name":"Adelajda dhe Qetsori : Nuk formoj grupe"}]},{"@type":"Person","@id":"https:\/\/www.visit-ulcinj.com\/blog\/#\/schema\/person\/dcab619c614d3038751c63bc2aadc06d","name":"ulqini","sameAs":["http:\/\/www.visit-ulcinj.com"],"url":"https:\/\/www.visit-ulcinj.com\/blog\/author\/admin\/"}]}},"jetpack_featured_media_url":"","jetpack_sharing_enabled":true,"jetpack_shortlink":"https:\/\/wp.me\/pe6lTn-44L","_links":{"self":[{"href":"https:\/\/www.visit-ulcinj.com\/blog\/wp-json\/wp\/v2\/posts\/15671"}],"collection":[{"href":"https:\/\/www.visit-ulcinj.com\/blog\/wp-json\/wp\/v2\/posts"}],"about":[{"href":"https:\/\/www.visit-ulcinj.com\/blog\/wp-json\/wp\/v2\/types\/post"}],"author":[{"embeddable":true,"href":"https:\/\/www.visit-ulcinj.com\/blog\/wp-json\/wp\/v2\/users\/1"}],"replies":[{"embeddable":true,"href":"https:\/\/www.visit-ulcinj.com\/blog\/wp-json\/wp\/v2\/comments?post=15671"}],"version-history":[{"count":0,"href":"https:\/\/www.visit-ulcinj.com\/blog\/wp-json\/wp\/v2\/posts\/15671\/revisions"}],"wp:attachment":[{"href":"https:\/\/www.visit-ulcinj.com\/blog\/wp-json\/wp\/v2\/media?parent=15671"}],"wp:term":[{"taxonomy":"category","embeddable":true,"href":"https:\/\/www.visit-ulcinj.com\/blog\/wp-json\/wp\/v2\/categories?post=15671"},{"taxonomy":"post_tag","embeddable":true,"href":"https:\/\/www.visit-ulcinj.com\/blog\/wp-json\/wp\/v2\/tags?post=15671"}],"curies":[{"name":"wp","href":"https:\/\/api.w.org\/{rel}","templated":true}]}}