{"id":15680,"date":"2009-03-26T00:49:39","date_gmt":"2009-03-25T23:49:39","guid":{"rendered":"http:\/\/www.visit-ulcinj.com\/blog\/?p=15680"},"modified":"2009-03-26T00:49:39","modified_gmt":"2009-03-25T23:49:39","slug":"adelajda-pozicionimi-i-te-ardhurve-me-orienton","status":"publish","type":"post","link":"https:\/\/www.visit-ulcinj.com\/blog\/2009\/03\/26\/adelajda-pozicionimi-i-te-ardhurve-me-orienton\/","title":{"rendered":"Adelajda : Pozicionimi i t\u00eb ardhurve m\u00eb orienton"},"content":{"rendered":"<p><em><span class=\"newsdate\"><a href=\"http:\/\/www.visit-ulcinj.com\/blog\/wp-content\/uploads\/2009\/03\/adela-pozicionimi.jpg\"><img loading=\"lazy\" class=\"alignleft size-full wp-image-15681\" title=\"adela-pozicionimi-big-brother-albania-2\" src=\"http:\/\/www.visit-ulcinj.com\/blog\/wp-content\/uploads\/2009\/03\/adela-pozicionimi.jpg\" alt=\"adela-pozicionimi-big-brother-albania-2\" width=\"300\" height=\"205\" \/><\/a>25\/03\/09 16:59<\/span><\/em><\/p>\n<p>Adela tregon se ka gjetur nj\u00eb m\u00ebnyr\u00eb se si t\u00eb kuptoj\u00eb orientimin q\u00eb kan\u00eb njer\u00ebzit jasht\u00eb. Ajo thot\u00eb se kur nj\u00eb njeri vjen dhe pozicionohet shpejt, pozicionohet aty ku i leverdis dhe ku i duket m\u00eb mir\u00eb. Kjo do t\u00eb thot\u00eb se atje loj\u00ebn dhe q\u00ebndrimin e ka t\u00eb sigurt. P\u00ebr Sorin, gj\u00ebrat jan\u00eb shum\u00eb enigmatike, sidomos jasht\u00eb dhe preferon q\u00eb t\u00eb mos marr\u00eb vesh asgj\u00eb, pasi m\u00eb shum\u00eb do ngat\u00ebrrohej. Adela mendon t\u00eb kund\u00ebrt\u00ebn se duke marr\u00eb vesh dicka si kjo, i jep m\u00eb shum\u00eb forc\u00eb dhe e b\u00ebn\u00eb m\u00eb shum\u00eb optimiste p\u00ebr t\u00eb luajtur ende.<\/p>\n","protected":false},"excerpt":{"rendered":"<p>25\/03\/09 16:59 Adela tregon se ka gjetur nj\u00eb m\u00ebnyr\u00eb se si t\u00eb kuptoj\u00eb orientimin q\u00eb kan\u00eb njer\u00ebzit jasht\u00eb. Ajo thot\u00eb se kur nj\u00eb njeri vjen dhe pozicionohet shpejt, pozicionohet aty ku i leverdis dhe ku i duket m\u00eb mir\u00eb. Kjo do t\u00eb thot\u00eb se atje loj\u00ebn dhe q\u00ebndrimin e ka t\u00eb sigurt. P\u00ebr Sorin, gj\u00ebrat [&hellip;]<\/p>\n","protected":false},"author":1,"featured_media":0,"comment_status":"open","ping_status":"closed","sticky":false,"template":"","format":"standard","meta":{"spay_email":"","jetpack_publicize_message":"","jetpack_is_tweetstorm":false,"jetpack_publicize_feature_enabled":true},"categories":[6502],"tags":[6529,6883,6516,6712,6891],"jetpack_publicize_connections":[],"yoast_head":"<!-- This site is optimized with the Yoast SEO plugin v19.1 - https:\/\/yoast.com\/wordpress\/plugins\/seo\/ -->\n<title>Adelajda : Pozicionimi i t\u00c3\u00ab ardhurve m\u00c3\u00ab orienton | Big Brother Albania 2<\/title>\n<meta name=\"description\" content=\"Big Brother Albania 2 - Adela tregon se ka gjetur nj\u00c3\u00ab m\u00c3\u00abnyr\u00c3\u00ab se si t\u00c3\u00ab kuptoj\u00c3\u00ab orientimin q\u00c3\u00ab kan\u00c3\u00ab njer\u00c3\u00abzit jasht\u00c3\u00ab. Ajo thot\u00c3\u00ab se kur nj\u00c3\u00ab njeri vjen dhe pozicionohet shpejt, pozicionohet aty ku i leverdis dhe ku i duket m\u00c3\u00ab mir\u00c3\u00ab.\" \/>\n<meta name=\"robots\" content=\"index, follow, max-snippet:-1, max-image-preview:large, max-video-preview:-1\" \/>\n<link rel=\"canonical\" href=\"https:\/\/www.visit-ulcinj.com\/blog\/2009\/03\/26\/adelajda-pozicionimi-i-te-ardhurve-me-orienton\/\" \/>\n<meta property=\"og:locale\" content=\"en_US\" \/>\n<meta property=\"og:type\" content=\"article\" \/>\n<meta property=\"og:title\" content=\"Adelajda : Pozicionimi i t\u00c3\u00ab ardhurve m\u00c3\u00ab orienton | Big Brother Albania 2\" \/>\n<meta property=\"og:description\" content=\"Big Brother Albania 2 - Adela tregon se ka gjetur nj\u00c3\u00ab m\u00c3\u00abnyr\u00c3\u00ab se si t\u00c3\u00ab kuptoj\u00c3\u00ab orientimin q\u00c3\u00ab kan\u00c3\u00ab njer\u00c3\u00abzit jasht\u00c3\u00ab. Ajo thot\u00c3\u00ab se kur nj\u00c3\u00ab njeri vjen dhe pozicionohet shpejt, pozicionohet aty ku i leverdis dhe ku i duket m\u00c3\u00ab mir\u00c3\u00ab.\" \/>\n<meta property=\"og:url\" content=\"https:\/\/www.visit-ulcinj.com\/blog\/2009\/03\/26\/adelajda-pozicionimi-i-te-ardhurve-me-orienton\/\" \/>\n<meta property=\"og:site_name\" content=\"Lajme nga Ulqini\" \/>\n<meta property=\"article:published_time\" content=\"2009-03-25T23:49:39+00:00\" \/>\n<meta property=\"og:image\" content=\"http:\/\/www.visit-ulcinj.com\/blog\/wp-content\/uploads\/2009\/03\/adela-pozicionimi.jpg\" \/>\n<meta name=\"twitter:label1\" content=\"Written by\" \/>\n\t<meta name=\"twitter:data1\" content=\"ulqini\" \/>\n\t<meta name=\"twitter:label2\" content=\"Est. reading time\" \/>\n\t<meta name=\"twitter:data2\" content=\"1 minute\" \/>\n<script type=\"application\/ld+json\" class=\"yoast-schema-graph\">{\"@context\":\"https:\/\/schema.org\",\"@graph\":[{\"@type\":\"WebSite\",\"@id\":\"https:\/\/www.visit-ulcinj.com\/blog\/#website\",\"url\":\"https:\/\/www.visit-ulcinj.com\/blog\/\",\"name\":\"Lajme nga Ulqini\",\"description\":\"Lajme,Vijesti,Ulqini,Ulqin,Crna Gora,Mali i Zi\",\"potentialAction\":[{\"@type\":\"SearchAction\",\"target\":{\"@type\":\"EntryPoint\",\"urlTemplate\":\"https:\/\/www.visit-ulcinj.com\/blog\/?s={search_term_string}\"},\"query-input\":\"required name=search_term_string\"}],\"inLanguage\":\"en-US\"},{\"@type\":\"ImageObject\",\"inLanguage\":\"en-US\",\"@id\":\"https:\/\/www.visit-ulcinj.com\/blog\/2009\/03\/26\/adelajda-pozicionimi-i-te-ardhurve-me-orienton\/#primaryimage\",\"url\":\"http:\/\/www.visit-ulcinj.com\/blog\/wp-content\/uploads\/2009\/03\/adela-pozicionimi.jpg\",\"contentUrl\":\"http:\/\/www.visit-ulcinj.com\/blog\/wp-content\/uploads\/2009\/03\/adela-pozicionimi.jpg\"},{\"@type\":\"WebPage\",\"@id\":\"https:\/\/www.visit-ulcinj.com\/blog\/2009\/03\/26\/adelajda-pozicionimi-i-te-ardhurve-me-orienton\/#webpage\",\"url\":\"https:\/\/www.visit-ulcinj.com\/blog\/2009\/03\/26\/adelajda-pozicionimi-i-te-ardhurve-me-orienton\/\",\"name\":\"Adelajda : Pozicionimi i t\u00c3\u00ab ardhurve m\u00c3\u00ab orienton | Big Brother Albania 2\",\"isPartOf\":{\"@id\":\"https:\/\/www.visit-ulcinj.com\/blog\/#website\"},\"primaryImageOfPage\":{\"@id\":\"https:\/\/www.visit-ulcinj.com\/blog\/2009\/03\/26\/adelajda-pozicionimi-i-te-ardhurve-me-orienton\/#primaryimage\"},\"datePublished\":\"2009-03-25T23:49:39+00:00\",\"dateModified\":\"2009-03-25T23:49:39+00:00\",\"author\":{\"@id\":\"https:\/\/www.visit-ulcinj.com\/blog\/#\/schema\/person\/dcab619c614d3038751c63bc2aadc06d\"},\"description\":\"Big Brother Albania 2 - Adela tregon se ka gjetur nj\u00c3\u00ab m\u00c3\u00abnyr\u00c3\u00ab se si t\u00c3\u00ab kuptoj\u00c3\u00ab orientimin q\u00c3\u00ab kan\u00c3\u00ab njer\u00c3\u00abzit jasht\u00c3\u00ab. Ajo thot\u00c3\u00ab se kur nj\u00c3\u00ab njeri vjen dhe pozicionohet shpejt, pozicionohet aty ku i leverdis dhe ku i duket m\u00c3\u00ab mir\u00c3\u00ab.\",\"breadcrumb\":{\"@id\":\"https:\/\/www.visit-ulcinj.com\/blog\/2009\/03\/26\/adelajda-pozicionimi-i-te-ardhurve-me-orienton\/#breadcrumb\"},\"inLanguage\":\"en-US\",\"potentialAction\":[{\"@type\":\"ReadAction\",\"target\":[\"https:\/\/www.visit-ulcinj.com\/blog\/2009\/03\/26\/adelajda-pozicionimi-i-te-ardhurve-me-orienton\/\"]}]},{\"@type\":\"BreadcrumbList\",\"@id\":\"https:\/\/www.visit-ulcinj.com\/blog\/2009\/03\/26\/adelajda-pozicionimi-i-te-ardhurve-me-orienton\/#breadcrumb\",\"itemListElement\":[{\"@type\":\"ListItem\",\"position\":1,\"name\":\"Adelajda : Pozicionimi i t\u00eb ardhurve m\u00eb orienton\"}]},{\"@type\":\"Person\",\"@id\":\"https:\/\/www.visit-ulcinj.com\/blog\/#\/schema\/person\/dcab619c614d3038751c63bc2aadc06d\",\"name\":\"ulqini\",\"sameAs\":[\"http:\/\/www.visit-ulcinj.com\"],\"url\":\"https:\/\/www.visit-ulcinj.com\/blog\/author\/admin\/\"}]}<\/script>\n<!-- \/ Yoast SEO plugin. -->","yoast_head_json":{"title":"Adelajda : Pozicionimi i t\u00c3\u00ab ardhurve m\u00c3\u00ab orienton | Big Brother Albania 2","description":"Big Brother Albania 2 - Adela tregon se ka gjetur nj\u00c3\u00ab m\u00c3\u00abnyr\u00c3\u00ab se si t\u00c3\u00ab kuptoj\u00c3\u00ab orientimin q\u00c3\u00ab kan\u00c3\u00ab njer\u00c3\u00abzit jasht\u00c3\u00ab. Ajo thot\u00c3\u00ab se kur nj\u00c3\u00ab njeri vjen dhe pozicionohet shpejt, pozicionohet aty ku i leverdis dhe ku i duket m\u00c3\u00ab mir\u00c3\u00ab.","robots":{"index":"index","follow":"follow","max-snippet":"max-snippet:-1","max-image-preview":"max-image-preview:large","max-video-preview":"max-video-preview:-1"},"canonical":"https:\/\/www.visit-ulcinj.com\/blog\/2009\/03\/26\/adelajda-pozicionimi-i-te-ardhurve-me-orienton\/","og_locale":"en_US","og_type":"article","og_title":"Adelajda : Pozicionimi i t\u00c3\u00ab ardhurve m\u00c3\u00ab orienton | Big Brother Albania 2","og_description":"Big Brother Albania 2 - Adela tregon se ka gjetur nj\u00c3\u00ab m\u00c3\u00abnyr\u00c3\u00ab se si t\u00c3\u00ab kuptoj\u00c3\u00ab orientimin q\u00c3\u00ab kan\u00c3\u00ab njer\u00c3\u00abzit jasht\u00c3\u00ab. Ajo thot\u00c3\u00ab se kur nj\u00c3\u00ab njeri vjen dhe pozicionohet shpejt, pozicionohet aty ku i leverdis dhe ku i duket m\u00c3\u00ab mir\u00c3\u00ab.","og_url":"https:\/\/www.visit-ulcinj.com\/blog\/2009\/03\/26\/adelajda-pozicionimi-i-te-ardhurve-me-orienton\/","og_site_name":"Lajme nga Ulqini","article_published_time":"2009-03-25T23:49:39+00:00","og_image":[{"url":"http:\/\/www.visit-ulcinj.com\/blog\/wp-content\/uploads\/2009\/03\/adela-pozicionimi.jpg"}],"twitter_misc":{"Written by":"ulqini","Est. reading time":"1 minute"},"schema":{"@context":"https:\/\/schema.org","@graph":[{"@type":"WebSite","@id":"https:\/\/www.visit-ulcinj.com\/blog\/#website","url":"https:\/\/www.visit-ulcinj.com\/blog\/","name":"Lajme nga Ulqini","description":"Lajme,Vijesti,Ulqini,Ulqin,Crna Gora,Mali i Zi","potentialAction":[{"@type":"SearchAction","target":{"@type":"EntryPoint","urlTemplate":"https:\/\/www.visit-ulcinj.com\/blog\/?s={search_term_string}"},"query-input":"required name=search_term_string"}],"inLanguage":"en-US"},{"@type":"ImageObject","inLanguage":"en-US","@id":"https:\/\/www.visit-ulcinj.com\/blog\/2009\/03\/26\/adelajda-pozicionimi-i-te-ardhurve-me-orienton\/#primaryimage","url":"http:\/\/www.visit-ulcinj.com\/blog\/wp-content\/uploads\/2009\/03\/adela-pozicionimi.jpg","contentUrl":"http:\/\/www.visit-ulcinj.com\/blog\/wp-content\/uploads\/2009\/03\/adela-pozicionimi.jpg"},{"@type":"WebPage","@id":"https:\/\/www.visit-ulcinj.com\/blog\/2009\/03\/26\/adelajda-pozicionimi-i-te-ardhurve-me-orienton\/#webpage","url":"https:\/\/www.visit-ulcinj.com\/blog\/2009\/03\/26\/adelajda-pozicionimi-i-te-ardhurve-me-orienton\/","name":"Adelajda : Pozicionimi i t\u00c3\u00ab ardhurve m\u00c3\u00ab orienton | Big Brother Albania 2","isPartOf":{"@id":"https:\/\/www.visit-ulcinj.com\/blog\/#website"},"primaryImageOfPage":{"@id":"https:\/\/www.visit-ulcinj.com\/blog\/2009\/03\/26\/adelajda-pozicionimi-i-te-ardhurve-me-orienton\/#primaryimage"},"datePublished":"2009-03-25T23:49:39+00:00","dateModified":"2009-03-25T23:49:39+00:00","author":{"@id":"https:\/\/www.visit-ulcinj.com\/blog\/#\/schema\/person\/dcab619c614d3038751c63bc2aadc06d"},"description":"Big Brother Albania 2 - Adela tregon se ka gjetur nj\u00c3\u00ab m\u00c3\u00abnyr\u00c3\u00ab se si t\u00c3\u00ab kuptoj\u00c3\u00ab orientimin q\u00c3\u00ab kan\u00c3\u00ab njer\u00c3\u00abzit jasht\u00c3\u00ab. Ajo thot\u00c3\u00ab se kur nj\u00c3\u00ab njeri vjen dhe pozicionohet shpejt, pozicionohet aty ku i leverdis dhe ku i duket m\u00c3\u00ab mir\u00c3\u00ab.","breadcrumb":{"@id":"https:\/\/www.visit-ulcinj.com\/blog\/2009\/03\/26\/adelajda-pozicionimi-i-te-ardhurve-me-orienton\/#breadcrumb"},"inLanguage":"en-US","potentialAction":[{"@type":"ReadAction","target":["https:\/\/www.visit-ulcinj.com\/blog\/2009\/03\/26\/adelajda-pozicionimi-i-te-ardhurve-me-orienton\/"]}]},{"@type":"BreadcrumbList","@id":"https:\/\/www.visit-ulcinj.com\/blog\/2009\/03\/26\/adelajda-pozicionimi-i-te-ardhurve-me-orienton\/#breadcrumb","itemListElement":[{"@type":"ListItem","position":1,"name":"Adelajda : Pozicionimi i t\u00eb ardhurve m\u00eb orienton"}]},{"@type":"Person","@id":"https:\/\/www.visit-ulcinj.com\/blog\/#\/schema\/person\/dcab619c614d3038751c63bc2aadc06d","name":"ulqini","sameAs":["http:\/\/www.visit-ulcinj.com"],"url":"https:\/\/www.visit-ulcinj.com\/blog\/author\/admin\/"}]}},"jetpack_featured_media_url":"","jetpack_sharing_enabled":true,"jetpack_shortlink":"https:\/\/wp.me\/pe6lTn-44U","_links":{"self":[{"href":"https:\/\/www.visit-ulcinj.com\/blog\/wp-json\/wp\/v2\/posts\/15680"}],"collection":[{"href":"https:\/\/www.visit-ulcinj.com\/blog\/wp-json\/wp\/v2\/posts"}],"about":[{"href":"https:\/\/www.visit-ulcinj.com\/blog\/wp-json\/wp\/v2\/types\/post"}],"author":[{"embeddable":true,"href":"https:\/\/www.visit-ulcinj.com\/blog\/wp-json\/wp\/v2\/users\/1"}],"replies":[{"embeddable":true,"href":"https:\/\/www.visit-ulcinj.com\/blog\/wp-json\/wp\/v2\/comments?post=15680"}],"version-history":[{"count":0,"href":"https:\/\/www.visit-ulcinj.com\/blog\/wp-json\/wp\/v2\/posts\/15680\/revisions"}],"wp:attachment":[{"href":"https:\/\/www.visit-ulcinj.com\/blog\/wp-json\/wp\/v2\/media?parent=15680"}],"wp:term":[{"taxonomy":"category","embeddable":true,"href":"https:\/\/www.visit-ulcinj.com\/blog\/wp-json\/wp\/v2\/categories?post=15680"},{"taxonomy":"post_tag","embeddable":true,"href":"https:\/\/www.visit-ulcinj.com\/blog\/wp-json\/wp\/v2\/tags?post=15680"}],"curies":[{"name":"wp","href":"https:\/\/api.w.org\/{rel}","templated":true}]}}