{"id":15691,"date":"2009-03-26T17:18:53","date_gmt":"2009-03-26T16:18:53","guid":{"rendered":"http:\/\/www.visit-ulcinj.com\/blog\/?p=15691"},"modified":"2009-03-26T17:19:53","modified_gmt":"2009-03-26T16:19:53","slug":"nazif-cungu-spajamo-sve-albance","status":"publish","type":"post","link":"https:\/\/www.visit-ulcinj.com\/blog\/2009\/03\/26\/nazif-cungu-spajamo-sve-albance\/","title":{"rendered":"Nazif Cungu: Spajamo sve Albance"},"content":{"rendered":"<p><strong><a href=\"http:\/\/www.visit-ulcinj.com\/blog\/wp-content\/uploads\/2009\/03\/nazf-cungu_genc-nimanbegu.jpg\"><img loading=\"lazy\" class=\"alignleft size-full wp-image-15692\" title=\"nazf-cungu_genc-nimanbegu\" src=\"http:\/\/www.visit-ulcinj.com\/blog\/wp-content\/uploads\/2009\/03\/nazf-cungu_genc-nimanbegu.jpg\" alt=\"nazf-cungu_genc-nimanbegu\" width=\"570\" height=\"334\" \/><\/a>PORUKA NAZIFA CUNGUA:<\/strong><br \/>\nUlcinj \u2013 Potpredsjednik Force Genci Nimanbegu kazao je ju?e da put Crne Gore u Evropsku uniju zavisi od ujedinjenja Albanaca. On je na promotivnom skupu u Ulcinju poru?io da ?e 30. marta svima pokazati da su ujedinjeni Albanci i njihova zagarantovana prava uslov koji ova dr\u017eava mora ispuniti da bi postala dio evropske porodice.<br \/>\nOn je kazao da ?e na izborima Albanci pokazati drugim narodima da dr\u017eava mo\u017ee naprijed samo bez diskriminacije i razlika.<br \/>\n\u201dTog dana zajedno sa nama bi?e i Albanci sa Kosova, Makedonije i Albanije\u201c, kazao je Nimanbegui.<br \/>\nLider Force Nazif Cungu rekao je da ta stranka na izbore dolazi kao najve?a albanska partija.<br \/>\n\u201cDolazimo kao partija koja spaja sve Albance i koja ne \u017eeli podjele i uvrede. Dolazimo kao zajedni?ki glas Albanaca koji tra\u017ee vi\u0161e dostojanstva, poslovanja i ravnopravnosti\u201c, kazao je Cungu.<br \/>\n<strong>S. A<br \/>\nVijesti<\/strong><\/p>\n<p>[flv width=&#8221;570&#8243; height=&#8221;370&#8243;]http:\/\/forca.me\/images\/stories\/videos\/FORCA_promo.flv[\/flv]<\/p>\n","protected":false},"excerpt":{"rendered":"<p>PORUKA NAZIFA CUNGUA: Ulcinj \u2013 Potpredsjednik Force Genci Nimanbegu kazao je ju?e da put Crne Gore u Evropsku uniju zavisi od ujedinjenja Albanaca. On je na promotivnom skupu u Ulcinju poru?io da ?e 30. marta svima pokazati da su ujedinjeni Albanci i njihova zagarantovana prava uslov koji ova dr\u017eava mora ispuniti da bi postala dio [&hellip;]<\/p>\n","protected":false},"author":1,"featured_media":0,"comment_status":"open","ping_status":"closed","sticky":false,"template":"","format":"standard","meta":{"spay_email":"","jetpack_publicize_message":"","jetpack_is_tweetstorm":false,"jetpack_publicize_feature_enabled":true},"categories":[8337],"tags":[8363,824,8364,2380],"jetpack_publicize_connections":[],"yoast_head":"<!-- This site is optimized with the Yoast SEO plugin v19.1 - https:\/\/yoast.com\/wordpress\/plugins\/seo\/ -->\n<title>Nazif Cungu: Spajamo sve Albance - Lajme nga Ulqini<\/title>\n<meta name=\"description\" content=\"PORUKA NAZIFA CUNGUA: Ulcinj \u2013 Potpredsjednik Force Genci Nimanbegu kazao je ju?e da put Crne Gore u Evropsku uniju zavisi od ujedinjenja Albanaca. On je\" \/>\n<meta name=\"robots\" content=\"index, follow, max-snippet:-1, max-image-preview:large, max-video-preview:-1\" \/>\n<link rel=\"canonical\" href=\"https:\/\/www.visit-ulcinj.com\/blog\/2009\/03\/26\/nazif-cungu-spajamo-sve-albance\/\" \/>\n<meta property=\"og:locale\" content=\"en_US\" \/>\n<meta property=\"og:type\" content=\"article\" \/>\n<meta property=\"og:title\" content=\"Nazif Cungu: Spajamo sve Albance - Lajme nga Ulqini\" \/>\n<meta property=\"og:description\" content=\"PORUKA NAZIFA CUNGUA: Ulcinj \u2013 Potpredsjednik Force Genci Nimanbegu kazao je ju?e da put Crne Gore u Evropsku uniju zavisi od ujedinjenja Albanaca. On je\" \/>\n<meta property=\"og:url\" content=\"https:\/\/www.visit-ulcinj.com\/blog\/2009\/03\/26\/nazif-cungu-spajamo-sve-albance\/\" \/>\n<meta property=\"og:site_name\" content=\"Lajme nga Ulqini\" \/>\n<meta property=\"article:published_time\" content=\"2009-03-26T16:18:53+00:00\" \/>\n<meta property=\"article:modified_time\" content=\"2009-03-26T16:19:53+00:00\" \/>\n<meta property=\"og:image\" content=\"http:\/\/www.visit-ulcinj.com\/blog\/wp-content\/uploads\/2009\/03\/nazf-cungu_genc-nimanbegu.jpg\" \/>\n<meta name=\"twitter:label1\" content=\"Written by\" \/>\n\t<meta name=\"twitter:data1\" content=\"ulqini\" \/>\n\t<meta name=\"twitter:label2\" content=\"Est. reading time\" \/>\n\t<meta name=\"twitter:data2\" content=\"1 minute\" \/>\n<script type=\"application\/ld+json\" class=\"yoast-schema-graph\">{\"@context\":\"https:\/\/schema.org\",\"@graph\":[{\"@type\":\"WebSite\",\"@id\":\"https:\/\/www.visit-ulcinj.com\/blog\/#website\",\"url\":\"https:\/\/www.visit-ulcinj.com\/blog\/\",\"name\":\"Lajme nga Ulqini\",\"description\":\"Lajme,Vijesti,Ulqini,Ulqin,Crna Gora,Mali i Zi\",\"potentialAction\":[{\"@type\":\"SearchAction\",\"target\":{\"@type\":\"EntryPoint\",\"urlTemplate\":\"https:\/\/www.visit-ulcinj.com\/blog\/?s={search_term_string}\"},\"query-input\":\"required name=search_term_string\"}],\"inLanguage\":\"en-US\"},{\"@type\":\"ImageObject\",\"inLanguage\":\"en-US\",\"@id\":\"https:\/\/www.visit-ulcinj.com\/blog\/2009\/03\/26\/nazif-cungu-spajamo-sve-albance\/#primaryimage\",\"url\":\"https:\/\/www.visit-ulcinj.com\/blog\/wp-content\/uploads\/2009\/03\/nazf-cungu_genc-nimanbegu.jpg\",\"contentUrl\":\"https:\/\/www.visit-ulcinj.com\/blog\/wp-content\/uploads\/2009\/03\/nazf-cungu_genc-nimanbegu.jpg\",\"width\":\"500\",\"height\":\"334\"},{\"@type\":\"WebPage\",\"@id\":\"https:\/\/www.visit-ulcinj.com\/blog\/2009\/03\/26\/nazif-cungu-spajamo-sve-albance\/#webpage\",\"url\":\"https:\/\/www.visit-ulcinj.com\/blog\/2009\/03\/26\/nazif-cungu-spajamo-sve-albance\/\",\"name\":\"Nazif Cungu: Spajamo sve Albance - Lajme nga Ulqini\",\"isPartOf\":{\"@id\":\"https:\/\/www.visit-ulcinj.com\/blog\/#website\"},\"primaryImageOfPage\":{\"@id\":\"https:\/\/www.visit-ulcinj.com\/blog\/2009\/03\/26\/nazif-cungu-spajamo-sve-albance\/#primaryimage\"},\"datePublished\":\"2009-03-26T16:18:53+00:00\",\"dateModified\":\"2009-03-26T16:19:53+00:00\",\"author\":{\"@id\":\"https:\/\/www.visit-ulcinj.com\/blog\/#\/schema\/person\/dcab619c614d3038751c63bc2aadc06d\"},\"description\":\"PORUKA NAZIFA CUNGUA: Ulcinj \u2013 Potpredsjednik Force Genci Nimanbegu kazao je ju?e da put Crne Gore u Evropsku uniju zavisi od ujedinjenja Albanaca. On je\",\"breadcrumb\":{\"@id\":\"https:\/\/www.visit-ulcinj.com\/blog\/2009\/03\/26\/nazif-cungu-spajamo-sve-albance\/#breadcrumb\"},\"inLanguage\":\"en-US\",\"potentialAction\":[{\"@type\":\"ReadAction\",\"target\":[\"https:\/\/www.visit-ulcinj.com\/blog\/2009\/03\/26\/nazif-cungu-spajamo-sve-albance\/\"]}]},{\"@type\":\"BreadcrumbList\",\"@id\":\"https:\/\/www.visit-ulcinj.com\/blog\/2009\/03\/26\/nazif-cungu-spajamo-sve-albance\/#breadcrumb\",\"itemListElement\":[{\"@type\":\"ListItem\",\"position\":1,\"name\":\"Nazif Cungu: Spajamo sve Albance\"}]},{\"@type\":\"Person\",\"@id\":\"https:\/\/www.visit-ulcinj.com\/blog\/#\/schema\/person\/dcab619c614d3038751c63bc2aadc06d\",\"name\":\"ulqini\",\"sameAs\":[\"http:\/\/www.visit-ulcinj.com\"],\"url\":\"https:\/\/www.visit-ulcinj.com\/blog\/author\/admin\/\"}]}<\/script>\n<!-- \/ Yoast SEO plugin. -->","yoast_head_json":{"title":"Nazif Cungu: Spajamo sve Albance - Lajme nga Ulqini","description":"PORUKA NAZIFA CUNGUA: Ulcinj \u2013 Potpredsjednik Force Genci Nimanbegu kazao je ju?e da put Crne Gore u Evropsku uniju zavisi od ujedinjenja Albanaca. On je","robots":{"index":"index","follow":"follow","max-snippet":"max-snippet:-1","max-image-preview":"max-image-preview:large","max-video-preview":"max-video-preview:-1"},"canonical":"https:\/\/www.visit-ulcinj.com\/blog\/2009\/03\/26\/nazif-cungu-spajamo-sve-albance\/","og_locale":"en_US","og_type":"article","og_title":"Nazif Cungu: Spajamo sve Albance - Lajme nga Ulqini","og_description":"PORUKA NAZIFA CUNGUA: Ulcinj \u2013 Potpredsjednik Force Genci Nimanbegu kazao je ju?e da put Crne Gore u Evropsku uniju zavisi od ujedinjenja Albanaca. On je","og_url":"https:\/\/www.visit-ulcinj.com\/blog\/2009\/03\/26\/nazif-cungu-spajamo-sve-albance\/","og_site_name":"Lajme nga Ulqini","article_published_time":"2009-03-26T16:18:53+00:00","article_modified_time":"2009-03-26T16:19:53+00:00","og_image":[{"url":"http:\/\/www.visit-ulcinj.com\/blog\/wp-content\/uploads\/2009\/03\/nazf-cungu_genc-nimanbegu.jpg"}],"twitter_misc":{"Written by":"ulqini","Est. reading time":"1 minute"},"schema":{"@context":"https:\/\/schema.org","@graph":[{"@type":"WebSite","@id":"https:\/\/www.visit-ulcinj.com\/blog\/#website","url":"https:\/\/www.visit-ulcinj.com\/blog\/","name":"Lajme nga Ulqini","description":"Lajme,Vijesti,Ulqini,Ulqin,Crna Gora,Mali i Zi","potentialAction":[{"@type":"SearchAction","target":{"@type":"EntryPoint","urlTemplate":"https:\/\/www.visit-ulcinj.com\/blog\/?s={search_term_string}"},"query-input":"required name=search_term_string"}],"inLanguage":"en-US"},{"@type":"ImageObject","inLanguage":"en-US","@id":"https:\/\/www.visit-ulcinj.com\/blog\/2009\/03\/26\/nazif-cungu-spajamo-sve-albance\/#primaryimage","url":"https:\/\/www.visit-ulcinj.com\/blog\/wp-content\/uploads\/2009\/03\/nazf-cungu_genc-nimanbegu.jpg","contentUrl":"https:\/\/www.visit-ulcinj.com\/blog\/wp-content\/uploads\/2009\/03\/nazf-cungu_genc-nimanbegu.jpg","width":"500","height":"334"},{"@type":"WebPage","@id":"https:\/\/www.visit-ulcinj.com\/blog\/2009\/03\/26\/nazif-cungu-spajamo-sve-albance\/#webpage","url":"https:\/\/www.visit-ulcinj.com\/blog\/2009\/03\/26\/nazif-cungu-spajamo-sve-albance\/","name":"Nazif Cungu: Spajamo sve Albance - Lajme nga Ulqini","isPartOf":{"@id":"https:\/\/www.visit-ulcinj.com\/blog\/#website"},"primaryImageOfPage":{"@id":"https:\/\/www.visit-ulcinj.com\/blog\/2009\/03\/26\/nazif-cungu-spajamo-sve-albance\/#primaryimage"},"datePublished":"2009-03-26T16:18:53+00:00","dateModified":"2009-03-26T16:19:53+00:00","author":{"@id":"https:\/\/www.visit-ulcinj.com\/blog\/#\/schema\/person\/dcab619c614d3038751c63bc2aadc06d"},"description":"PORUKA NAZIFA CUNGUA: Ulcinj \u2013 Potpredsjednik Force Genci Nimanbegu kazao je ju?e da put Crne Gore u Evropsku uniju zavisi od ujedinjenja Albanaca. On je","breadcrumb":{"@id":"https:\/\/www.visit-ulcinj.com\/blog\/2009\/03\/26\/nazif-cungu-spajamo-sve-albance\/#breadcrumb"},"inLanguage":"en-US","potentialAction":[{"@type":"ReadAction","target":["https:\/\/www.visit-ulcinj.com\/blog\/2009\/03\/26\/nazif-cungu-spajamo-sve-albance\/"]}]},{"@type":"BreadcrumbList","@id":"https:\/\/www.visit-ulcinj.com\/blog\/2009\/03\/26\/nazif-cungu-spajamo-sve-albance\/#breadcrumb","itemListElement":[{"@type":"ListItem","position":1,"name":"Nazif Cungu: Spajamo sve Albance"}]},{"@type":"Person","@id":"https:\/\/www.visit-ulcinj.com\/blog\/#\/schema\/person\/dcab619c614d3038751c63bc2aadc06d","name":"ulqini","sameAs":["http:\/\/www.visit-ulcinj.com"],"url":"https:\/\/www.visit-ulcinj.com\/blog\/author\/admin\/"}]}},"jetpack_featured_media_url":"","jetpack_sharing_enabled":true,"jetpack_shortlink":"https:\/\/wp.me\/pe6lTn-455","_links":{"self":[{"href":"https:\/\/www.visit-ulcinj.com\/blog\/wp-json\/wp\/v2\/posts\/15691"}],"collection":[{"href":"https:\/\/www.visit-ulcinj.com\/blog\/wp-json\/wp\/v2\/posts"}],"about":[{"href":"https:\/\/www.visit-ulcinj.com\/blog\/wp-json\/wp\/v2\/types\/post"}],"author":[{"embeddable":true,"href":"https:\/\/www.visit-ulcinj.com\/blog\/wp-json\/wp\/v2\/users\/1"}],"replies":[{"embeddable":true,"href":"https:\/\/www.visit-ulcinj.com\/blog\/wp-json\/wp\/v2\/comments?post=15691"}],"version-history":[{"count":0,"href":"https:\/\/www.visit-ulcinj.com\/blog\/wp-json\/wp\/v2\/posts\/15691\/revisions"}],"wp:attachment":[{"href":"https:\/\/www.visit-ulcinj.com\/blog\/wp-json\/wp\/v2\/media?parent=15691"}],"wp:term":[{"taxonomy":"category","embeddable":true,"href":"https:\/\/www.visit-ulcinj.com\/blog\/wp-json\/wp\/v2\/categories?post=15691"},{"taxonomy":"post_tag","embeddable":true,"href":"https:\/\/www.visit-ulcinj.com\/blog\/wp-json\/wp\/v2\/tags?post=15691"}],"curies":[{"name":"wp","href":"https:\/\/api.w.org\/{rel}","templated":true}]}}