{"id":15704,"date":"2009-03-26T18:46:53","date_gmt":"2009-03-26T17:46:53","guid":{"rendered":"http:\/\/www.visit-ulcinj.com\/blog\/?p=15704"},"modified":"2009-03-26T18:46:53","modified_gmt":"2009-03-26T17:46:53","slug":"mali-i-zi-lamtumire-euforise-ekonomike","status":"publish","type":"post","link":"https:\/\/www.visit-ulcinj.com\/blog\/2009\/03\/26\/mali-i-zi-lamtumire-euforise-ekonomike\/","title":{"rendered":"Mali i Zi, lamtumir\u00eb euforis\u00eb ekonomike"},"content":{"rendered":"<p><a href=\"http:\/\/www.visit-ulcinj.com\/blog\/wp-content\/uploads\/2009\/03\/budva-mali-i-zi.jpg\"><img loading=\"lazy\" class=\"alignleft size-medium wp-image-15705\" title=\"budva-mali-i-zi\" src=\"http:\/\/www.visit-ulcinj.com\/blog\/wp-content\/uploads\/2009\/03\/budva-mali-i-zi-300x200.jpg\" alt=\"budva-mali-i-zi\" width=\"391\" height=\"261\" srcset=\"https:\/\/www.visit-ulcinj.com\/blog\/wp-content\/uploads\/2009\/03\/budva-mali-i-zi-300x200.jpg 300w, https:\/\/www.visit-ulcinj.com\/blog\/wp-content\/uploads\/2009\/03\/budva-mali-i-zi-1024x682.jpg 1024w, https:\/\/www.visit-ulcinj.com\/blog\/wp-content\/uploads\/2009\/03\/budva-mali-i-zi.jpg 1600w\" sizes=\"(max-width: 391px) 100vw, 391px\" \/><\/a>Nj\u00eb heshtje e pazakont\u00eb mbret\u00ebron n\u00eb dhjet\u00ebra kantiere nd\u00ebrtimi p\u00ebrgjat\u00eb bregdetit t\u00eb Adriatikut n\u00eb Malin e Zi, pasi vendi \u00ebsht\u00eb goditur drejtp\u00ebrdrejt nga kriza imobiliare, pas periudh\u00ebs euforike q\u00eb solli pavar\u00ebsia. N\u00eb Zavala, n\u00eb periferi t\u00eb Budvas, nj\u00eb nga plazhet m\u00eb t\u00eb famshme t\u00eb Malit t\u00eb Zi, gjith\u00e7ka \u00ebsht\u00eb nd\u00ebrprer\u00eb p\u00ebr nd\u00ebrtimin e nj\u00eb fshati turistik, pasi investitor\u00ebt rus\u00eb jan\u00eb p\u00ebrballur me kriz\u00ebn financiare dhe ekonomike. Edhe n\u00eb vende t\u00eb tjera, kantieret jan\u00eb braktisur dhe apartamentet gati p\u00ebr t&#8217;u dor\u00ebzuar presin m\u00eb kot pronar\u00ebt e tyre. Agjencit\u00eb imobiliare po b\u00ebjn\u00eb p\u00ebrpjekje t\u00eb shesin rreth 4.000 apartamente n\u00eb tregun e Budvas dhe rreth 10.000 t\u00eb tjera n\u00eb Podgoric\u00eb. Q\u00eb nga viti 2007, \u00e7mimet e apartamenteve n\u00eb bregdetin e Adriatikut kan\u00eb r\u00ebn\u00eb 50 p\u00ebr qind dhe 20 p\u00ebr qind n\u00eb Podgoric\u00eb. &#8220;Kam shitur vet\u00ebm nj\u00eb pron\u00eb t\u00eb vetme n\u00eb n\u00ebnt\u00eb muaj, nd\u00ebrkoh\u00eb q\u00eb &#8216;boom&#8217;-i m\u00eb i madh imobiliar ka qen\u00eb kur kam shitur tet\u00eb pasuri n\u00eb dit\u00eb&#8221;, &#8211; thot\u00eb Dushan Stankovi\u00e7, agjent imobiliar. Dushan Stankovi\u00e7 \u00ebsht\u00eb detyruar t\u00eb shes\u00eb agjencin\u00eb e tij &#8220;Some place else&#8221; n\u00eb Kotorr, qytet i \u00e7muar nga bler\u00ebsit e huaj dhe i vler\u00ebsuar nga UNESCO-ja. Agjencia e tij punonte kryesisht me klient\u00ebt e ardhur nga Britania e Madhe dhe Irlanda, t\u00eb cilit i kan\u00eb bler\u00eb rreth 250 pasuri t\u00eb patundshme n\u00eb vitet 2006-&#8217;07. Edhe rus\u00ebt, t\u00eb cil\u00ebt blinin apartamente pa pyetur p\u00ebr \u00e7mimin, tashm\u00eb jan\u00eb pak\u00ebsuar. Ajo q\u00eb u quajt &#8220;invazioni rus&#8221; n\u00eb Malin Zi kontribuoi ndjesh\u00ebm n\u00eb rritjen e k\u00ebrkes\u00ebs dhe uljen me shpejt\u00ebsi t\u00eb \u00e7mimit. \u00c7mimi i apartamenteve dhe i tokave arrinte nga 3.500 deri n\u00eb 10.000 euro p\u00ebr met\u00ebr katror. Por k\u00ebto muajt e fundit, \u00e7mimi i nj\u00eb metri katror n\u00eb Budva ka zbritur n\u00eb 1100 euro dhe klient\u00ebt q\u00eb jan\u00eb t\u00eb gatsh\u00ebm t\u00eb paguajn\u00eb n\u00eb dor\u00eb, k\u00ebrkojn\u00eb nj\u00eb zbritje t\u00eb \u00e7mimit me 300 euro p\u00ebr met\u00ebr katror. Kriza imobiliare ka nd\u00ebrprer\u00eb aktivitetin e nd\u00ebrtimeve dhe industris\u00eb q\u00eb luan gjithashtu nj\u00eb rol t\u00eb r\u00ebnd\u00ebsish\u00ebm n\u00eb zhvillimin e vendit i cili, q\u00eb nga shpallja e pavar\u00ebsis\u00eb, \u00ebsht\u00eb p\u00ebrballur me probleme financiare. \u00c7mimet mund t\u00eb ulen akoma p\u00ebr shkak t\u00eb ofert\u00ebs nga mungesa e investimeve dhe nd\u00ebrprerja e kredive bankare p\u00ebr blerjen e pasurive t\u00eb patundshme. Fondi Monetar Nd\u00ebrkomb\u00ebtar parashikoi nj\u00eb rritje me 2 p\u00ebr qind gjat\u00eb k\u00ebtij viti p\u00ebr Malin e Zi.<br \/>\n<strong><br \/>\nGazeta Shqiptare<\/strong><\/p>\n","protected":false},"excerpt":{"rendered":"<p>Nj\u00eb heshtje e pazakont\u00eb mbret\u00ebron n\u00eb dhjet\u00ebra kantiere nd\u00ebrtimi p\u00ebrgjat\u00eb bregdetit t\u00eb Adriatikut n\u00eb Malin e Zi, pasi vendi \u00ebsht\u00eb goditur drejtp\u00ebrdrejt nga kriza imobiliare, pas periudh\u00ebs euforike q\u00eb solli pavar\u00ebsia. N\u00eb Zavala, n\u00eb periferi t\u00eb Budvas, nj\u00eb nga plazhet m\u00eb t\u00eb famshme t\u00eb Malit t\u00eb Zi, gjith\u00e7ka \u00ebsht\u00eb nd\u00ebrprer\u00eb p\u00ebr nd\u00ebrtimin e nj\u00eb fshati [&hellip;]<\/p>\n","protected":false},"author":1,"featured_media":0,"comment_status":"open","ping_status":"closed","sticky":false,"template":"","format":"standard","meta":{"spay_email":"","jetpack_publicize_message":"","jetpack_is_tweetstorm":false,"jetpack_publicize_feature_enabled":true},"categories":[10],"tags":[21,4336,8374,95,200],"jetpack_publicize_connections":[],"yoast_head":"<!-- This site is optimized with the Yoast SEO plugin v19.1 - https:\/\/yoast.com\/wordpress\/plugins\/seo\/ -->\n<title>Mali i Zi, lamtumir\u00eb euforis\u00eb ekonomike - Lajme nga Ulqini<\/title>\n<meta name=\"description\" content=\"Nj\u00eb heshtje e pazakont\u00eb mbret\u00ebron n\u00eb dhjet\u00ebra kantiere nd\u00ebrtimi p\u00ebrgjat\u00eb bregdetit t\u00eb Adriatikut n\u00eb Malin e Zi, pasi vendi \u00ebsht\u00eb goditur drejtp\u00ebrdrejt nga\" \/>\n<meta name=\"robots\" content=\"index, follow, max-snippet:-1, max-image-preview:large, max-video-preview:-1\" \/>\n<link rel=\"canonical\" href=\"https:\/\/www.visit-ulcinj.com\/blog\/2009\/03\/26\/mali-i-zi-lamtumire-euforise-ekonomike\/\" \/>\n<meta property=\"og:locale\" content=\"en_US\" \/>\n<meta property=\"og:type\" content=\"article\" \/>\n<meta property=\"og:title\" content=\"Mali i Zi, lamtumir\u00eb euforis\u00eb ekonomike - Lajme nga Ulqini\" \/>\n<meta property=\"og:description\" content=\"Nj\u00eb heshtje e pazakont\u00eb mbret\u00ebron n\u00eb dhjet\u00ebra kantiere nd\u00ebrtimi p\u00ebrgjat\u00eb bregdetit t\u00eb Adriatikut n\u00eb Malin e Zi, pasi vendi \u00ebsht\u00eb goditur drejtp\u00ebrdrejt nga\" \/>\n<meta property=\"og:url\" content=\"https:\/\/www.visit-ulcinj.com\/blog\/2009\/03\/26\/mali-i-zi-lamtumire-euforise-ekonomike\/\" \/>\n<meta property=\"og:site_name\" content=\"Lajme nga Ulqini\" \/>\n<meta property=\"article:published_time\" content=\"2009-03-26T17:46:53+00:00\" \/>\n<meta property=\"og:image\" content=\"http:\/\/www.visit-ulcinj.com\/blog\/wp-content\/uploads\/2009\/03\/budva-mali-i-zi-300x200.jpg\" \/>\n<meta name=\"twitter:label1\" content=\"Written by\" \/>\n\t<meta name=\"twitter:data1\" content=\"ulqini\" \/>\n\t<meta name=\"twitter:label2\" content=\"Est. reading time\" \/>\n\t<meta name=\"twitter:data2\" content=\"2 minutes\" \/>\n<script type=\"application\/ld+json\" class=\"yoast-schema-graph\">{\"@context\":\"https:\/\/schema.org\",\"@graph\":[{\"@type\":\"WebSite\",\"@id\":\"https:\/\/www.visit-ulcinj.com\/blog\/#website\",\"url\":\"https:\/\/www.visit-ulcinj.com\/blog\/\",\"name\":\"Lajme nga Ulqini\",\"description\":\"Lajme,Vijesti,Ulqini,Ulqin,Crna Gora,Mali i Zi\",\"potentialAction\":[{\"@type\":\"SearchAction\",\"target\":{\"@type\":\"EntryPoint\",\"urlTemplate\":\"https:\/\/www.visit-ulcinj.com\/blog\/?s={search_term_string}\"},\"query-input\":\"required name=search_term_string\"}],\"inLanguage\":\"en-US\"},{\"@type\":\"ImageObject\",\"inLanguage\":\"en-US\",\"@id\":\"https:\/\/www.visit-ulcinj.com\/blog\/2009\/03\/26\/mali-i-zi-lamtumire-euforise-ekonomike\/#primaryimage\",\"url\":\"https:\/\/www.visit-ulcinj.com\/blog\/wp-content\/uploads\/2009\/03\/budva-mali-i-zi.jpg\",\"contentUrl\":\"https:\/\/www.visit-ulcinj.com\/blog\/wp-content\/uploads\/2009\/03\/budva-mali-i-zi.jpg\",\"width\":\"1600\",\"height\":\"1067\"},{\"@type\":\"WebPage\",\"@id\":\"https:\/\/www.visit-ulcinj.com\/blog\/2009\/03\/26\/mali-i-zi-lamtumire-euforise-ekonomike\/#webpage\",\"url\":\"https:\/\/www.visit-ulcinj.com\/blog\/2009\/03\/26\/mali-i-zi-lamtumire-euforise-ekonomike\/\",\"name\":\"Mali i Zi, lamtumir\u00eb euforis\u00eb ekonomike - Lajme nga Ulqini\",\"isPartOf\":{\"@id\":\"https:\/\/www.visit-ulcinj.com\/blog\/#website\"},\"primaryImageOfPage\":{\"@id\":\"https:\/\/www.visit-ulcinj.com\/blog\/2009\/03\/26\/mali-i-zi-lamtumire-euforise-ekonomike\/#primaryimage\"},\"datePublished\":\"2009-03-26T17:46:53+00:00\",\"dateModified\":\"2009-03-26T17:46:53+00:00\",\"author\":{\"@id\":\"https:\/\/www.visit-ulcinj.com\/blog\/#\/schema\/person\/dcab619c614d3038751c63bc2aadc06d\"},\"description\":\"Nj\u00eb heshtje e pazakont\u00eb mbret\u00ebron n\u00eb dhjet\u00ebra kantiere nd\u00ebrtimi p\u00ebrgjat\u00eb bregdetit t\u00eb Adriatikut n\u00eb Malin e Zi, pasi vendi \u00ebsht\u00eb goditur drejtp\u00ebrdrejt nga\",\"breadcrumb\":{\"@id\":\"https:\/\/www.visit-ulcinj.com\/blog\/2009\/03\/26\/mali-i-zi-lamtumire-euforise-ekonomike\/#breadcrumb\"},\"inLanguage\":\"en-US\",\"potentialAction\":[{\"@type\":\"ReadAction\",\"target\":[\"https:\/\/www.visit-ulcinj.com\/blog\/2009\/03\/26\/mali-i-zi-lamtumire-euforise-ekonomike\/\"]}]},{\"@type\":\"BreadcrumbList\",\"@id\":\"https:\/\/www.visit-ulcinj.com\/blog\/2009\/03\/26\/mali-i-zi-lamtumire-euforise-ekonomike\/#breadcrumb\",\"itemListElement\":[{\"@type\":\"ListItem\",\"position\":1,\"name\":\"Mali i Zi, lamtumir\u00eb euforis\u00eb ekonomike\"}]},{\"@type\":\"Person\",\"@id\":\"https:\/\/www.visit-ulcinj.com\/blog\/#\/schema\/person\/dcab619c614d3038751c63bc2aadc06d\",\"name\":\"ulqini\",\"sameAs\":[\"http:\/\/www.visit-ulcinj.com\"],\"url\":\"https:\/\/www.visit-ulcinj.com\/blog\/author\/admin\/\"}]}<\/script>\n<!-- \/ Yoast SEO plugin. -->","yoast_head_json":{"title":"Mali i Zi, lamtumir\u00eb euforis\u00eb ekonomike - Lajme nga Ulqini","description":"Nj\u00eb heshtje e pazakont\u00eb mbret\u00ebron n\u00eb dhjet\u00ebra kantiere nd\u00ebrtimi p\u00ebrgjat\u00eb bregdetit t\u00eb Adriatikut n\u00eb Malin e Zi, pasi vendi \u00ebsht\u00eb goditur drejtp\u00ebrdrejt nga","robots":{"index":"index","follow":"follow","max-snippet":"max-snippet:-1","max-image-preview":"max-image-preview:large","max-video-preview":"max-video-preview:-1"},"canonical":"https:\/\/www.visit-ulcinj.com\/blog\/2009\/03\/26\/mali-i-zi-lamtumire-euforise-ekonomike\/","og_locale":"en_US","og_type":"article","og_title":"Mali i Zi, lamtumir\u00eb euforis\u00eb ekonomike - Lajme nga Ulqini","og_description":"Nj\u00eb heshtje e pazakont\u00eb mbret\u00ebron n\u00eb dhjet\u00ebra kantiere nd\u00ebrtimi p\u00ebrgjat\u00eb bregdetit t\u00eb Adriatikut n\u00eb Malin e Zi, pasi vendi \u00ebsht\u00eb goditur drejtp\u00ebrdrejt nga","og_url":"https:\/\/www.visit-ulcinj.com\/blog\/2009\/03\/26\/mali-i-zi-lamtumire-euforise-ekonomike\/","og_site_name":"Lajme nga Ulqini","article_published_time":"2009-03-26T17:46:53+00:00","og_image":[{"url":"http:\/\/www.visit-ulcinj.com\/blog\/wp-content\/uploads\/2009\/03\/budva-mali-i-zi-300x200.jpg"}],"twitter_misc":{"Written by":"ulqini","Est. reading time":"2 minutes"},"schema":{"@context":"https:\/\/schema.org","@graph":[{"@type":"WebSite","@id":"https:\/\/www.visit-ulcinj.com\/blog\/#website","url":"https:\/\/www.visit-ulcinj.com\/blog\/","name":"Lajme nga Ulqini","description":"Lajme,Vijesti,Ulqini,Ulqin,Crna Gora,Mali i Zi","potentialAction":[{"@type":"SearchAction","target":{"@type":"EntryPoint","urlTemplate":"https:\/\/www.visit-ulcinj.com\/blog\/?s={search_term_string}"},"query-input":"required name=search_term_string"}],"inLanguage":"en-US"},{"@type":"ImageObject","inLanguage":"en-US","@id":"https:\/\/www.visit-ulcinj.com\/blog\/2009\/03\/26\/mali-i-zi-lamtumire-euforise-ekonomike\/#primaryimage","url":"https:\/\/www.visit-ulcinj.com\/blog\/wp-content\/uploads\/2009\/03\/budva-mali-i-zi.jpg","contentUrl":"https:\/\/www.visit-ulcinj.com\/blog\/wp-content\/uploads\/2009\/03\/budva-mali-i-zi.jpg","width":"1600","height":"1067"},{"@type":"WebPage","@id":"https:\/\/www.visit-ulcinj.com\/blog\/2009\/03\/26\/mali-i-zi-lamtumire-euforise-ekonomike\/#webpage","url":"https:\/\/www.visit-ulcinj.com\/blog\/2009\/03\/26\/mali-i-zi-lamtumire-euforise-ekonomike\/","name":"Mali i Zi, lamtumir\u00eb euforis\u00eb ekonomike - Lajme nga Ulqini","isPartOf":{"@id":"https:\/\/www.visit-ulcinj.com\/blog\/#website"},"primaryImageOfPage":{"@id":"https:\/\/www.visit-ulcinj.com\/blog\/2009\/03\/26\/mali-i-zi-lamtumire-euforise-ekonomike\/#primaryimage"},"datePublished":"2009-03-26T17:46:53+00:00","dateModified":"2009-03-26T17:46:53+00:00","author":{"@id":"https:\/\/www.visit-ulcinj.com\/blog\/#\/schema\/person\/dcab619c614d3038751c63bc2aadc06d"},"description":"Nj\u00eb heshtje e pazakont\u00eb mbret\u00ebron n\u00eb dhjet\u00ebra kantiere nd\u00ebrtimi p\u00ebrgjat\u00eb bregdetit t\u00eb Adriatikut n\u00eb Malin e Zi, pasi vendi \u00ebsht\u00eb goditur drejtp\u00ebrdrejt nga","breadcrumb":{"@id":"https:\/\/www.visit-ulcinj.com\/blog\/2009\/03\/26\/mali-i-zi-lamtumire-euforise-ekonomike\/#breadcrumb"},"inLanguage":"en-US","potentialAction":[{"@type":"ReadAction","target":["https:\/\/www.visit-ulcinj.com\/blog\/2009\/03\/26\/mali-i-zi-lamtumire-euforise-ekonomike\/"]}]},{"@type":"BreadcrumbList","@id":"https:\/\/www.visit-ulcinj.com\/blog\/2009\/03\/26\/mali-i-zi-lamtumire-euforise-ekonomike\/#breadcrumb","itemListElement":[{"@type":"ListItem","position":1,"name":"Mali i Zi, lamtumir\u00eb euforis\u00eb ekonomike"}]},{"@type":"Person","@id":"https:\/\/www.visit-ulcinj.com\/blog\/#\/schema\/person\/dcab619c614d3038751c63bc2aadc06d","name":"ulqini","sameAs":["http:\/\/www.visit-ulcinj.com"],"url":"https:\/\/www.visit-ulcinj.com\/blog\/author\/admin\/"}]}},"jetpack_featured_media_url":"","jetpack_sharing_enabled":true,"jetpack_shortlink":"https:\/\/wp.me\/pe6lTn-45i","_links":{"self":[{"href":"https:\/\/www.visit-ulcinj.com\/blog\/wp-json\/wp\/v2\/posts\/15704"}],"collection":[{"href":"https:\/\/www.visit-ulcinj.com\/blog\/wp-json\/wp\/v2\/posts"}],"about":[{"href":"https:\/\/www.visit-ulcinj.com\/blog\/wp-json\/wp\/v2\/types\/post"}],"author":[{"embeddable":true,"href":"https:\/\/www.visit-ulcinj.com\/blog\/wp-json\/wp\/v2\/users\/1"}],"replies":[{"embeddable":true,"href":"https:\/\/www.visit-ulcinj.com\/blog\/wp-json\/wp\/v2\/comments?post=15704"}],"version-history":[{"count":0,"href":"https:\/\/www.visit-ulcinj.com\/blog\/wp-json\/wp\/v2\/posts\/15704\/revisions"}],"wp:attachment":[{"href":"https:\/\/www.visit-ulcinj.com\/blog\/wp-json\/wp\/v2\/media?parent=15704"}],"wp:term":[{"taxonomy":"category","embeddable":true,"href":"https:\/\/www.visit-ulcinj.com\/blog\/wp-json\/wp\/v2\/categories?post=15704"},{"taxonomy":"post_tag","embeddable":true,"href":"https:\/\/www.visit-ulcinj.com\/blog\/wp-json\/wp\/v2\/tags?post=15704"}],"curies":[{"name":"wp","href":"https:\/\/api.w.org\/{rel}","templated":true}]}}