{"id":15712,"date":"2009-03-26T23:59:25","date_gmt":"2009-03-26T22:59:25","guid":{"rendered":"http:\/\/www.visit-ulcinj.com\/blog\/?p=15712"},"modified":"2009-03-26T23:59:25","modified_gmt":"2009-03-26T22:59:25","slug":"dritan-dua-te-dal-ne-nominim","status":"publish","type":"post","link":"https:\/\/www.visit-ulcinj.com\/blog\/2009\/03\/26\/dritan-dua-te-dal-ne-nominim\/","title":{"rendered":"Dritan : Dua t\u00eb dal n\u00eb nominim"},"content":{"rendered":"<p><em><span class=\"newsdate\"><a href=\"http:\/\/www.visit-ulcinj.com\/blog\/wp-content\/uploads\/2009\/03\/tani-per-nominimin-copy.jpg\"><img loading=\"lazy\" class=\"alignleft size-full wp-image-15713\" title=\"tani-per-nominimin-big-brother-albania-2\" src=\"http:\/\/www.visit-ulcinj.com\/blog\/wp-content\/uploads\/2009\/03\/tani-per-nominimin-copy.jpg\" alt=\"tani-per-nominimin-big-brother-albania-2\" width=\"300\" height=\"205\" \/><\/a>26\/03\/09 01:45<\/span><\/em><\/p>\n<p>Dritani ka th\u00ebn\u00eb se nuk dinte si ta shpjegonte gjendjen e tij psikologjke. Ai ka th\u00ebn\u00eb se nuk ndihej as mir\u00eb, as keq. Dritani ka shtuar se do t\u00eb donte t\u00eb nominohej k\u00ebsaj jave dhe e dinte q\u00eb k\u00ebshtu do t\u00eb ndodhte. Sipas tij, kjo do ta ndihmonte t\u2019i kuptonte m\u00eb mir\u00eb gj\u00ebrat e p\u00ebr m\u00eb tep\u00ebr t\u2019i ndryshonte pak gjendjen emocionale. Sipas Republik\u00ebs, personi q\u00eb nominohet dhe i shp\u00ebton nominimit t\u00eb par\u00eb \u00ebsht\u00eb dyfish i vler\u00ebsuar. Dritani ka vazhduar t\u00eb thot\u00eb se d\u00ebshiron t\u00eb jet\u00eb i nominuar dhe Bika, me shaka, i ka th\u00ebn\u00eb se do ta nominonte.<\/p>\n","protected":false},"excerpt":{"rendered":"<p>26\/03\/09 01:45 Dritani ka th\u00ebn\u00eb se nuk dinte si ta shpjegonte gjendjen e tij psikologjke. Ai ka th\u00ebn\u00eb se nuk ndihej as mir\u00eb, as keq. Dritani ka shtuar se do t\u00eb donte t\u00eb nominohej k\u00ebsaj jave dhe e dinte q\u00eb k\u00ebshtu do t\u00eb ndodhte. Sipas tij, kjo do ta ndihmonte t\u2019i kuptonte m\u00eb mir\u00eb gj\u00ebrat [&hellip;]<\/p>\n","protected":false},"author":1,"featured_media":0,"comment_status":"open","ping_status":"closed","sticky":false,"template":"","format":"standard","meta":{"spay_email":"","jetpack_publicize_message":"","jetpack_is_tweetstorm":false,"jetpack_publicize_feature_enabled":true},"categories":[6502],"tags":[6883,6516,6712,6538,6567,6544,7199,6757,262,6891],"jetpack_publicize_connections":[],"yoast_head":"<!-- This site is optimized with the Yoast SEO plugin v19.1 - https:\/\/yoast.com\/wordpress\/plugins\/seo\/ -->\n<title>Dritan : Dua t\u00c3\u00ab dal n\u00c3\u00ab nominim | Big Brother Albania 2<\/title>\n<meta name=\"description\" content=\"Big Brother Albania 2 - Dritani ka th\u00c3\u00abn\u00c3\u00ab se nuk dinte si ta shpjegonte gjendjen e tij psikologjke. Ai ka th\u00c3\u00abn\u00c3\u00ab se nuk ndihej as mir\u00c3\u00ab, as keq. Dritani ka shtuar se do t\u00c3\u00ab donte t\u00c3\u00ab nominohej k\u00c3\u00absaj jave dhe e dinte q\u00c3\u00ab k\u00c3\u00abshtu do t\u00c3\u00ab ndodhte.\" \/>\n<meta name=\"robots\" content=\"index, follow, max-snippet:-1, max-image-preview:large, max-video-preview:-1\" \/>\n<link rel=\"canonical\" href=\"https:\/\/www.visit-ulcinj.com\/blog\/2009\/03\/26\/dritan-dua-te-dal-ne-nominim\/\" \/>\n<meta property=\"og:locale\" content=\"en_US\" \/>\n<meta property=\"og:type\" content=\"article\" \/>\n<meta property=\"og:title\" content=\"Dritan : Dua t\u00c3\u00ab dal n\u00c3\u00ab nominim | Big Brother Albania 2\" \/>\n<meta property=\"og:description\" content=\"Big Brother Albania 2 - Dritani ka th\u00c3\u00abn\u00c3\u00ab se nuk dinte si ta shpjegonte gjendjen e tij psikologjke. Ai ka th\u00c3\u00abn\u00c3\u00ab se nuk ndihej as mir\u00c3\u00ab, as keq. Dritani ka shtuar se do t\u00c3\u00ab donte t\u00c3\u00ab nominohej k\u00c3\u00absaj jave dhe e dinte q\u00c3\u00ab k\u00c3\u00abshtu do t\u00c3\u00ab ndodhte.\" \/>\n<meta property=\"og:url\" content=\"https:\/\/www.visit-ulcinj.com\/blog\/2009\/03\/26\/dritan-dua-te-dal-ne-nominim\/\" \/>\n<meta property=\"og:site_name\" content=\"Lajme nga Ulqini\" \/>\n<meta property=\"article:published_time\" content=\"2009-03-26T22:59:25+00:00\" \/>\n<meta property=\"og:image\" content=\"http:\/\/www.visit-ulcinj.com\/blog\/wp-content\/uploads\/2009\/03\/tani-per-nominimin-copy.jpg\" \/>\n<meta name=\"twitter:label1\" content=\"Written by\" \/>\n\t<meta name=\"twitter:data1\" content=\"ulqini\" \/>\n\t<meta name=\"twitter:label2\" content=\"Est. reading time\" \/>\n\t<meta name=\"twitter:data2\" content=\"1 minute\" \/>\n<script type=\"application\/ld+json\" class=\"yoast-schema-graph\">{\"@context\":\"https:\/\/schema.org\",\"@graph\":[{\"@type\":\"WebSite\",\"@id\":\"https:\/\/www.visit-ulcinj.com\/blog\/#website\",\"url\":\"https:\/\/www.visit-ulcinj.com\/blog\/\",\"name\":\"Lajme nga Ulqini\",\"description\":\"Lajme,Vijesti,Ulqini,Ulqin,Crna Gora,Mali i Zi\",\"potentialAction\":[{\"@type\":\"SearchAction\",\"target\":{\"@type\":\"EntryPoint\",\"urlTemplate\":\"https:\/\/www.visit-ulcinj.com\/blog\/?s={search_term_string}\"},\"query-input\":\"required name=search_term_string\"}],\"inLanguage\":\"en-US\"},{\"@type\":\"ImageObject\",\"inLanguage\":\"en-US\",\"@id\":\"https:\/\/www.visit-ulcinj.com\/blog\/2009\/03\/26\/dritan-dua-te-dal-ne-nominim\/#primaryimage\",\"url\":\"http:\/\/www.visit-ulcinj.com\/blog\/wp-content\/uploads\/2009\/03\/tani-per-nominimin-copy.jpg\",\"contentUrl\":\"http:\/\/www.visit-ulcinj.com\/blog\/wp-content\/uploads\/2009\/03\/tani-per-nominimin-copy.jpg\"},{\"@type\":\"WebPage\",\"@id\":\"https:\/\/www.visit-ulcinj.com\/blog\/2009\/03\/26\/dritan-dua-te-dal-ne-nominim\/#webpage\",\"url\":\"https:\/\/www.visit-ulcinj.com\/blog\/2009\/03\/26\/dritan-dua-te-dal-ne-nominim\/\",\"name\":\"Dritan : Dua t\u00c3\u00ab dal n\u00c3\u00ab nominim | Big Brother Albania 2\",\"isPartOf\":{\"@id\":\"https:\/\/www.visit-ulcinj.com\/blog\/#website\"},\"primaryImageOfPage\":{\"@id\":\"https:\/\/www.visit-ulcinj.com\/blog\/2009\/03\/26\/dritan-dua-te-dal-ne-nominim\/#primaryimage\"},\"datePublished\":\"2009-03-26T22:59:25+00:00\",\"dateModified\":\"2009-03-26T22:59:25+00:00\",\"author\":{\"@id\":\"https:\/\/www.visit-ulcinj.com\/blog\/#\/schema\/person\/dcab619c614d3038751c63bc2aadc06d\"},\"description\":\"Big Brother Albania 2 - Dritani ka th\u00c3\u00abn\u00c3\u00ab se nuk dinte si ta shpjegonte gjendjen e tij psikologjke. Ai ka th\u00c3\u00abn\u00c3\u00ab se nuk ndihej as mir\u00c3\u00ab, as keq. Dritani ka shtuar se do t\u00c3\u00ab donte t\u00c3\u00ab nominohej k\u00c3\u00absaj jave dhe e dinte q\u00c3\u00ab k\u00c3\u00abshtu do t\u00c3\u00ab ndodhte.\",\"breadcrumb\":{\"@id\":\"https:\/\/www.visit-ulcinj.com\/blog\/2009\/03\/26\/dritan-dua-te-dal-ne-nominim\/#breadcrumb\"},\"inLanguage\":\"en-US\",\"potentialAction\":[{\"@type\":\"ReadAction\",\"target\":[\"https:\/\/www.visit-ulcinj.com\/blog\/2009\/03\/26\/dritan-dua-te-dal-ne-nominim\/\"]}]},{\"@type\":\"BreadcrumbList\",\"@id\":\"https:\/\/www.visit-ulcinj.com\/blog\/2009\/03\/26\/dritan-dua-te-dal-ne-nominim\/#breadcrumb\",\"itemListElement\":[{\"@type\":\"ListItem\",\"position\":1,\"name\":\"Dritan : Dua t\u00eb dal n\u00eb nominim\"}]},{\"@type\":\"Person\",\"@id\":\"https:\/\/www.visit-ulcinj.com\/blog\/#\/schema\/person\/dcab619c614d3038751c63bc2aadc06d\",\"name\":\"ulqini\",\"sameAs\":[\"http:\/\/www.visit-ulcinj.com\"],\"url\":\"https:\/\/www.visit-ulcinj.com\/blog\/author\/admin\/\"}]}<\/script>\n<!-- \/ Yoast SEO plugin. -->","yoast_head_json":{"title":"Dritan : Dua t\u00c3\u00ab dal n\u00c3\u00ab nominim | Big Brother Albania 2","description":"Big Brother Albania 2 - Dritani ka th\u00c3\u00abn\u00c3\u00ab se nuk dinte si ta shpjegonte gjendjen e tij psikologjke. Ai ka th\u00c3\u00abn\u00c3\u00ab se nuk ndihej as mir\u00c3\u00ab, as keq. Dritani ka shtuar se do t\u00c3\u00ab donte t\u00c3\u00ab nominohej k\u00c3\u00absaj jave dhe e dinte q\u00c3\u00ab k\u00c3\u00abshtu do t\u00c3\u00ab ndodhte.","robots":{"index":"index","follow":"follow","max-snippet":"max-snippet:-1","max-image-preview":"max-image-preview:large","max-video-preview":"max-video-preview:-1"},"canonical":"https:\/\/www.visit-ulcinj.com\/blog\/2009\/03\/26\/dritan-dua-te-dal-ne-nominim\/","og_locale":"en_US","og_type":"article","og_title":"Dritan : Dua t\u00c3\u00ab dal n\u00c3\u00ab nominim | Big Brother Albania 2","og_description":"Big Brother Albania 2 - Dritani ka th\u00c3\u00abn\u00c3\u00ab se nuk dinte si ta shpjegonte gjendjen e tij psikologjke. Ai ka th\u00c3\u00abn\u00c3\u00ab se nuk ndihej as mir\u00c3\u00ab, as keq. Dritani ka shtuar se do t\u00c3\u00ab donte t\u00c3\u00ab nominohej k\u00c3\u00absaj jave dhe e dinte q\u00c3\u00ab k\u00c3\u00abshtu do t\u00c3\u00ab ndodhte.","og_url":"https:\/\/www.visit-ulcinj.com\/blog\/2009\/03\/26\/dritan-dua-te-dal-ne-nominim\/","og_site_name":"Lajme nga Ulqini","article_published_time":"2009-03-26T22:59:25+00:00","og_image":[{"url":"http:\/\/www.visit-ulcinj.com\/blog\/wp-content\/uploads\/2009\/03\/tani-per-nominimin-copy.jpg"}],"twitter_misc":{"Written by":"ulqini","Est. reading time":"1 minute"},"schema":{"@context":"https:\/\/schema.org","@graph":[{"@type":"WebSite","@id":"https:\/\/www.visit-ulcinj.com\/blog\/#website","url":"https:\/\/www.visit-ulcinj.com\/blog\/","name":"Lajme nga Ulqini","description":"Lajme,Vijesti,Ulqini,Ulqin,Crna Gora,Mali i Zi","potentialAction":[{"@type":"SearchAction","target":{"@type":"EntryPoint","urlTemplate":"https:\/\/www.visit-ulcinj.com\/blog\/?s={search_term_string}"},"query-input":"required name=search_term_string"}],"inLanguage":"en-US"},{"@type":"ImageObject","inLanguage":"en-US","@id":"https:\/\/www.visit-ulcinj.com\/blog\/2009\/03\/26\/dritan-dua-te-dal-ne-nominim\/#primaryimage","url":"http:\/\/www.visit-ulcinj.com\/blog\/wp-content\/uploads\/2009\/03\/tani-per-nominimin-copy.jpg","contentUrl":"http:\/\/www.visit-ulcinj.com\/blog\/wp-content\/uploads\/2009\/03\/tani-per-nominimin-copy.jpg"},{"@type":"WebPage","@id":"https:\/\/www.visit-ulcinj.com\/blog\/2009\/03\/26\/dritan-dua-te-dal-ne-nominim\/#webpage","url":"https:\/\/www.visit-ulcinj.com\/blog\/2009\/03\/26\/dritan-dua-te-dal-ne-nominim\/","name":"Dritan : Dua t\u00c3\u00ab dal n\u00c3\u00ab nominim | Big Brother Albania 2","isPartOf":{"@id":"https:\/\/www.visit-ulcinj.com\/blog\/#website"},"primaryImageOfPage":{"@id":"https:\/\/www.visit-ulcinj.com\/blog\/2009\/03\/26\/dritan-dua-te-dal-ne-nominim\/#primaryimage"},"datePublished":"2009-03-26T22:59:25+00:00","dateModified":"2009-03-26T22:59:25+00:00","author":{"@id":"https:\/\/www.visit-ulcinj.com\/blog\/#\/schema\/person\/dcab619c614d3038751c63bc2aadc06d"},"description":"Big Brother Albania 2 - Dritani ka th\u00c3\u00abn\u00c3\u00ab se nuk dinte si ta shpjegonte gjendjen e tij psikologjke. Ai ka th\u00c3\u00abn\u00c3\u00ab se nuk ndihej as mir\u00c3\u00ab, as keq. Dritani ka shtuar se do t\u00c3\u00ab donte t\u00c3\u00ab nominohej k\u00c3\u00absaj jave dhe e dinte q\u00c3\u00ab k\u00c3\u00abshtu do t\u00c3\u00ab ndodhte.","breadcrumb":{"@id":"https:\/\/www.visit-ulcinj.com\/blog\/2009\/03\/26\/dritan-dua-te-dal-ne-nominim\/#breadcrumb"},"inLanguage":"en-US","potentialAction":[{"@type":"ReadAction","target":["https:\/\/www.visit-ulcinj.com\/blog\/2009\/03\/26\/dritan-dua-te-dal-ne-nominim\/"]}]},{"@type":"BreadcrumbList","@id":"https:\/\/www.visit-ulcinj.com\/blog\/2009\/03\/26\/dritan-dua-te-dal-ne-nominim\/#breadcrumb","itemListElement":[{"@type":"ListItem","position":1,"name":"Dritan : Dua t\u00eb dal n\u00eb nominim"}]},{"@type":"Person","@id":"https:\/\/www.visit-ulcinj.com\/blog\/#\/schema\/person\/dcab619c614d3038751c63bc2aadc06d","name":"ulqini","sameAs":["http:\/\/www.visit-ulcinj.com"],"url":"https:\/\/www.visit-ulcinj.com\/blog\/author\/admin\/"}]}},"jetpack_featured_media_url":"","jetpack_sharing_enabled":true,"jetpack_shortlink":"https:\/\/wp.me\/pe6lTn-45q","_links":{"self":[{"href":"https:\/\/www.visit-ulcinj.com\/blog\/wp-json\/wp\/v2\/posts\/15712"}],"collection":[{"href":"https:\/\/www.visit-ulcinj.com\/blog\/wp-json\/wp\/v2\/posts"}],"about":[{"href":"https:\/\/www.visit-ulcinj.com\/blog\/wp-json\/wp\/v2\/types\/post"}],"author":[{"embeddable":true,"href":"https:\/\/www.visit-ulcinj.com\/blog\/wp-json\/wp\/v2\/users\/1"}],"replies":[{"embeddable":true,"href":"https:\/\/www.visit-ulcinj.com\/blog\/wp-json\/wp\/v2\/comments?post=15712"}],"version-history":[{"count":0,"href":"https:\/\/www.visit-ulcinj.com\/blog\/wp-json\/wp\/v2\/posts\/15712\/revisions"}],"wp:attachment":[{"href":"https:\/\/www.visit-ulcinj.com\/blog\/wp-json\/wp\/v2\/media?parent=15712"}],"wp:term":[{"taxonomy":"category","embeddable":true,"href":"https:\/\/www.visit-ulcinj.com\/blog\/wp-json\/wp\/v2\/categories?post=15712"},{"taxonomy":"post_tag","embeddable":true,"href":"https:\/\/www.visit-ulcinj.com\/blog\/wp-json\/wp\/v2\/tags?post=15712"}],"curies":[{"name":"wp","href":"https:\/\/api.w.org\/{rel}","templated":true}]}}