{"id":15715,"date":"2009-03-27T00:02:15","date_gmt":"2009-03-26T23:02:15","guid":{"rendered":"http:\/\/www.visit-ulcinj.com\/blog\/?p=15715"},"modified":"2009-03-27T00:02:15","modified_gmt":"2009-03-26T23:02:15","slug":"sori-edhe-lepur-edhe-dhelper-edhe-luan","status":"publish","type":"post","link":"https:\/\/www.visit-ulcinj.com\/blog\/2009\/03\/27\/sori-edhe-lepur-edhe-dhelper-edhe-luan\/","title":{"rendered":"Sori : Edhe lepur edhe dhelp\u00ebr, edhe luan"},"content":{"rendered":"<p><em><span class=\"newsdate\"><a href=\"http:\/\/www.visit-ulcinj.com\/blog\/wp-content\/uploads\/2009\/03\/qetsori26-copy.jpg\"><img loading=\"lazy\" class=\"alignleft size-full wp-image-15716\" title=\"qetsori-big-brother-albania-2\" src=\"http:\/\/www.visit-ulcinj.com\/blog\/wp-content\/uploads\/2009\/03\/qetsori26-copy.jpg\" alt=\"qetsori-big-brother-albania-2\" width=\"300\" height=\"205\" \/><\/a>26\/03\/09 02:15<\/span><\/em><\/p>\n<p>Aida, duke biseduar me Qetsorin, ka cil\u00ebsuar nivelin e konsideruesh\u00ebm t\u00eb dijeve t\u00eb tij. Sipas Qetsorit, ato ishin njohuri q\u00eb atij ia kishte dhuruar jeta. Ai ka th\u00ebn\u00eb se ka aft\u00ebsi jo vet\u00ebm t\u2019i mbaj\u00eb mend gj\u00ebrat, por edhe t\u00eb nxjerr\u00eb konkluzione nga situatat. Aida i ka th\u00ebn\u00eb Qetsorit se ajo q\u00eb nuk kishte pritur nga Qetsori ishte aft\u00ebsia p\u00ebr t\u00eb b\u00ebr\u00eb kompromise. Sipas Qetsorit, kompromisi \u00ebsht\u00eb shum\u00eb i r\u00ebnd\u00ebsish\u00ebm, por brenda sht\u00ebpis\u00eb ai nuk e kishte b\u00ebr\u00eb nj\u00eb gj\u00eb t\u00eb till\u00eb. Ai p\u00ebrmendi se edhe n\u00eb jet\u00eb, kishte humbur disa gj\u00ebra, sepse nuk donte t\u00eb b\u00ebnte kompromise dhe kjo e kishte b\u00ebr\u00eb t\u00eb kuptonte se k\u00ebto t\u00eb fundit ishin t\u00eb domosdoshme. \u201cNjeriu duhet t\u00eb jet\u00eb elastik, &#8211; ka th\u00ebn\u00eb ai, &#8211; as kavo \u00e7eliku, se k\u00ebputet, as qelq, se thyhet!\u201d Ai ka cituar Makiavelin, sipas t\u00eb cilit: \u201cNjeriu duhet t\u00eb dij\u00eb t\u00eb b\u00ebj\u00eb edhe lepurin, edhe dhelpr\u00ebn, edhe luanin, por duhet t\u00eb dij\u00eb kur t\u2019i b\u00ebj\u00eb, ndryshe gabon!\u201d<\/p>\n","protected":false},"excerpt":{"rendered":"<p>26\/03\/09 02:15 Aida, duke biseduar me Qetsorin, ka cil\u00ebsuar nivelin e konsideruesh\u00ebm t\u00eb dijeve t\u00eb tij. Sipas Qetsorit, ato ishin njohuri q\u00eb atij ia kishte dhuruar jeta. Ai ka th\u00ebn\u00eb se ka aft\u00ebsi jo vet\u00ebm t\u2019i mbaj\u00eb mend gj\u00ebrat, por edhe t\u00eb nxjerr\u00eb konkluzione nga situatat. Aida i ka th\u00ebn\u00eb Qetsorit se ajo q\u00eb nuk [&hellip;]<\/p>\n","protected":false},"author":1,"featured_media":0,"comment_status":"open","ping_status":"closed","sticky":false,"template":"","format":"standard","meta":{"spay_email":"","jetpack_publicize_message":"","jetpack_is_tweetstorm":false,"jetpack_publicize_feature_enabled":true},"categories":[6502],"tags":[6537,6883,6516,6712,6900,6891],"jetpack_publicize_connections":[],"yoast_head":"<!-- This site is optimized with the Yoast SEO plugin v19.1 - https:\/\/yoast.com\/wordpress\/plugins\/seo\/ -->\n<title>Sori : Edhe lepur edhe dhelp\u00c3\u00abr, edhe luan | Big Brother Albania 2<\/title>\n<meta name=\"description\" content=\"Big Brother Albania 2 - Aida, duke biseduar me Qetsorin, ka cil\u00c3\u00absuar nivelin e konsideruesh\u00c3\u00abm t\u00c3\u00ab dijeve t\u00c3\u00ab tij. Sipas Qetsorit, ato ishin njohuri q\u00c3\u00ab atij ia kishte dhuruar jeta\" \/>\n<meta name=\"robots\" content=\"index, follow, max-snippet:-1, max-image-preview:large, max-video-preview:-1\" \/>\n<link rel=\"canonical\" href=\"https:\/\/www.visit-ulcinj.com\/blog\/2009\/03\/27\/sori-edhe-lepur-edhe-dhelper-edhe-luan\/\" \/>\n<meta property=\"og:locale\" content=\"en_US\" \/>\n<meta property=\"og:type\" content=\"article\" \/>\n<meta property=\"og:title\" content=\"Sori : Edhe lepur edhe dhelp\u00c3\u00abr, edhe luan | Big Brother Albania 2\" \/>\n<meta property=\"og:description\" content=\"Big Brother Albania 2 - Aida, duke biseduar me Qetsorin, ka cil\u00c3\u00absuar nivelin e konsideruesh\u00c3\u00abm t\u00c3\u00ab dijeve t\u00c3\u00ab tij. Sipas Qetsorit, ato ishin njohuri q\u00c3\u00ab atij ia kishte dhuruar jeta\" \/>\n<meta property=\"og:url\" content=\"https:\/\/www.visit-ulcinj.com\/blog\/2009\/03\/27\/sori-edhe-lepur-edhe-dhelper-edhe-luan\/\" \/>\n<meta property=\"og:site_name\" content=\"Lajme nga Ulqini\" \/>\n<meta property=\"article:published_time\" content=\"2009-03-26T23:02:15+00:00\" \/>\n<meta property=\"og:image\" content=\"http:\/\/www.visit-ulcinj.com\/blog\/wp-content\/uploads\/2009\/03\/qetsori26-copy.jpg\" \/>\n<meta name=\"twitter:label1\" content=\"Written by\" \/>\n\t<meta name=\"twitter:data1\" content=\"ulqini\" \/>\n\t<meta name=\"twitter:label2\" content=\"Est. reading time\" \/>\n\t<meta name=\"twitter:data2\" content=\"1 minute\" \/>\n<script type=\"application\/ld+json\" class=\"yoast-schema-graph\">{\"@context\":\"https:\/\/schema.org\",\"@graph\":[{\"@type\":\"WebSite\",\"@id\":\"https:\/\/www.visit-ulcinj.com\/blog\/#website\",\"url\":\"https:\/\/www.visit-ulcinj.com\/blog\/\",\"name\":\"Lajme nga Ulqini\",\"description\":\"Lajme,Vijesti,Ulqini,Ulqin,Crna Gora,Mali i Zi\",\"potentialAction\":[{\"@type\":\"SearchAction\",\"target\":{\"@type\":\"EntryPoint\",\"urlTemplate\":\"https:\/\/www.visit-ulcinj.com\/blog\/?s={search_term_string}\"},\"query-input\":\"required name=search_term_string\"}],\"inLanguage\":\"en-US\"},{\"@type\":\"ImageObject\",\"inLanguage\":\"en-US\",\"@id\":\"https:\/\/www.visit-ulcinj.com\/blog\/2009\/03\/27\/sori-edhe-lepur-edhe-dhelper-edhe-luan\/#primaryimage\",\"url\":\"http:\/\/www.visit-ulcinj.com\/blog\/wp-content\/uploads\/2009\/03\/qetsori26-copy.jpg\",\"contentUrl\":\"http:\/\/www.visit-ulcinj.com\/blog\/wp-content\/uploads\/2009\/03\/qetsori26-copy.jpg\"},{\"@type\":\"WebPage\",\"@id\":\"https:\/\/www.visit-ulcinj.com\/blog\/2009\/03\/27\/sori-edhe-lepur-edhe-dhelper-edhe-luan\/#webpage\",\"url\":\"https:\/\/www.visit-ulcinj.com\/blog\/2009\/03\/27\/sori-edhe-lepur-edhe-dhelper-edhe-luan\/\",\"name\":\"Sori : Edhe lepur edhe dhelp\u00c3\u00abr, edhe luan | Big Brother Albania 2\",\"isPartOf\":{\"@id\":\"https:\/\/www.visit-ulcinj.com\/blog\/#website\"},\"primaryImageOfPage\":{\"@id\":\"https:\/\/www.visit-ulcinj.com\/blog\/2009\/03\/27\/sori-edhe-lepur-edhe-dhelper-edhe-luan\/#primaryimage\"},\"datePublished\":\"2009-03-26T23:02:15+00:00\",\"dateModified\":\"2009-03-26T23:02:15+00:00\",\"author\":{\"@id\":\"https:\/\/www.visit-ulcinj.com\/blog\/#\/schema\/person\/dcab619c614d3038751c63bc2aadc06d\"},\"description\":\"Big Brother Albania 2 - Aida, duke biseduar me Qetsorin, ka cil\u00c3\u00absuar nivelin e konsideruesh\u00c3\u00abm t\u00c3\u00ab dijeve t\u00c3\u00ab tij. Sipas Qetsorit, ato ishin njohuri q\u00c3\u00ab atij ia kishte dhuruar jeta\",\"breadcrumb\":{\"@id\":\"https:\/\/www.visit-ulcinj.com\/blog\/2009\/03\/27\/sori-edhe-lepur-edhe-dhelper-edhe-luan\/#breadcrumb\"},\"inLanguage\":\"en-US\",\"potentialAction\":[{\"@type\":\"ReadAction\",\"target\":[\"https:\/\/www.visit-ulcinj.com\/blog\/2009\/03\/27\/sori-edhe-lepur-edhe-dhelper-edhe-luan\/\"]}]},{\"@type\":\"BreadcrumbList\",\"@id\":\"https:\/\/www.visit-ulcinj.com\/blog\/2009\/03\/27\/sori-edhe-lepur-edhe-dhelper-edhe-luan\/#breadcrumb\",\"itemListElement\":[{\"@type\":\"ListItem\",\"position\":1,\"name\":\"Sori : Edhe lepur edhe dhelp\u00ebr, edhe luan\"}]},{\"@type\":\"Person\",\"@id\":\"https:\/\/www.visit-ulcinj.com\/blog\/#\/schema\/person\/dcab619c614d3038751c63bc2aadc06d\",\"name\":\"ulqini\",\"sameAs\":[\"http:\/\/www.visit-ulcinj.com\"],\"url\":\"https:\/\/www.visit-ulcinj.com\/blog\/author\/admin\/\"}]}<\/script>\n<!-- \/ Yoast SEO plugin. -->","yoast_head_json":{"title":"Sori : Edhe lepur edhe dhelp\u00c3\u00abr, edhe luan | Big Brother Albania 2","description":"Big Brother Albania 2 - Aida, duke biseduar me Qetsorin, ka cil\u00c3\u00absuar nivelin e konsideruesh\u00c3\u00abm t\u00c3\u00ab dijeve t\u00c3\u00ab tij. Sipas Qetsorit, ato ishin njohuri q\u00c3\u00ab atij ia kishte dhuruar jeta","robots":{"index":"index","follow":"follow","max-snippet":"max-snippet:-1","max-image-preview":"max-image-preview:large","max-video-preview":"max-video-preview:-1"},"canonical":"https:\/\/www.visit-ulcinj.com\/blog\/2009\/03\/27\/sori-edhe-lepur-edhe-dhelper-edhe-luan\/","og_locale":"en_US","og_type":"article","og_title":"Sori : Edhe lepur edhe dhelp\u00c3\u00abr, edhe luan | Big Brother Albania 2","og_description":"Big Brother Albania 2 - Aida, duke biseduar me Qetsorin, ka cil\u00c3\u00absuar nivelin e konsideruesh\u00c3\u00abm t\u00c3\u00ab dijeve t\u00c3\u00ab tij. Sipas Qetsorit, ato ishin njohuri q\u00c3\u00ab atij ia kishte dhuruar jeta","og_url":"https:\/\/www.visit-ulcinj.com\/blog\/2009\/03\/27\/sori-edhe-lepur-edhe-dhelper-edhe-luan\/","og_site_name":"Lajme nga Ulqini","article_published_time":"2009-03-26T23:02:15+00:00","og_image":[{"url":"http:\/\/www.visit-ulcinj.com\/blog\/wp-content\/uploads\/2009\/03\/qetsori26-copy.jpg"}],"twitter_misc":{"Written by":"ulqini","Est. reading time":"1 minute"},"schema":{"@context":"https:\/\/schema.org","@graph":[{"@type":"WebSite","@id":"https:\/\/www.visit-ulcinj.com\/blog\/#website","url":"https:\/\/www.visit-ulcinj.com\/blog\/","name":"Lajme nga Ulqini","description":"Lajme,Vijesti,Ulqini,Ulqin,Crna Gora,Mali i Zi","potentialAction":[{"@type":"SearchAction","target":{"@type":"EntryPoint","urlTemplate":"https:\/\/www.visit-ulcinj.com\/blog\/?s={search_term_string}"},"query-input":"required name=search_term_string"}],"inLanguage":"en-US"},{"@type":"ImageObject","inLanguage":"en-US","@id":"https:\/\/www.visit-ulcinj.com\/blog\/2009\/03\/27\/sori-edhe-lepur-edhe-dhelper-edhe-luan\/#primaryimage","url":"http:\/\/www.visit-ulcinj.com\/blog\/wp-content\/uploads\/2009\/03\/qetsori26-copy.jpg","contentUrl":"http:\/\/www.visit-ulcinj.com\/blog\/wp-content\/uploads\/2009\/03\/qetsori26-copy.jpg"},{"@type":"WebPage","@id":"https:\/\/www.visit-ulcinj.com\/blog\/2009\/03\/27\/sori-edhe-lepur-edhe-dhelper-edhe-luan\/#webpage","url":"https:\/\/www.visit-ulcinj.com\/blog\/2009\/03\/27\/sori-edhe-lepur-edhe-dhelper-edhe-luan\/","name":"Sori : Edhe lepur edhe dhelp\u00c3\u00abr, edhe luan | Big Brother Albania 2","isPartOf":{"@id":"https:\/\/www.visit-ulcinj.com\/blog\/#website"},"primaryImageOfPage":{"@id":"https:\/\/www.visit-ulcinj.com\/blog\/2009\/03\/27\/sori-edhe-lepur-edhe-dhelper-edhe-luan\/#primaryimage"},"datePublished":"2009-03-26T23:02:15+00:00","dateModified":"2009-03-26T23:02:15+00:00","author":{"@id":"https:\/\/www.visit-ulcinj.com\/blog\/#\/schema\/person\/dcab619c614d3038751c63bc2aadc06d"},"description":"Big Brother Albania 2 - Aida, duke biseduar me Qetsorin, ka cil\u00c3\u00absuar nivelin e konsideruesh\u00c3\u00abm t\u00c3\u00ab dijeve t\u00c3\u00ab tij. Sipas Qetsorit, ato ishin njohuri q\u00c3\u00ab atij ia kishte dhuruar jeta","breadcrumb":{"@id":"https:\/\/www.visit-ulcinj.com\/blog\/2009\/03\/27\/sori-edhe-lepur-edhe-dhelper-edhe-luan\/#breadcrumb"},"inLanguage":"en-US","potentialAction":[{"@type":"ReadAction","target":["https:\/\/www.visit-ulcinj.com\/blog\/2009\/03\/27\/sori-edhe-lepur-edhe-dhelper-edhe-luan\/"]}]},{"@type":"BreadcrumbList","@id":"https:\/\/www.visit-ulcinj.com\/blog\/2009\/03\/27\/sori-edhe-lepur-edhe-dhelper-edhe-luan\/#breadcrumb","itemListElement":[{"@type":"ListItem","position":1,"name":"Sori : Edhe lepur edhe dhelp\u00ebr, edhe luan"}]},{"@type":"Person","@id":"https:\/\/www.visit-ulcinj.com\/blog\/#\/schema\/person\/dcab619c614d3038751c63bc2aadc06d","name":"ulqini","sameAs":["http:\/\/www.visit-ulcinj.com"],"url":"https:\/\/www.visit-ulcinj.com\/blog\/author\/admin\/"}]}},"jetpack_featured_media_url":"","jetpack_sharing_enabled":true,"jetpack_shortlink":"https:\/\/wp.me\/pe6lTn-45t","_links":{"self":[{"href":"https:\/\/www.visit-ulcinj.com\/blog\/wp-json\/wp\/v2\/posts\/15715"}],"collection":[{"href":"https:\/\/www.visit-ulcinj.com\/blog\/wp-json\/wp\/v2\/posts"}],"about":[{"href":"https:\/\/www.visit-ulcinj.com\/blog\/wp-json\/wp\/v2\/types\/post"}],"author":[{"embeddable":true,"href":"https:\/\/www.visit-ulcinj.com\/blog\/wp-json\/wp\/v2\/users\/1"}],"replies":[{"embeddable":true,"href":"https:\/\/www.visit-ulcinj.com\/blog\/wp-json\/wp\/v2\/comments?post=15715"}],"version-history":[{"count":0,"href":"https:\/\/www.visit-ulcinj.com\/blog\/wp-json\/wp\/v2\/posts\/15715\/revisions"}],"wp:attachment":[{"href":"https:\/\/www.visit-ulcinj.com\/blog\/wp-json\/wp\/v2\/media?parent=15715"}],"wp:term":[{"taxonomy":"category","embeddable":true,"href":"https:\/\/www.visit-ulcinj.com\/blog\/wp-json\/wp\/v2\/categories?post=15715"},{"taxonomy":"post_tag","embeddable":true,"href":"https:\/\/www.visit-ulcinj.com\/blog\/wp-json\/wp\/v2\/tags?post=15715"}],"curies":[{"name":"wp","href":"https:\/\/api.w.org\/{rel}","templated":true}]}}