{"id":15719,"date":"2009-03-27T00:09:09","date_gmt":"2009-03-26T23:09:09","guid":{"rendered":"http:\/\/www.visit-ulcinj.com\/blog\/?p=15719"},"modified":"2009-03-27T00:09:09","modified_gmt":"2009-03-26T23:09:09","slug":"lirita-do-te-flas-hapur-me-ty","status":"publish","type":"post","link":"https:\/\/www.visit-ulcinj.com\/blog\/2009\/03\/27\/lirita-do-te-flas-hapur-me-ty\/","title":{"rendered":"Lirita : Do t\u00eb flas hapur me ty"},"content":{"rendered":"<p><em><span class=\"newsdate\"><a href=\"http:\/\/www.visit-ulcinj.com\/blog\/wp-content\/uploads\/2009\/03\/lirita-dhe-qetsori.jpg\"><img loading=\"lazy\" class=\"alignleft size-full wp-image-15720\" title=\"lirita-dhe-qetsori-big-brother-albania-2\" src=\"http:\/\/www.visit-ulcinj.com\/blog\/wp-content\/uploads\/2009\/03\/lirita-dhe-qetsori.jpg\" alt=\"lirita-dhe-qetsori-big-brother-albania-2\" width=\"300\" height=\"205\" \/><\/a>26\/03\/09 02:20<\/span><\/em><\/p>\n<p>Qetsori i ka th\u00ebn\u00eb Lirit\u00ebs, se pavar\u00ebsisht se mund t\u00eb ket\u00eb sulmuar apo l\u00ebnduar, pasi e till\u00eb ishte loja, ai do t\u00eb donte t\u00eb fliste hapur me t\u00eb, por do ta b\u00ebnte k\u00ebt\u00eb kur t\u00eb vinte momenti. Ai i ka th\u00ebn\u00eb se do t\u2019i fliste hapur dhe e garantonte p\u00ebr k\u00ebt\u00eb. Sipas tij, kjo ishte m\u00ebnyra m\u00eb \u201cburr\u00ebrore\u201d e mundshme. Qetsori i ka th\u00ebn\u00eb Lirit\u00ebs se at\u00ebher\u00eb ai do t\u2019i tregonte se cfar\u00eb i p\u00eblqente dhe cfar\u00eb nuk i p\u00eblqente tek ajo, cfar\u00eb, sipas tij, Lirita kishte pozitive e cfar\u00eb jo. \u201cE ku t\u00eb besoj un\u00eb ty?!\u201d \u2013 i ka th\u00ebn\u00eb Lirita. Qetsori i ka th\u00ebn\u00eb se fjal\u00ebt ishin shansi i vet\u00ebm q\u00eb i jepte, por e garantoi se n\u00eb ato momente, past\u00ebrtia dhe sinqeriteti i tij do t\u00eb ishin maksimal\u00eb.<\/p>\n","protected":false},"excerpt":{"rendered":"<p>26\/03\/09 02:20 Qetsori i ka th\u00ebn\u00eb Lirit\u00ebs, se pavar\u00ebsisht se mund t\u00eb ket\u00eb sulmuar apo l\u00ebnduar, pasi e till\u00eb ishte loja, ai do t\u00eb donte t\u00eb fliste hapur me t\u00eb, por do ta b\u00ebnte k\u00ebt\u00eb kur t\u00eb vinte momenti. Ai i ka th\u00ebn\u00eb se do t\u2019i fliste hapur dhe e garantonte p\u00ebr k\u00ebt\u00eb. Sipas tij, [&hellip;]<\/p>\n","protected":false},"author":1,"featured_media":0,"comment_status":"open","ping_status":"closed","sticky":false,"template":"","format":"standard","meta":{"spay_email":"","jetpack_publicize_message":"","jetpack_is_tweetstorm":false,"jetpack_publicize_feature_enabled":true},"categories":[6502],"tags":[6529,6566,6883,6516,6712,6542,6900,6891,8375],"jetpack_publicize_connections":[],"yoast_head":"<!-- This site is optimized with the Yoast SEO plugin v19.1 - https:\/\/yoast.com\/wordpress\/plugins\/seo\/ -->\n<title>Lirita : Do t\u00c3\u00ab flas hapur me ty | Big Brother Albania 2<\/title>\n<meta name=\"description\" content=\"Big Brother Albania 2 - Qetsori i ka th\u00c3\u00abn\u00c3\u00ab Lirit\u00c3\u00abs, se pavar\u00c3\u00absisht se mund t\u00c3\u00ab ket\u00c3\u00ab sulmuar apo l\u00c3\u00abnduar, pasi e till\u00c3\u00ab ishte loja, ai do t\u00c3\u00ab donte t\u00c3\u00ab fliste hapur me t\u00c3\u00ab, por do ta b\u00c3\u00abnte k\u00c3\u00abt\u00c3\u00ab kur t\u00c3\u00ab vinte momenti.\" \/>\n<meta name=\"robots\" content=\"index, follow, max-snippet:-1, max-image-preview:large, max-video-preview:-1\" \/>\n<link rel=\"canonical\" href=\"https:\/\/www.visit-ulcinj.com\/blog\/2009\/03\/27\/lirita-do-te-flas-hapur-me-ty\/\" \/>\n<meta property=\"og:locale\" content=\"en_US\" \/>\n<meta property=\"og:type\" content=\"article\" \/>\n<meta property=\"og:title\" content=\"Lirita : Do t\u00c3\u00ab flas hapur me ty | Big Brother Albania 2\" \/>\n<meta property=\"og:description\" content=\"Big Brother Albania 2 - Qetsori i ka th\u00c3\u00abn\u00c3\u00ab Lirit\u00c3\u00abs, se pavar\u00c3\u00absisht se mund t\u00c3\u00ab ket\u00c3\u00ab sulmuar apo l\u00c3\u00abnduar, pasi e till\u00c3\u00ab ishte loja, ai do t\u00c3\u00ab donte t\u00c3\u00ab fliste hapur me t\u00c3\u00ab, por do ta b\u00c3\u00abnte k\u00c3\u00abt\u00c3\u00ab kur t\u00c3\u00ab vinte momenti.\" \/>\n<meta property=\"og:url\" content=\"https:\/\/www.visit-ulcinj.com\/blog\/2009\/03\/27\/lirita-do-te-flas-hapur-me-ty\/\" \/>\n<meta property=\"og:site_name\" content=\"Lajme nga Ulqini\" \/>\n<meta property=\"article:published_time\" content=\"2009-03-26T23:09:09+00:00\" \/>\n<meta property=\"og:image\" content=\"http:\/\/www.visit-ulcinj.com\/blog\/wp-content\/uploads\/2009\/03\/lirita-dhe-qetsori.jpg\" \/>\n<meta name=\"twitter:label1\" content=\"Written by\" \/>\n\t<meta name=\"twitter:data1\" content=\"ulqini\" \/>\n\t<meta name=\"twitter:label2\" content=\"Est. reading time\" \/>\n\t<meta name=\"twitter:data2\" content=\"1 minute\" \/>\n<script type=\"application\/ld+json\" class=\"yoast-schema-graph\">{\"@context\":\"https:\/\/schema.org\",\"@graph\":[{\"@type\":\"WebSite\",\"@id\":\"https:\/\/www.visit-ulcinj.com\/blog\/#website\",\"url\":\"https:\/\/www.visit-ulcinj.com\/blog\/\",\"name\":\"Lajme nga Ulqini\",\"description\":\"Lajme,Vijesti,Ulqini,Ulqin,Crna Gora,Mali i Zi\",\"potentialAction\":[{\"@type\":\"SearchAction\",\"target\":{\"@type\":\"EntryPoint\",\"urlTemplate\":\"https:\/\/www.visit-ulcinj.com\/blog\/?s={search_term_string}\"},\"query-input\":\"required name=search_term_string\"}],\"inLanguage\":\"en-US\"},{\"@type\":\"ImageObject\",\"inLanguage\":\"en-US\",\"@id\":\"https:\/\/www.visit-ulcinj.com\/blog\/2009\/03\/27\/lirita-do-te-flas-hapur-me-ty\/#primaryimage\",\"url\":\"http:\/\/www.visit-ulcinj.com\/blog\/wp-content\/uploads\/2009\/03\/lirita-dhe-qetsori.jpg\",\"contentUrl\":\"http:\/\/www.visit-ulcinj.com\/blog\/wp-content\/uploads\/2009\/03\/lirita-dhe-qetsori.jpg\"},{\"@type\":\"WebPage\",\"@id\":\"https:\/\/www.visit-ulcinj.com\/blog\/2009\/03\/27\/lirita-do-te-flas-hapur-me-ty\/#webpage\",\"url\":\"https:\/\/www.visit-ulcinj.com\/blog\/2009\/03\/27\/lirita-do-te-flas-hapur-me-ty\/\",\"name\":\"Lirita : Do t\u00c3\u00ab flas hapur me ty | Big Brother Albania 2\",\"isPartOf\":{\"@id\":\"https:\/\/www.visit-ulcinj.com\/blog\/#website\"},\"primaryImageOfPage\":{\"@id\":\"https:\/\/www.visit-ulcinj.com\/blog\/2009\/03\/27\/lirita-do-te-flas-hapur-me-ty\/#primaryimage\"},\"datePublished\":\"2009-03-26T23:09:09+00:00\",\"dateModified\":\"2009-03-26T23:09:09+00:00\",\"author\":{\"@id\":\"https:\/\/www.visit-ulcinj.com\/blog\/#\/schema\/person\/dcab619c614d3038751c63bc2aadc06d\"},\"description\":\"Big Brother Albania 2 - Qetsori i ka th\u00c3\u00abn\u00c3\u00ab Lirit\u00c3\u00abs, se pavar\u00c3\u00absisht se mund t\u00c3\u00ab ket\u00c3\u00ab sulmuar apo l\u00c3\u00abnduar, pasi e till\u00c3\u00ab ishte loja, ai do t\u00c3\u00ab donte t\u00c3\u00ab fliste hapur me t\u00c3\u00ab, por do ta b\u00c3\u00abnte k\u00c3\u00abt\u00c3\u00ab kur t\u00c3\u00ab vinte momenti.\",\"breadcrumb\":{\"@id\":\"https:\/\/www.visit-ulcinj.com\/blog\/2009\/03\/27\/lirita-do-te-flas-hapur-me-ty\/#breadcrumb\"},\"inLanguage\":\"en-US\",\"potentialAction\":[{\"@type\":\"ReadAction\",\"target\":[\"https:\/\/www.visit-ulcinj.com\/blog\/2009\/03\/27\/lirita-do-te-flas-hapur-me-ty\/\"]}]},{\"@type\":\"BreadcrumbList\",\"@id\":\"https:\/\/www.visit-ulcinj.com\/blog\/2009\/03\/27\/lirita-do-te-flas-hapur-me-ty\/#breadcrumb\",\"itemListElement\":[{\"@type\":\"ListItem\",\"position\":1,\"name\":\"Lirita : Do t\u00eb flas hapur me ty\"}]},{\"@type\":\"Person\",\"@id\":\"https:\/\/www.visit-ulcinj.com\/blog\/#\/schema\/person\/dcab619c614d3038751c63bc2aadc06d\",\"name\":\"ulqini\",\"sameAs\":[\"http:\/\/www.visit-ulcinj.com\"],\"url\":\"https:\/\/www.visit-ulcinj.com\/blog\/author\/admin\/\"}]}<\/script>\n<!-- \/ Yoast SEO plugin. -->","yoast_head_json":{"title":"Lirita : Do t\u00c3\u00ab flas hapur me ty | Big Brother Albania 2","description":"Big Brother Albania 2 - Qetsori i ka th\u00c3\u00abn\u00c3\u00ab Lirit\u00c3\u00abs, se pavar\u00c3\u00absisht se mund t\u00c3\u00ab ket\u00c3\u00ab sulmuar apo l\u00c3\u00abnduar, pasi e till\u00c3\u00ab ishte loja, ai do t\u00c3\u00ab donte t\u00c3\u00ab fliste hapur me t\u00c3\u00ab, por do ta b\u00c3\u00abnte k\u00c3\u00abt\u00c3\u00ab kur t\u00c3\u00ab vinte momenti.","robots":{"index":"index","follow":"follow","max-snippet":"max-snippet:-1","max-image-preview":"max-image-preview:large","max-video-preview":"max-video-preview:-1"},"canonical":"https:\/\/www.visit-ulcinj.com\/blog\/2009\/03\/27\/lirita-do-te-flas-hapur-me-ty\/","og_locale":"en_US","og_type":"article","og_title":"Lirita : Do t\u00c3\u00ab flas hapur me ty | Big Brother Albania 2","og_description":"Big Brother Albania 2 - Qetsori i ka th\u00c3\u00abn\u00c3\u00ab Lirit\u00c3\u00abs, se pavar\u00c3\u00absisht se mund t\u00c3\u00ab ket\u00c3\u00ab sulmuar apo l\u00c3\u00abnduar, pasi e till\u00c3\u00ab ishte loja, ai do t\u00c3\u00ab donte t\u00c3\u00ab fliste hapur me t\u00c3\u00ab, por do ta b\u00c3\u00abnte k\u00c3\u00abt\u00c3\u00ab kur t\u00c3\u00ab vinte momenti.","og_url":"https:\/\/www.visit-ulcinj.com\/blog\/2009\/03\/27\/lirita-do-te-flas-hapur-me-ty\/","og_site_name":"Lajme nga Ulqini","article_published_time":"2009-03-26T23:09:09+00:00","og_image":[{"url":"http:\/\/www.visit-ulcinj.com\/blog\/wp-content\/uploads\/2009\/03\/lirita-dhe-qetsori.jpg"}],"twitter_misc":{"Written by":"ulqini","Est. reading time":"1 minute"},"schema":{"@context":"https:\/\/schema.org","@graph":[{"@type":"WebSite","@id":"https:\/\/www.visit-ulcinj.com\/blog\/#website","url":"https:\/\/www.visit-ulcinj.com\/blog\/","name":"Lajme nga Ulqini","description":"Lajme,Vijesti,Ulqini,Ulqin,Crna Gora,Mali i Zi","potentialAction":[{"@type":"SearchAction","target":{"@type":"EntryPoint","urlTemplate":"https:\/\/www.visit-ulcinj.com\/blog\/?s={search_term_string}"},"query-input":"required name=search_term_string"}],"inLanguage":"en-US"},{"@type":"ImageObject","inLanguage":"en-US","@id":"https:\/\/www.visit-ulcinj.com\/blog\/2009\/03\/27\/lirita-do-te-flas-hapur-me-ty\/#primaryimage","url":"http:\/\/www.visit-ulcinj.com\/blog\/wp-content\/uploads\/2009\/03\/lirita-dhe-qetsori.jpg","contentUrl":"http:\/\/www.visit-ulcinj.com\/blog\/wp-content\/uploads\/2009\/03\/lirita-dhe-qetsori.jpg"},{"@type":"WebPage","@id":"https:\/\/www.visit-ulcinj.com\/blog\/2009\/03\/27\/lirita-do-te-flas-hapur-me-ty\/#webpage","url":"https:\/\/www.visit-ulcinj.com\/blog\/2009\/03\/27\/lirita-do-te-flas-hapur-me-ty\/","name":"Lirita : Do t\u00c3\u00ab flas hapur me ty | Big Brother Albania 2","isPartOf":{"@id":"https:\/\/www.visit-ulcinj.com\/blog\/#website"},"primaryImageOfPage":{"@id":"https:\/\/www.visit-ulcinj.com\/blog\/2009\/03\/27\/lirita-do-te-flas-hapur-me-ty\/#primaryimage"},"datePublished":"2009-03-26T23:09:09+00:00","dateModified":"2009-03-26T23:09:09+00:00","author":{"@id":"https:\/\/www.visit-ulcinj.com\/blog\/#\/schema\/person\/dcab619c614d3038751c63bc2aadc06d"},"description":"Big Brother Albania 2 - Qetsori i ka th\u00c3\u00abn\u00c3\u00ab Lirit\u00c3\u00abs, se pavar\u00c3\u00absisht se mund t\u00c3\u00ab ket\u00c3\u00ab sulmuar apo l\u00c3\u00abnduar, pasi e till\u00c3\u00ab ishte loja, ai do t\u00c3\u00ab donte t\u00c3\u00ab fliste hapur me t\u00c3\u00ab, por do ta b\u00c3\u00abnte k\u00c3\u00abt\u00c3\u00ab kur t\u00c3\u00ab vinte momenti.","breadcrumb":{"@id":"https:\/\/www.visit-ulcinj.com\/blog\/2009\/03\/27\/lirita-do-te-flas-hapur-me-ty\/#breadcrumb"},"inLanguage":"en-US","potentialAction":[{"@type":"ReadAction","target":["https:\/\/www.visit-ulcinj.com\/blog\/2009\/03\/27\/lirita-do-te-flas-hapur-me-ty\/"]}]},{"@type":"BreadcrumbList","@id":"https:\/\/www.visit-ulcinj.com\/blog\/2009\/03\/27\/lirita-do-te-flas-hapur-me-ty\/#breadcrumb","itemListElement":[{"@type":"ListItem","position":1,"name":"Lirita : Do t\u00eb flas hapur me ty"}]},{"@type":"Person","@id":"https:\/\/www.visit-ulcinj.com\/blog\/#\/schema\/person\/dcab619c614d3038751c63bc2aadc06d","name":"ulqini","sameAs":["http:\/\/www.visit-ulcinj.com"],"url":"https:\/\/www.visit-ulcinj.com\/blog\/author\/admin\/"}]}},"jetpack_featured_media_url":"","jetpack_sharing_enabled":true,"jetpack_shortlink":"https:\/\/wp.me\/pe6lTn-45x","_links":{"self":[{"href":"https:\/\/www.visit-ulcinj.com\/blog\/wp-json\/wp\/v2\/posts\/15719"}],"collection":[{"href":"https:\/\/www.visit-ulcinj.com\/blog\/wp-json\/wp\/v2\/posts"}],"about":[{"href":"https:\/\/www.visit-ulcinj.com\/blog\/wp-json\/wp\/v2\/types\/post"}],"author":[{"embeddable":true,"href":"https:\/\/www.visit-ulcinj.com\/blog\/wp-json\/wp\/v2\/users\/1"}],"replies":[{"embeddable":true,"href":"https:\/\/www.visit-ulcinj.com\/blog\/wp-json\/wp\/v2\/comments?post=15719"}],"version-history":[{"count":0,"href":"https:\/\/www.visit-ulcinj.com\/blog\/wp-json\/wp\/v2\/posts\/15719\/revisions"}],"wp:attachment":[{"href":"https:\/\/www.visit-ulcinj.com\/blog\/wp-json\/wp\/v2\/media?parent=15719"}],"wp:term":[{"taxonomy":"category","embeddable":true,"href":"https:\/\/www.visit-ulcinj.com\/blog\/wp-json\/wp\/v2\/categories?post=15719"},{"taxonomy":"post_tag","embeddable":true,"href":"https:\/\/www.visit-ulcinj.com\/blog\/wp-json\/wp\/v2\/tags?post=15719"}],"curies":[{"name":"wp","href":"https:\/\/api.w.org\/{rel}","templated":true}]}}