{"id":15728,"date":"2009-03-27T00:22:19","date_gmt":"2009-03-26T23:22:19","guid":{"rendered":"http:\/\/www.visit-ulcinj.com\/blog\/?p=15728"},"modified":"2009-03-27T00:22:19","modified_gmt":"2009-03-26T23:22:19","slug":"mimoza-krasniqi-po-luftojme-secili-per-vete","status":"publish","type":"post","link":"https:\/\/www.visit-ulcinj.com\/blog\/2009\/03\/27\/mimoza-krasniqi-po-luftojme-secili-per-vete\/","title":{"rendered":"Mimoza Krasniqi : Po luftojm\u00eb secili p\u00ebr vete"},"content":{"rendered":"<p><em><span class=\"newsdate\"><a href=\"http:\/\/www.visit-ulcinj.com\/blog\/wp-content\/uploads\/2009\/03\/moza-dhe-republika26-copy.jpg\"><img loading=\"lazy\" class=\"alignleft size-full wp-image-15729\" title=\"moza-dhe-republika-big-brother-albania-2\" src=\"http:\/\/www.visit-ulcinj.com\/blog\/wp-content\/uploads\/2009\/03\/moza-dhe-republika26-copy.jpg\" alt=\"moza-dhe-republika-big-brother-albania-2\" width=\"300\" height=\"205\" \/><\/a>26\/03\/09 02:55<\/span><\/em><\/p>\n<p>Duke komentuar fjal\u00ebt q\u00eb i kishte th\u00ebn\u00eb Anjeza mbi past\u00ebrtin\u00eb q\u00eb Moz\u00ebs i mungonte, Adelajda i ka th\u00ebn\u00eb se kur dikush kishte t\u00eb drejt\u00eb, Mimoza duhet ta pranonte. \u201cNuk lihen \u00e7orapet mbi banakun e kuzhin\u00ebs!\u201d- i ka th\u00ebn\u00eb ajo Mimoz\u00ebs. Mimoza \u00ebsht\u00eb munduar t\u2019i shpjegoj\u00eb rrethanat q\u00eb e kishin shtyr\u00eb at\u00eb moment n\u00eb at\u00eb veprim, por Adela ia ka prer\u00eb shkurt, duke i th\u00ebn\u00eb se askush nuk donte t\u2019ia dinte se \u00e7far\u00eb kishte ajo n\u00eb mendje. \u201cPo ti pse i ke l\u00ebn\u00eb k\u00ebtu k\u00ebpuc\u00ebt e mia?- i ka th\u00ebn\u00eb ajo Adel\u00ebs, &#8211; pse nuk i vure n\u00eb vend pasi i p\u00ebrdore?\u201d. Pas largimit t\u00eb Adelajdes, Mimoza i ka th\u00ebn\u00eb Republik\u00ebs se shkak p\u00ebr gjith\u00eb k\u00ebto situata q\u00eb po krijoheshin ishte nominimi. \u201cNe po luftojm\u00eb secili p\u00ebr vete dhe po p\u00ebrpiqemi t\u00eb gjejm\u00eb pretekse p\u00ebr t\u00eb nxjerr\u00eb keq t\u00eb tjer\u00ebt!\u201d \u2013 ka th\u00ebn\u00eb Mimoza dhe ka shtuar se i vinte shum\u00eb inat me Adel\u00ebn q\u00eb mundohet \u201ct\u2019i tjerr\u00eb gj\u00ebrat\u201d. Ajo i ka th\u00ebn\u00eb Republik\u00ebs se si tip ishte shum\u00eb nevrike, por k\u00ebtu, n\u00eb sht\u00ebpin\u00eb e Big Brother po e p\u00ebrmbante shum\u00eb veten dhe po duronte shum\u00eb<\/p>\n","protected":false},"excerpt":{"rendered":"<p>26\/03\/09 02:55 Duke komentuar fjal\u00ebt q\u00eb i kishte th\u00ebn\u00eb Anjeza mbi past\u00ebrtin\u00eb q\u00eb Moz\u00ebs i mungonte, Adelajda i ka th\u00ebn\u00eb se kur dikush kishte t\u00eb drejt\u00eb, Mimoza duhet ta pranonte. \u201cNuk lihen \u00e7orapet mbi banakun e kuzhin\u00ebs!\u201d- i ka th\u00ebn\u00eb ajo Mimoz\u00ebs. Mimoza \u00ebsht\u00eb munduar t\u2019i shpjegoj\u00eb rrethanat q\u00eb e kishin shtyr\u00eb at\u00eb moment n\u00eb [&hellip;]<\/p>\n","protected":false},"author":1,"featured_media":0,"comment_status":"open","ping_status":"closed","sticky":false,"template":"","format":"standard","meta":{"spay_email":"","jetpack_publicize_message":"","jetpack_is_tweetstorm":false,"jetpack_publicize_feature_enabled":true},"categories":[6502],"tags":[6529,6537,6883,6516,6712,6544,262,6891],"jetpack_publicize_connections":[],"yoast_head":"<!-- This site is optimized with the Yoast SEO plugin v19.1 - https:\/\/yoast.com\/wordpress\/plugins\/seo\/ -->\n<title>Mimoza Krasniqi : Po luftojm\u00c3\u00ab secili p\u00c3\u00abr vete | Big Brother Albania 2<\/title>\n<meta name=\"description\" content=\"Big Brother Albania 2 - Duke komentuar fjal\u00c3\u00abt q\u00c3\u00ab i kishte th\u00c3\u00abn\u00c3\u00ab Anjeza mbi past\u00c3\u00abrtin\u00c3\u00ab q\u00c3\u00ab Moz\u00c3\u00abs i mungonte, Adelajda i ka th\u00c3\u00abn\u00c3\u00ab se kur dikush kishte t\u00c3\u00ab drejt\u00c3\u00ab, Mimoza duhet ta pranonte.\" \/>\n<meta name=\"robots\" content=\"index, follow, max-snippet:-1, max-image-preview:large, max-video-preview:-1\" \/>\n<link rel=\"canonical\" href=\"https:\/\/www.visit-ulcinj.com\/blog\/2009\/03\/27\/mimoza-krasniqi-po-luftojme-secili-per-vete\/\" \/>\n<meta property=\"og:locale\" content=\"en_US\" \/>\n<meta property=\"og:type\" content=\"article\" \/>\n<meta property=\"og:title\" content=\"Mimoza Krasniqi : Po luftojm\u00c3\u00ab secili p\u00c3\u00abr vete | Big Brother Albania 2\" \/>\n<meta property=\"og:description\" content=\"Big Brother Albania 2 - Duke komentuar fjal\u00c3\u00abt q\u00c3\u00ab i kishte th\u00c3\u00abn\u00c3\u00ab Anjeza mbi past\u00c3\u00abrtin\u00c3\u00ab q\u00c3\u00ab Moz\u00c3\u00abs i mungonte, Adelajda i ka th\u00c3\u00abn\u00c3\u00ab se kur dikush kishte t\u00c3\u00ab drejt\u00c3\u00ab, Mimoza duhet ta pranonte.\" \/>\n<meta property=\"og:url\" content=\"https:\/\/www.visit-ulcinj.com\/blog\/2009\/03\/27\/mimoza-krasniqi-po-luftojme-secili-per-vete\/\" \/>\n<meta property=\"og:site_name\" content=\"Lajme nga Ulqini\" \/>\n<meta property=\"article:published_time\" content=\"2009-03-26T23:22:19+00:00\" \/>\n<meta property=\"og:image\" content=\"http:\/\/www.visit-ulcinj.com\/blog\/wp-content\/uploads\/2009\/03\/moza-dhe-republika26-copy.jpg\" \/>\n<meta name=\"twitter:label1\" content=\"Written by\" \/>\n\t<meta name=\"twitter:data1\" content=\"ulqini\" \/>\n\t<meta name=\"twitter:label2\" content=\"Est. reading time\" \/>\n\t<meta name=\"twitter:data2\" content=\"1 minute\" \/>\n<script type=\"application\/ld+json\" class=\"yoast-schema-graph\">{\"@context\":\"https:\/\/schema.org\",\"@graph\":[{\"@type\":\"WebSite\",\"@id\":\"https:\/\/www.visit-ulcinj.com\/blog\/#website\",\"url\":\"https:\/\/www.visit-ulcinj.com\/blog\/\",\"name\":\"Lajme nga Ulqini\",\"description\":\"Lajme,Vijesti,Ulqini,Ulqin,Crna Gora,Mali i Zi\",\"potentialAction\":[{\"@type\":\"SearchAction\",\"target\":{\"@type\":\"EntryPoint\",\"urlTemplate\":\"https:\/\/www.visit-ulcinj.com\/blog\/?s={search_term_string}\"},\"query-input\":\"required name=search_term_string\"}],\"inLanguage\":\"en-US\"},{\"@type\":\"ImageObject\",\"inLanguage\":\"en-US\",\"@id\":\"https:\/\/www.visit-ulcinj.com\/blog\/2009\/03\/27\/mimoza-krasniqi-po-luftojme-secili-per-vete\/#primaryimage\",\"url\":\"http:\/\/www.visit-ulcinj.com\/blog\/wp-content\/uploads\/2009\/03\/moza-dhe-republika26-copy.jpg\",\"contentUrl\":\"http:\/\/www.visit-ulcinj.com\/blog\/wp-content\/uploads\/2009\/03\/moza-dhe-republika26-copy.jpg\"},{\"@type\":\"WebPage\",\"@id\":\"https:\/\/www.visit-ulcinj.com\/blog\/2009\/03\/27\/mimoza-krasniqi-po-luftojme-secili-per-vete\/#webpage\",\"url\":\"https:\/\/www.visit-ulcinj.com\/blog\/2009\/03\/27\/mimoza-krasniqi-po-luftojme-secili-per-vete\/\",\"name\":\"Mimoza Krasniqi : Po luftojm\u00c3\u00ab secili p\u00c3\u00abr vete | Big Brother Albania 2\",\"isPartOf\":{\"@id\":\"https:\/\/www.visit-ulcinj.com\/blog\/#website\"},\"primaryImageOfPage\":{\"@id\":\"https:\/\/www.visit-ulcinj.com\/blog\/2009\/03\/27\/mimoza-krasniqi-po-luftojme-secili-per-vete\/#primaryimage\"},\"datePublished\":\"2009-03-26T23:22:19+00:00\",\"dateModified\":\"2009-03-26T23:22:19+00:00\",\"author\":{\"@id\":\"https:\/\/www.visit-ulcinj.com\/blog\/#\/schema\/person\/dcab619c614d3038751c63bc2aadc06d\"},\"description\":\"Big Brother Albania 2 - Duke komentuar fjal\u00c3\u00abt q\u00c3\u00ab i kishte th\u00c3\u00abn\u00c3\u00ab Anjeza mbi past\u00c3\u00abrtin\u00c3\u00ab q\u00c3\u00ab Moz\u00c3\u00abs i mungonte, Adelajda i ka th\u00c3\u00abn\u00c3\u00ab se kur dikush kishte t\u00c3\u00ab drejt\u00c3\u00ab, Mimoza duhet ta pranonte.\",\"breadcrumb\":{\"@id\":\"https:\/\/www.visit-ulcinj.com\/blog\/2009\/03\/27\/mimoza-krasniqi-po-luftojme-secili-per-vete\/#breadcrumb\"},\"inLanguage\":\"en-US\",\"potentialAction\":[{\"@type\":\"ReadAction\",\"target\":[\"https:\/\/www.visit-ulcinj.com\/blog\/2009\/03\/27\/mimoza-krasniqi-po-luftojme-secili-per-vete\/\"]}]},{\"@type\":\"BreadcrumbList\",\"@id\":\"https:\/\/www.visit-ulcinj.com\/blog\/2009\/03\/27\/mimoza-krasniqi-po-luftojme-secili-per-vete\/#breadcrumb\",\"itemListElement\":[{\"@type\":\"ListItem\",\"position\":1,\"name\":\"Mimoza Krasniqi : Po luftojm\u00eb secili p\u00ebr vete\"}]},{\"@type\":\"Person\",\"@id\":\"https:\/\/www.visit-ulcinj.com\/blog\/#\/schema\/person\/dcab619c614d3038751c63bc2aadc06d\",\"name\":\"ulqini\",\"sameAs\":[\"http:\/\/www.visit-ulcinj.com\"],\"url\":\"https:\/\/www.visit-ulcinj.com\/blog\/author\/admin\/\"}]}<\/script>\n<!-- \/ Yoast SEO plugin. -->","yoast_head_json":{"title":"Mimoza Krasniqi : Po luftojm\u00c3\u00ab secili p\u00c3\u00abr vete | Big Brother Albania 2","description":"Big Brother Albania 2 - Duke komentuar fjal\u00c3\u00abt q\u00c3\u00ab i kishte th\u00c3\u00abn\u00c3\u00ab Anjeza mbi past\u00c3\u00abrtin\u00c3\u00ab q\u00c3\u00ab Moz\u00c3\u00abs i mungonte, Adelajda i ka th\u00c3\u00abn\u00c3\u00ab se kur dikush kishte t\u00c3\u00ab drejt\u00c3\u00ab, Mimoza duhet ta pranonte.","robots":{"index":"index","follow":"follow","max-snippet":"max-snippet:-1","max-image-preview":"max-image-preview:large","max-video-preview":"max-video-preview:-1"},"canonical":"https:\/\/www.visit-ulcinj.com\/blog\/2009\/03\/27\/mimoza-krasniqi-po-luftojme-secili-per-vete\/","og_locale":"en_US","og_type":"article","og_title":"Mimoza Krasniqi : Po luftojm\u00c3\u00ab secili p\u00c3\u00abr vete | Big Brother Albania 2","og_description":"Big Brother Albania 2 - Duke komentuar fjal\u00c3\u00abt q\u00c3\u00ab i kishte th\u00c3\u00abn\u00c3\u00ab Anjeza mbi past\u00c3\u00abrtin\u00c3\u00ab q\u00c3\u00ab Moz\u00c3\u00abs i mungonte, Adelajda i ka th\u00c3\u00abn\u00c3\u00ab se kur dikush kishte t\u00c3\u00ab drejt\u00c3\u00ab, Mimoza duhet ta pranonte.","og_url":"https:\/\/www.visit-ulcinj.com\/blog\/2009\/03\/27\/mimoza-krasniqi-po-luftojme-secili-per-vete\/","og_site_name":"Lajme nga Ulqini","article_published_time":"2009-03-26T23:22:19+00:00","og_image":[{"url":"http:\/\/www.visit-ulcinj.com\/blog\/wp-content\/uploads\/2009\/03\/moza-dhe-republika26-copy.jpg"}],"twitter_misc":{"Written by":"ulqini","Est. reading time":"1 minute"},"schema":{"@context":"https:\/\/schema.org","@graph":[{"@type":"WebSite","@id":"https:\/\/www.visit-ulcinj.com\/blog\/#website","url":"https:\/\/www.visit-ulcinj.com\/blog\/","name":"Lajme nga Ulqini","description":"Lajme,Vijesti,Ulqini,Ulqin,Crna Gora,Mali i Zi","potentialAction":[{"@type":"SearchAction","target":{"@type":"EntryPoint","urlTemplate":"https:\/\/www.visit-ulcinj.com\/blog\/?s={search_term_string}"},"query-input":"required name=search_term_string"}],"inLanguage":"en-US"},{"@type":"ImageObject","inLanguage":"en-US","@id":"https:\/\/www.visit-ulcinj.com\/blog\/2009\/03\/27\/mimoza-krasniqi-po-luftojme-secili-per-vete\/#primaryimage","url":"http:\/\/www.visit-ulcinj.com\/blog\/wp-content\/uploads\/2009\/03\/moza-dhe-republika26-copy.jpg","contentUrl":"http:\/\/www.visit-ulcinj.com\/blog\/wp-content\/uploads\/2009\/03\/moza-dhe-republika26-copy.jpg"},{"@type":"WebPage","@id":"https:\/\/www.visit-ulcinj.com\/blog\/2009\/03\/27\/mimoza-krasniqi-po-luftojme-secili-per-vete\/#webpage","url":"https:\/\/www.visit-ulcinj.com\/blog\/2009\/03\/27\/mimoza-krasniqi-po-luftojme-secili-per-vete\/","name":"Mimoza Krasniqi : Po luftojm\u00c3\u00ab secili p\u00c3\u00abr vete | Big Brother Albania 2","isPartOf":{"@id":"https:\/\/www.visit-ulcinj.com\/blog\/#website"},"primaryImageOfPage":{"@id":"https:\/\/www.visit-ulcinj.com\/blog\/2009\/03\/27\/mimoza-krasniqi-po-luftojme-secili-per-vete\/#primaryimage"},"datePublished":"2009-03-26T23:22:19+00:00","dateModified":"2009-03-26T23:22:19+00:00","author":{"@id":"https:\/\/www.visit-ulcinj.com\/blog\/#\/schema\/person\/dcab619c614d3038751c63bc2aadc06d"},"description":"Big Brother Albania 2 - Duke komentuar fjal\u00c3\u00abt q\u00c3\u00ab i kishte th\u00c3\u00abn\u00c3\u00ab Anjeza mbi past\u00c3\u00abrtin\u00c3\u00ab q\u00c3\u00ab Moz\u00c3\u00abs i mungonte, Adelajda i ka th\u00c3\u00abn\u00c3\u00ab se kur dikush kishte t\u00c3\u00ab drejt\u00c3\u00ab, Mimoza duhet ta pranonte.","breadcrumb":{"@id":"https:\/\/www.visit-ulcinj.com\/blog\/2009\/03\/27\/mimoza-krasniqi-po-luftojme-secili-per-vete\/#breadcrumb"},"inLanguage":"en-US","potentialAction":[{"@type":"ReadAction","target":["https:\/\/www.visit-ulcinj.com\/blog\/2009\/03\/27\/mimoza-krasniqi-po-luftojme-secili-per-vete\/"]}]},{"@type":"BreadcrumbList","@id":"https:\/\/www.visit-ulcinj.com\/blog\/2009\/03\/27\/mimoza-krasniqi-po-luftojme-secili-per-vete\/#breadcrumb","itemListElement":[{"@type":"ListItem","position":1,"name":"Mimoza Krasniqi : Po luftojm\u00eb secili p\u00ebr vete"}]},{"@type":"Person","@id":"https:\/\/www.visit-ulcinj.com\/blog\/#\/schema\/person\/dcab619c614d3038751c63bc2aadc06d","name":"ulqini","sameAs":["http:\/\/www.visit-ulcinj.com"],"url":"https:\/\/www.visit-ulcinj.com\/blog\/author\/admin\/"}]}},"jetpack_featured_media_url":"","jetpack_sharing_enabled":true,"jetpack_shortlink":"https:\/\/wp.me\/pe6lTn-45G","_links":{"self":[{"href":"https:\/\/www.visit-ulcinj.com\/blog\/wp-json\/wp\/v2\/posts\/15728"}],"collection":[{"href":"https:\/\/www.visit-ulcinj.com\/blog\/wp-json\/wp\/v2\/posts"}],"about":[{"href":"https:\/\/www.visit-ulcinj.com\/blog\/wp-json\/wp\/v2\/types\/post"}],"author":[{"embeddable":true,"href":"https:\/\/www.visit-ulcinj.com\/blog\/wp-json\/wp\/v2\/users\/1"}],"replies":[{"embeddable":true,"href":"https:\/\/www.visit-ulcinj.com\/blog\/wp-json\/wp\/v2\/comments?post=15728"}],"version-history":[{"count":0,"href":"https:\/\/www.visit-ulcinj.com\/blog\/wp-json\/wp\/v2\/posts\/15728\/revisions"}],"wp:attachment":[{"href":"https:\/\/www.visit-ulcinj.com\/blog\/wp-json\/wp\/v2\/media?parent=15728"}],"wp:term":[{"taxonomy":"category","embeddable":true,"href":"https:\/\/www.visit-ulcinj.com\/blog\/wp-json\/wp\/v2\/categories?post=15728"},{"taxonomy":"post_tag","embeddable":true,"href":"https:\/\/www.visit-ulcinj.com\/blog\/wp-json\/wp\/v2\/tags?post=15728"}],"curies":[{"name":"wp","href":"https:\/\/api.w.org\/{rel}","templated":true}]}}