{"id":1573,"date":"2008-05-14T12:00:19","date_gmt":"2008-05-14T17:00:19","guid":{"rendered":"http:\/\/www.visit-ulcinj.com\/blog\/?p=1573"},"modified":"2008-05-14T12:20:36","modified_gmt":"2008-05-14T17:20:36","slug":"djukanovic-hote-se-rruga-deri-ne-be-do-jete-e-gjate","status":"publish","type":"post","link":"https:\/\/www.visit-ulcinj.com\/blog\/2008\/05\/14\/djukanovic-hote-se-rruga-deri-ne-be-do-jete-e-gjate\/","title":{"rendered":"Djukanovic thot\u00eb se rruga deri n\u00eb BE do jet\u00eb e gjat\u00eb"},"content":{"rendered":"<p><img loading=\"lazy\" class=\"alignleft\" style=\"float: left;\" src=\"http:\/\/english.people.com.cn\/200605\/31\/images\/0530_B28.jpg\" alt=\"Milo djukanovic_solana\" width=\"266\" height=\"188\" \/>Podgoric\u00eb:Djukanovic tha se Mali i Zi do t\u00eb vazhdoj\u00eb me realizimin e reformave, nd\u00ebrsa si \u201ck\u00ebnaq\u00ebsi p\u00ebr k\u00ebt\u00eb do t\u00eb pasoj\u00eb an\u00ebtar\u00ebsimi\u201d n\u00eb integrimet evropiane dhe euroatlantike. Sipas kryeministrit malazez, rruga drejt BE \u00ebsht\u00eb \u201ce gjat\u00eb dhe plot pengesa dhe n\u00ebnkupton nj\u00eb qasje shum\u00eb sistematike\u201d. Andaj si\u00e7 tha Djukanovic, shum\u00eb m\u00eb e r\u00ebnd\u00ebsishme \u00ebsht\u00eb t\u00eb merret me realizimin e standardeve evropiane sesa me dat\u00ebn e an\u00ebtar\u00ebsimit n\u00eb Bashkim. Mes tjerash Djukanovic tha se vazhdimisht po pranon letra n\u00eb t\u00eb cilat ofendohet ose personaliteti i tij ose e k\u00ebrc\u00ebnojn\u00eb, por k\u00ebsaj nuk i jep rend\u00ebsi. Ai iu tha gazetar\u00ebve se do t\u00eb ishte ideale n\u00ebse n\u00eb Mal t\u00eb Zi nuk do t\u00eb kishte k\u00ebrc\u00ebnime, por megjithat\u00eb k\u00ebsaj s\u2019duhet dh\u00ebn\u00eb shum\u00eb r\u00ebnd\u00ebsi. Djukanovic po ashtu tha se Qeveria malazeze nuk e ka n\u00eb plan mbylljen e Kombinatit t\u00eb Aluminit n\u00eb Podgoric\u00eb (KAP) dhe vler\u00ebsoi se ajo kompani ka prodhim dhe perspektiv\u00eb afariste. Lidhur me disa informata n\u00eb media, se qeveria malazeze \u00ebsht\u00eb duke punuar n\u00eb<a href=\"http:\/\/www.visit-ulcinj.com\/blog\/wp-content\/uploads\/2008\/05\/montenegro-pasos.jpg\"><img loading=\"lazy\" class=\"alignright attachment wp-att-1527\" style=\"float: right;\" src=\"http:\/\/www.visit-ulcinj.com\/blog\/wp-content\/uploads\/2008\/05\/montenegro-pasos.thumbnail.jpg\" alt=\"Montenegro pasos\" width=\"172\" height=\"112\" \/><\/a> analiz\u00ebn e pasojave n\u00ebse KAP mbyllet, Djukanovic tha se qeveria \u00ebsht\u00eb n\u00eb komunikim t\u00eb vazhduesh\u00ebm me menaxhmentin e asaj kompanie, megjithat\u00eb pronari nuk e ka nd\u00ebrmend ta mbyll\u00eb fabrik\u00ebn. Spekulimet p\u00ebr mbylljen e mundshme t\u00eb KAP u paraqiten pasi q\u00eb skadoi afati p\u00ebr d\u00ebrgimin e energjis\u00eb elektrike sipas \u00e7mimit benefitar n\u00eb kombinat. Drejtoria e KAP me her\u00ebt paralajm\u00ebroi se kompania do t\u00eb ket\u00eb probleme t\u00eb m\u00ebdha n\u00ebse nuk gj\u00ebn\u00eb zgjidhje p\u00ebr \u00e7mimin e pranuesh\u00ebm t\u00ebrrym\u00ebs.<br \/>\n<a href=\"http:\/\/www.visit-ulcinj.com\/blog\/wp-content\/uploads\/2008\/05\/biometricki-pasos.jpg\"><img loading=\"lazy\" class=\"alignleft attachment wp-att-1528\" style=\"float: left;\" src=\"http:\/\/www.visit-ulcinj.com\/blog\/wp-content\/uploads\/2008\/05\/biometricki-pasos.thumbnail.jpg\" alt=\"biometricki pasos\" width=\"200\" height=\"114\" \/><\/a><strong>Pasaportat e reja<\/strong><br \/>\nMali i Zi ka v\u00ebn\u00eb n\u00eb qarkullim pasaportat e reja, dy vite pas deklarimit t\u00eb pavar\u00ebsis\u00eb nga Serbia. Si\u00e7 b\u00ebn\u00eb t\u00eb ditur agjencia e lajmeve Evropa e Lir\u00eb, dokumenti i ri, i cili mban ngjyr\u00eb kuqe t\u00eb mbyllur, z\u00ebvend\u00ebson dokumentin e kalt\u00ebr jugosllav, t\u00eb cilin qytetar\u00ebt e Malit t\u00eb Zi e kan\u00eb mbajtur q\u00eb nga mesi i vitit 1990. Pasaportat e reja jan\u00eb biometrike si\u00e7 ka k\u00ebrkuar BE, nj\u00eb nga kushtet e v\u00ebna p\u00ebr integrimin e Malit t\u00eb Zi n\u00eb BE.<br \/>\n<strong>Autor \/Beta<br \/>\nGazetaExpres<\/strong><\/p>\n","protected":false},"excerpt":{"rendered":"<p><img loading=\"lazy\" class=\"alignleft\" style=\"float: left;\" src=\"http:\/\/english.people.com.cn\/200605\/31\/images\/0530_B28.jpg\" alt=\"Milo djukanovic_solana\" width=\"140\" height=\"140\" \/><\/p>\n","protected":false},"author":1,"featured_media":0,"comment_status":"open","ping_status":"closed","sticky":false,"template":"","format":"standard","meta":{"spay_email":"","jetpack_publicize_message":"","jetpack_is_tweetstorm":false,"jetpack_publicize_feature_enabled":true},"categories":[6,12],"tags":[3176,1964,3177],"jetpack_publicize_connections":[],"yoast_head":"<!-- This site is optimized with the Yoast SEO plugin v19.1 - https:\/\/yoast.com\/wordpress\/plugins\/seo\/ -->\n<title>Djukanovic thot\u00eb se rruga deri n\u00eb BE do jet\u00eb e gjat\u00eb - Lajme nga Ulqini<\/title>\n<meta name=\"robots\" content=\"index, follow, max-snippet:-1, max-image-preview:large, max-video-preview:-1\" \/>\n<link rel=\"canonical\" href=\"https:\/\/www.visit-ulcinj.com\/blog\/2008\/05\/14\/djukanovic-hote-se-rruga-deri-ne-be-do-jete-e-gjate\/\" \/>\n<meta property=\"og:locale\" content=\"en_US\" \/>\n<meta property=\"og:type\" content=\"article\" \/>\n<meta property=\"og:title\" content=\"Djukanovic thot\u00eb se rruga deri n\u00eb BE do jet\u00eb e gjat\u00eb - Lajme nga Ulqini\" \/>\n<meta property=\"og:url\" content=\"https:\/\/www.visit-ulcinj.com\/blog\/2008\/05\/14\/djukanovic-hote-se-rruga-deri-ne-be-do-jete-e-gjate\/\" \/>\n<meta property=\"og:site_name\" content=\"Lajme nga Ulqini\" \/>\n<meta property=\"article:published_time\" content=\"2008-05-14T17:00:19+00:00\" \/>\n<meta property=\"article:modified_time\" content=\"2008-05-14T17:20:36+00:00\" \/>\n<meta property=\"og:image\" content=\"http:\/\/english.people.com.cn\/200605\/31\/images\/0530_B28.jpg\" \/>\n<meta name=\"twitter:label1\" content=\"Written by\" \/>\n\t<meta name=\"twitter:data1\" content=\"ulqini\" \/>\n\t<meta name=\"twitter:label2\" content=\"Est. reading time\" \/>\n\t<meta name=\"twitter:data2\" content=\"2 minutes\" \/>\n<script type=\"application\/ld+json\" class=\"yoast-schema-graph\">{\"@context\":\"https:\/\/schema.org\",\"@graph\":[{\"@type\":\"WebSite\",\"@id\":\"https:\/\/www.visit-ulcinj.com\/blog\/#website\",\"url\":\"https:\/\/www.visit-ulcinj.com\/blog\/\",\"name\":\"Lajme nga Ulqini\",\"description\":\"Lajme,Vijesti,Ulqini,Ulqin,Crna Gora,Mali i Zi\",\"potentialAction\":[{\"@type\":\"SearchAction\",\"target\":{\"@type\":\"EntryPoint\",\"urlTemplate\":\"https:\/\/www.visit-ulcinj.com\/blog\/?s={search_term_string}\"},\"query-input\":\"required name=search_term_string\"}],\"inLanguage\":\"en-US\"},{\"@type\":\"ImageObject\",\"inLanguage\":\"en-US\",\"@id\":\"https:\/\/www.visit-ulcinj.com\/blog\/2008\/05\/14\/djukanovic-hote-se-rruga-deri-ne-be-do-jete-e-gjate\/#primaryimage\",\"url\":\"http:\/\/english.people.com.cn\/200605\/31\/images\/0530_B28.jpg\",\"contentUrl\":\"http:\/\/english.people.com.cn\/200605\/31\/images\/0530_B28.jpg\"},{\"@type\":\"WebPage\",\"@id\":\"https:\/\/www.visit-ulcinj.com\/blog\/2008\/05\/14\/djukanovic-hote-se-rruga-deri-ne-be-do-jete-e-gjate\/#webpage\",\"url\":\"https:\/\/www.visit-ulcinj.com\/blog\/2008\/05\/14\/djukanovic-hote-se-rruga-deri-ne-be-do-jete-e-gjate\/\",\"name\":\"Djukanovic thot\u00eb se rruga deri n\u00eb BE do jet\u00eb e gjat\u00eb - Lajme nga Ulqini\",\"isPartOf\":{\"@id\":\"https:\/\/www.visit-ulcinj.com\/blog\/#website\"},\"primaryImageOfPage\":{\"@id\":\"https:\/\/www.visit-ulcinj.com\/blog\/2008\/05\/14\/djukanovic-hote-se-rruga-deri-ne-be-do-jete-e-gjate\/#primaryimage\"},\"datePublished\":\"2008-05-14T17:00:19+00:00\",\"dateModified\":\"2008-05-14T17:20:36+00:00\",\"author\":{\"@id\":\"https:\/\/www.visit-ulcinj.com\/blog\/#\/schema\/person\/dcab619c614d3038751c63bc2aadc06d\"},\"breadcrumb\":{\"@id\":\"https:\/\/www.visit-ulcinj.com\/blog\/2008\/05\/14\/djukanovic-hote-se-rruga-deri-ne-be-do-jete-e-gjate\/#breadcrumb\"},\"inLanguage\":\"en-US\",\"potentialAction\":[{\"@type\":\"ReadAction\",\"target\":[\"https:\/\/www.visit-ulcinj.com\/blog\/2008\/05\/14\/djukanovic-hote-se-rruga-deri-ne-be-do-jete-e-gjate\/\"]}]},{\"@type\":\"BreadcrumbList\",\"@id\":\"https:\/\/www.visit-ulcinj.com\/blog\/2008\/05\/14\/djukanovic-hote-se-rruga-deri-ne-be-do-jete-e-gjate\/#breadcrumb\",\"itemListElement\":[{\"@type\":\"ListItem\",\"position\":1,\"name\":\"Djukanovic thot\u00eb se rruga deri n\u00eb BE do jet\u00eb e gjat\u00eb\"}]},{\"@type\":\"Person\",\"@id\":\"https:\/\/www.visit-ulcinj.com\/blog\/#\/schema\/person\/dcab619c614d3038751c63bc2aadc06d\",\"name\":\"ulqini\",\"sameAs\":[\"http:\/\/www.visit-ulcinj.com\"],\"url\":\"https:\/\/www.visit-ulcinj.com\/blog\/author\/admin\/\"}]}<\/script>\n<!-- \/ Yoast SEO plugin. -->","yoast_head_json":{"title":"Djukanovic thot\u00eb se rruga deri n\u00eb BE do jet\u00eb e gjat\u00eb - Lajme nga Ulqini","robots":{"index":"index","follow":"follow","max-snippet":"max-snippet:-1","max-image-preview":"max-image-preview:large","max-video-preview":"max-video-preview:-1"},"canonical":"https:\/\/www.visit-ulcinj.com\/blog\/2008\/05\/14\/djukanovic-hote-se-rruga-deri-ne-be-do-jete-e-gjate\/","og_locale":"en_US","og_type":"article","og_title":"Djukanovic thot\u00eb se rruga deri n\u00eb BE do jet\u00eb e gjat\u00eb - Lajme nga Ulqini","og_url":"https:\/\/www.visit-ulcinj.com\/blog\/2008\/05\/14\/djukanovic-hote-se-rruga-deri-ne-be-do-jete-e-gjate\/","og_site_name":"Lajme nga Ulqini","article_published_time":"2008-05-14T17:00:19+00:00","article_modified_time":"2008-05-14T17:20:36+00:00","og_image":[{"url":"http:\/\/english.people.com.cn\/200605\/31\/images\/0530_B28.jpg"}],"twitter_misc":{"Written by":"ulqini","Est. reading time":"2 minutes"},"schema":{"@context":"https:\/\/schema.org","@graph":[{"@type":"WebSite","@id":"https:\/\/www.visit-ulcinj.com\/blog\/#website","url":"https:\/\/www.visit-ulcinj.com\/blog\/","name":"Lajme nga Ulqini","description":"Lajme,Vijesti,Ulqini,Ulqin,Crna Gora,Mali i Zi","potentialAction":[{"@type":"SearchAction","target":{"@type":"EntryPoint","urlTemplate":"https:\/\/www.visit-ulcinj.com\/blog\/?s={search_term_string}"},"query-input":"required name=search_term_string"}],"inLanguage":"en-US"},{"@type":"ImageObject","inLanguage":"en-US","@id":"https:\/\/www.visit-ulcinj.com\/blog\/2008\/05\/14\/djukanovic-hote-se-rruga-deri-ne-be-do-jete-e-gjate\/#primaryimage","url":"http:\/\/english.people.com.cn\/200605\/31\/images\/0530_B28.jpg","contentUrl":"http:\/\/english.people.com.cn\/200605\/31\/images\/0530_B28.jpg"},{"@type":"WebPage","@id":"https:\/\/www.visit-ulcinj.com\/blog\/2008\/05\/14\/djukanovic-hote-se-rruga-deri-ne-be-do-jete-e-gjate\/#webpage","url":"https:\/\/www.visit-ulcinj.com\/blog\/2008\/05\/14\/djukanovic-hote-se-rruga-deri-ne-be-do-jete-e-gjate\/","name":"Djukanovic thot\u00eb se rruga deri n\u00eb BE do jet\u00eb e gjat\u00eb - Lajme nga Ulqini","isPartOf":{"@id":"https:\/\/www.visit-ulcinj.com\/blog\/#website"},"primaryImageOfPage":{"@id":"https:\/\/www.visit-ulcinj.com\/blog\/2008\/05\/14\/djukanovic-hote-se-rruga-deri-ne-be-do-jete-e-gjate\/#primaryimage"},"datePublished":"2008-05-14T17:00:19+00:00","dateModified":"2008-05-14T17:20:36+00:00","author":{"@id":"https:\/\/www.visit-ulcinj.com\/blog\/#\/schema\/person\/dcab619c614d3038751c63bc2aadc06d"},"breadcrumb":{"@id":"https:\/\/www.visit-ulcinj.com\/blog\/2008\/05\/14\/djukanovic-hote-se-rruga-deri-ne-be-do-jete-e-gjate\/#breadcrumb"},"inLanguage":"en-US","potentialAction":[{"@type":"ReadAction","target":["https:\/\/www.visit-ulcinj.com\/blog\/2008\/05\/14\/djukanovic-hote-se-rruga-deri-ne-be-do-jete-e-gjate\/"]}]},{"@type":"BreadcrumbList","@id":"https:\/\/www.visit-ulcinj.com\/blog\/2008\/05\/14\/djukanovic-hote-se-rruga-deri-ne-be-do-jete-e-gjate\/#breadcrumb","itemListElement":[{"@type":"ListItem","position":1,"name":"Djukanovic thot\u00eb se rruga deri n\u00eb BE do jet\u00eb e gjat\u00eb"}]},{"@type":"Person","@id":"https:\/\/www.visit-ulcinj.com\/blog\/#\/schema\/person\/dcab619c614d3038751c63bc2aadc06d","name":"ulqini","sameAs":["http:\/\/www.visit-ulcinj.com"],"url":"https:\/\/www.visit-ulcinj.com\/blog\/author\/admin\/"}]}},"jetpack_featured_media_url":"","jetpack_sharing_enabled":true,"jetpack_shortlink":"https:\/\/wp.me\/pe6lTn-pn","_links":{"self":[{"href":"https:\/\/www.visit-ulcinj.com\/blog\/wp-json\/wp\/v2\/posts\/1573"}],"collection":[{"href":"https:\/\/www.visit-ulcinj.com\/blog\/wp-json\/wp\/v2\/posts"}],"about":[{"href":"https:\/\/www.visit-ulcinj.com\/blog\/wp-json\/wp\/v2\/types\/post"}],"author":[{"embeddable":true,"href":"https:\/\/www.visit-ulcinj.com\/blog\/wp-json\/wp\/v2\/users\/1"}],"replies":[{"embeddable":true,"href":"https:\/\/www.visit-ulcinj.com\/blog\/wp-json\/wp\/v2\/comments?post=1573"}],"version-history":[{"count":0,"href":"https:\/\/www.visit-ulcinj.com\/blog\/wp-json\/wp\/v2\/posts\/1573\/revisions"}],"wp:attachment":[{"href":"https:\/\/www.visit-ulcinj.com\/blog\/wp-json\/wp\/v2\/media?parent=1573"}],"wp:term":[{"taxonomy":"category","embeddable":true,"href":"https:\/\/www.visit-ulcinj.com\/blog\/wp-json\/wp\/v2\/categories?post=1573"},{"taxonomy":"post_tag","embeddable":true,"href":"https:\/\/www.visit-ulcinj.com\/blog\/wp-json\/wp\/v2\/tags?post=1573"}],"curies":[{"name":"wp","href":"https:\/\/api.w.org\/{rel}","templated":true}]}}