{"id":15732,"date":"2009-03-27T00:31:17","date_gmt":"2009-03-26T23:31:17","guid":{"rendered":"http:\/\/www.visit-ulcinj.com\/blog\/?p=15732"},"modified":"2009-03-27T00:31:17","modified_gmt":"2009-03-26T23:31:17","slug":"mimoza-anjeza-nervozohet-kur-me-mburrin","status":"publish","type":"post","link":"https:\/\/www.visit-ulcinj.com\/blog\/2009\/03\/27\/mimoza-anjeza-nervozohet-kur-me-mburrin\/","title":{"rendered":"Mimoza &#8211; Anjeza nervozohet kur m\u00eb mburrin!"},"content":{"rendered":"<p><em><span class=\"newsdate\"><a href=\"http:\/\/www.visit-ulcinj.com\/blog\/wp-content\/uploads\/2009\/03\/mimoza-anjeza-dhe-bika.jpg\"><img loading=\"lazy\" class=\"alignleft size-full wp-image-15733\" title=\"mimoza-anjeza-dhe-bika-big-brother-albania-2\" src=\"http:\/\/www.visit-ulcinj.com\/blog\/wp-content\/uploads\/2009\/03\/mimoza-anjeza-dhe-bika.jpg\" alt=\"mimoza-anjeza-dhe-bika-big-brother-albania-2\" width=\"300\" height=\"205\" \/><\/a>26\/03\/09 03:11<\/span><\/em><\/p>\n<p>Sipas Mimoz\u00ebs, Anjeza b\u00ebhet shum\u00eb nervoze kur t\u00eb tjer\u00ebt i b\u00ebjn\u00eb komplimenta Mimoz\u00ebs. Ajo u ka kujtuar Republik\u00ebs dhe Adelajdes, momentin kur dikush nga banor\u00ebt i kishte cil\u00ebsuar bukurin\u00eb dhe ka imituar reagimin e Anjez\u00ebs. Mimoza tregoi se si\u00e7 i kishte th\u00ebn\u00eb dhe Anjez\u00ebs, asaj i p\u00eblqenin komplimentet dhe ndihej e lumtur kur dikush e komplimentonte. Por kjo e fundit, sipas saj, ishte di\u00e7ka q\u00eb Anjeza nuk mund ta duronte. Sipas Moz\u00ebs, grricja e Anjez\u00ebs me t\u00eb, p\u00ebr pun\u00ebn e \u00e7orapeve, ishte rrjedhoj\u00eb e k\u00ebsaj, gj\u00eb q\u00eb nuk i dukej fort normale. \u201cShpresoj t\u00eb q\u00ebndroj sa m\u00eb gjat\u00eb n\u00eb sht\u00ebpi, &#8211; u \u00ebsht\u00eb shprehur vajzave Mimoza, &#8211; q\u00eb t\u00eb shoh me \u00e7far\u00eb mendimi ka ardhur!\u201d.<\/p>\n","protected":false},"excerpt":{"rendered":"<p>26\/03\/09 03:11 Sipas Mimoz\u00ebs, Anjeza b\u00ebhet shum\u00eb nervoze kur t\u00eb tjer\u00ebt i b\u00ebjn\u00eb komplimenta Mimoz\u00ebs. Ajo u ka kujtuar Republik\u00ebs dhe Adelajdes, momentin kur dikush nga banor\u00ebt i kishte cil\u00ebsuar bukurin\u00eb dhe ka imituar reagimin e Anjez\u00ebs. Mimoza tregoi se si\u00e7 i kishte th\u00ebn\u00eb dhe Anjez\u00ebs, asaj i p\u00eblqenin komplimentet dhe ndihej e lumtur kur [&hellip;]<\/p>\n","protected":false},"author":1,"featured_media":0,"comment_status":"open","ping_status":"closed","sticky":false,"template":"","format":"standard","meta":{"spay_email":"","jetpack_publicize_message":"","jetpack_is_tweetstorm":false,"jetpack_publicize_feature_enabled":true},"categories":[6502],"tags":[8289,6883,6516,6712,6544,262,6891],"jetpack_publicize_connections":[],"yoast_head":"<!-- This site is optimized with the Yoast SEO plugin v19.1 - https:\/\/yoast.com\/wordpress\/plugins\/seo\/ -->\n<title>Mimoza - Anjeza nervozohet kur m\u00c3\u00ab mburrin! | Big Brother Albania 2<\/title>\n<meta name=\"description\" content=\"Big Brother Albania 2 - Sipas Mimoz\u00c3\u00abs, Anjeza b\u00c3\u00abhet shum\u00c3\u00ab nervoze kur t\u00c3\u00ab tjer\u00c3\u00abt i b\u00c3\u00abjn\u00c3\u00ab komplimenta Mimoz\u00c3\u00abs. Ajo u ka kujtuar Republik\u00c3\u00abs dhe Adelajdes, momentin kur dikush nga banor\u00c3\u00abt i kishte cil\u00c3\u00absuar bukurin\u00c3\u00ab dhe ka imituar reagimin e Anjez\u00c3\u00abs.\" \/>\n<meta name=\"robots\" content=\"index, follow, max-snippet:-1, max-image-preview:large, max-video-preview:-1\" \/>\n<link rel=\"canonical\" href=\"https:\/\/www.visit-ulcinj.com\/blog\/2009\/03\/27\/mimoza-anjeza-nervozohet-kur-me-mburrin\/\" \/>\n<meta property=\"og:locale\" content=\"en_US\" \/>\n<meta property=\"og:type\" content=\"article\" \/>\n<meta property=\"og:title\" content=\"Mimoza - Anjeza nervozohet kur m\u00c3\u00ab mburrin! | Big Brother Albania 2\" \/>\n<meta property=\"og:description\" content=\"Big Brother Albania 2 - Sipas Mimoz\u00c3\u00abs, Anjeza b\u00c3\u00abhet shum\u00c3\u00ab nervoze kur t\u00c3\u00ab tjer\u00c3\u00abt i b\u00c3\u00abjn\u00c3\u00ab komplimenta Mimoz\u00c3\u00abs. Ajo u ka kujtuar Republik\u00c3\u00abs dhe Adelajdes, momentin kur dikush nga banor\u00c3\u00abt i kishte cil\u00c3\u00absuar bukurin\u00c3\u00ab dhe ka imituar reagimin e Anjez\u00c3\u00abs.\" \/>\n<meta property=\"og:url\" content=\"https:\/\/www.visit-ulcinj.com\/blog\/2009\/03\/27\/mimoza-anjeza-nervozohet-kur-me-mburrin\/\" \/>\n<meta property=\"og:site_name\" content=\"Lajme nga Ulqini\" \/>\n<meta property=\"article:published_time\" content=\"2009-03-26T23:31:17+00:00\" \/>\n<meta property=\"og:image\" content=\"http:\/\/www.visit-ulcinj.com\/blog\/wp-content\/uploads\/2009\/03\/mimoza-anjeza-dhe-bika.jpg\" \/>\n<meta name=\"twitter:label1\" content=\"Written by\" \/>\n\t<meta name=\"twitter:data1\" content=\"ulqini\" \/>\n\t<meta name=\"twitter:label2\" content=\"Est. reading time\" \/>\n\t<meta name=\"twitter:data2\" content=\"1 minute\" \/>\n<script type=\"application\/ld+json\" class=\"yoast-schema-graph\">{\"@context\":\"https:\/\/schema.org\",\"@graph\":[{\"@type\":\"WebSite\",\"@id\":\"https:\/\/www.visit-ulcinj.com\/blog\/#website\",\"url\":\"https:\/\/www.visit-ulcinj.com\/blog\/\",\"name\":\"Lajme nga Ulqini\",\"description\":\"Lajme,Vijesti,Ulqini,Ulqin,Crna Gora,Mali i Zi\",\"potentialAction\":[{\"@type\":\"SearchAction\",\"target\":{\"@type\":\"EntryPoint\",\"urlTemplate\":\"https:\/\/www.visit-ulcinj.com\/blog\/?s={search_term_string}\"},\"query-input\":\"required name=search_term_string\"}],\"inLanguage\":\"en-US\"},{\"@type\":\"ImageObject\",\"inLanguage\":\"en-US\",\"@id\":\"https:\/\/www.visit-ulcinj.com\/blog\/2009\/03\/27\/mimoza-anjeza-nervozohet-kur-me-mburrin\/#primaryimage\",\"url\":\"http:\/\/www.visit-ulcinj.com\/blog\/wp-content\/uploads\/2009\/03\/mimoza-anjeza-dhe-bika.jpg\",\"contentUrl\":\"http:\/\/www.visit-ulcinj.com\/blog\/wp-content\/uploads\/2009\/03\/mimoza-anjeza-dhe-bika.jpg\"},{\"@type\":\"WebPage\",\"@id\":\"https:\/\/www.visit-ulcinj.com\/blog\/2009\/03\/27\/mimoza-anjeza-nervozohet-kur-me-mburrin\/#webpage\",\"url\":\"https:\/\/www.visit-ulcinj.com\/blog\/2009\/03\/27\/mimoza-anjeza-nervozohet-kur-me-mburrin\/\",\"name\":\"Mimoza - Anjeza nervozohet kur m\u00c3\u00ab mburrin! | Big Brother Albania 2\",\"isPartOf\":{\"@id\":\"https:\/\/www.visit-ulcinj.com\/blog\/#website\"},\"primaryImageOfPage\":{\"@id\":\"https:\/\/www.visit-ulcinj.com\/blog\/2009\/03\/27\/mimoza-anjeza-nervozohet-kur-me-mburrin\/#primaryimage\"},\"datePublished\":\"2009-03-26T23:31:17+00:00\",\"dateModified\":\"2009-03-26T23:31:17+00:00\",\"author\":{\"@id\":\"https:\/\/www.visit-ulcinj.com\/blog\/#\/schema\/person\/dcab619c614d3038751c63bc2aadc06d\"},\"description\":\"Big Brother Albania 2 - Sipas Mimoz\u00c3\u00abs, Anjeza b\u00c3\u00abhet shum\u00c3\u00ab nervoze kur t\u00c3\u00ab tjer\u00c3\u00abt i b\u00c3\u00abjn\u00c3\u00ab komplimenta Mimoz\u00c3\u00abs. Ajo u ka kujtuar Republik\u00c3\u00abs dhe Adelajdes, momentin kur dikush nga banor\u00c3\u00abt i kishte cil\u00c3\u00absuar bukurin\u00c3\u00ab dhe ka imituar reagimin e Anjez\u00c3\u00abs.\",\"breadcrumb\":{\"@id\":\"https:\/\/www.visit-ulcinj.com\/blog\/2009\/03\/27\/mimoza-anjeza-nervozohet-kur-me-mburrin\/#breadcrumb\"},\"inLanguage\":\"en-US\",\"potentialAction\":[{\"@type\":\"ReadAction\",\"target\":[\"https:\/\/www.visit-ulcinj.com\/blog\/2009\/03\/27\/mimoza-anjeza-nervozohet-kur-me-mburrin\/\"]}]},{\"@type\":\"BreadcrumbList\",\"@id\":\"https:\/\/www.visit-ulcinj.com\/blog\/2009\/03\/27\/mimoza-anjeza-nervozohet-kur-me-mburrin\/#breadcrumb\",\"itemListElement\":[{\"@type\":\"ListItem\",\"position\":1,\"name\":\"Mimoza &#8211; Anjeza nervozohet kur m\u00eb mburrin!\"}]},{\"@type\":\"Person\",\"@id\":\"https:\/\/www.visit-ulcinj.com\/blog\/#\/schema\/person\/dcab619c614d3038751c63bc2aadc06d\",\"name\":\"ulqini\",\"sameAs\":[\"http:\/\/www.visit-ulcinj.com\"],\"url\":\"https:\/\/www.visit-ulcinj.com\/blog\/author\/admin\/\"}]}<\/script>\n<!-- \/ Yoast SEO plugin. -->","yoast_head_json":{"title":"Mimoza - Anjeza nervozohet kur m\u00c3\u00ab mburrin! | Big Brother Albania 2","description":"Big Brother Albania 2 - Sipas Mimoz\u00c3\u00abs, Anjeza b\u00c3\u00abhet shum\u00c3\u00ab nervoze kur t\u00c3\u00ab tjer\u00c3\u00abt i b\u00c3\u00abjn\u00c3\u00ab komplimenta Mimoz\u00c3\u00abs. Ajo u ka kujtuar Republik\u00c3\u00abs dhe Adelajdes, momentin kur dikush nga banor\u00c3\u00abt i kishte cil\u00c3\u00absuar bukurin\u00c3\u00ab dhe ka imituar reagimin e Anjez\u00c3\u00abs.","robots":{"index":"index","follow":"follow","max-snippet":"max-snippet:-1","max-image-preview":"max-image-preview:large","max-video-preview":"max-video-preview:-1"},"canonical":"https:\/\/www.visit-ulcinj.com\/blog\/2009\/03\/27\/mimoza-anjeza-nervozohet-kur-me-mburrin\/","og_locale":"en_US","og_type":"article","og_title":"Mimoza - Anjeza nervozohet kur m\u00c3\u00ab mburrin! | Big Brother Albania 2","og_description":"Big Brother Albania 2 - Sipas Mimoz\u00c3\u00abs, Anjeza b\u00c3\u00abhet shum\u00c3\u00ab nervoze kur t\u00c3\u00ab tjer\u00c3\u00abt i b\u00c3\u00abjn\u00c3\u00ab komplimenta Mimoz\u00c3\u00abs. Ajo u ka kujtuar Republik\u00c3\u00abs dhe Adelajdes, momentin kur dikush nga banor\u00c3\u00abt i kishte cil\u00c3\u00absuar bukurin\u00c3\u00ab dhe ka imituar reagimin e Anjez\u00c3\u00abs.","og_url":"https:\/\/www.visit-ulcinj.com\/blog\/2009\/03\/27\/mimoza-anjeza-nervozohet-kur-me-mburrin\/","og_site_name":"Lajme nga Ulqini","article_published_time":"2009-03-26T23:31:17+00:00","og_image":[{"url":"http:\/\/www.visit-ulcinj.com\/blog\/wp-content\/uploads\/2009\/03\/mimoza-anjeza-dhe-bika.jpg"}],"twitter_misc":{"Written by":"ulqini","Est. reading time":"1 minute"},"schema":{"@context":"https:\/\/schema.org","@graph":[{"@type":"WebSite","@id":"https:\/\/www.visit-ulcinj.com\/blog\/#website","url":"https:\/\/www.visit-ulcinj.com\/blog\/","name":"Lajme nga Ulqini","description":"Lajme,Vijesti,Ulqini,Ulqin,Crna Gora,Mali i Zi","potentialAction":[{"@type":"SearchAction","target":{"@type":"EntryPoint","urlTemplate":"https:\/\/www.visit-ulcinj.com\/blog\/?s={search_term_string}"},"query-input":"required name=search_term_string"}],"inLanguage":"en-US"},{"@type":"ImageObject","inLanguage":"en-US","@id":"https:\/\/www.visit-ulcinj.com\/blog\/2009\/03\/27\/mimoza-anjeza-nervozohet-kur-me-mburrin\/#primaryimage","url":"http:\/\/www.visit-ulcinj.com\/blog\/wp-content\/uploads\/2009\/03\/mimoza-anjeza-dhe-bika.jpg","contentUrl":"http:\/\/www.visit-ulcinj.com\/blog\/wp-content\/uploads\/2009\/03\/mimoza-anjeza-dhe-bika.jpg"},{"@type":"WebPage","@id":"https:\/\/www.visit-ulcinj.com\/blog\/2009\/03\/27\/mimoza-anjeza-nervozohet-kur-me-mburrin\/#webpage","url":"https:\/\/www.visit-ulcinj.com\/blog\/2009\/03\/27\/mimoza-anjeza-nervozohet-kur-me-mburrin\/","name":"Mimoza - Anjeza nervozohet kur m\u00c3\u00ab mburrin! | Big Brother Albania 2","isPartOf":{"@id":"https:\/\/www.visit-ulcinj.com\/blog\/#website"},"primaryImageOfPage":{"@id":"https:\/\/www.visit-ulcinj.com\/blog\/2009\/03\/27\/mimoza-anjeza-nervozohet-kur-me-mburrin\/#primaryimage"},"datePublished":"2009-03-26T23:31:17+00:00","dateModified":"2009-03-26T23:31:17+00:00","author":{"@id":"https:\/\/www.visit-ulcinj.com\/blog\/#\/schema\/person\/dcab619c614d3038751c63bc2aadc06d"},"description":"Big Brother Albania 2 - Sipas Mimoz\u00c3\u00abs, Anjeza b\u00c3\u00abhet shum\u00c3\u00ab nervoze kur t\u00c3\u00ab tjer\u00c3\u00abt i b\u00c3\u00abjn\u00c3\u00ab komplimenta Mimoz\u00c3\u00abs. Ajo u ka kujtuar Republik\u00c3\u00abs dhe Adelajdes, momentin kur dikush nga banor\u00c3\u00abt i kishte cil\u00c3\u00absuar bukurin\u00c3\u00ab dhe ka imituar reagimin e Anjez\u00c3\u00abs.","breadcrumb":{"@id":"https:\/\/www.visit-ulcinj.com\/blog\/2009\/03\/27\/mimoza-anjeza-nervozohet-kur-me-mburrin\/#breadcrumb"},"inLanguage":"en-US","potentialAction":[{"@type":"ReadAction","target":["https:\/\/www.visit-ulcinj.com\/blog\/2009\/03\/27\/mimoza-anjeza-nervozohet-kur-me-mburrin\/"]}]},{"@type":"BreadcrumbList","@id":"https:\/\/www.visit-ulcinj.com\/blog\/2009\/03\/27\/mimoza-anjeza-nervozohet-kur-me-mburrin\/#breadcrumb","itemListElement":[{"@type":"ListItem","position":1,"name":"Mimoza &#8211; Anjeza nervozohet kur m\u00eb mburrin!"}]},{"@type":"Person","@id":"https:\/\/www.visit-ulcinj.com\/blog\/#\/schema\/person\/dcab619c614d3038751c63bc2aadc06d","name":"ulqini","sameAs":["http:\/\/www.visit-ulcinj.com"],"url":"https:\/\/www.visit-ulcinj.com\/blog\/author\/admin\/"}]}},"jetpack_featured_media_url":"","jetpack_sharing_enabled":true,"jetpack_shortlink":"https:\/\/wp.me\/pe6lTn-45K","_links":{"self":[{"href":"https:\/\/www.visit-ulcinj.com\/blog\/wp-json\/wp\/v2\/posts\/15732"}],"collection":[{"href":"https:\/\/www.visit-ulcinj.com\/blog\/wp-json\/wp\/v2\/posts"}],"about":[{"href":"https:\/\/www.visit-ulcinj.com\/blog\/wp-json\/wp\/v2\/types\/post"}],"author":[{"embeddable":true,"href":"https:\/\/www.visit-ulcinj.com\/blog\/wp-json\/wp\/v2\/users\/1"}],"replies":[{"embeddable":true,"href":"https:\/\/www.visit-ulcinj.com\/blog\/wp-json\/wp\/v2\/comments?post=15732"}],"version-history":[{"count":0,"href":"https:\/\/www.visit-ulcinj.com\/blog\/wp-json\/wp\/v2\/posts\/15732\/revisions"}],"wp:attachment":[{"href":"https:\/\/www.visit-ulcinj.com\/blog\/wp-json\/wp\/v2\/media?parent=15732"}],"wp:term":[{"taxonomy":"category","embeddable":true,"href":"https:\/\/www.visit-ulcinj.com\/blog\/wp-json\/wp\/v2\/categories?post=15732"},{"taxonomy":"post_tag","embeddable":true,"href":"https:\/\/www.visit-ulcinj.com\/blog\/wp-json\/wp\/v2\/tags?post=15732"}],"curies":[{"name":"wp","href":"https:\/\/api.w.org\/{rel}","templated":true}]}}