{"id":15736,"date":"2009-03-27T16:25:08","date_gmt":"2009-03-27T15:25:08","guid":{"rendered":"http:\/\/www.visit-ulcinj.com\/blog\/?p=15736"},"modified":"2009-03-29T12:38:23","modified_gmt":"2009-03-29T11:38:23","slug":"mali-i-zi-shqiptaret-rrezikojne-perfaqesimin","status":"publish","type":"post","link":"https:\/\/www.visit-ulcinj.com\/blog\/2009\/03\/27\/mali-i-zi-shqiptaret-rrezikojne-perfaqesimin\/","title":{"rendered":"Mali i Zi, shqiptar\u00ebt rrezikojn\u00eb p\u00ebrfaq\u00ebsimin n\u00eb Parlament"},"content":{"rendered":"<p><a href=\"http:\/\/www.visit-ulcinj.com\/blog\/wp-content\/uploads\/2009\/03\/mandatet-ne-malin-e-zi-shqiptaret-rrezikojne-perfaqesimin.jpg\"><img loading=\"lazy\" class=\"alignleft size-full wp-image-15738\" title=\"mandatet-ne-malin-e-zi-shqiptaret-rrezikojne-perfaqesimin\" src=\"http:\/\/www.visit-ulcinj.com\/blog\/wp-content\/uploads\/2009\/03\/mandatet-ne-malin-e-zi-shqiptaret-rrezikojne-perfaqesimin.jpg\" alt=\"mandatet-ne-malin-e-zi-shqiptaret-rrezikojne-perfaqesimin\" width=\"299\" height=\"457\" \/><\/a><\/p>\n<p>P\u00ebr\u00e7arja n\u00eb 6 parti politike t\u00eb shqiptar\u00ebve n\u00eb Malin e Zi, rrezikon t\u00eb ul\u00eb ndjesh\u00ebm p\u00ebrfaq\u00ebsimin e tyre n\u00eb Parlament. N\u00eb Mal t\u00eb Zi \u00ebsht\u00eb sistemi proporcional dhe nj\u00eb parti duhet t\u00eb marr\u00eb t\u00eb pakt\u00ebn 2.500 vota q\u00eb t\u00eb ket\u00eb nj\u00eb deputet, nd\u00ebrkoh\u00eb q\u00eb numri i votuesve shqiptar\u00eb \u00ebsht\u00eb gjithsej 30 mij\u00eb.<br \/>\nGjasht\u00eb parti kan\u00eb paraqitur 6 lista dhe secila b\u00ebn fushat\u00eb me vete. Atmosfera e fushat\u00ebs duket qart\u00eb n\u00eb Ulqin, qytetin e banuar nga shumica shqiptare. Postera dhe flamujt duken gjithandej.<br \/>\n\u201cNe dol\u00ebm n\u00eb zgjedhje dhe po b\u00ebjm\u00eb nj\u00eb fushat\u00eb q\u00eb \u00ebsht\u00eb moderne, n\u00eb kund\u00ebrshtim me t\u00eb tjer\u00ebt q\u00eb po b\u00ebjn\u00eb nj\u00eb fushat\u00eb banale\u201d, ka deklaruar Mehmet Bardhi, kryetar i partis\u00eb Lidhja Demokratike.<br \/>\nNd\u00ebrsa Amir Hollaj, kryetar i koalicionit Perspektiva dhe n\u00ebnkryetari i Unionit Demokratik Meto Zenka pranojn\u00eb se p\u00ebr\u00e7arja do t\u2019iu kushtoj\u00eb shqiptar\u00ebve.<br \/>\n\u201cKjonj\u00ebsi zgjedhore me 5 deputet\u00eb mund t\u00eb mbes\u00eb pa deputet, p\u00ebr shkak se nuk u b\u00eb nj\u00eb koalicion i gjer\u00eb\u201d, ka pohuar Hollaj. \u201cN\u00eb k\u00ebto zgjedhje jan\u00eb paraqitur 6 parti shqiptare q\u00eb konkurrojn\u00eb p\u00ebr 5 mandate. Por jemi optimist\u00eb\u201d, \u00ebsht\u00eb shprehur Meto Zenka, n\u00ebnkryetar i Unionit Demokratik.<br \/>\nZgjedhjet b\u00ebhen me kerkes\u00eb t\u00eb kryeministrit Millo Gjukanoviq, partia e t\u00eb cilit ka b\u00ebr\u00eb aleanc\u00eb me tri partit\u00eb m\u00eb me pesh\u00eb n\u00eb Malin e Zi. N\u00eb liste Gjukanoviq ka vendosur edhe nj\u00eb kandidat shqiptar. P\u00ebr\u00e7arja nuk ka p\u00ebrfshir\u00eb vet\u00ebm shqiptar\u00ebt por edhe serb\u00ebt, partit\u00eb e t\u00eb cil\u00ebve jan\u00eb t\u00eb ndara.<br \/>\nNga ana tjet\u00ebr, vendi \u00ebsht\u00eb duke ndjer\u00eb kriz\u00ebn ekonomike, papun\u00ebsia \u00ebsht\u00eb rritur dhe n\u00eb shum\u00eb nd\u00ebrmarrje, si\u00e7 \u00ebsht\u00eb edhe kombinati i aluminit, prej muajsh pun\u00ebtor\u00ebt s\u2019paguhen.<\/p>\n<p><strong>Top Channel<\/strong><\/p>\n<p><strong><!--YouTube Error: bad URL entered--><br \/>\n<\/strong><\/p>\n<p><strong>Sipas sondazhit n\u00eb faqen ton t\u00eb internetit dalim me kto shifra momentale:<\/strong><br \/>\n<script type=\"text\/javascript\" language=\"javascript\" src=\"http:\/\/s3.polldaddy.com\/p\/1332209\"><\/script><\/p>\n","protected":false},"excerpt":{"rendered":"<p>P\u00ebr\u00e7arja n\u00eb 6 parti politike t\u00eb shqiptar\u00ebve n\u00eb Malin e Zi, rrezikon t\u00eb ul\u00eb ndjesh\u00ebm p\u00ebrfaq\u00ebsimin e tyre n\u00eb Parlament. N\u00eb Mal t\u00eb Zi \u00ebsht\u00eb sistemi proporcional dhe nj\u00eb parti duhet t\u00eb marr\u00eb t\u00eb pakt\u00ebn 2.500 vota q\u00eb t\u00eb ket\u00eb nj\u00eb deputet, nd\u00ebrkoh\u00eb q\u00eb numri i votuesve shqiptar\u00eb \u00ebsht\u00eb gjithsej 30 mij\u00eb. Gjasht\u00eb parti kan\u00eb [&hellip;]<\/p>\n","protected":false},"author":1,"featured_media":0,"comment_status":"open","ping_status":"closed","sticky":false,"template":"","format":"standard","meta":{"spay_email":"","jetpack_publicize_message":"","jetpack_is_tweetstorm":false,"jetpack_publicize_feature_enabled":true},"categories":[1],"tags":[1303,95,347,1341,8376],"jetpack_publicize_connections":[],"yoast_head":"<!-- This site is optimized with the Yoast SEO plugin v19.1 - https:\/\/yoast.com\/wordpress\/plugins\/seo\/ -->\n<title>Mali i Zi, shqiptar\u00ebt rrezikojn\u00eb p\u00ebrfaq\u00ebsimin n\u00eb Parlament - Lajme nga Ulqini<\/title>\n<meta name=\"description\" content=\"P\u00ebr\u00e7arja n\u00eb 6 parti politike t\u00eb shqiptar\u00ebve n\u00eb Malin e Zi, rrezikon t\u00eb ul\u00eb ndjesh\u00ebm p\u00ebrfaq\u00ebsimin e tyre n\u00eb Parlament. N\u00eb Mal t\u00eb Zi \u00ebsht\u00eb sistemi\" \/>\n<meta name=\"robots\" content=\"index, follow, max-snippet:-1, max-image-preview:large, max-video-preview:-1\" \/>\n<link rel=\"canonical\" href=\"https:\/\/www.visit-ulcinj.com\/blog\/2009\/03\/27\/mali-i-zi-shqiptaret-rrezikojne-perfaqesimin\/\" \/>\n<meta property=\"og:locale\" content=\"en_US\" \/>\n<meta property=\"og:type\" content=\"article\" \/>\n<meta property=\"og:title\" content=\"Mali i Zi, shqiptar\u00ebt rrezikojn\u00eb p\u00ebrfaq\u00ebsimin n\u00eb Parlament - Lajme nga Ulqini\" \/>\n<meta property=\"og:description\" content=\"P\u00ebr\u00e7arja n\u00eb 6 parti politike t\u00eb shqiptar\u00ebve n\u00eb Malin e Zi, rrezikon t\u00eb ul\u00eb ndjesh\u00ebm p\u00ebrfaq\u00ebsimin e tyre n\u00eb Parlament. N\u00eb Mal t\u00eb Zi \u00ebsht\u00eb sistemi\" \/>\n<meta property=\"og:url\" content=\"https:\/\/www.visit-ulcinj.com\/blog\/2009\/03\/27\/mali-i-zi-shqiptaret-rrezikojne-perfaqesimin\/\" \/>\n<meta property=\"og:site_name\" content=\"Lajme nga Ulqini\" \/>\n<meta property=\"article:published_time\" content=\"2009-03-27T15:25:08+00:00\" \/>\n<meta property=\"article:modified_time\" content=\"2009-03-29T11:38:23+00:00\" \/>\n<meta property=\"og:image\" content=\"http:\/\/www.visit-ulcinj.com\/blog\/wp-content\/uploads\/2009\/03\/mandatet-ne-malin-e-zi-shqiptaret-rrezikojne-perfaqesimin.jpg\" \/>\n<meta name=\"twitter:label1\" content=\"Written by\" \/>\n\t<meta name=\"twitter:data1\" content=\"ulqini\" \/>\n\t<meta name=\"twitter:label2\" content=\"Est. reading time\" \/>\n\t<meta name=\"twitter:data2\" content=\"2 minutes\" \/>\n<script type=\"application\/ld+json\" class=\"yoast-schema-graph\">{\"@context\":\"https:\/\/schema.org\",\"@graph\":[{\"@type\":\"WebSite\",\"@id\":\"https:\/\/www.visit-ulcinj.com\/blog\/#website\",\"url\":\"https:\/\/www.visit-ulcinj.com\/blog\/\",\"name\":\"Lajme nga Ulqini\",\"description\":\"Lajme,Vijesti,Ulqini,Ulqin,Crna Gora,Mali i Zi\",\"potentialAction\":[{\"@type\":\"SearchAction\",\"target\":{\"@type\":\"EntryPoint\",\"urlTemplate\":\"https:\/\/www.visit-ulcinj.com\/blog\/?s={search_term_string}\"},\"query-input\":\"required name=search_term_string\"}],\"inLanguage\":\"en-US\"},{\"@type\":\"ImageObject\",\"inLanguage\":\"en-US\",\"@id\":\"https:\/\/www.visit-ulcinj.com\/blog\/2009\/03\/27\/mali-i-zi-shqiptaret-rrezikojne-perfaqesimin\/#primaryimage\",\"url\":\"http:\/\/www.visit-ulcinj.com\/blog\/wp-content\/uploads\/2009\/03\/mandatet-ne-malin-e-zi-shqiptaret-rrezikojne-perfaqesimin.jpg\",\"contentUrl\":\"http:\/\/www.visit-ulcinj.com\/blog\/wp-content\/uploads\/2009\/03\/mandatet-ne-malin-e-zi-shqiptaret-rrezikojne-perfaqesimin.jpg\"},{\"@type\":\"WebPage\",\"@id\":\"https:\/\/www.visit-ulcinj.com\/blog\/2009\/03\/27\/mali-i-zi-shqiptaret-rrezikojne-perfaqesimin\/#webpage\",\"url\":\"https:\/\/www.visit-ulcinj.com\/blog\/2009\/03\/27\/mali-i-zi-shqiptaret-rrezikojne-perfaqesimin\/\",\"name\":\"Mali i Zi, shqiptar\u00ebt rrezikojn\u00eb p\u00ebrfaq\u00ebsimin n\u00eb Parlament - Lajme nga Ulqini\",\"isPartOf\":{\"@id\":\"https:\/\/www.visit-ulcinj.com\/blog\/#website\"},\"primaryImageOfPage\":{\"@id\":\"https:\/\/www.visit-ulcinj.com\/blog\/2009\/03\/27\/mali-i-zi-shqiptaret-rrezikojne-perfaqesimin\/#primaryimage\"},\"datePublished\":\"2009-03-27T15:25:08+00:00\",\"dateModified\":\"2009-03-29T11:38:23+00:00\",\"author\":{\"@id\":\"https:\/\/www.visit-ulcinj.com\/blog\/#\/schema\/person\/dcab619c614d3038751c63bc2aadc06d\"},\"description\":\"P\u00ebr\u00e7arja n\u00eb 6 parti politike t\u00eb shqiptar\u00ebve n\u00eb Malin e Zi, rrezikon t\u00eb ul\u00eb ndjesh\u00ebm p\u00ebrfaq\u00ebsimin e tyre n\u00eb Parlament. N\u00eb Mal t\u00eb Zi \u00ebsht\u00eb sistemi\",\"breadcrumb\":{\"@id\":\"https:\/\/www.visit-ulcinj.com\/blog\/2009\/03\/27\/mali-i-zi-shqiptaret-rrezikojne-perfaqesimin\/#breadcrumb\"},\"inLanguage\":\"en-US\",\"potentialAction\":[{\"@type\":\"ReadAction\",\"target\":[\"https:\/\/www.visit-ulcinj.com\/blog\/2009\/03\/27\/mali-i-zi-shqiptaret-rrezikojne-perfaqesimin\/\"]}]},{\"@type\":\"BreadcrumbList\",\"@id\":\"https:\/\/www.visit-ulcinj.com\/blog\/2009\/03\/27\/mali-i-zi-shqiptaret-rrezikojne-perfaqesimin\/#breadcrumb\",\"itemListElement\":[{\"@type\":\"ListItem\",\"position\":1,\"name\":\"Mali i Zi, shqiptar\u00ebt rrezikojn\u00eb p\u00ebrfaq\u00ebsimin n\u00eb Parlament\"}]},{\"@type\":\"Person\",\"@id\":\"https:\/\/www.visit-ulcinj.com\/blog\/#\/schema\/person\/dcab619c614d3038751c63bc2aadc06d\",\"name\":\"ulqini\",\"sameAs\":[\"http:\/\/www.visit-ulcinj.com\"],\"url\":\"https:\/\/www.visit-ulcinj.com\/blog\/author\/admin\/\"}]}<\/script>\n<!-- \/ Yoast SEO plugin. -->","yoast_head_json":{"title":"Mali i Zi, shqiptar\u00ebt rrezikojn\u00eb p\u00ebrfaq\u00ebsimin n\u00eb Parlament - Lajme nga Ulqini","description":"P\u00ebr\u00e7arja n\u00eb 6 parti politike t\u00eb shqiptar\u00ebve n\u00eb Malin e Zi, rrezikon t\u00eb ul\u00eb ndjesh\u00ebm p\u00ebrfaq\u00ebsimin e tyre n\u00eb Parlament. N\u00eb Mal t\u00eb Zi \u00ebsht\u00eb sistemi","robots":{"index":"index","follow":"follow","max-snippet":"max-snippet:-1","max-image-preview":"max-image-preview:large","max-video-preview":"max-video-preview:-1"},"canonical":"https:\/\/www.visit-ulcinj.com\/blog\/2009\/03\/27\/mali-i-zi-shqiptaret-rrezikojne-perfaqesimin\/","og_locale":"en_US","og_type":"article","og_title":"Mali i Zi, shqiptar\u00ebt rrezikojn\u00eb p\u00ebrfaq\u00ebsimin n\u00eb Parlament - Lajme nga Ulqini","og_description":"P\u00ebr\u00e7arja n\u00eb 6 parti politike t\u00eb shqiptar\u00ebve n\u00eb Malin e Zi, rrezikon t\u00eb ul\u00eb ndjesh\u00ebm p\u00ebrfaq\u00ebsimin e tyre n\u00eb Parlament. N\u00eb Mal t\u00eb Zi \u00ebsht\u00eb sistemi","og_url":"https:\/\/www.visit-ulcinj.com\/blog\/2009\/03\/27\/mali-i-zi-shqiptaret-rrezikojne-perfaqesimin\/","og_site_name":"Lajme nga Ulqini","article_published_time":"2009-03-27T15:25:08+00:00","article_modified_time":"2009-03-29T11:38:23+00:00","og_image":[{"url":"http:\/\/www.visit-ulcinj.com\/blog\/wp-content\/uploads\/2009\/03\/mandatet-ne-malin-e-zi-shqiptaret-rrezikojne-perfaqesimin.jpg"}],"twitter_misc":{"Written by":"ulqini","Est. reading time":"2 minutes"},"schema":{"@context":"https:\/\/schema.org","@graph":[{"@type":"WebSite","@id":"https:\/\/www.visit-ulcinj.com\/blog\/#website","url":"https:\/\/www.visit-ulcinj.com\/blog\/","name":"Lajme nga Ulqini","description":"Lajme,Vijesti,Ulqini,Ulqin,Crna Gora,Mali i Zi","potentialAction":[{"@type":"SearchAction","target":{"@type":"EntryPoint","urlTemplate":"https:\/\/www.visit-ulcinj.com\/blog\/?s={search_term_string}"},"query-input":"required name=search_term_string"}],"inLanguage":"en-US"},{"@type":"ImageObject","inLanguage":"en-US","@id":"https:\/\/www.visit-ulcinj.com\/blog\/2009\/03\/27\/mali-i-zi-shqiptaret-rrezikojne-perfaqesimin\/#primaryimage","url":"http:\/\/www.visit-ulcinj.com\/blog\/wp-content\/uploads\/2009\/03\/mandatet-ne-malin-e-zi-shqiptaret-rrezikojne-perfaqesimin.jpg","contentUrl":"http:\/\/www.visit-ulcinj.com\/blog\/wp-content\/uploads\/2009\/03\/mandatet-ne-malin-e-zi-shqiptaret-rrezikojne-perfaqesimin.jpg"},{"@type":"WebPage","@id":"https:\/\/www.visit-ulcinj.com\/blog\/2009\/03\/27\/mali-i-zi-shqiptaret-rrezikojne-perfaqesimin\/#webpage","url":"https:\/\/www.visit-ulcinj.com\/blog\/2009\/03\/27\/mali-i-zi-shqiptaret-rrezikojne-perfaqesimin\/","name":"Mali i Zi, shqiptar\u00ebt rrezikojn\u00eb p\u00ebrfaq\u00ebsimin n\u00eb Parlament - Lajme nga Ulqini","isPartOf":{"@id":"https:\/\/www.visit-ulcinj.com\/blog\/#website"},"primaryImageOfPage":{"@id":"https:\/\/www.visit-ulcinj.com\/blog\/2009\/03\/27\/mali-i-zi-shqiptaret-rrezikojne-perfaqesimin\/#primaryimage"},"datePublished":"2009-03-27T15:25:08+00:00","dateModified":"2009-03-29T11:38:23+00:00","author":{"@id":"https:\/\/www.visit-ulcinj.com\/blog\/#\/schema\/person\/dcab619c614d3038751c63bc2aadc06d"},"description":"P\u00ebr\u00e7arja n\u00eb 6 parti politike t\u00eb shqiptar\u00ebve n\u00eb Malin e Zi, rrezikon t\u00eb ul\u00eb ndjesh\u00ebm p\u00ebrfaq\u00ebsimin e tyre n\u00eb Parlament. N\u00eb Mal t\u00eb Zi \u00ebsht\u00eb sistemi","breadcrumb":{"@id":"https:\/\/www.visit-ulcinj.com\/blog\/2009\/03\/27\/mali-i-zi-shqiptaret-rrezikojne-perfaqesimin\/#breadcrumb"},"inLanguage":"en-US","potentialAction":[{"@type":"ReadAction","target":["https:\/\/www.visit-ulcinj.com\/blog\/2009\/03\/27\/mali-i-zi-shqiptaret-rrezikojne-perfaqesimin\/"]}]},{"@type":"BreadcrumbList","@id":"https:\/\/www.visit-ulcinj.com\/blog\/2009\/03\/27\/mali-i-zi-shqiptaret-rrezikojne-perfaqesimin\/#breadcrumb","itemListElement":[{"@type":"ListItem","position":1,"name":"Mali i Zi, shqiptar\u00ebt rrezikojn\u00eb p\u00ebrfaq\u00ebsimin n\u00eb Parlament"}]},{"@type":"Person","@id":"https:\/\/www.visit-ulcinj.com\/blog\/#\/schema\/person\/dcab619c614d3038751c63bc2aadc06d","name":"ulqini","sameAs":["http:\/\/www.visit-ulcinj.com"],"url":"https:\/\/www.visit-ulcinj.com\/blog\/author\/admin\/"}]}},"jetpack_featured_media_url":"","jetpack_sharing_enabled":true,"jetpack_shortlink":"https:\/\/wp.me\/pe6lTn-45O","_links":{"self":[{"href":"https:\/\/www.visit-ulcinj.com\/blog\/wp-json\/wp\/v2\/posts\/15736"}],"collection":[{"href":"https:\/\/www.visit-ulcinj.com\/blog\/wp-json\/wp\/v2\/posts"}],"about":[{"href":"https:\/\/www.visit-ulcinj.com\/blog\/wp-json\/wp\/v2\/types\/post"}],"author":[{"embeddable":true,"href":"https:\/\/www.visit-ulcinj.com\/blog\/wp-json\/wp\/v2\/users\/1"}],"replies":[{"embeddable":true,"href":"https:\/\/www.visit-ulcinj.com\/blog\/wp-json\/wp\/v2\/comments?post=15736"}],"version-history":[{"count":0,"href":"https:\/\/www.visit-ulcinj.com\/blog\/wp-json\/wp\/v2\/posts\/15736\/revisions"}],"wp:attachment":[{"href":"https:\/\/www.visit-ulcinj.com\/blog\/wp-json\/wp\/v2\/media?parent=15736"}],"wp:term":[{"taxonomy":"category","embeddable":true,"href":"https:\/\/www.visit-ulcinj.com\/blog\/wp-json\/wp\/v2\/categories?post=15736"},{"taxonomy":"post_tag","embeddable":true,"href":"https:\/\/www.visit-ulcinj.com\/blog\/wp-json\/wp\/v2\/tags?post=15736"}],"curies":[{"name":"wp","href":"https:\/\/api.w.org\/{rel}","templated":true}]}}