{"id":1575,"date":"2008-05-14T13:08:55","date_gmt":"2008-05-14T18:08:55","guid":{"rendered":"http:\/\/www.visit-ulcinj.com\/blog\/?p=1575"},"modified":"2008-05-14T13:10:28","modified_gmt":"2008-05-14T18:10:28","slug":"shqiptaret-ne-mal-te-zi-nuk-i-bashkon-as-keshilli-nacional","status":"publish","type":"post","link":"https:\/\/www.visit-ulcinj.com\/blog\/2008\/05\/14\/shqiptaret-ne-mal-te-zi-nuk-i-bashkon-as-keshilli-nacional\/","title":{"rendered":"Shqiptar\u00ebt n\u00eb Mal t\u00eb Zi nuk i bashkon as k\u00ebshilli nacional"},"content":{"rendered":"<p><a href=\"http:\/\/www.visit-ulcinj.com\/blog\/wp-content\/uploads\/2008\/05\/shaban-peraj-2.jpg\"><img loading=\"lazy\" class=\"alignleft attachment wp-att-1576\" style=\"float: left;\" src=\"http:\/\/www.visit-ulcinj.com\/blog\/wp-content\/uploads\/2008\/05\/shaban-peraj-2.thumbnail.jpg\" alt=\"Shaban Peraj\" width=\"200\" height=\"197\" \/><\/a><strong>Ravgimi i pashmangsh\u00ebm optik i syve t\u00eb shpirtit<\/strong><br \/>\nPara fillimit t\u00eb nj\u00eb pune si\u00e7 ishte rasti me themelimin e K\u00ebshillit Nacional t\u00eb shqiptar\u00ebve n\u00eb Mal t\u00eb Zi \u00ebsht\u00eb dashur t\u00eb b\u00ebhet \u00e7do lloj k\u00ebshillimi i nevojsh\u00ebm e t\u00eb merren t\u00eb gjitha masat n\u00eb m\u00ebnyr\u00eb q\u00eb pastaj t\u00eb mos bihet n\u00eb pozita t\u00eb tilla si faj\u00ebsimi i t\u00eb tjer\u00ebve dhe kritika ndaj fatit, gj\u00eb q\u00eb e v\u00ebshtir\u00ebson fatkeq\u00ebsin\u00eb.<br \/>\nDuke iu p\u00ebrmbajtur deklaratave t\u00eb disa udh\u00ebheq\u00ebsve politik\u00eb shqiptar\u00eb n\u00eb Mal t\u00eb Zi lidhur me formimin e K\u00ebshillit Nacional, \u00ebsht\u00eb p\u00ebr t\u00eb v\u00ebn\u00eb n\u00eb dukje se nuk \u00ebsht\u00eb tem\u00eb diskutimi se cila pal\u00eb ka t\u00eb drejt\u00eb p\u00ebr reagime, por sheshazi \u00ebsht\u00eb e qart\u00eb se nj\u00ebrit krah i paska mbetur merak d\u00ebshtimi i zgjedhjes s\u00eb an\u00ebtar\u00ebve t\u00eb tyre n\u00eb k\u00ebt\u00eb K\u00ebshill, apo pse nuk u b\u00eb zgjedhja sipas d\u00ebshir\u00ebs s\u00eb tyre. Ata q\u00eb vazhdimisht th\u00ebrrasin e b\u00ebrtasin p\u00ebrreth gjoja se k\u00ebtu paska pasur shkelje t\u00eb rregullores e se kjo paska ndodhur n\u00eb kund\u00ebrshtim me d\u00ebshir\u00ebn e tyre, harrojn\u00eb se k\u00ebshtu i humbin miqt\u00eb e i g\u00ebzojn\u00eb armiqt\u00eb, e duke sulmuar lart\u00eb e posht\u00eb, e kthejn\u00eb k\u00ebt\u00eb fuqi kund\u00ebr vetes! Th\u00ebniet se n\u00eb k\u00ebt\u00eb K\u00ebshill: &#8220;Nuk paska p\u00ebrfaq\u00ebsues t\u00eb OJQ-ve, t\u00eb gjinis\u00eb fem\u00ebrore apo intelektual\u00eb t\u00eb pavarur&#8221; (se kush jan\u00eb k\u00ebta t\u00eb pavarur nj\u00eb zot e di!), nuk mund t\u00eb provojn\u00eb se t\u00eb nj\u00ebjtit nuk u p\u00ebrkasin subjekteve politike, bile jan\u00eb shum\u00eb aktiv edhe atje ku nuk u takon. N\u00eb t\u00eb kund\u00ebrt\u00ebn t\u00eb nj\u00ebjtit paralajm\u00ebrojn\u00eb se n\u00ebse kjo nuk zgjidhet sipas tyre, ose n\u00ebse ka pasur shkelje ligjore, do t\u00eb provojn\u00eb q\u00eb k\u00ebt\u00eb t\u00eb drejt\u00eb ta realizojn\u00eb p\u00ebrmes gjykat\u00ebs. Shkaku i mir\u00ebfillt\u00eb i k\u00ebtij gabimi (n\u00ebse mund t\u00eb quhet k\u00ebshtu) \u00ebsht\u00eb ravgimi i pashmangsh\u00ebm optik i syve t\u00eb shpirtit, si pasoj\u00eb e s\u00eb cil\u00ebs jeta p\u00ebr shqiptar\u00ebt n\u00eb Mal t\u00eb Zi, v\u00ebzhguar nga kreu duket se nuk ka fund, nd\u00ebrsa e ripar\u00eb nga fundi i rrug\u00ebs rezulton mjaft e shkurt\u00ebr. Shikuar nga ky aspekt, nj\u00eb iluzion i till\u00eb ka t\u00eb mirat e veta, meq\u00eb p\u00ebrndryshe me shum\u00eb v\u00ebshtir\u00ebsi do t\u00eb fillonim t\u00eb b\u00ebnim di\u00e7ka t\u00eb madhe. N\u00eb k\u00ebt\u00eb kuptim duken t\u00eb paarsyeshme p\u00ebrpjekjet e disave p\u00ebr t\u00eb zgjidhur g\u00ebr\u00e7in nga provokimi q\u00eb i b\u00ebhet krahut tjet\u00ebr. Duken t\u00eb paarsyeshme reagimet e tyre edhe p\u00ebr faktin se t\u00eb nj\u00ebjtit kan\u00eb qen\u00eb t\u00eb lir\u00eb t\u00eb konkurrojn\u00eb p\u00ebr t\u00eb aderuar n\u00eb k\u00ebt\u00eb K\u00ebshill, ku \u00e7do gj\u00eb mund t\u00eb vihet n\u00ebn kontroll dhe jo p\u00ebr shkak t\u00eb turbullirave gjithk\u00ebnd e gjith\u00e7ka ta shohim t\u00eb turbullt. Po qe se t\u00eb till\u00ebt kan\u00eb vendosur t\u00eb jen\u00eb shtyll\u00eb e mir\u00eb p\u00ebr kombin e vet, si\u00e7 deklarojn\u00eb, at\u00ebher\u00eb duhet ti harrojn\u00eb interesat e veta nd\u00ebrkoh\u00eb q\u00eb edhe interesin m\u00eb t\u00eb vog\u00ebl q\u00eb ka t\u00eb b\u00ebj\u00eb me kombin, nuk duhet ta nxjerrin qoft\u00eb edhe p\u00ebr nj\u00eb \u00e7ast nga mendja.<br \/>\nNuk \u00ebsht\u00eb koha dhe momenti q\u00eb t\u00eb nj\u00ebjtit t\u00eb abuzojn\u00eb me opinionin, por t\u00eb gjejn\u00eb kurajon p\u00ebr t\u00eb marr\u00eb pjes\u00eb n\u00eb zgjedhjen e strukturave udh\u00ebheq\u00ebse t\u00eb k\u00ebtij k\u00ebshilli nga ku secili an\u00ebtar i k\u00ebtij organi do t\u00eb duhej t\u00eb jap\u00eb llogari n\u00eb m\u00ebnyr\u00eb individuale p\u00ebr pun\u00ebn dhe angazhimin e vet kundrejt misionit q\u00eb duhet realizuar. Kjo edhe p\u00ebr faktin se pozita jon\u00eb nuk \u00ebsht\u00eb aq e lakmueshme pasi shum\u00eb procese dhe reforma kan\u00eb mbetur t\u00eb ngrira, duke u p\u00ebrballur me probleme t\u00eb shumta n\u00eb fush\u00ebn sociale, arsimore, kulturore e politike. P\u00ebr t\u00eb tashmen vlen mendimi i Senek\u00ebs: &#8220;\u00c7do gj\u00eb e re \u00ebsht\u00eb si nj\u00eb jet\u00eb e re&#8221;. T\u00eb k\u00ebqijat e ardhshme, q\u00eb jan\u00eb krejt\u00ebsisht t\u00eb sigurta kan\u00eb t\u00eb drejt\u00eb t\u00eb na turbullojn\u00eb, por, p\u00ebr momentin politikan\u00ebt duhet t\u00eb k\u00ebnaqin popullin nga ku ka shum\u00eb r\u00ebnd\u00ebsi q\u00eb populli t\u00eb thot\u00eb &#8220;politikani im&#8221;dhe pandeh se kjo \u00ebsht\u00eb ajo q\u00eb k\u00ebrkohet gjithmon\u00eb. N\u00eb \u00e7do gj\u00eb ka politik\u00eb, nd\u00ebrkaq politika e atyre q\u00eb p\u00ebrgatisin ligjet e rregullat e loj\u00ebs duhet t\u00eb jet\u00eb politik\u00eb e mas\u00ebs, ndaj nuk kemi arsye t\u00eb dyshojm\u00eb se hartuesve t\u00eb rregullave u ka dalur nga dora m\u00ebnyra e propozimit dhe e zgjedhjes s\u00eb an\u00ebtar\u00ebve t\u00eb k\u00ebtij K\u00ebshilli sa t\u00eb na b\u00ebjn\u00eb t\u00eb mendojm\u00eb se kjo qenka b\u00ebr\u00eb me ndonj\u00eb q\u00ebllim t\u00eb caktuar.<br \/>\n<strong>Shaban Peraj<br \/>\nKOHA JAVORE<\/strong><\/p>\n","protected":false},"excerpt":{"rendered":"<p><img loading=\"lazy\" class=\"alignleft attachment wp-att-1576\" style=\"float: left;\" src=\"http:\/\/www.visit-ulcinj.com\/blog\/wp-content\/uploads\/2008\/05\/shaban-peraj-2.thumbnail.jpg\" alt=\"Shaban Peraj\" width=\"140\" height=\"140\" \/><\/p>\n","protected":false},"author":1,"featured_media":0,"comment_status":"open","ping_status":"closed","sticky":false,"template":"","format":"standard","meta":{"spay_email":"","jetpack_publicize_message":"","jetpack_is_tweetstorm":false,"jetpack_publicize_feature_enabled":true},"categories":[11,12],"tags":[3181,95,3180,200],"jetpack_publicize_connections":[],"yoast_head":"<!-- This site is optimized with the Yoast SEO plugin v19.1 - https:\/\/yoast.com\/wordpress\/plugins\/seo\/ -->\n<title>Shqiptar\u00ebt n\u00eb Mal t\u00eb Zi nuk i bashkon as k\u00ebshilli nacional - Lajme nga Ulqini<\/title>\n<meta name=\"robots\" content=\"index, follow, max-snippet:-1, max-image-preview:large, max-video-preview:-1\" \/>\n<link rel=\"canonical\" href=\"https:\/\/www.visit-ulcinj.com\/blog\/2008\/05\/14\/shqiptaret-ne-mal-te-zi-nuk-i-bashkon-as-keshilli-nacional\/\" \/>\n<meta property=\"og:locale\" content=\"en_US\" \/>\n<meta property=\"og:type\" content=\"article\" \/>\n<meta property=\"og:title\" content=\"Shqiptar\u00ebt n\u00eb Mal t\u00eb Zi nuk i bashkon as k\u00ebshilli nacional - Lajme nga Ulqini\" \/>\n<meta property=\"og:url\" content=\"https:\/\/www.visit-ulcinj.com\/blog\/2008\/05\/14\/shqiptaret-ne-mal-te-zi-nuk-i-bashkon-as-keshilli-nacional\/\" \/>\n<meta property=\"og:site_name\" content=\"Lajme nga Ulqini\" \/>\n<meta property=\"article:published_time\" content=\"2008-05-14T18:08:55+00:00\" \/>\n<meta property=\"article:modified_time\" content=\"2008-05-14T18:10:28+00:00\" \/>\n<meta property=\"og:image\" content=\"http:\/\/www.visit-ulcinj.com\/blog\/wp-content\/uploads\/2008\/05\/shaban-peraj-2.thumbnail.jpg\" \/>\n<meta name=\"twitter:label1\" content=\"Written by\" \/>\n\t<meta name=\"twitter:data1\" content=\"ulqini\" \/>\n\t<meta name=\"twitter:label2\" content=\"Est. reading time\" \/>\n\t<meta name=\"twitter:data2\" content=\"4 minutes\" \/>\n<script type=\"application\/ld+json\" class=\"yoast-schema-graph\">{\"@context\":\"https:\/\/schema.org\",\"@graph\":[{\"@type\":\"WebSite\",\"@id\":\"https:\/\/www.visit-ulcinj.com\/blog\/#website\",\"url\":\"https:\/\/www.visit-ulcinj.com\/blog\/\",\"name\":\"Lajme nga Ulqini\",\"description\":\"Lajme,Vijesti,Ulqini,Ulqin,Crna Gora,Mali i Zi\",\"potentialAction\":[{\"@type\":\"SearchAction\",\"target\":{\"@type\":\"EntryPoint\",\"urlTemplate\":\"https:\/\/www.visit-ulcinj.com\/blog\/?s={search_term_string}\"},\"query-input\":\"required name=search_term_string\"}],\"inLanguage\":\"en-US\"},{\"@type\":\"ImageObject\",\"inLanguage\":\"en-US\",\"@id\":\"https:\/\/www.visit-ulcinj.com\/blog\/2008\/05\/14\/shqiptaret-ne-mal-te-zi-nuk-i-bashkon-as-keshilli-nacional\/#primaryimage\",\"url\":\"http:\/\/www.visit-ulcinj.com\/blog\/wp-content\/uploads\/2008\/05\/shaban-peraj-2.thumbnail.jpg\",\"contentUrl\":\"http:\/\/www.visit-ulcinj.com\/blog\/wp-content\/uploads\/2008\/05\/shaban-peraj-2.thumbnail.jpg\"},{\"@type\":\"WebPage\",\"@id\":\"https:\/\/www.visit-ulcinj.com\/blog\/2008\/05\/14\/shqiptaret-ne-mal-te-zi-nuk-i-bashkon-as-keshilli-nacional\/#webpage\",\"url\":\"https:\/\/www.visit-ulcinj.com\/blog\/2008\/05\/14\/shqiptaret-ne-mal-te-zi-nuk-i-bashkon-as-keshilli-nacional\/\",\"name\":\"Shqiptar\u00ebt n\u00eb Mal t\u00eb Zi nuk i bashkon as k\u00ebshilli nacional - Lajme nga Ulqini\",\"isPartOf\":{\"@id\":\"https:\/\/www.visit-ulcinj.com\/blog\/#website\"},\"primaryImageOfPage\":{\"@id\":\"https:\/\/www.visit-ulcinj.com\/blog\/2008\/05\/14\/shqiptaret-ne-mal-te-zi-nuk-i-bashkon-as-keshilli-nacional\/#primaryimage\"},\"datePublished\":\"2008-05-14T18:08:55+00:00\",\"dateModified\":\"2008-05-14T18:10:28+00:00\",\"author\":{\"@id\":\"https:\/\/www.visit-ulcinj.com\/blog\/#\/schema\/person\/dcab619c614d3038751c63bc2aadc06d\"},\"breadcrumb\":{\"@id\":\"https:\/\/www.visit-ulcinj.com\/blog\/2008\/05\/14\/shqiptaret-ne-mal-te-zi-nuk-i-bashkon-as-keshilli-nacional\/#breadcrumb\"},\"inLanguage\":\"en-US\",\"potentialAction\":[{\"@type\":\"ReadAction\",\"target\":[\"https:\/\/www.visit-ulcinj.com\/blog\/2008\/05\/14\/shqiptaret-ne-mal-te-zi-nuk-i-bashkon-as-keshilli-nacional\/\"]}]},{\"@type\":\"BreadcrumbList\",\"@id\":\"https:\/\/www.visit-ulcinj.com\/blog\/2008\/05\/14\/shqiptaret-ne-mal-te-zi-nuk-i-bashkon-as-keshilli-nacional\/#breadcrumb\",\"itemListElement\":[{\"@type\":\"ListItem\",\"position\":1,\"name\":\"Shqiptar\u00ebt n\u00eb Mal t\u00eb Zi nuk i bashkon as k\u00ebshilli nacional\"}]},{\"@type\":\"Person\",\"@id\":\"https:\/\/www.visit-ulcinj.com\/blog\/#\/schema\/person\/dcab619c614d3038751c63bc2aadc06d\",\"name\":\"ulqini\",\"sameAs\":[\"http:\/\/www.visit-ulcinj.com\"],\"url\":\"https:\/\/www.visit-ulcinj.com\/blog\/author\/admin\/\"}]}<\/script>\n<!-- \/ Yoast SEO plugin. -->","yoast_head_json":{"title":"Shqiptar\u00ebt n\u00eb Mal t\u00eb Zi nuk i bashkon as k\u00ebshilli nacional - Lajme nga Ulqini","robots":{"index":"index","follow":"follow","max-snippet":"max-snippet:-1","max-image-preview":"max-image-preview:large","max-video-preview":"max-video-preview:-1"},"canonical":"https:\/\/www.visit-ulcinj.com\/blog\/2008\/05\/14\/shqiptaret-ne-mal-te-zi-nuk-i-bashkon-as-keshilli-nacional\/","og_locale":"en_US","og_type":"article","og_title":"Shqiptar\u00ebt n\u00eb Mal t\u00eb Zi nuk i bashkon as k\u00ebshilli nacional - Lajme nga Ulqini","og_url":"https:\/\/www.visit-ulcinj.com\/blog\/2008\/05\/14\/shqiptaret-ne-mal-te-zi-nuk-i-bashkon-as-keshilli-nacional\/","og_site_name":"Lajme nga Ulqini","article_published_time":"2008-05-14T18:08:55+00:00","article_modified_time":"2008-05-14T18:10:28+00:00","og_image":[{"url":"http:\/\/www.visit-ulcinj.com\/blog\/wp-content\/uploads\/2008\/05\/shaban-peraj-2.thumbnail.jpg"}],"twitter_misc":{"Written by":"ulqini","Est. reading time":"4 minutes"},"schema":{"@context":"https:\/\/schema.org","@graph":[{"@type":"WebSite","@id":"https:\/\/www.visit-ulcinj.com\/blog\/#website","url":"https:\/\/www.visit-ulcinj.com\/blog\/","name":"Lajme nga Ulqini","description":"Lajme,Vijesti,Ulqini,Ulqin,Crna Gora,Mali i Zi","potentialAction":[{"@type":"SearchAction","target":{"@type":"EntryPoint","urlTemplate":"https:\/\/www.visit-ulcinj.com\/blog\/?s={search_term_string}"},"query-input":"required name=search_term_string"}],"inLanguage":"en-US"},{"@type":"ImageObject","inLanguage":"en-US","@id":"https:\/\/www.visit-ulcinj.com\/blog\/2008\/05\/14\/shqiptaret-ne-mal-te-zi-nuk-i-bashkon-as-keshilli-nacional\/#primaryimage","url":"http:\/\/www.visit-ulcinj.com\/blog\/wp-content\/uploads\/2008\/05\/shaban-peraj-2.thumbnail.jpg","contentUrl":"http:\/\/www.visit-ulcinj.com\/blog\/wp-content\/uploads\/2008\/05\/shaban-peraj-2.thumbnail.jpg"},{"@type":"WebPage","@id":"https:\/\/www.visit-ulcinj.com\/blog\/2008\/05\/14\/shqiptaret-ne-mal-te-zi-nuk-i-bashkon-as-keshilli-nacional\/#webpage","url":"https:\/\/www.visit-ulcinj.com\/blog\/2008\/05\/14\/shqiptaret-ne-mal-te-zi-nuk-i-bashkon-as-keshilli-nacional\/","name":"Shqiptar\u00ebt n\u00eb Mal t\u00eb Zi nuk i bashkon as k\u00ebshilli nacional - Lajme nga Ulqini","isPartOf":{"@id":"https:\/\/www.visit-ulcinj.com\/blog\/#website"},"primaryImageOfPage":{"@id":"https:\/\/www.visit-ulcinj.com\/blog\/2008\/05\/14\/shqiptaret-ne-mal-te-zi-nuk-i-bashkon-as-keshilli-nacional\/#primaryimage"},"datePublished":"2008-05-14T18:08:55+00:00","dateModified":"2008-05-14T18:10:28+00:00","author":{"@id":"https:\/\/www.visit-ulcinj.com\/blog\/#\/schema\/person\/dcab619c614d3038751c63bc2aadc06d"},"breadcrumb":{"@id":"https:\/\/www.visit-ulcinj.com\/blog\/2008\/05\/14\/shqiptaret-ne-mal-te-zi-nuk-i-bashkon-as-keshilli-nacional\/#breadcrumb"},"inLanguage":"en-US","potentialAction":[{"@type":"ReadAction","target":["https:\/\/www.visit-ulcinj.com\/blog\/2008\/05\/14\/shqiptaret-ne-mal-te-zi-nuk-i-bashkon-as-keshilli-nacional\/"]}]},{"@type":"BreadcrumbList","@id":"https:\/\/www.visit-ulcinj.com\/blog\/2008\/05\/14\/shqiptaret-ne-mal-te-zi-nuk-i-bashkon-as-keshilli-nacional\/#breadcrumb","itemListElement":[{"@type":"ListItem","position":1,"name":"Shqiptar\u00ebt n\u00eb Mal t\u00eb Zi nuk i bashkon as k\u00ebshilli nacional"}]},{"@type":"Person","@id":"https:\/\/www.visit-ulcinj.com\/blog\/#\/schema\/person\/dcab619c614d3038751c63bc2aadc06d","name":"ulqini","sameAs":["http:\/\/www.visit-ulcinj.com"],"url":"https:\/\/www.visit-ulcinj.com\/blog\/author\/admin\/"}]}},"jetpack_featured_media_url":"","jetpack_sharing_enabled":true,"jetpack_shortlink":"https:\/\/wp.me\/pe6lTn-pp","_links":{"self":[{"href":"https:\/\/www.visit-ulcinj.com\/blog\/wp-json\/wp\/v2\/posts\/1575"}],"collection":[{"href":"https:\/\/www.visit-ulcinj.com\/blog\/wp-json\/wp\/v2\/posts"}],"about":[{"href":"https:\/\/www.visit-ulcinj.com\/blog\/wp-json\/wp\/v2\/types\/post"}],"author":[{"embeddable":true,"href":"https:\/\/www.visit-ulcinj.com\/blog\/wp-json\/wp\/v2\/users\/1"}],"replies":[{"embeddable":true,"href":"https:\/\/www.visit-ulcinj.com\/blog\/wp-json\/wp\/v2\/comments?post=1575"}],"version-history":[{"count":0,"href":"https:\/\/www.visit-ulcinj.com\/blog\/wp-json\/wp\/v2\/posts\/1575\/revisions"}],"wp:attachment":[{"href":"https:\/\/www.visit-ulcinj.com\/blog\/wp-json\/wp\/v2\/media?parent=1575"}],"wp:term":[{"taxonomy":"category","embeddable":true,"href":"https:\/\/www.visit-ulcinj.com\/blog\/wp-json\/wp\/v2\/categories?post=1575"},{"taxonomy":"post_tag","embeddable":true,"href":"https:\/\/www.visit-ulcinj.com\/blog\/wp-json\/wp\/v2\/tags?post=1575"}],"curies":[{"name":"wp","href":"https:\/\/api.w.org\/{rel}","templated":true}]}}