{"id":15766,"date":"2009-03-27T18:12:02","date_gmt":"2009-03-27T17:12:02","guid":{"rendered":"http:\/\/www.visit-ulcinj.com\/blog\/?p=15766"},"modified":"2009-03-27T18:12:02","modified_gmt":"2009-03-27T17:12:02","slug":"ali-redza-donijecemo-vam-evropu","status":"publish","type":"post","link":"https:\/\/www.visit-ulcinj.com\/blog\/2009\/03\/27\/ali-redza-donijecemo-vam-evropu\/","title":{"rendered":"Ali Red\u017ea: Donije?emo vam Evropu"},"content":{"rendered":"<p><a href=\"http:\/\/www.visit-ulcinj.com\/blog\/wp-content\/uploads\/2009\/03\/nosilac-liste-partije-demokratskog-prosperiteta-ali-redza_ulcinj.jpg\"><img loading=\"lazy\" class=\"alignleft size-full wp-image-15767\" title=\"nosilac-liste-partije-demokratskog-prosperiteta-ali-redza_ulcinj\" src=\"http:\/\/www.visit-ulcinj.com\/blog\/wp-content\/uploads\/2009\/03\/nosilac-liste-partije-demokratskog-prosperiteta-ali-redza_ulcinj.jpg\" alt=\"nosilac-liste-partije-demokratskog-prosperiteta-ali-redza_ulcinj\" width=\"570\" height=\"281\" \/><\/a>Ulcinj &#8211; Nosilac liste Partije demokratskog prosperiteta Ali Red\u017ea kazao je da se PDP zala\u017ee za garantovana prava manjinama, samostalnu op\u0161tinu Tuzi, nove ideje i decentralizaciju. \u201cOno \u0161to mi nudimo nije u zavijenoj formi, a vi ?ete prepoznati ko \u0161alje zlonamjerne, a ko dobronamjerne poruke\u201d, poru?io je Red\u017ea sa sino?nje promocije u Vladimiru.<br \/>\n\u201cZalaga?emo se za otvaranje fabrike za preradu vo?a i povr?a u Vladimiru, za razvoj seoskog turizma i proizvodnju i plasman ekolo\u0161ke hrane\u201d, poru?io je Red\u017ea i dodao da PDP ne?e nikog voditi u Evropu \u201eve? ?e Evropu donijeti vama. Dodao je da ?e PDP insistirati na otvaranju kanala \u0160asko jezero &#8211; Bojana i da \u0160as dobije zna?aj koji mu pripada po istoriji.<br \/>\n<strong><br \/>\nMi.B.-S.A.<br \/>\nVijesti<\/strong><\/p>\n","protected":false},"excerpt":{"rendered":"<p>Ulcinj &#8211; Nosilac liste Partije demokratskog prosperiteta Ali Red\u017ea kazao je da se PDP zala\u017ee za garantovana prava manjinama, samostalnu op\u0161tinu Tuzi, nove ideje i decentralizaciju. \u201cOno \u0161to mi nudimo nije u zavijenoj formi, a vi ?ete prepoznati ko \u0161alje zlonamjerne, a ko dobronamjerne poruke\u201d, poru?io je Red\u017ea sa sino?nje promocije u Vladimiru. \u201cZalaga?emo se [&hellip;]<\/p>\n","protected":false},"author":1,"featured_media":0,"comment_status":"open","ping_status":"closed","sticky":false,"template":"","format":"standard","meta":{"spay_email":"","jetpack_publicize_message":"","jetpack_is_tweetstorm":false,"jetpack_publicize_feature_enabled":true},"categories":[8337],"tags":[20,8385,19],"jetpack_publicize_connections":[],"yoast_head":"<!-- This site is optimized with the Yoast SEO plugin v19.1 - https:\/\/yoast.com\/wordpress\/plugins\/seo\/ -->\n<title>Ali Red\u017ea: Donije?emo vam Evropu - Lajme nga Ulqini<\/title>\n<meta name=\"description\" content=\"Ulcinj - Nosilac liste Partije demokratskog prosperiteta Ali Red\u017ea kazao je da se PDP zala\u017ee za garantovana prava manjinama, samostalnu op\u0161tinu Tuzi, nove\" \/>\n<meta name=\"robots\" content=\"index, follow, max-snippet:-1, max-image-preview:large, max-video-preview:-1\" \/>\n<link rel=\"canonical\" href=\"https:\/\/www.visit-ulcinj.com\/blog\/2009\/03\/27\/ali-redza-donijecemo-vam-evropu\/\" \/>\n<meta property=\"og:locale\" content=\"en_US\" \/>\n<meta property=\"og:type\" content=\"article\" \/>\n<meta property=\"og:title\" content=\"Ali Red\u017ea: Donije?emo vam Evropu - Lajme nga Ulqini\" \/>\n<meta property=\"og:description\" content=\"Ulcinj - Nosilac liste Partije demokratskog prosperiteta Ali Red\u017ea kazao je da se PDP zala\u017ee za garantovana prava manjinama, samostalnu op\u0161tinu Tuzi, nove\" \/>\n<meta property=\"og:url\" content=\"https:\/\/www.visit-ulcinj.com\/blog\/2009\/03\/27\/ali-redza-donijecemo-vam-evropu\/\" \/>\n<meta property=\"og:site_name\" content=\"Lajme nga Ulqini\" \/>\n<meta property=\"article:published_time\" content=\"2009-03-27T17:12:02+00:00\" \/>\n<meta property=\"og:image\" content=\"http:\/\/www.visit-ulcinj.com\/blog\/wp-content\/uploads\/2009\/03\/nosilac-liste-partije-demokratskog-prosperiteta-ali-redza_ulcinj.jpg\" \/>\n<meta name=\"twitter:label1\" content=\"Written by\" \/>\n\t<meta name=\"twitter:data1\" content=\"ulqini\" \/>\n\t<meta name=\"twitter:label2\" content=\"Est. reading time\" \/>\n\t<meta name=\"twitter:data2\" content=\"1 minute\" \/>\n<script type=\"application\/ld+json\" class=\"yoast-schema-graph\">{\"@context\":\"https:\/\/schema.org\",\"@graph\":[{\"@type\":\"WebSite\",\"@id\":\"https:\/\/www.visit-ulcinj.com\/blog\/#website\",\"url\":\"https:\/\/www.visit-ulcinj.com\/blog\/\",\"name\":\"Lajme nga Ulqini\",\"description\":\"Lajme,Vijesti,Ulqini,Ulqin,Crna Gora,Mali i Zi\",\"potentialAction\":[{\"@type\":\"SearchAction\",\"target\":{\"@type\":\"EntryPoint\",\"urlTemplate\":\"https:\/\/www.visit-ulcinj.com\/blog\/?s={search_term_string}\"},\"query-input\":\"required name=search_term_string\"}],\"inLanguage\":\"en-US\"},{\"@type\":\"ImageObject\",\"inLanguage\":\"en-US\",\"@id\":\"https:\/\/www.visit-ulcinj.com\/blog\/2009\/03\/27\/ali-redza-donijecemo-vam-evropu\/#primaryimage\",\"url\":\"https:\/\/www.visit-ulcinj.com\/blog\/wp-content\/uploads\/2009\/03\/nosilac-liste-partije-demokratskog-prosperiteta-ali-redza_ulcinj.jpg\",\"contentUrl\":\"https:\/\/www.visit-ulcinj.com\/blog\/wp-content\/uploads\/2009\/03\/nosilac-liste-partije-demokratskog-prosperiteta-ali-redza_ulcinj.jpg\",\"width\":\"512\",\"height\":\"281\"},{\"@type\":\"WebPage\",\"@id\":\"https:\/\/www.visit-ulcinj.com\/blog\/2009\/03\/27\/ali-redza-donijecemo-vam-evropu\/#webpage\",\"url\":\"https:\/\/www.visit-ulcinj.com\/blog\/2009\/03\/27\/ali-redza-donijecemo-vam-evropu\/\",\"name\":\"Ali Red\u017ea: Donije?emo vam Evropu - Lajme nga Ulqini\",\"isPartOf\":{\"@id\":\"https:\/\/www.visit-ulcinj.com\/blog\/#website\"},\"primaryImageOfPage\":{\"@id\":\"https:\/\/www.visit-ulcinj.com\/blog\/2009\/03\/27\/ali-redza-donijecemo-vam-evropu\/#primaryimage\"},\"datePublished\":\"2009-03-27T17:12:02+00:00\",\"dateModified\":\"2009-03-27T17:12:02+00:00\",\"author\":{\"@id\":\"https:\/\/www.visit-ulcinj.com\/blog\/#\/schema\/person\/dcab619c614d3038751c63bc2aadc06d\"},\"description\":\"Ulcinj - Nosilac liste Partije demokratskog prosperiteta Ali Red\u017ea kazao je da se PDP zala\u017ee za garantovana prava manjinama, samostalnu op\u0161tinu Tuzi, nove\",\"breadcrumb\":{\"@id\":\"https:\/\/www.visit-ulcinj.com\/blog\/2009\/03\/27\/ali-redza-donijecemo-vam-evropu\/#breadcrumb\"},\"inLanguage\":\"en-US\",\"potentialAction\":[{\"@type\":\"ReadAction\",\"target\":[\"https:\/\/www.visit-ulcinj.com\/blog\/2009\/03\/27\/ali-redza-donijecemo-vam-evropu\/\"]}]},{\"@type\":\"BreadcrumbList\",\"@id\":\"https:\/\/www.visit-ulcinj.com\/blog\/2009\/03\/27\/ali-redza-donijecemo-vam-evropu\/#breadcrumb\",\"itemListElement\":[{\"@type\":\"ListItem\",\"position\":1,\"name\":\"Ali Red\u017ea: Donije?emo vam Evropu\"}]},{\"@type\":\"Person\",\"@id\":\"https:\/\/www.visit-ulcinj.com\/blog\/#\/schema\/person\/dcab619c614d3038751c63bc2aadc06d\",\"name\":\"ulqini\",\"sameAs\":[\"http:\/\/www.visit-ulcinj.com\"],\"url\":\"https:\/\/www.visit-ulcinj.com\/blog\/author\/admin\/\"}]}<\/script>\n<!-- \/ Yoast SEO plugin. -->","yoast_head_json":{"title":"Ali Red\u017ea: Donije?emo vam Evropu - Lajme nga Ulqini","description":"Ulcinj - Nosilac liste Partije demokratskog prosperiteta Ali Red\u017ea kazao je da se PDP zala\u017ee za garantovana prava manjinama, samostalnu op\u0161tinu Tuzi, nove","robots":{"index":"index","follow":"follow","max-snippet":"max-snippet:-1","max-image-preview":"max-image-preview:large","max-video-preview":"max-video-preview:-1"},"canonical":"https:\/\/www.visit-ulcinj.com\/blog\/2009\/03\/27\/ali-redza-donijecemo-vam-evropu\/","og_locale":"en_US","og_type":"article","og_title":"Ali Red\u017ea: Donije?emo vam Evropu - Lajme nga Ulqini","og_description":"Ulcinj - Nosilac liste Partije demokratskog prosperiteta Ali Red\u017ea kazao je da se PDP zala\u017ee za garantovana prava manjinama, samostalnu op\u0161tinu Tuzi, nove","og_url":"https:\/\/www.visit-ulcinj.com\/blog\/2009\/03\/27\/ali-redza-donijecemo-vam-evropu\/","og_site_name":"Lajme nga Ulqini","article_published_time":"2009-03-27T17:12:02+00:00","og_image":[{"url":"http:\/\/www.visit-ulcinj.com\/blog\/wp-content\/uploads\/2009\/03\/nosilac-liste-partije-demokratskog-prosperiteta-ali-redza_ulcinj.jpg"}],"twitter_misc":{"Written by":"ulqini","Est. reading time":"1 minute"},"schema":{"@context":"https:\/\/schema.org","@graph":[{"@type":"WebSite","@id":"https:\/\/www.visit-ulcinj.com\/blog\/#website","url":"https:\/\/www.visit-ulcinj.com\/blog\/","name":"Lajme nga Ulqini","description":"Lajme,Vijesti,Ulqini,Ulqin,Crna Gora,Mali i Zi","potentialAction":[{"@type":"SearchAction","target":{"@type":"EntryPoint","urlTemplate":"https:\/\/www.visit-ulcinj.com\/blog\/?s={search_term_string}"},"query-input":"required name=search_term_string"}],"inLanguage":"en-US"},{"@type":"ImageObject","inLanguage":"en-US","@id":"https:\/\/www.visit-ulcinj.com\/blog\/2009\/03\/27\/ali-redza-donijecemo-vam-evropu\/#primaryimage","url":"https:\/\/www.visit-ulcinj.com\/blog\/wp-content\/uploads\/2009\/03\/nosilac-liste-partije-demokratskog-prosperiteta-ali-redza_ulcinj.jpg","contentUrl":"https:\/\/www.visit-ulcinj.com\/blog\/wp-content\/uploads\/2009\/03\/nosilac-liste-partije-demokratskog-prosperiteta-ali-redza_ulcinj.jpg","width":"512","height":"281"},{"@type":"WebPage","@id":"https:\/\/www.visit-ulcinj.com\/blog\/2009\/03\/27\/ali-redza-donijecemo-vam-evropu\/#webpage","url":"https:\/\/www.visit-ulcinj.com\/blog\/2009\/03\/27\/ali-redza-donijecemo-vam-evropu\/","name":"Ali Red\u017ea: Donije?emo vam Evropu - Lajme nga Ulqini","isPartOf":{"@id":"https:\/\/www.visit-ulcinj.com\/blog\/#website"},"primaryImageOfPage":{"@id":"https:\/\/www.visit-ulcinj.com\/blog\/2009\/03\/27\/ali-redza-donijecemo-vam-evropu\/#primaryimage"},"datePublished":"2009-03-27T17:12:02+00:00","dateModified":"2009-03-27T17:12:02+00:00","author":{"@id":"https:\/\/www.visit-ulcinj.com\/blog\/#\/schema\/person\/dcab619c614d3038751c63bc2aadc06d"},"description":"Ulcinj - Nosilac liste Partije demokratskog prosperiteta Ali Red\u017ea kazao je da se PDP zala\u017ee za garantovana prava manjinama, samostalnu op\u0161tinu Tuzi, nove","breadcrumb":{"@id":"https:\/\/www.visit-ulcinj.com\/blog\/2009\/03\/27\/ali-redza-donijecemo-vam-evropu\/#breadcrumb"},"inLanguage":"en-US","potentialAction":[{"@type":"ReadAction","target":["https:\/\/www.visit-ulcinj.com\/blog\/2009\/03\/27\/ali-redza-donijecemo-vam-evropu\/"]}]},{"@type":"BreadcrumbList","@id":"https:\/\/www.visit-ulcinj.com\/blog\/2009\/03\/27\/ali-redza-donijecemo-vam-evropu\/#breadcrumb","itemListElement":[{"@type":"ListItem","position":1,"name":"Ali Red\u017ea: Donije?emo vam Evropu"}]},{"@type":"Person","@id":"https:\/\/www.visit-ulcinj.com\/blog\/#\/schema\/person\/dcab619c614d3038751c63bc2aadc06d","name":"ulqini","sameAs":["http:\/\/www.visit-ulcinj.com"],"url":"https:\/\/www.visit-ulcinj.com\/blog\/author\/admin\/"}]}},"jetpack_featured_media_url":"","jetpack_sharing_enabled":true,"jetpack_shortlink":"https:\/\/wp.me\/pe6lTn-46i","_links":{"self":[{"href":"https:\/\/www.visit-ulcinj.com\/blog\/wp-json\/wp\/v2\/posts\/15766"}],"collection":[{"href":"https:\/\/www.visit-ulcinj.com\/blog\/wp-json\/wp\/v2\/posts"}],"about":[{"href":"https:\/\/www.visit-ulcinj.com\/blog\/wp-json\/wp\/v2\/types\/post"}],"author":[{"embeddable":true,"href":"https:\/\/www.visit-ulcinj.com\/blog\/wp-json\/wp\/v2\/users\/1"}],"replies":[{"embeddable":true,"href":"https:\/\/www.visit-ulcinj.com\/blog\/wp-json\/wp\/v2\/comments?post=15766"}],"version-history":[{"count":0,"href":"https:\/\/www.visit-ulcinj.com\/blog\/wp-json\/wp\/v2\/posts\/15766\/revisions"}],"wp:attachment":[{"href":"https:\/\/www.visit-ulcinj.com\/blog\/wp-json\/wp\/v2\/media?parent=15766"}],"wp:term":[{"taxonomy":"category","embeddable":true,"href":"https:\/\/www.visit-ulcinj.com\/blog\/wp-json\/wp\/v2\/categories?post=15766"},{"taxonomy":"post_tag","embeddable":true,"href":"https:\/\/www.visit-ulcinj.com\/blog\/wp-json\/wp\/v2\/tags?post=15766"}],"curies":[{"name":"wp","href":"https:\/\/api.w.org\/{rel}","templated":true}]}}