{"id":15770,"date":"2009-03-27T18:17:57","date_gmt":"2009-03-27T17:17:57","guid":{"rendered":"http:\/\/www.visit-ulcinj.com\/blog\/?p=15770"},"modified":"2009-03-27T18:17:57","modified_gmt":"2009-03-27T17:17:57","slug":"zenka-kazao-je-da-je-doslo-vrijeme-da-drzava-polozi-racune-albancima","status":"publish","type":"post","link":"https:\/\/www.visit-ulcinj.com\/blog\/2009\/03\/27\/zenka-kazao-je-da-je-doslo-vrijeme-da-drzava-polozi-racune-albancima\/","title":{"rendered":"Zenka kazao je da je do\u0161lo vrijeme da dr\u017eava polo\u017ei ra?une Albancima"},"content":{"rendered":"<p><strong><a href=\"http:\/\/www.visit-ulcinj.com\/blog\/wp-content\/uploads\/2009\/03\/situata-parazgjedhore-ne-republiken-e-malit-te-zi_ulqin1.jpg\"><img loading=\"lazy\" class=\"alignleft size-full wp-image-15771\" title=\"situata-parazgjedhore-ne-republiken-e-malit-te-zi_ulqin1\" src=\"http:\/\/www.visit-ulcinj.com\/blog\/wp-content\/uploads\/2009\/03\/situata-parazgjedhore-ne-republiken-e-malit-te-zi_ulqin1.jpg\" alt=\"situata-parazgjedhore-ne-republiken-e-malit-te-zi_ulqin1\" width=\"570\" height=\"361\" \/><\/a>Iza nas stoje djela<br \/>\nDINO\u0160INA STRANKA NAJAVLJUJE NOVU POBJEDU<\/strong><br \/>\nUlcinj &#8211; Potpredsjednik DUA i kandidat za poslanika Meto Zenka kazao je da je do\u0161lo vrijeme da dr\u017eava polo\u017ei ra?une Albancima.<br \/>\n\u201cKada je god Crnoj Gori trebalo dati glas, Albanci su ga dali. Do\u0161lo je vrijeme da nam dr\u017eava to vrati tako \u0161to ?e nam obezbijediti sva prava koja nam pripadaju po Ustavu i po ugledu na zemlje zapadne Evrope. Pred vama smo \u0161irom otvorenih o?iju i uzdignute glave jer iza DUA stoje konkretni rezultati, djela i ve? gotovi projekti\u201d, kazao je Zenka na zavr\u0161nom skupu DUA u ulcinjskom Domu kulture.<br \/>\nKandidat za poslanika Fatmir ?eka uvjeren je da ?e DUA opet ?e iza?i kao ubjedljivo najja?a albanska partija.<br \/>\n\u201cDrugi mandat nam je na dohvatu ruke a konkurentima poru?ujem da na podru?ju Anamalita nemaju \u0161ta da tra\u017ee\u201d, istakao je je ?eka.<\/p>\n<p><strong>S.A.<br \/>\nVijesti<\/strong><\/p>\n","protected":false},"excerpt":{"rendered":"<p>Iza nas stoje djela DINO\u0160INA STRANKA NAJAVLJUJE NOVU POBJEDU Ulcinj &#8211; Potpredsjednik DUA i kandidat za poslanika Meto Zenka kazao je da je do\u0161lo vrijeme da dr\u017eava polo\u017ei ra?une Albancima. \u201cKada je god Crnoj Gori trebalo dati glas, Albanci su ga dali. Do\u0161lo je vrijeme da nam dr\u017eava to vrati tako \u0161to ?e nam obezbijediti [&hellip;]<\/p>\n","protected":false},"author":1,"featured_media":0,"comment_status":"open","ping_status":"closed","sticky":false,"template":"","format":"standard","meta":{"spay_email":"","jetpack_publicize_message":"","jetpack_is_tweetstorm":false,"jetpack_publicize_feature_enabled":true},"categories":[8337],"tags":[20,8387,87,8388,8389,8390,8386,19],"jetpack_publicize_connections":[],"yoast_head":"<!-- This site is optimized with the Yoast SEO plugin v19.1 - https:\/\/yoast.com\/wordpress\/plugins\/seo\/ -->\n<title>Zenka kazao je da je do\u0161lo vrijeme da dr\u017eava polo\u017ei ra?une Albancima - Lajme nga Ulqini<\/title>\n<meta name=\"description\" content=\"Iza nas stoje djela DINO\u0160INA STRANKA NAJAVLJUJE NOVU POBJEDU Ulcinj - Potpredsjednik DUA i kandidat za poslanika Meto Zenka kazao je da je do\u0161lo vrijeme\" \/>\n<meta name=\"robots\" content=\"index, follow, max-snippet:-1, max-image-preview:large, max-video-preview:-1\" \/>\n<link rel=\"canonical\" href=\"https:\/\/www.visit-ulcinj.com\/blog\/2009\/03\/27\/zenka-kazao-je-da-je-doslo-vrijeme-da-drzava-polozi-racune-albancima\/\" \/>\n<meta property=\"og:locale\" content=\"en_US\" \/>\n<meta property=\"og:type\" content=\"article\" \/>\n<meta property=\"og:title\" content=\"Zenka kazao je da je do\u0161lo vrijeme da dr\u017eava polo\u017ei ra?une Albancima - Lajme nga Ulqini\" \/>\n<meta property=\"og:description\" content=\"Iza nas stoje djela DINO\u0160INA STRANKA NAJAVLJUJE NOVU POBJEDU Ulcinj - Potpredsjednik DUA i kandidat za poslanika Meto Zenka kazao je da je do\u0161lo vrijeme\" \/>\n<meta property=\"og:url\" content=\"https:\/\/www.visit-ulcinj.com\/blog\/2009\/03\/27\/zenka-kazao-je-da-je-doslo-vrijeme-da-drzava-polozi-racune-albancima\/\" \/>\n<meta property=\"og:site_name\" content=\"Lajme nga Ulqini\" \/>\n<meta property=\"article:published_time\" content=\"2009-03-27T17:17:57+00:00\" \/>\n<meta property=\"og:image\" content=\"http:\/\/www.visit-ulcinj.com\/blog\/wp-content\/uploads\/2009\/03\/situata-parazgjedhore-ne-republiken-e-malit-te-zi_ulqin1.jpg\" \/>\n<meta name=\"twitter:label1\" content=\"Written by\" \/>\n\t<meta name=\"twitter:data1\" content=\"ulqini\" \/>\n\t<meta name=\"twitter:label2\" content=\"Est. reading time\" \/>\n\t<meta name=\"twitter:data2\" content=\"1 minute\" \/>\n<script type=\"application\/ld+json\" class=\"yoast-schema-graph\">{\"@context\":\"https:\/\/schema.org\",\"@graph\":[{\"@type\":\"WebSite\",\"@id\":\"https:\/\/www.visit-ulcinj.com\/blog\/#website\",\"url\":\"https:\/\/www.visit-ulcinj.com\/blog\/\",\"name\":\"Lajme nga Ulqini\",\"description\":\"Lajme,Vijesti,Ulqini,Ulqin,Crna Gora,Mali i Zi\",\"potentialAction\":[{\"@type\":\"SearchAction\",\"target\":{\"@type\":\"EntryPoint\",\"urlTemplate\":\"https:\/\/www.visit-ulcinj.com\/blog\/?s={search_term_string}\"},\"query-input\":\"required name=search_term_string\"}],\"inLanguage\":\"en-US\"},{\"@type\":\"ImageObject\",\"inLanguage\":\"en-US\",\"@id\":\"https:\/\/www.visit-ulcinj.com\/blog\/2009\/03\/27\/zenka-kazao-je-da-je-doslo-vrijeme-da-drzava-polozi-racune-albancima\/#primaryimage\",\"url\":\"https:\/\/www.visit-ulcinj.com\/blog\/wp-content\/uploads\/2009\/03\/situata-parazgjedhore-ne-republiken-e-malit-te-zi_ulqin1.jpg\",\"contentUrl\":\"https:\/\/www.visit-ulcinj.com\/blog\/wp-content\/uploads\/2009\/03\/situata-parazgjedhore-ne-republiken-e-malit-te-zi_ulqin1.jpg\",\"width\":\"473\",\"height\":\"361\"},{\"@type\":\"WebPage\",\"@id\":\"https:\/\/www.visit-ulcinj.com\/blog\/2009\/03\/27\/zenka-kazao-je-da-je-doslo-vrijeme-da-drzava-polozi-racune-albancima\/#webpage\",\"url\":\"https:\/\/www.visit-ulcinj.com\/blog\/2009\/03\/27\/zenka-kazao-je-da-je-doslo-vrijeme-da-drzava-polozi-racune-albancima\/\",\"name\":\"Zenka kazao je da je do\u0161lo vrijeme da dr\u017eava polo\u017ei ra?une Albancima - Lajme nga Ulqini\",\"isPartOf\":{\"@id\":\"https:\/\/www.visit-ulcinj.com\/blog\/#website\"},\"primaryImageOfPage\":{\"@id\":\"https:\/\/www.visit-ulcinj.com\/blog\/2009\/03\/27\/zenka-kazao-je-da-je-doslo-vrijeme-da-drzava-polozi-racune-albancima\/#primaryimage\"},\"datePublished\":\"2009-03-27T17:17:57+00:00\",\"dateModified\":\"2009-03-27T17:17:57+00:00\",\"author\":{\"@id\":\"https:\/\/www.visit-ulcinj.com\/blog\/#\/schema\/person\/dcab619c614d3038751c63bc2aadc06d\"},\"description\":\"Iza nas stoje djela DINO\u0160INA STRANKA NAJAVLJUJE NOVU POBJEDU Ulcinj - Potpredsjednik DUA i kandidat za poslanika Meto Zenka kazao je da je do\u0161lo vrijeme\",\"breadcrumb\":{\"@id\":\"https:\/\/www.visit-ulcinj.com\/blog\/2009\/03\/27\/zenka-kazao-je-da-je-doslo-vrijeme-da-drzava-polozi-racune-albancima\/#breadcrumb\"},\"inLanguage\":\"en-US\",\"potentialAction\":[{\"@type\":\"ReadAction\",\"target\":[\"https:\/\/www.visit-ulcinj.com\/blog\/2009\/03\/27\/zenka-kazao-je-da-je-doslo-vrijeme-da-drzava-polozi-racune-albancima\/\"]}]},{\"@type\":\"BreadcrumbList\",\"@id\":\"https:\/\/www.visit-ulcinj.com\/blog\/2009\/03\/27\/zenka-kazao-je-da-je-doslo-vrijeme-da-drzava-polozi-racune-albancima\/#breadcrumb\",\"itemListElement\":[{\"@type\":\"ListItem\",\"position\":1,\"name\":\"Zenka kazao je da je do\u0161lo vrijeme da dr\u017eava polo\u017ei ra?une Albancima\"}]},{\"@type\":\"Person\",\"@id\":\"https:\/\/www.visit-ulcinj.com\/blog\/#\/schema\/person\/dcab619c614d3038751c63bc2aadc06d\",\"name\":\"ulqini\",\"sameAs\":[\"http:\/\/www.visit-ulcinj.com\"],\"url\":\"https:\/\/www.visit-ulcinj.com\/blog\/author\/admin\/\"}]}<\/script>\n<!-- \/ Yoast SEO plugin. -->","yoast_head_json":{"title":"Zenka kazao je da je do\u0161lo vrijeme da dr\u017eava polo\u017ei ra?une Albancima - Lajme nga Ulqini","description":"Iza nas stoje djela DINO\u0160INA STRANKA NAJAVLJUJE NOVU POBJEDU Ulcinj - Potpredsjednik DUA i kandidat za poslanika Meto Zenka kazao je da je do\u0161lo vrijeme","robots":{"index":"index","follow":"follow","max-snippet":"max-snippet:-1","max-image-preview":"max-image-preview:large","max-video-preview":"max-video-preview:-1"},"canonical":"https:\/\/www.visit-ulcinj.com\/blog\/2009\/03\/27\/zenka-kazao-je-da-je-doslo-vrijeme-da-drzava-polozi-racune-albancima\/","og_locale":"en_US","og_type":"article","og_title":"Zenka kazao je da je do\u0161lo vrijeme da dr\u017eava polo\u017ei ra?une Albancima - Lajme nga Ulqini","og_description":"Iza nas stoje djela DINO\u0160INA STRANKA NAJAVLJUJE NOVU POBJEDU Ulcinj - Potpredsjednik DUA i kandidat za poslanika Meto Zenka kazao je da je do\u0161lo vrijeme","og_url":"https:\/\/www.visit-ulcinj.com\/blog\/2009\/03\/27\/zenka-kazao-je-da-je-doslo-vrijeme-da-drzava-polozi-racune-albancima\/","og_site_name":"Lajme nga Ulqini","article_published_time":"2009-03-27T17:17:57+00:00","og_image":[{"url":"http:\/\/www.visit-ulcinj.com\/blog\/wp-content\/uploads\/2009\/03\/situata-parazgjedhore-ne-republiken-e-malit-te-zi_ulqin1.jpg"}],"twitter_misc":{"Written by":"ulqini","Est. reading time":"1 minute"},"schema":{"@context":"https:\/\/schema.org","@graph":[{"@type":"WebSite","@id":"https:\/\/www.visit-ulcinj.com\/blog\/#website","url":"https:\/\/www.visit-ulcinj.com\/blog\/","name":"Lajme nga Ulqini","description":"Lajme,Vijesti,Ulqini,Ulqin,Crna Gora,Mali i Zi","potentialAction":[{"@type":"SearchAction","target":{"@type":"EntryPoint","urlTemplate":"https:\/\/www.visit-ulcinj.com\/blog\/?s={search_term_string}"},"query-input":"required name=search_term_string"}],"inLanguage":"en-US"},{"@type":"ImageObject","inLanguage":"en-US","@id":"https:\/\/www.visit-ulcinj.com\/blog\/2009\/03\/27\/zenka-kazao-je-da-je-doslo-vrijeme-da-drzava-polozi-racune-albancima\/#primaryimage","url":"https:\/\/www.visit-ulcinj.com\/blog\/wp-content\/uploads\/2009\/03\/situata-parazgjedhore-ne-republiken-e-malit-te-zi_ulqin1.jpg","contentUrl":"https:\/\/www.visit-ulcinj.com\/blog\/wp-content\/uploads\/2009\/03\/situata-parazgjedhore-ne-republiken-e-malit-te-zi_ulqin1.jpg","width":"473","height":"361"},{"@type":"WebPage","@id":"https:\/\/www.visit-ulcinj.com\/blog\/2009\/03\/27\/zenka-kazao-je-da-je-doslo-vrijeme-da-drzava-polozi-racune-albancima\/#webpage","url":"https:\/\/www.visit-ulcinj.com\/blog\/2009\/03\/27\/zenka-kazao-je-da-je-doslo-vrijeme-da-drzava-polozi-racune-albancima\/","name":"Zenka kazao je da je do\u0161lo vrijeme da dr\u017eava polo\u017ei ra?une Albancima - Lajme nga Ulqini","isPartOf":{"@id":"https:\/\/www.visit-ulcinj.com\/blog\/#website"},"primaryImageOfPage":{"@id":"https:\/\/www.visit-ulcinj.com\/blog\/2009\/03\/27\/zenka-kazao-je-da-je-doslo-vrijeme-da-drzava-polozi-racune-albancima\/#primaryimage"},"datePublished":"2009-03-27T17:17:57+00:00","dateModified":"2009-03-27T17:17:57+00:00","author":{"@id":"https:\/\/www.visit-ulcinj.com\/blog\/#\/schema\/person\/dcab619c614d3038751c63bc2aadc06d"},"description":"Iza nas stoje djela DINO\u0160INA STRANKA NAJAVLJUJE NOVU POBJEDU Ulcinj - Potpredsjednik DUA i kandidat za poslanika Meto Zenka kazao je da je do\u0161lo vrijeme","breadcrumb":{"@id":"https:\/\/www.visit-ulcinj.com\/blog\/2009\/03\/27\/zenka-kazao-je-da-je-doslo-vrijeme-da-drzava-polozi-racune-albancima\/#breadcrumb"},"inLanguage":"en-US","potentialAction":[{"@type":"ReadAction","target":["https:\/\/www.visit-ulcinj.com\/blog\/2009\/03\/27\/zenka-kazao-je-da-je-doslo-vrijeme-da-drzava-polozi-racune-albancima\/"]}]},{"@type":"BreadcrumbList","@id":"https:\/\/www.visit-ulcinj.com\/blog\/2009\/03\/27\/zenka-kazao-je-da-je-doslo-vrijeme-da-drzava-polozi-racune-albancima\/#breadcrumb","itemListElement":[{"@type":"ListItem","position":1,"name":"Zenka kazao je da je do\u0161lo vrijeme da dr\u017eava polo\u017ei ra?une Albancima"}]},{"@type":"Person","@id":"https:\/\/www.visit-ulcinj.com\/blog\/#\/schema\/person\/dcab619c614d3038751c63bc2aadc06d","name":"ulqini","sameAs":["http:\/\/www.visit-ulcinj.com"],"url":"https:\/\/www.visit-ulcinj.com\/blog\/author\/admin\/"}]}},"jetpack_featured_media_url":"","jetpack_sharing_enabled":true,"jetpack_shortlink":"https:\/\/wp.me\/pe6lTn-46m","_links":{"self":[{"href":"https:\/\/www.visit-ulcinj.com\/blog\/wp-json\/wp\/v2\/posts\/15770"}],"collection":[{"href":"https:\/\/www.visit-ulcinj.com\/blog\/wp-json\/wp\/v2\/posts"}],"about":[{"href":"https:\/\/www.visit-ulcinj.com\/blog\/wp-json\/wp\/v2\/types\/post"}],"author":[{"embeddable":true,"href":"https:\/\/www.visit-ulcinj.com\/blog\/wp-json\/wp\/v2\/users\/1"}],"replies":[{"embeddable":true,"href":"https:\/\/www.visit-ulcinj.com\/blog\/wp-json\/wp\/v2\/comments?post=15770"}],"version-history":[{"count":0,"href":"https:\/\/www.visit-ulcinj.com\/blog\/wp-json\/wp\/v2\/posts\/15770\/revisions"}],"wp:attachment":[{"href":"https:\/\/www.visit-ulcinj.com\/blog\/wp-json\/wp\/v2\/media?parent=15770"}],"wp:term":[{"taxonomy":"category","embeddable":true,"href":"https:\/\/www.visit-ulcinj.com\/blog\/wp-json\/wp\/v2\/categories?post=15770"},{"taxonomy":"post_tag","embeddable":true,"href":"https:\/\/www.visit-ulcinj.com\/blog\/wp-json\/wp\/v2\/tags?post=15770"}],"curies":[{"name":"wp","href":"https:\/\/api.w.org\/{rel}","templated":true}]}}