{"id":15774,"date":"2009-03-27T18:26:01","date_gmt":"2009-03-27T17:26:01","guid":{"rendered":"http:\/\/www.visit-ulcinj.com\/blog\/?p=15774"},"modified":"2009-03-27T18:27:30","modified_gmt":"2009-03-27T17:27:30","slug":"sjutra-tender-za-veliku-plazu","status":"publish","type":"post","link":"https:\/\/www.visit-ulcinj.com\/blog\/2009\/03\/27\/sjutra-tender-za-veliku-plazu\/","title":{"rendered":"Sjutra tender za Veliku pla\u017eu"},"content":{"rendered":"<p><a href=\"http:\/\/www.visit-ulcinj.com\/blog\/wp-content\/uploads\/2009\/03\/kanal-bojana_port-milena_velika-plaza_ulcinj_crna-gora.jpg\"><img loading=\"lazy\" class=\"alignleft size-full wp-image-15775\" title=\"kanal-bojana_port-milena_velika-plaza_ulcinj_crna-gora\" src=\"http:\/\/www.visit-ulcinj.com\/blog\/wp-content\/uploads\/2009\/03\/kanal-bojana_port-milena_velika-plaza_ulcinj_crna-gora.jpg\" alt=\"kanal-bojana_port-milena_velika-plaza_ulcinj_crna-gora\" width=\"570\" height=\"400\" \/><\/a>Podgorica, 26. marta &#8211; Tender za dugoro?ni zakup odnosno turisti?ku valorizaciju Velike pla\u017ee bi?e objavljen u subotu. Vlada je na dana\u0161njoj sjednici, kojom je predsjedavao Milo ?ukanovi?, usvojila tendersku dokumentaciju za realizaciju projekta turisti?ke valorizacije Velike pla\u017ee od koje se o?ekuje od ?etiri do 15 milijardi eura investicija. Na 90 godina u zakup se nudi 903 hektara dr\u017eavnog zemlji\u0161ta, a na lokacijama u privatnom vlasni\u0161tvu nalazi se 316 hektara. Privatno vlasni\u0161tvo ne daje se naravno u zakup, ali je mogu?e njegovo uklju?enje u valorizaciju. To ?e zavisiti od aran\u017emana sklopljenih izme?u vlasnika i investitora. U prve tri godine nakon zaklju?enja ugovora mora se realizovati program investicija minimalno milijardu eura. Naknadna ulaganja moraju iznositi najmanje tri milijarde, kazao je ministar Gvozdenovi?, dodaju?i da je ovo jedan od najve?ih evropskih projekata koji dr\u017eava ima snage da iznese u saradnji sa investitorom.<\/p>\n<p>Minimalna godi\u0161nja zakupnina koja ?e se uskla?ivati sa godi\u0161njom stopom inflacije u Crnoj Gori je 15 centi po kvadratu. Dodatnu stopu ?e utvr?ivati ponu?a?. Od zakupa 17 miliona kvadrata na Adi Bojani i Velikoj pla\u017ei godi\u0161nje o?ekujemo dva miliona eura. Ministar je saop\u0161tio da bi kompletan projekat trebalo da bude realizovan za 20 godina. Za to je neophodno da se pripremi unutra\u0161nja infrastruktura &#8211; novi putevi, a razmi\u0161lja se i o izgradnji internih aerodroma i pove?anju kapaciteta Luke Bar.<\/p>\n<p>Pravo u?e\u0161?a na ovom tenderu imaju kompanije ili konzorcijumi koji imaju iskustvo u realizaciji projekata razvoja nekretnina, od najmanje 750 hiljada kvadrata i ukupne vrijednosti najmanje milijardu eura u periodu od 2000. do 2008.godine. Potrebno je i iskustvo od najmanje tri godine upravljanja u hotelskim turisti?kim objektima, rekreativnim objektima, kulturnim, trgovinskim centrima, objektima iz oblasti obrazovanju poslovnim centrima minimalne povr\u0161ine do 200 hiljada kvadrata i ukupne vrijednosti investicije od najmanje 300 miliona eura&#8230; U roku od 60 dana dostavlja se kvalifikaciona dokumentacija, a kompletna ponuda do 1. septembra. Investitor mora da dostavi koncept, aspekte \u017eivotne sredine, uklopljenost u zajednicu.<\/p>\n<p>Projektni tim, najavio je Gvozdenovi?, razvija program za povratak ljudi iz inostranstva u Crnu Goru. Ovaj projekat je samoodr\u017eiv, a ako ljudi iz Crne Gore budu menad\u017eeri u njegovim djelovima.<br \/>\n<strong><br \/>\nPobjeda<\/strong><\/p>\n<p><strong><!-- vimeo error: not a vimeo video --><br \/>\n<\/strong><\/p>\n","protected":false},"excerpt":{"rendered":"<p>Podgorica, 26. marta &#8211; Tender za dugoro?ni zakup odnosno turisti?ku valorizaciju Velike pla\u017ee bi?e objavljen u subotu. Vlada je na dana\u0161njoj sjednici, kojom je predsjedavao Milo ?ukanovi?, usvojila tendersku dokumentaciju za realizaciju projekta turisti?ke valorizacije Velike pla\u017ee od koje se o?ekuje od ?etiri do 15 milijardi eura investicija. Na 90 godina u zakup se nudi [&hellip;]<\/p>\n","protected":false},"author":1,"featured_media":0,"comment_status":"open","ping_status":"closed","sticky":false,"template":"","format":"standard","meta":{"spay_email":"","jetpack_publicize_message":"","jetpack_is_tweetstorm":false,"jetpack_publicize_feature_enabled":true},"categories":[10],"tags":[20,8391,19],"jetpack_publicize_connections":[],"yoast_head":"<!-- This site is optimized with the Yoast SEO plugin v19.1 - https:\/\/yoast.com\/wordpress\/plugins\/seo\/ -->\n<title>Sjutra tender za Veliku pla\u017eu - Lajme nga Ulqini<\/title>\n<meta name=\"description\" content=\"Podgorica, 26. marta - Tender za dugoro?ni zakup odnosno turisti?ku valorizaciju Velike pla\u017ee bi?e objavljen u subotu. Vlada je na dana\u0161njoj sjednici,\" \/>\n<meta name=\"robots\" content=\"index, follow, max-snippet:-1, max-image-preview:large, max-video-preview:-1\" \/>\n<link rel=\"canonical\" href=\"https:\/\/www.visit-ulcinj.com\/blog\/2009\/03\/27\/sjutra-tender-za-veliku-plazu\/\" \/>\n<meta property=\"og:locale\" content=\"en_US\" \/>\n<meta property=\"og:type\" content=\"article\" \/>\n<meta property=\"og:title\" content=\"Sjutra tender za Veliku pla\u017eu - Lajme nga Ulqini\" \/>\n<meta property=\"og:description\" content=\"Podgorica, 26. marta - Tender za dugoro?ni zakup odnosno turisti?ku valorizaciju Velike pla\u017ee bi?e objavljen u subotu. Vlada je na dana\u0161njoj sjednici,\" \/>\n<meta property=\"og:url\" content=\"https:\/\/www.visit-ulcinj.com\/blog\/2009\/03\/27\/sjutra-tender-za-veliku-plazu\/\" \/>\n<meta property=\"og:site_name\" content=\"Lajme nga Ulqini\" \/>\n<meta property=\"article:published_time\" content=\"2009-03-27T17:26:01+00:00\" \/>\n<meta property=\"article:modified_time\" content=\"2009-03-27T17:27:30+00:00\" \/>\n<meta property=\"og:image\" content=\"http:\/\/www.visit-ulcinj.com\/blog\/wp-content\/uploads\/2009\/03\/kanal-bojana_port-milena_velika-plaza_ulcinj_crna-gora.jpg\" \/>\n<meta name=\"twitter:label1\" content=\"Written by\" \/>\n\t<meta name=\"twitter:data1\" content=\"ulqini\" \/>\n\t<meta name=\"twitter:label2\" content=\"Est. reading time\" \/>\n\t<meta name=\"twitter:data2\" content=\"2 minutes\" \/>\n<script type=\"application\/ld+json\" class=\"yoast-schema-graph\">{\"@context\":\"https:\/\/schema.org\",\"@graph\":[{\"@type\":\"WebSite\",\"@id\":\"https:\/\/www.visit-ulcinj.com\/blog\/#website\",\"url\":\"https:\/\/www.visit-ulcinj.com\/blog\/\",\"name\":\"Lajme nga Ulqini\",\"description\":\"Lajme,Vijesti,Ulqini,Ulqin,Crna Gora,Mali i Zi\",\"potentialAction\":[{\"@type\":\"SearchAction\",\"target\":{\"@type\":\"EntryPoint\",\"urlTemplate\":\"https:\/\/www.visit-ulcinj.com\/blog\/?s={search_term_string}\"},\"query-input\":\"required name=search_term_string\"}],\"inLanguage\":\"en-US\"},{\"@type\":\"ImageObject\",\"inLanguage\":\"en-US\",\"@id\":\"https:\/\/www.visit-ulcinj.com\/blog\/2009\/03\/27\/sjutra-tender-za-veliku-plazu\/#primaryimage\",\"url\":\"https:\/\/www.visit-ulcinj.com\/blog\/wp-content\/uploads\/2009\/03\/kanal-bojana_port-milena_velika-plaza_ulcinj_crna-gora.jpg\",\"contentUrl\":\"https:\/\/www.visit-ulcinj.com\/blog\/wp-content\/uploads\/2009\/03\/kanal-bojana_port-milena_velika-plaza_ulcinj_crna-gora.jpg\",\"width\":\"640\",\"height\":\"429\"},{\"@type\":\"WebPage\",\"@id\":\"https:\/\/www.visit-ulcinj.com\/blog\/2009\/03\/27\/sjutra-tender-za-veliku-plazu\/#webpage\",\"url\":\"https:\/\/www.visit-ulcinj.com\/blog\/2009\/03\/27\/sjutra-tender-za-veliku-plazu\/\",\"name\":\"Sjutra tender za Veliku pla\u017eu - Lajme nga Ulqini\",\"isPartOf\":{\"@id\":\"https:\/\/www.visit-ulcinj.com\/blog\/#website\"},\"primaryImageOfPage\":{\"@id\":\"https:\/\/www.visit-ulcinj.com\/blog\/2009\/03\/27\/sjutra-tender-za-veliku-plazu\/#primaryimage\"},\"datePublished\":\"2009-03-27T17:26:01+00:00\",\"dateModified\":\"2009-03-27T17:27:30+00:00\",\"author\":{\"@id\":\"https:\/\/www.visit-ulcinj.com\/blog\/#\/schema\/person\/dcab619c614d3038751c63bc2aadc06d\"},\"description\":\"Podgorica, 26. marta - Tender za dugoro?ni zakup odnosno turisti?ku valorizaciju Velike pla\u017ee bi?e objavljen u subotu. Vlada je na dana\u0161njoj sjednici,\",\"breadcrumb\":{\"@id\":\"https:\/\/www.visit-ulcinj.com\/blog\/2009\/03\/27\/sjutra-tender-za-veliku-plazu\/#breadcrumb\"},\"inLanguage\":\"en-US\",\"potentialAction\":[{\"@type\":\"ReadAction\",\"target\":[\"https:\/\/www.visit-ulcinj.com\/blog\/2009\/03\/27\/sjutra-tender-za-veliku-plazu\/\"]}]},{\"@type\":\"BreadcrumbList\",\"@id\":\"https:\/\/www.visit-ulcinj.com\/blog\/2009\/03\/27\/sjutra-tender-za-veliku-plazu\/#breadcrumb\",\"itemListElement\":[{\"@type\":\"ListItem\",\"position\":1,\"name\":\"Sjutra tender za Veliku pla\u017eu\"}]},{\"@type\":\"Person\",\"@id\":\"https:\/\/www.visit-ulcinj.com\/blog\/#\/schema\/person\/dcab619c614d3038751c63bc2aadc06d\",\"name\":\"ulqini\",\"sameAs\":[\"http:\/\/www.visit-ulcinj.com\"],\"url\":\"https:\/\/www.visit-ulcinj.com\/blog\/author\/admin\/\"}]}<\/script>\n<!-- \/ Yoast SEO plugin. -->","yoast_head_json":{"title":"Sjutra tender za Veliku pla\u017eu - Lajme nga Ulqini","description":"Podgorica, 26. marta - Tender za dugoro?ni zakup odnosno turisti?ku valorizaciju Velike pla\u017ee bi?e objavljen u subotu. Vlada je na dana\u0161njoj sjednici,","robots":{"index":"index","follow":"follow","max-snippet":"max-snippet:-1","max-image-preview":"max-image-preview:large","max-video-preview":"max-video-preview:-1"},"canonical":"https:\/\/www.visit-ulcinj.com\/blog\/2009\/03\/27\/sjutra-tender-za-veliku-plazu\/","og_locale":"en_US","og_type":"article","og_title":"Sjutra tender za Veliku pla\u017eu - Lajme nga Ulqini","og_description":"Podgorica, 26. marta - Tender za dugoro?ni zakup odnosno turisti?ku valorizaciju Velike pla\u017ee bi?e objavljen u subotu. Vlada je na dana\u0161njoj sjednici,","og_url":"https:\/\/www.visit-ulcinj.com\/blog\/2009\/03\/27\/sjutra-tender-za-veliku-plazu\/","og_site_name":"Lajme nga Ulqini","article_published_time":"2009-03-27T17:26:01+00:00","article_modified_time":"2009-03-27T17:27:30+00:00","og_image":[{"url":"http:\/\/www.visit-ulcinj.com\/blog\/wp-content\/uploads\/2009\/03\/kanal-bojana_port-milena_velika-plaza_ulcinj_crna-gora.jpg"}],"twitter_misc":{"Written by":"ulqini","Est. reading time":"2 minutes"},"schema":{"@context":"https:\/\/schema.org","@graph":[{"@type":"WebSite","@id":"https:\/\/www.visit-ulcinj.com\/blog\/#website","url":"https:\/\/www.visit-ulcinj.com\/blog\/","name":"Lajme nga Ulqini","description":"Lajme,Vijesti,Ulqini,Ulqin,Crna Gora,Mali i Zi","potentialAction":[{"@type":"SearchAction","target":{"@type":"EntryPoint","urlTemplate":"https:\/\/www.visit-ulcinj.com\/blog\/?s={search_term_string}"},"query-input":"required name=search_term_string"}],"inLanguage":"en-US"},{"@type":"ImageObject","inLanguage":"en-US","@id":"https:\/\/www.visit-ulcinj.com\/blog\/2009\/03\/27\/sjutra-tender-za-veliku-plazu\/#primaryimage","url":"https:\/\/www.visit-ulcinj.com\/blog\/wp-content\/uploads\/2009\/03\/kanal-bojana_port-milena_velika-plaza_ulcinj_crna-gora.jpg","contentUrl":"https:\/\/www.visit-ulcinj.com\/blog\/wp-content\/uploads\/2009\/03\/kanal-bojana_port-milena_velika-plaza_ulcinj_crna-gora.jpg","width":"640","height":"429"},{"@type":"WebPage","@id":"https:\/\/www.visit-ulcinj.com\/blog\/2009\/03\/27\/sjutra-tender-za-veliku-plazu\/#webpage","url":"https:\/\/www.visit-ulcinj.com\/blog\/2009\/03\/27\/sjutra-tender-za-veliku-plazu\/","name":"Sjutra tender za Veliku pla\u017eu - Lajme nga Ulqini","isPartOf":{"@id":"https:\/\/www.visit-ulcinj.com\/blog\/#website"},"primaryImageOfPage":{"@id":"https:\/\/www.visit-ulcinj.com\/blog\/2009\/03\/27\/sjutra-tender-za-veliku-plazu\/#primaryimage"},"datePublished":"2009-03-27T17:26:01+00:00","dateModified":"2009-03-27T17:27:30+00:00","author":{"@id":"https:\/\/www.visit-ulcinj.com\/blog\/#\/schema\/person\/dcab619c614d3038751c63bc2aadc06d"},"description":"Podgorica, 26. marta - Tender za dugoro?ni zakup odnosno turisti?ku valorizaciju Velike pla\u017ee bi?e objavljen u subotu. Vlada je na dana\u0161njoj sjednici,","breadcrumb":{"@id":"https:\/\/www.visit-ulcinj.com\/blog\/2009\/03\/27\/sjutra-tender-za-veliku-plazu\/#breadcrumb"},"inLanguage":"en-US","potentialAction":[{"@type":"ReadAction","target":["https:\/\/www.visit-ulcinj.com\/blog\/2009\/03\/27\/sjutra-tender-za-veliku-plazu\/"]}]},{"@type":"BreadcrumbList","@id":"https:\/\/www.visit-ulcinj.com\/blog\/2009\/03\/27\/sjutra-tender-za-veliku-plazu\/#breadcrumb","itemListElement":[{"@type":"ListItem","position":1,"name":"Sjutra tender za Veliku pla\u017eu"}]},{"@type":"Person","@id":"https:\/\/www.visit-ulcinj.com\/blog\/#\/schema\/person\/dcab619c614d3038751c63bc2aadc06d","name":"ulqini","sameAs":["http:\/\/www.visit-ulcinj.com"],"url":"https:\/\/www.visit-ulcinj.com\/blog\/author\/admin\/"}]}},"jetpack_featured_media_url":"","jetpack_sharing_enabled":true,"jetpack_shortlink":"https:\/\/wp.me\/pe6lTn-46q","_links":{"self":[{"href":"https:\/\/www.visit-ulcinj.com\/blog\/wp-json\/wp\/v2\/posts\/15774"}],"collection":[{"href":"https:\/\/www.visit-ulcinj.com\/blog\/wp-json\/wp\/v2\/posts"}],"about":[{"href":"https:\/\/www.visit-ulcinj.com\/blog\/wp-json\/wp\/v2\/types\/post"}],"author":[{"embeddable":true,"href":"https:\/\/www.visit-ulcinj.com\/blog\/wp-json\/wp\/v2\/users\/1"}],"replies":[{"embeddable":true,"href":"https:\/\/www.visit-ulcinj.com\/blog\/wp-json\/wp\/v2\/comments?post=15774"}],"version-history":[{"count":0,"href":"https:\/\/www.visit-ulcinj.com\/blog\/wp-json\/wp\/v2\/posts\/15774\/revisions"}],"wp:attachment":[{"href":"https:\/\/www.visit-ulcinj.com\/blog\/wp-json\/wp\/v2\/media?parent=15774"}],"wp:term":[{"taxonomy":"category","embeddable":true,"href":"https:\/\/www.visit-ulcinj.com\/blog\/wp-json\/wp\/v2\/categories?post=15774"},{"taxonomy":"post_tag","embeddable":true,"href":"https:\/\/www.visit-ulcinj.com\/blog\/wp-json\/wp\/v2\/tags?post=15774"}],"curies":[{"name":"wp","href":"https:\/\/api.w.org\/{rel}","templated":true}]}}