{"id":1578,"date":"2008-05-15T09:55:57","date_gmt":"2008-05-15T14:55:57","guid":{"rendered":"http:\/\/www.visit-ulcinj.com\/blog\/?p=1578"},"modified":"2008-05-15T09:57:12","modified_gmt":"2008-05-15T14:57:12","slug":"ne-bregdetin-e-durresitdy-peshkaqene-bien-ne-rrjetat-e-peshkatareve","status":"publish","type":"post","link":"https:\/\/www.visit-ulcinj.com\/blog\/2008\/05\/15\/ne-bregdetin-e-durresitdy-peshkaqene-bien-ne-rrjetat-e-peshkatareve\/","title":{"rendered":"N\u00eb bregdetin e Durr\u00ebsit:Dy peshkaqen\u00eb bien n\u00eb rrjetat e peshkatar\u00ebve"},"content":{"rendered":"<p><a href=\"http:\/\/www.visit-ulcinj.com\/blog\/wp-content\/uploads\/2008\/05\/peshkaqeni-ne-durs.jpg\"><img loading=\"lazy\" class=\"alignleft attachment wp-att-1579\" style=\"float: left;\" src=\"http:\/\/www.visit-ulcinj.com\/blog\/wp-content\/uploads\/2008\/05\/peshkaqeni-ne-durs.thumbnail.jpg\" alt=\"peshkaqeni ne bregdetin e durr\u00ebsit\" width=\"200\" height=\"200\" \/><\/a>Kur sezoni &#8220;Ver\u00eb 2008&#8221; ka pak dit\u00eb q\u00eb ka filluar n\u00eb rrjetat e peshkatar\u00ebve t\u00eb qytetit t\u00eb Durr\u00ebsit kan\u00eb r\u00ebn\u00eb dy peshkaqen\u00eb. Rrjetat e peshkatar\u00ebve t\u00eb anijes \u201eEmiljano\u201c kan\u00eb z\u00ebn\u00eb dy peshkaqen\u00eb, nj\u00ebri prej t\u00eb cil\u00ebve me p\u00ebrmasa gjigande rreth 4 metra i gjat\u00eb dhe me pesh\u00eb rreth 500 kg.<br \/>\nPeshkaqeni tjet\u00ebr ishte m\u00eb i vog\u00ebl, rreth 150 kg dhe gjat\u00ebsi 2 metra. Peshkatar\u00ebt thon\u00eb se dy speciet e frikshme jan\u00eb kapur larg vendpushimeve t\u00eb turist\u00ebve.<br \/>\nKy nuk \u00ebsht\u00eb rasti i par\u00eb q\u00eb peshkaqen\u00eb kapen n\u00eb brigjet shqiptare, fenomen i cili \u00ebsht\u00eb m\u00eb prezent kryesisht n\u00eb stin\u00ebn e ver\u00ebs.<br \/>\n<strong>Autor \/ News24 \/ <\/strong><\/p>\n","protected":false},"excerpt":{"rendered":"<p><img loading=\"lazy\" class=\"attachment wp-att-1579 alignleft\" src=\"http:\/\/www.visit-ulcinj.com\/blog\/wp-content\/uploads\/2008\/05\/peshkaqeni-ne-durs.thumbnail.jpg\" alt=\"peshkaqeni ne bregdetin e durr\u00ebsit\" width=\"140\" height=\"140\" \/><\/p>\n","protected":false},"author":1,"featured_media":0,"comment_status":"open","ping_status":"closed","sticky":false,"template":"","format":"standard","meta":{"spay_email":"","jetpack_publicize_message":"","jetpack_is_tweetstorm":false,"jetpack_publicize_feature_enabled":true},"categories":[1,15],"tags":[3192,3191,3190,3189],"jetpack_publicize_connections":[],"yoast_head":"<!-- This site is optimized with the Yoast SEO plugin v19.1 - https:\/\/yoast.com\/wordpress\/plugins\/seo\/ -->\n<title>N\u00eb bregdetin e Durr\u00ebsit:Dy peshkaqen\u00eb bien n\u00eb rrjetat e peshkatar\u00ebve - Lajme nga Ulqini<\/title>\n<meta name=\"robots\" content=\"index, follow, max-snippet:-1, max-image-preview:large, max-video-preview:-1\" \/>\n<link rel=\"canonical\" href=\"https:\/\/www.visit-ulcinj.com\/blog\/2008\/05\/15\/ne-bregdetin-e-durresitdy-peshkaqene-bien-ne-rrjetat-e-peshkatareve\/\" \/>\n<meta property=\"og:locale\" content=\"en_US\" \/>\n<meta property=\"og:type\" content=\"article\" \/>\n<meta property=\"og:title\" content=\"N\u00eb bregdetin e Durr\u00ebsit:Dy peshkaqen\u00eb bien n\u00eb rrjetat e peshkatar\u00ebve - Lajme nga Ulqini\" \/>\n<meta property=\"og:url\" content=\"https:\/\/www.visit-ulcinj.com\/blog\/2008\/05\/15\/ne-bregdetin-e-durresitdy-peshkaqene-bien-ne-rrjetat-e-peshkatareve\/\" \/>\n<meta property=\"og:site_name\" content=\"Lajme nga Ulqini\" \/>\n<meta property=\"article:published_time\" content=\"2008-05-15T14:55:57+00:00\" \/>\n<meta property=\"article:modified_time\" content=\"2008-05-15T14:57:12+00:00\" \/>\n<meta property=\"og:image\" content=\"http:\/\/www.visit-ulcinj.com\/blog\/wp-content\/uploads\/2008\/05\/peshkaqeni-ne-durs.thumbnail.jpg\" \/>\n<meta name=\"twitter:label1\" content=\"Written by\" \/>\n\t<meta name=\"twitter:data1\" content=\"ulqini\" \/>\n\t<meta name=\"twitter:label2\" content=\"Est. reading time\" \/>\n\t<meta name=\"twitter:data2\" content=\"1 minute\" \/>\n<script type=\"application\/ld+json\" class=\"yoast-schema-graph\">{\"@context\":\"https:\/\/schema.org\",\"@graph\":[{\"@type\":\"WebSite\",\"@id\":\"https:\/\/www.visit-ulcinj.com\/blog\/#website\",\"url\":\"https:\/\/www.visit-ulcinj.com\/blog\/\",\"name\":\"Lajme nga Ulqini\",\"description\":\"Lajme,Vijesti,Ulqini,Ulqin,Crna Gora,Mali i Zi\",\"potentialAction\":[{\"@type\":\"SearchAction\",\"target\":{\"@type\":\"EntryPoint\",\"urlTemplate\":\"https:\/\/www.visit-ulcinj.com\/blog\/?s={search_term_string}\"},\"query-input\":\"required name=search_term_string\"}],\"inLanguage\":\"en-US\"},{\"@type\":\"ImageObject\",\"inLanguage\":\"en-US\",\"@id\":\"https:\/\/www.visit-ulcinj.com\/blog\/2008\/05\/15\/ne-bregdetin-e-durresitdy-peshkaqene-bien-ne-rrjetat-e-peshkatareve\/#primaryimage\",\"url\":\"http:\/\/www.visit-ulcinj.com\/blog\/wp-content\/uploads\/2008\/05\/peshkaqeni-ne-durs.thumbnail.jpg\",\"contentUrl\":\"http:\/\/www.visit-ulcinj.com\/blog\/wp-content\/uploads\/2008\/05\/peshkaqeni-ne-durs.thumbnail.jpg\"},{\"@type\":\"WebPage\",\"@id\":\"https:\/\/www.visit-ulcinj.com\/blog\/2008\/05\/15\/ne-bregdetin-e-durresitdy-peshkaqene-bien-ne-rrjetat-e-peshkatareve\/#webpage\",\"url\":\"https:\/\/www.visit-ulcinj.com\/blog\/2008\/05\/15\/ne-bregdetin-e-durresitdy-peshkaqene-bien-ne-rrjetat-e-peshkatareve\/\",\"name\":\"N\u00eb bregdetin e Durr\u00ebsit:Dy peshkaqen\u00eb bien n\u00eb rrjetat e peshkatar\u00ebve - Lajme nga Ulqini\",\"isPartOf\":{\"@id\":\"https:\/\/www.visit-ulcinj.com\/blog\/#website\"},\"primaryImageOfPage\":{\"@id\":\"https:\/\/www.visit-ulcinj.com\/blog\/2008\/05\/15\/ne-bregdetin-e-durresitdy-peshkaqene-bien-ne-rrjetat-e-peshkatareve\/#primaryimage\"},\"datePublished\":\"2008-05-15T14:55:57+00:00\",\"dateModified\":\"2008-05-15T14:57:12+00:00\",\"author\":{\"@id\":\"https:\/\/www.visit-ulcinj.com\/blog\/#\/schema\/person\/dcab619c614d3038751c63bc2aadc06d\"},\"breadcrumb\":{\"@id\":\"https:\/\/www.visit-ulcinj.com\/blog\/2008\/05\/15\/ne-bregdetin-e-durresitdy-peshkaqene-bien-ne-rrjetat-e-peshkatareve\/#breadcrumb\"},\"inLanguage\":\"en-US\",\"potentialAction\":[{\"@type\":\"ReadAction\",\"target\":[\"https:\/\/www.visit-ulcinj.com\/blog\/2008\/05\/15\/ne-bregdetin-e-durresitdy-peshkaqene-bien-ne-rrjetat-e-peshkatareve\/\"]}]},{\"@type\":\"BreadcrumbList\",\"@id\":\"https:\/\/www.visit-ulcinj.com\/blog\/2008\/05\/15\/ne-bregdetin-e-durresitdy-peshkaqene-bien-ne-rrjetat-e-peshkatareve\/#breadcrumb\",\"itemListElement\":[{\"@type\":\"ListItem\",\"position\":1,\"name\":\"N\u00eb bregdetin e Durr\u00ebsit:Dy peshkaqen\u00eb bien n\u00eb rrjetat e peshkatar\u00ebve\"}]},{\"@type\":\"Person\",\"@id\":\"https:\/\/www.visit-ulcinj.com\/blog\/#\/schema\/person\/dcab619c614d3038751c63bc2aadc06d\",\"name\":\"ulqini\",\"sameAs\":[\"http:\/\/www.visit-ulcinj.com\"],\"url\":\"https:\/\/www.visit-ulcinj.com\/blog\/author\/admin\/\"}]}<\/script>\n<!-- \/ Yoast SEO plugin. -->","yoast_head_json":{"title":"N\u00eb bregdetin e Durr\u00ebsit:Dy peshkaqen\u00eb bien n\u00eb rrjetat e peshkatar\u00ebve - Lajme nga Ulqini","robots":{"index":"index","follow":"follow","max-snippet":"max-snippet:-1","max-image-preview":"max-image-preview:large","max-video-preview":"max-video-preview:-1"},"canonical":"https:\/\/www.visit-ulcinj.com\/blog\/2008\/05\/15\/ne-bregdetin-e-durresitdy-peshkaqene-bien-ne-rrjetat-e-peshkatareve\/","og_locale":"en_US","og_type":"article","og_title":"N\u00eb bregdetin e Durr\u00ebsit:Dy peshkaqen\u00eb bien n\u00eb rrjetat e peshkatar\u00ebve - Lajme nga Ulqini","og_url":"https:\/\/www.visit-ulcinj.com\/blog\/2008\/05\/15\/ne-bregdetin-e-durresitdy-peshkaqene-bien-ne-rrjetat-e-peshkatareve\/","og_site_name":"Lajme nga Ulqini","article_published_time":"2008-05-15T14:55:57+00:00","article_modified_time":"2008-05-15T14:57:12+00:00","og_image":[{"url":"http:\/\/www.visit-ulcinj.com\/blog\/wp-content\/uploads\/2008\/05\/peshkaqeni-ne-durs.thumbnail.jpg"}],"twitter_misc":{"Written by":"ulqini","Est. reading time":"1 minute"},"schema":{"@context":"https:\/\/schema.org","@graph":[{"@type":"WebSite","@id":"https:\/\/www.visit-ulcinj.com\/blog\/#website","url":"https:\/\/www.visit-ulcinj.com\/blog\/","name":"Lajme nga Ulqini","description":"Lajme,Vijesti,Ulqini,Ulqin,Crna Gora,Mali i Zi","potentialAction":[{"@type":"SearchAction","target":{"@type":"EntryPoint","urlTemplate":"https:\/\/www.visit-ulcinj.com\/blog\/?s={search_term_string}"},"query-input":"required name=search_term_string"}],"inLanguage":"en-US"},{"@type":"ImageObject","inLanguage":"en-US","@id":"https:\/\/www.visit-ulcinj.com\/blog\/2008\/05\/15\/ne-bregdetin-e-durresitdy-peshkaqene-bien-ne-rrjetat-e-peshkatareve\/#primaryimage","url":"http:\/\/www.visit-ulcinj.com\/blog\/wp-content\/uploads\/2008\/05\/peshkaqeni-ne-durs.thumbnail.jpg","contentUrl":"http:\/\/www.visit-ulcinj.com\/blog\/wp-content\/uploads\/2008\/05\/peshkaqeni-ne-durs.thumbnail.jpg"},{"@type":"WebPage","@id":"https:\/\/www.visit-ulcinj.com\/blog\/2008\/05\/15\/ne-bregdetin-e-durresitdy-peshkaqene-bien-ne-rrjetat-e-peshkatareve\/#webpage","url":"https:\/\/www.visit-ulcinj.com\/blog\/2008\/05\/15\/ne-bregdetin-e-durresitdy-peshkaqene-bien-ne-rrjetat-e-peshkatareve\/","name":"N\u00eb bregdetin e Durr\u00ebsit:Dy peshkaqen\u00eb bien n\u00eb rrjetat e peshkatar\u00ebve - Lajme nga Ulqini","isPartOf":{"@id":"https:\/\/www.visit-ulcinj.com\/blog\/#website"},"primaryImageOfPage":{"@id":"https:\/\/www.visit-ulcinj.com\/blog\/2008\/05\/15\/ne-bregdetin-e-durresitdy-peshkaqene-bien-ne-rrjetat-e-peshkatareve\/#primaryimage"},"datePublished":"2008-05-15T14:55:57+00:00","dateModified":"2008-05-15T14:57:12+00:00","author":{"@id":"https:\/\/www.visit-ulcinj.com\/blog\/#\/schema\/person\/dcab619c614d3038751c63bc2aadc06d"},"breadcrumb":{"@id":"https:\/\/www.visit-ulcinj.com\/blog\/2008\/05\/15\/ne-bregdetin-e-durresitdy-peshkaqene-bien-ne-rrjetat-e-peshkatareve\/#breadcrumb"},"inLanguage":"en-US","potentialAction":[{"@type":"ReadAction","target":["https:\/\/www.visit-ulcinj.com\/blog\/2008\/05\/15\/ne-bregdetin-e-durresitdy-peshkaqene-bien-ne-rrjetat-e-peshkatareve\/"]}]},{"@type":"BreadcrumbList","@id":"https:\/\/www.visit-ulcinj.com\/blog\/2008\/05\/15\/ne-bregdetin-e-durresitdy-peshkaqene-bien-ne-rrjetat-e-peshkatareve\/#breadcrumb","itemListElement":[{"@type":"ListItem","position":1,"name":"N\u00eb bregdetin e Durr\u00ebsit:Dy peshkaqen\u00eb bien n\u00eb rrjetat e peshkatar\u00ebve"}]},{"@type":"Person","@id":"https:\/\/www.visit-ulcinj.com\/blog\/#\/schema\/person\/dcab619c614d3038751c63bc2aadc06d","name":"ulqini","sameAs":["http:\/\/www.visit-ulcinj.com"],"url":"https:\/\/www.visit-ulcinj.com\/blog\/author\/admin\/"}]}},"jetpack_featured_media_url":"","jetpack_sharing_enabled":true,"jetpack_shortlink":"https:\/\/wp.me\/pe6lTn-ps","_links":{"self":[{"href":"https:\/\/www.visit-ulcinj.com\/blog\/wp-json\/wp\/v2\/posts\/1578"}],"collection":[{"href":"https:\/\/www.visit-ulcinj.com\/blog\/wp-json\/wp\/v2\/posts"}],"about":[{"href":"https:\/\/www.visit-ulcinj.com\/blog\/wp-json\/wp\/v2\/types\/post"}],"author":[{"embeddable":true,"href":"https:\/\/www.visit-ulcinj.com\/blog\/wp-json\/wp\/v2\/users\/1"}],"replies":[{"embeddable":true,"href":"https:\/\/www.visit-ulcinj.com\/blog\/wp-json\/wp\/v2\/comments?post=1578"}],"version-history":[{"count":0,"href":"https:\/\/www.visit-ulcinj.com\/blog\/wp-json\/wp\/v2\/posts\/1578\/revisions"}],"wp:attachment":[{"href":"https:\/\/www.visit-ulcinj.com\/blog\/wp-json\/wp\/v2\/media?parent=1578"}],"wp:term":[{"taxonomy":"category","embeddable":true,"href":"https:\/\/www.visit-ulcinj.com\/blog\/wp-json\/wp\/v2\/categories?post=1578"},{"taxonomy":"post_tag","embeddable":true,"href":"https:\/\/www.visit-ulcinj.com\/blog\/wp-json\/wp\/v2\/tags?post=1578"}],"curies":[{"name":"wp","href":"https:\/\/api.w.org\/{rel}","templated":true}]}}