{"id":15788,"date":"2009-03-27T18:57:12","date_gmt":"2009-03-27T17:57:12","guid":{"rendered":"http:\/\/www.visit-ulcinj.com\/blog\/?p=15788"},"modified":"2009-03-27T18:58:00","modified_gmt":"2009-03-27T17:58:00","slug":"forca-u-crnogorskom-parlamentu-novi-glas-iz-ulcinja","status":"publish","type":"post","link":"https:\/\/www.visit-ulcinj.com\/blog\/2009\/03\/27\/forca-u-crnogorskom-parlamentu-novi-glas-iz-ulcinja\/","title":{"rendered":"Video &#8211; Forca: U crnogorskom parlamentu novi glas iz Ulcinja"},"content":{"rendered":"<p><strong><a href=\"http:\/\/www.visit-ulcinj.com\/blog\/wp-content\/uploads\/2009\/03\/nova-demokratska-snaga-forca_nazf-cungu_genc-nimanbegu.jpg\"><img loading=\"lazy\" class=\"alignleft size-full wp-image-15789\" title=\"nova-demokratska-snaga-forca_nazf-cungu_genc-nimanbegu\" src=\"http:\/\/www.visit-ulcinj.com\/blog\/wp-content\/uploads\/2009\/03\/nova-demokratska-snaga-forca_nazf-cungu_genc-nimanbegu.jpg\" alt=\"nova-demokratska-snaga-forca_nazf-cungu_genc-nimanbegu\" width=\"570\" height=\"370\" \/><\/a>NOVA DEMOKRATSKA SNAGA FORCA<\/strong><br \/>\nUlcinj, 25. marta (MINA) &#8211; Do\u0161lo je vrijeme da se u crnogorskom parlamentu ?uje novi glas iz Ulcinja, poru?ila je danas Nova demokratska snaga FORCA.<br \/>\n\u201eTra\u017eimo glasove svih onih koji vjeruju u nas u na\u0161e po\u0161tenje i na\u0161u stru?nost\u201c, kazao je lider Nazif Cungu na konferenciji za novinare.<br \/>\nOn je rekao da je FORCA moderna, pro-evropska partija koja okuplja veliki broj stru?njaka koji su se dokazali u privatnom \u017eivotu.\u201cImamo ozbiljne ljude i poznate privrednike\u201c.<br \/>\nPrema njegovim rije?ima, za nosioca liste FORCE kandidovan je njen najbolji ?lan Genci Nimanbegu, koji je svojim dosada\u0161njim radom dao velik dorprinos pobolj\u0161anju poslovnog ambienata u Ulcinju i Crnoj Gori.<br \/>\nCungu je naglasio da je cilj FORCE unaprje?enje ukupnih demokratskih procesa u Crnoj Gori.<br \/>\n\u201ePrije 20 godina Ulcinj je bio turisti?ki centar Crne Gore, ali su sada ti hoteli nestali. Od Ulcinjske Rivijere, koja je zapo\u0161ljavala i preko 1500 radnika ostalo je veoma malo, Gra?evinska organizacija Primorje vi\u0161e ne postoji, Agroulcinja nema, Solana je u ste?aju, Ultep zatvoren\u201c, kazao je Cungu.<br \/>\nGra?ani su, ka\u017ee on, primorani da sami grade puteve,kanalizaciju,vodovod.<br \/>\n\u201eRazni funkcioneri Vlade dolaze u Ulcinj prije izbora i obe?avaju obiman razvoj, izgradnju hotela, marina, mostova, saobra?ajnica, sportskog centra,ure?enje Porta Milene, vra?anje imovine. Me?utim, od toga nema ni\u0161ta\u201c, kazao je Cungu.<\/p>\n<p><strong>Pobjeda<\/strong><\/p>\n<p>[flv width=&#8221;570&#8243; height=&#8221;370&#8243;]http:\/\/forca.me\/images\/stories\/videos\/PROMOVIMI.flv[\/flv]<\/p>\n","protected":false},"excerpt":{"rendered":"<p>NOVA DEMOKRATSKA SNAGA FORCA Ulcinj, 25. marta (MINA) &#8211; Do\u0161lo je vrijeme da se u crnogorskom parlamentu ?uje novi glas iz Ulcinja, poru?ila je danas Nova demokratska snaga FORCA. \u201eTra\u017eimo glasove svih onih koji vjeruju u nas u na\u0161e po\u0161tenje i na\u0161u stru?nost\u201c, kazao je lider Nazif Cungu na konferenciji za novinare. On je rekao [&hellip;]<\/p>\n","protected":false},"author":1,"featured_media":0,"comment_status":"open","ping_status":"closed","sticky":false,"template":"","format":"standard","meta":{"spay_email":"","jetpack_publicize_message":"","jetpack_is_tweetstorm":false,"jetpack_publicize_feature_enabled":true},"categories":[8337],"tags":[8398,8393,1073,8396,8401,118,4666,8394,8395,8399,8400,8397],"jetpack_publicize_connections":[],"yoast_head":"<!-- This site is optimized with the Yoast SEO plugin v19.1 - https:\/\/yoast.com\/wordpress\/plugins\/seo\/ -->\n<title>Video - Forca: U crnogorskom parlamentu novi glas iz Ulcinja - Lajme nga Ulqini<\/title>\n<meta name=\"description\" content=\"NOVA DEMOKRATSKA SNAGA FORCA Ulcinj, 25. marta (MINA) - Do\u0161lo je vrijeme da se u crnogorskom parlamentu ?uje novi glas iz Ulcinja, poru?ila je danas Nova\" \/>\n<meta name=\"robots\" content=\"index, follow, max-snippet:-1, max-image-preview:large, max-video-preview:-1\" \/>\n<link rel=\"canonical\" href=\"https:\/\/www.visit-ulcinj.com\/blog\/2009\/03\/27\/forca-u-crnogorskom-parlamentu-novi-glas-iz-ulcinja\/\" \/>\n<meta property=\"og:locale\" content=\"en_US\" \/>\n<meta property=\"og:type\" content=\"article\" \/>\n<meta property=\"og:title\" content=\"Video - Forca: U crnogorskom parlamentu novi glas iz Ulcinja - Lajme nga Ulqini\" \/>\n<meta property=\"og:description\" content=\"NOVA DEMOKRATSKA SNAGA FORCA Ulcinj, 25. marta (MINA) - Do\u0161lo je vrijeme da se u crnogorskom parlamentu ?uje novi glas iz Ulcinja, poru?ila je danas Nova\" \/>\n<meta property=\"og:url\" content=\"https:\/\/www.visit-ulcinj.com\/blog\/2009\/03\/27\/forca-u-crnogorskom-parlamentu-novi-glas-iz-ulcinja\/\" \/>\n<meta property=\"og:site_name\" content=\"Lajme nga Ulqini\" \/>\n<meta property=\"article:published_time\" content=\"2009-03-27T17:57:12+00:00\" \/>\n<meta property=\"article:modified_time\" content=\"2009-03-27T17:58:00+00:00\" \/>\n<meta property=\"og:image\" content=\"http:\/\/www.visit-ulcinj.com\/blog\/wp-content\/uploads\/2009\/03\/nova-demokratska-snaga-forca_nazf-cungu_genc-nimanbegu.jpg\" \/>\n<meta name=\"twitter:label1\" content=\"Written by\" \/>\n\t<meta name=\"twitter:data1\" content=\"ulqini\" \/>\n\t<meta name=\"twitter:label2\" content=\"Est. reading time\" \/>\n\t<meta name=\"twitter:data2\" content=\"1 minute\" \/>\n<script type=\"application\/ld+json\" class=\"yoast-schema-graph\">{\"@context\":\"https:\/\/schema.org\",\"@graph\":[{\"@type\":\"WebSite\",\"@id\":\"https:\/\/www.visit-ulcinj.com\/blog\/#website\",\"url\":\"https:\/\/www.visit-ulcinj.com\/blog\/\",\"name\":\"Lajme nga Ulqini\",\"description\":\"Lajme,Vijesti,Ulqini,Ulqin,Crna Gora,Mali i Zi\",\"potentialAction\":[{\"@type\":\"SearchAction\",\"target\":{\"@type\":\"EntryPoint\",\"urlTemplate\":\"https:\/\/www.visit-ulcinj.com\/blog\/?s={search_term_string}\"},\"query-input\":\"required name=search_term_string\"}],\"inLanguage\":\"en-US\"},{\"@type\":\"ImageObject\",\"inLanguage\":\"en-US\",\"@id\":\"https:\/\/www.visit-ulcinj.com\/blog\/2009\/03\/27\/forca-u-crnogorskom-parlamentu-novi-glas-iz-ulcinja\/#primaryimage\",\"url\":\"https:\/\/www.visit-ulcinj.com\/blog\/wp-content\/uploads\/2009\/03\/nova-demokratska-snaga-forca_nazf-cungu_genc-nimanbegu.jpg\",\"contentUrl\":\"https:\/\/www.visit-ulcinj.com\/blog\/wp-content\/uploads\/2009\/03\/nova-demokratska-snaga-forca_nazf-cungu_genc-nimanbegu.jpg\",\"width\":\"500\",\"height\":\"334\"},{\"@type\":\"WebPage\",\"@id\":\"https:\/\/www.visit-ulcinj.com\/blog\/2009\/03\/27\/forca-u-crnogorskom-parlamentu-novi-glas-iz-ulcinja\/#webpage\",\"url\":\"https:\/\/www.visit-ulcinj.com\/blog\/2009\/03\/27\/forca-u-crnogorskom-parlamentu-novi-glas-iz-ulcinja\/\",\"name\":\"Video - Forca: U crnogorskom parlamentu novi glas iz Ulcinja - Lajme nga Ulqini\",\"isPartOf\":{\"@id\":\"https:\/\/www.visit-ulcinj.com\/blog\/#website\"},\"primaryImageOfPage\":{\"@id\":\"https:\/\/www.visit-ulcinj.com\/blog\/2009\/03\/27\/forca-u-crnogorskom-parlamentu-novi-glas-iz-ulcinja\/#primaryimage\"},\"datePublished\":\"2009-03-27T17:57:12+00:00\",\"dateModified\":\"2009-03-27T17:58:00+00:00\",\"author\":{\"@id\":\"https:\/\/www.visit-ulcinj.com\/blog\/#\/schema\/person\/dcab619c614d3038751c63bc2aadc06d\"},\"description\":\"NOVA DEMOKRATSKA SNAGA FORCA Ulcinj, 25. marta (MINA) - Do\u0161lo je vrijeme da se u crnogorskom parlamentu ?uje novi glas iz Ulcinja, poru?ila je danas Nova\",\"breadcrumb\":{\"@id\":\"https:\/\/www.visit-ulcinj.com\/blog\/2009\/03\/27\/forca-u-crnogorskom-parlamentu-novi-glas-iz-ulcinja\/#breadcrumb\"},\"inLanguage\":\"en-US\",\"potentialAction\":[{\"@type\":\"ReadAction\",\"target\":[\"https:\/\/www.visit-ulcinj.com\/blog\/2009\/03\/27\/forca-u-crnogorskom-parlamentu-novi-glas-iz-ulcinja\/\"]}]},{\"@type\":\"BreadcrumbList\",\"@id\":\"https:\/\/www.visit-ulcinj.com\/blog\/2009\/03\/27\/forca-u-crnogorskom-parlamentu-novi-glas-iz-ulcinja\/#breadcrumb\",\"itemListElement\":[{\"@type\":\"ListItem\",\"position\":1,\"name\":\"Video &#8211; Forca: U crnogorskom parlamentu novi glas iz Ulcinja\"}]},{\"@type\":\"Person\",\"@id\":\"https:\/\/www.visit-ulcinj.com\/blog\/#\/schema\/person\/dcab619c614d3038751c63bc2aadc06d\",\"name\":\"ulqini\",\"sameAs\":[\"http:\/\/www.visit-ulcinj.com\"],\"url\":\"https:\/\/www.visit-ulcinj.com\/blog\/author\/admin\/\"}]}<\/script>\n<!-- \/ Yoast SEO plugin. -->","yoast_head_json":{"title":"Video - Forca: U crnogorskom parlamentu novi glas iz Ulcinja - Lajme nga Ulqini","description":"NOVA DEMOKRATSKA SNAGA FORCA Ulcinj, 25. marta (MINA) - Do\u0161lo je vrijeme da se u crnogorskom parlamentu ?uje novi glas iz Ulcinja, poru?ila je danas Nova","robots":{"index":"index","follow":"follow","max-snippet":"max-snippet:-1","max-image-preview":"max-image-preview:large","max-video-preview":"max-video-preview:-1"},"canonical":"https:\/\/www.visit-ulcinj.com\/blog\/2009\/03\/27\/forca-u-crnogorskom-parlamentu-novi-glas-iz-ulcinja\/","og_locale":"en_US","og_type":"article","og_title":"Video - Forca: U crnogorskom parlamentu novi glas iz Ulcinja - Lajme nga Ulqini","og_description":"NOVA DEMOKRATSKA SNAGA FORCA Ulcinj, 25. marta (MINA) - Do\u0161lo je vrijeme da se u crnogorskom parlamentu ?uje novi glas iz Ulcinja, poru?ila je danas Nova","og_url":"https:\/\/www.visit-ulcinj.com\/blog\/2009\/03\/27\/forca-u-crnogorskom-parlamentu-novi-glas-iz-ulcinja\/","og_site_name":"Lajme nga Ulqini","article_published_time":"2009-03-27T17:57:12+00:00","article_modified_time":"2009-03-27T17:58:00+00:00","og_image":[{"url":"http:\/\/www.visit-ulcinj.com\/blog\/wp-content\/uploads\/2009\/03\/nova-demokratska-snaga-forca_nazf-cungu_genc-nimanbegu.jpg"}],"twitter_misc":{"Written by":"ulqini","Est. reading time":"1 minute"},"schema":{"@context":"https:\/\/schema.org","@graph":[{"@type":"WebSite","@id":"https:\/\/www.visit-ulcinj.com\/blog\/#website","url":"https:\/\/www.visit-ulcinj.com\/blog\/","name":"Lajme nga Ulqini","description":"Lajme,Vijesti,Ulqini,Ulqin,Crna Gora,Mali i Zi","potentialAction":[{"@type":"SearchAction","target":{"@type":"EntryPoint","urlTemplate":"https:\/\/www.visit-ulcinj.com\/blog\/?s={search_term_string}"},"query-input":"required name=search_term_string"}],"inLanguage":"en-US"},{"@type":"ImageObject","inLanguage":"en-US","@id":"https:\/\/www.visit-ulcinj.com\/blog\/2009\/03\/27\/forca-u-crnogorskom-parlamentu-novi-glas-iz-ulcinja\/#primaryimage","url":"https:\/\/www.visit-ulcinj.com\/blog\/wp-content\/uploads\/2009\/03\/nova-demokratska-snaga-forca_nazf-cungu_genc-nimanbegu.jpg","contentUrl":"https:\/\/www.visit-ulcinj.com\/blog\/wp-content\/uploads\/2009\/03\/nova-demokratska-snaga-forca_nazf-cungu_genc-nimanbegu.jpg","width":"500","height":"334"},{"@type":"WebPage","@id":"https:\/\/www.visit-ulcinj.com\/blog\/2009\/03\/27\/forca-u-crnogorskom-parlamentu-novi-glas-iz-ulcinja\/#webpage","url":"https:\/\/www.visit-ulcinj.com\/blog\/2009\/03\/27\/forca-u-crnogorskom-parlamentu-novi-glas-iz-ulcinja\/","name":"Video - Forca: U crnogorskom parlamentu novi glas iz Ulcinja - Lajme nga Ulqini","isPartOf":{"@id":"https:\/\/www.visit-ulcinj.com\/blog\/#website"},"primaryImageOfPage":{"@id":"https:\/\/www.visit-ulcinj.com\/blog\/2009\/03\/27\/forca-u-crnogorskom-parlamentu-novi-glas-iz-ulcinja\/#primaryimage"},"datePublished":"2009-03-27T17:57:12+00:00","dateModified":"2009-03-27T17:58:00+00:00","author":{"@id":"https:\/\/www.visit-ulcinj.com\/blog\/#\/schema\/person\/dcab619c614d3038751c63bc2aadc06d"},"description":"NOVA DEMOKRATSKA SNAGA FORCA Ulcinj, 25. marta (MINA) - Do\u0161lo je vrijeme da se u crnogorskom parlamentu ?uje novi glas iz Ulcinja, poru?ila je danas Nova","breadcrumb":{"@id":"https:\/\/www.visit-ulcinj.com\/blog\/2009\/03\/27\/forca-u-crnogorskom-parlamentu-novi-glas-iz-ulcinja\/#breadcrumb"},"inLanguage":"en-US","potentialAction":[{"@type":"ReadAction","target":["https:\/\/www.visit-ulcinj.com\/blog\/2009\/03\/27\/forca-u-crnogorskom-parlamentu-novi-glas-iz-ulcinja\/"]}]},{"@type":"BreadcrumbList","@id":"https:\/\/www.visit-ulcinj.com\/blog\/2009\/03\/27\/forca-u-crnogorskom-parlamentu-novi-glas-iz-ulcinja\/#breadcrumb","itemListElement":[{"@type":"ListItem","position":1,"name":"Video &#8211; Forca: U crnogorskom parlamentu novi glas iz Ulcinja"}]},{"@type":"Person","@id":"https:\/\/www.visit-ulcinj.com\/blog\/#\/schema\/person\/dcab619c614d3038751c63bc2aadc06d","name":"ulqini","sameAs":["http:\/\/www.visit-ulcinj.com"],"url":"https:\/\/www.visit-ulcinj.com\/blog\/author\/admin\/"}]}},"jetpack_featured_media_url":"","jetpack_sharing_enabled":true,"jetpack_shortlink":"https:\/\/wp.me\/pe6lTn-46E","_links":{"self":[{"href":"https:\/\/www.visit-ulcinj.com\/blog\/wp-json\/wp\/v2\/posts\/15788"}],"collection":[{"href":"https:\/\/www.visit-ulcinj.com\/blog\/wp-json\/wp\/v2\/posts"}],"about":[{"href":"https:\/\/www.visit-ulcinj.com\/blog\/wp-json\/wp\/v2\/types\/post"}],"author":[{"embeddable":true,"href":"https:\/\/www.visit-ulcinj.com\/blog\/wp-json\/wp\/v2\/users\/1"}],"replies":[{"embeddable":true,"href":"https:\/\/www.visit-ulcinj.com\/blog\/wp-json\/wp\/v2\/comments?post=15788"}],"version-history":[{"count":0,"href":"https:\/\/www.visit-ulcinj.com\/blog\/wp-json\/wp\/v2\/posts\/15788\/revisions"}],"wp:attachment":[{"href":"https:\/\/www.visit-ulcinj.com\/blog\/wp-json\/wp\/v2\/media?parent=15788"}],"wp:term":[{"taxonomy":"category","embeddable":true,"href":"https:\/\/www.visit-ulcinj.com\/blog\/wp-json\/wp\/v2\/categories?post=15788"},{"taxonomy":"post_tag","embeddable":true,"href":"https:\/\/www.visit-ulcinj.com\/blog\/wp-json\/wp\/v2\/tags?post=15788"}],"curies":[{"name":"wp","href":"https:\/\/api.w.org\/{rel}","templated":true}]}}