{"id":15793,"date":"2009-03-27T19:33:23","date_gmt":"2009-03-27T18:33:23","guid":{"rendered":"http:\/\/www.visit-ulcinj.com\/blog\/?p=15793"},"modified":"2009-03-27T19:35:23","modified_gmt":"2009-03-27T18:35:23","slug":"perfundon-fushata-per-zgjedhjet-ne-mal-te-zi","status":"publish","type":"post","link":"https:\/\/www.visit-ulcinj.com\/blog\/2009\/03\/27\/perfundon-fushata-per-zgjedhjet-ne-mal-te-zi\/","title":{"rendered":"Video &#8211; P\u00ebrfundon fushata p\u00ebr zgjedhjet n\u00eb Mal t\u00eb Zi"},"content":{"rendered":"<p><a href=\"http:\/\/www.visit-ulcinj.com\/blog\/wp-content\/uploads\/2009\/03\/koalicioni-shqiptar-ne-mal-te-zi1.jpg\"><img loading=\"lazy\" class=\"alignleft size-full wp-image-15794\" title=\"koalicioni-shqiptar-ne-mal-te-zi1\" src=\"http:\/\/www.visit-ulcinj.com\/blog\/wp-content\/uploads\/2009\/03\/koalicioni-shqiptar-ne-mal-te-zi1.jpg\" alt=\"koalicioni-shqiptar-ne-mal-te-zi1\" width=\"300\" height=\"415\" srcset=\"https:\/\/www.visit-ulcinj.com\/blog\/wp-content\/uploads\/2009\/03\/koalicioni-shqiptar-ne-mal-te-zi1.jpg 415w, https:\/\/www.visit-ulcinj.com\/blog\/wp-content\/uploads\/2009\/03\/koalicioni-shqiptar-ne-mal-te-zi1-217x300.jpg 217w\" sizes=\"(max-width: 300px) 100vw, 300px\" \/><\/a>N\u00eb Mal t\u00eb Zi, t\u00eb diel\u00ebn mbahen zgjedhjet e parakohshme parlamentare. Shqiptar\u00ebt paraqiten me pes\u00eb lista zgjedhore dhe kjo pritet t\u00eb ndikoj\u00eb negativisht n\u00eb p\u00ebrfaq\u00ebsimin e tyre n\u00eb p\u00ebrb\u00ebrjen e ardhshme t\u00eb parlamentit. Analist\u00ebt thon\u00eb se megjithat\u00eb, k\u00ebto zgjedhje jan\u00eb mund\u00ebsi p\u00ebr rikonfigurimin e sken\u00ebs politike shqiptare n\u00eb Mal t\u00eb Zi.<br \/>\nP\u00ebr her\u00eb t\u00eb par\u00eb si shtet i pavarur, Mali i Zi zhvillon t\u00eb diel\u00ebn zgjedhje parlamentare. Edhe pse t\u00eb parakohshme sipas analist\u00ebve shqiptar\u00eb atje, k\u00ebto votime nuk do t\u00eb sjellin ndonj\u00eb ndryshim rr\u00ebnj\u00ebsor n\u00eb nivel shtet\u00ebror.<br \/>\nT\u00eb r\u00ebnd\u00ebsishme do t\u00eb jen\u00eb p\u00ebr shqiptar\u00ebt, t\u00eb cil\u00ebt paraqiten me pes\u00eb lista zgjedhore. Publicisti Ismet Kallaba nga Ulqini thot\u00eb se fushata tregoi thellimin e ndasive dhe nxorri n\u00eb sip\u00ebrfaqe fenomene t\u00eb d\u00ebmshme p\u00ebr shqiptar\u00ebt n\u00eb Mal t\u00eb Zi. \u201cKemi paraqitjen e fenomenit t\u00eb lokalizmit, t\u00eb deputet\u00ebve t\u00eb ndrysh\u00ebm t\u00eb cil\u00ebt pretendojn\u00eb se p\u00ebrfaq\u00ebsojn\u00eb nj\u00eb krahin\u00eb t\u00eb caktuar dhe kjo nuk \u00ebsht\u00eb e mir\u00eb. Mir\u00ebpo, mendoj se edhe n\u00eb k\u00ebt\u00eb \u00ebsht\u00eb di\u00e7ka q\u00eb mund t\u00eb vler\u00ebsohet pozitive dhe ky \u00ebsht\u00eb fakti se k\u00ebto zgjedhje do t\u00eb ndikojn\u00eb n\u00eb rikonfigurimin e sken\u00ebs politike shqiptare n\u00eb Mal t\u00eb Zi\u201d thot\u00eb Kallaba. Zgjedhjet e 29 marsit do t\u00eb mund t\u00eb ishin vendimtare p\u00ebr shqiptar\u00ebt, vler\u00ebson analisti Xhemal Peroviq, sikur ata t\u00eb arrinin t\u00eb artikulonin q\u00ebndrimet e tyre politike.\u201cMeq\u00eb nuk kan\u00eb arrit nj\u00eb unitet dhe nj\u00eb dalje t\u00eb p\u00ebrbashk\u00ebt n\u00eb k\u00ebto zgjedhje at\u00ebher\u00eb faktori politik krijon huti jo vet\u00ebm tek zgjedh\u00ebsit por edhe tek bashk\u00ebsia nd\u00ebrkomb\u00ebtare. Sikur t\u00eb kishte nj\u00eb bashk\u00ebbisedues t\u00eb qart\u00eb ndoshta bashk\u00ebsia nd\u00ebrkomb\u00ebtare do t\u00eb mund t\u00eb ndihmonte n\u00eb mbrojtjen e t\u00eb drejtave t\u00eb tyre\u201d, thot\u00eb Peroviq. Peroviq fokuson edhe d\u00ebmet ekonomike q\u00eb do shkaktoj\u00eb paraqitja e ndar\u00eb n\u00eb zgjedhje, sidomos n\u00eb koh\u00ebn kur pritet privatizimi i objekteve t\u00eb r\u00ebnd\u00ebsishme n\u00eb Ulqin dhe n\u00eb trevat tjera shqiptare.\u201cN\u00eb rend dite jan\u00eb disa prej pronave m\u00eb t\u00eb vlefshme t\u00eb cilat regjimi nuk po i kthen dhe me t\u00eb cilat po tregton n\u00eb vazhdim\u00ebsi. Nuk \u00ebsht\u00eb n\u00eb pyetje vet\u00ebm komuna e Ulqinit por n\u00eb pyetje jan\u00eb edhe trevat tjera t\u00eb shqiptar\u00ebve n\u00eb t\u00eb cilat kudo cenohet t\u00eb drejtat pron\u00ebsore t\u00eb tyre\u201d, tha Peroviq. Sidoqoft\u00eb, pas 29 marsit publicisti Kallaba parashikon rikonfigurim t\u00eb sken\u00ebs politike shqiptare. Disa nga partit\u00eb do t\u00eb dalin fare nga loja, kurse t\u00eb tjerave do t\u2019u duhet t\u00eb tregohen t\u00eb kujdesshme n\u00eb nd\u00ebrtimin e raporteve me elektoratin.\u201cDisa parti shqiptare do ta ken\u00eb t\u00eb qart\u00eb se nuk mund t\u00eb ekzistojn\u00eb m\u00eb n\u00eb sken\u00ebn politike shqiptare, pra mund t\u00eb ekzistojn\u00eb 2 ose 3 parti shqiptare. T\u00eb tjerat mund t\u00eb ekzistojn\u00eb vet\u00ebm n\u00eb nivelin lokal\u201d tha Kallaba. N\u00eb trevat shqiptare n\u00eb Mal t\u00eb Zi do t\u00eb hapen 59 vendvotime, mir\u00ebpo n\u00eb to garojn\u00eb edhe subjekte jo shqiptare. Sipas Kushtetut\u00ebs, shqiptar\u00ebt do t\u00eb mund t\u00eb siguronin deri n\u00eb pes\u00eb deputet\u00eb, por me zbatimin e sistemit proporcional dhe me ndasit\u00eb e tyre ata maksimalisht mund t\u00eb sigurojn\u00eb tre deputet\u00eb. Trupi zgjedhor n\u00eb Mal t\u00eb Zi \u00ebsht\u00eb rreth 500 mij\u00eb votues. Sipas analist\u00ebve fitore s\u00ebrish pritet t\u00eb siguroj\u00eb koalicioni i udh\u00ebhequr nga kryeministri aktual Millo Gjukanoviq dhe i cili pavar\u00ebsisht nga ndryshimet e m\u00ebdha t\u00eb politik\u00ebs s\u00eb brendshme t\u00eb vendit, ka arritur t\u00eb q\u00ebndroj\u00eb n\u00eb pushtet mbi nj\u00eb dekad\u00eb. Mali i Zi q\u00eb nga pavar\u00ebsimi n\u00eb vitin 2006, sipas nd\u00ebrkomb\u00ebtar\u00ebve vler\u00ebsohet se ka ecur shum\u00eb shpejt\u00eb n\u00eb procesin e stabilizim asociimit me Bashkimin Evropian ashtu si edhe me partner\u00ebt tjer\u00eb nd\u00ebrkomb\u00ebtar\u00eb. Mir\u00ebpo, shqiptar\u00ebt vler\u00ebsojn\u00eb se t\u00eb drejtat e tyre si popull pakic\u00eb nuk jan\u00eb n\u00eb nivelin e k\u00ebnaqsh\u00ebm, edhe pse jan\u00eb t\u00eb garantuara me ligj. Sipas analist\u00ebve nj\u00eb pjes\u00eb t\u00eb fajit p\u00ebr k\u00ebt\u00eb e bartin vet\u00eb faktor\u00ebt politik\u00eb shqiptar\u00eb t\u00eb cil\u00ebt jan\u00eb t\u00eb p\u00ebr\u00e7ar\u00eb dhe nuk arrijn\u00eb t\u00eb pajtohen p\u00ebr m\u00ebnyrat e paraqitjes dhe mbrojtjes s\u00eb k\u00ebrkesave t\u00eb tyre.<\/p>\n<p><strong>P\u00ebrgatiti: Gjylie Rexha<br \/>\nRTK<\/strong><\/p>\n<!--YouTube Error: bad URL entered-->\n","protected":false},"excerpt":{"rendered":"<p>N\u00eb Mal t\u00eb Zi, t\u00eb diel\u00ebn mbahen zgjedhjet e parakohshme parlamentare. Shqiptar\u00ebt paraqiten me pes\u00eb lista zgjedhore dhe kjo pritet t\u00eb ndikoj\u00eb negativisht n\u00eb p\u00ebrfaq\u00ebsimin e tyre n\u00eb p\u00ebrb\u00ebrjen e ardhshme t\u00eb parlamentit. Analist\u00ebt thon\u00eb se megjithat\u00eb, k\u00ebto zgjedhje jan\u00eb mund\u00ebsi p\u00ebr rikonfigurimin e sken\u00ebs politike shqiptare n\u00eb Mal t\u00eb Zi. P\u00ebr her\u00eb t\u00eb par\u00eb [&hellip;]<\/p>\n","protected":false},"author":1,"featured_media":0,"comment_status":"open","ping_status":"closed","sticky":false,"template":"","format":"standard","meta":{"spay_email":"","jetpack_publicize_message":"","jetpack_is_tweetstorm":false,"jetpack_publicize_feature_enabled":true},"categories":[6],"tags":[8405,8404,5922,8402,4690,8403,8406],"jetpack_publicize_connections":[],"yoast_head":"<!-- This site is optimized with the Yoast SEO plugin v19.1 - https:\/\/yoast.com\/wordpress\/plugins\/seo\/ -->\n<title>Video - P\u00ebrfundon fushata p\u00ebr zgjedhjet n\u00eb Mal t\u00eb Zi - Lajme nga Ulqini<\/title>\n<meta name=\"description\" content=\"N\u00eb Mal t\u00eb Zi, t\u00eb diel\u00ebn mbahen zgjedhjet e parakohshme parlamentare. Shqiptar\u00ebt paraqiten me pes\u00eb lista zgjedhore dhe kjo pritet t\u00eb ndikoj\u00eb negativisht n\u00eb\" \/>\n<meta name=\"robots\" content=\"index, follow, max-snippet:-1, max-image-preview:large, max-video-preview:-1\" \/>\n<link rel=\"canonical\" href=\"https:\/\/www.visit-ulcinj.com\/blog\/2009\/03\/27\/perfundon-fushata-per-zgjedhjet-ne-mal-te-zi\/\" \/>\n<meta property=\"og:locale\" content=\"en_US\" \/>\n<meta property=\"og:type\" content=\"article\" \/>\n<meta property=\"og:title\" content=\"Video - P\u00ebrfundon fushata p\u00ebr zgjedhjet n\u00eb Mal t\u00eb Zi - Lajme nga Ulqini\" \/>\n<meta property=\"og:description\" content=\"N\u00eb Mal t\u00eb Zi, t\u00eb diel\u00ebn mbahen zgjedhjet e parakohshme parlamentare. Shqiptar\u00ebt paraqiten me pes\u00eb lista zgjedhore dhe kjo pritet t\u00eb ndikoj\u00eb negativisht n\u00eb\" \/>\n<meta property=\"og:url\" content=\"https:\/\/www.visit-ulcinj.com\/blog\/2009\/03\/27\/perfundon-fushata-per-zgjedhjet-ne-mal-te-zi\/\" \/>\n<meta property=\"og:site_name\" content=\"Lajme nga Ulqini\" \/>\n<meta property=\"article:published_time\" content=\"2009-03-27T18:33:23+00:00\" \/>\n<meta property=\"article:modified_time\" content=\"2009-03-27T18:35:23+00:00\" \/>\n<meta property=\"og:image\" content=\"http:\/\/www.visit-ulcinj.com\/blog\/wp-content\/uploads\/2009\/03\/koalicioni-shqiptar-ne-mal-te-zi1.jpg\" \/>\n<meta name=\"twitter:label1\" content=\"Written by\" \/>\n\t<meta name=\"twitter:data1\" content=\"ulqini\" \/>\n\t<meta name=\"twitter:label2\" content=\"Est. reading time\" \/>\n\t<meta name=\"twitter:data2\" content=\"4 minutes\" \/>\n<script type=\"application\/ld+json\" class=\"yoast-schema-graph\">{\"@context\":\"https:\/\/schema.org\",\"@graph\":[{\"@type\":\"WebSite\",\"@id\":\"https:\/\/www.visit-ulcinj.com\/blog\/#website\",\"url\":\"https:\/\/www.visit-ulcinj.com\/blog\/\",\"name\":\"Lajme nga Ulqini\",\"description\":\"Lajme,Vijesti,Ulqini,Ulqin,Crna Gora,Mali i Zi\",\"potentialAction\":[{\"@type\":\"SearchAction\",\"target\":{\"@type\":\"EntryPoint\",\"urlTemplate\":\"https:\/\/www.visit-ulcinj.com\/blog\/?s={search_term_string}\"},\"query-input\":\"required name=search_term_string\"}],\"inLanguage\":\"en-US\"},{\"@type\":\"ImageObject\",\"inLanguage\":\"en-US\",\"@id\":\"https:\/\/www.visit-ulcinj.com\/blog\/2009\/03\/27\/perfundon-fushata-per-zgjedhjet-ne-mal-te-zi\/#primaryimage\",\"url\":\"https:\/\/www.visit-ulcinj.com\/blog\/wp-content\/uploads\/2009\/03\/koalicioni-shqiptar-ne-mal-te-zi1.jpg\",\"contentUrl\":\"https:\/\/www.visit-ulcinj.com\/blog\/wp-content\/uploads\/2009\/03\/koalicioni-shqiptar-ne-mal-te-zi1.jpg\",\"width\":\"415\",\"height\":\"573\"},{\"@type\":\"WebPage\",\"@id\":\"https:\/\/www.visit-ulcinj.com\/blog\/2009\/03\/27\/perfundon-fushata-per-zgjedhjet-ne-mal-te-zi\/#webpage\",\"url\":\"https:\/\/www.visit-ulcinj.com\/blog\/2009\/03\/27\/perfundon-fushata-per-zgjedhjet-ne-mal-te-zi\/\",\"name\":\"Video - P\u00ebrfundon fushata p\u00ebr zgjedhjet n\u00eb Mal t\u00eb Zi - Lajme nga Ulqini\",\"isPartOf\":{\"@id\":\"https:\/\/www.visit-ulcinj.com\/blog\/#website\"},\"primaryImageOfPage\":{\"@id\":\"https:\/\/www.visit-ulcinj.com\/blog\/2009\/03\/27\/perfundon-fushata-per-zgjedhjet-ne-mal-te-zi\/#primaryimage\"},\"datePublished\":\"2009-03-27T18:33:23+00:00\",\"dateModified\":\"2009-03-27T18:35:23+00:00\",\"author\":{\"@id\":\"https:\/\/www.visit-ulcinj.com\/blog\/#\/schema\/person\/dcab619c614d3038751c63bc2aadc06d\"},\"description\":\"N\u00eb Mal t\u00eb Zi, t\u00eb diel\u00ebn mbahen zgjedhjet e parakohshme parlamentare. Shqiptar\u00ebt paraqiten me pes\u00eb lista zgjedhore dhe kjo pritet t\u00eb ndikoj\u00eb negativisht n\u00eb\",\"breadcrumb\":{\"@id\":\"https:\/\/www.visit-ulcinj.com\/blog\/2009\/03\/27\/perfundon-fushata-per-zgjedhjet-ne-mal-te-zi\/#breadcrumb\"},\"inLanguage\":\"en-US\",\"potentialAction\":[{\"@type\":\"ReadAction\",\"target\":[\"https:\/\/www.visit-ulcinj.com\/blog\/2009\/03\/27\/perfundon-fushata-per-zgjedhjet-ne-mal-te-zi\/\"]}]},{\"@type\":\"BreadcrumbList\",\"@id\":\"https:\/\/www.visit-ulcinj.com\/blog\/2009\/03\/27\/perfundon-fushata-per-zgjedhjet-ne-mal-te-zi\/#breadcrumb\",\"itemListElement\":[{\"@type\":\"ListItem\",\"position\":1,\"name\":\"Video &#8211; P\u00ebrfundon fushata p\u00ebr zgjedhjet n\u00eb Mal t\u00eb Zi\"}]},{\"@type\":\"Person\",\"@id\":\"https:\/\/www.visit-ulcinj.com\/blog\/#\/schema\/person\/dcab619c614d3038751c63bc2aadc06d\",\"name\":\"ulqini\",\"sameAs\":[\"http:\/\/www.visit-ulcinj.com\"],\"url\":\"https:\/\/www.visit-ulcinj.com\/blog\/author\/admin\/\"}]}<\/script>\n<!-- \/ Yoast SEO plugin. -->","yoast_head_json":{"title":"Video - P\u00ebrfundon fushata p\u00ebr zgjedhjet n\u00eb Mal t\u00eb Zi - Lajme nga Ulqini","description":"N\u00eb Mal t\u00eb Zi, t\u00eb diel\u00ebn mbahen zgjedhjet e parakohshme parlamentare. Shqiptar\u00ebt paraqiten me pes\u00eb lista zgjedhore dhe kjo pritet t\u00eb ndikoj\u00eb negativisht n\u00eb","robots":{"index":"index","follow":"follow","max-snippet":"max-snippet:-1","max-image-preview":"max-image-preview:large","max-video-preview":"max-video-preview:-1"},"canonical":"https:\/\/www.visit-ulcinj.com\/blog\/2009\/03\/27\/perfundon-fushata-per-zgjedhjet-ne-mal-te-zi\/","og_locale":"en_US","og_type":"article","og_title":"Video - P\u00ebrfundon fushata p\u00ebr zgjedhjet n\u00eb Mal t\u00eb Zi - Lajme nga Ulqini","og_description":"N\u00eb Mal t\u00eb Zi, t\u00eb diel\u00ebn mbahen zgjedhjet e parakohshme parlamentare. Shqiptar\u00ebt paraqiten me pes\u00eb lista zgjedhore dhe kjo pritet t\u00eb ndikoj\u00eb negativisht n\u00eb","og_url":"https:\/\/www.visit-ulcinj.com\/blog\/2009\/03\/27\/perfundon-fushata-per-zgjedhjet-ne-mal-te-zi\/","og_site_name":"Lajme nga Ulqini","article_published_time":"2009-03-27T18:33:23+00:00","article_modified_time":"2009-03-27T18:35:23+00:00","og_image":[{"url":"http:\/\/www.visit-ulcinj.com\/blog\/wp-content\/uploads\/2009\/03\/koalicioni-shqiptar-ne-mal-te-zi1.jpg"}],"twitter_misc":{"Written by":"ulqini","Est. reading time":"4 minutes"},"schema":{"@context":"https:\/\/schema.org","@graph":[{"@type":"WebSite","@id":"https:\/\/www.visit-ulcinj.com\/blog\/#website","url":"https:\/\/www.visit-ulcinj.com\/blog\/","name":"Lajme nga Ulqini","description":"Lajme,Vijesti,Ulqini,Ulqin,Crna Gora,Mali i Zi","potentialAction":[{"@type":"SearchAction","target":{"@type":"EntryPoint","urlTemplate":"https:\/\/www.visit-ulcinj.com\/blog\/?s={search_term_string}"},"query-input":"required name=search_term_string"}],"inLanguage":"en-US"},{"@type":"ImageObject","inLanguage":"en-US","@id":"https:\/\/www.visit-ulcinj.com\/blog\/2009\/03\/27\/perfundon-fushata-per-zgjedhjet-ne-mal-te-zi\/#primaryimage","url":"https:\/\/www.visit-ulcinj.com\/blog\/wp-content\/uploads\/2009\/03\/koalicioni-shqiptar-ne-mal-te-zi1.jpg","contentUrl":"https:\/\/www.visit-ulcinj.com\/blog\/wp-content\/uploads\/2009\/03\/koalicioni-shqiptar-ne-mal-te-zi1.jpg","width":"415","height":"573"},{"@type":"WebPage","@id":"https:\/\/www.visit-ulcinj.com\/blog\/2009\/03\/27\/perfundon-fushata-per-zgjedhjet-ne-mal-te-zi\/#webpage","url":"https:\/\/www.visit-ulcinj.com\/blog\/2009\/03\/27\/perfundon-fushata-per-zgjedhjet-ne-mal-te-zi\/","name":"Video - P\u00ebrfundon fushata p\u00ebr zgjedhjet n\u00eb Mal t\u00eb Zi - Lajme nga Ulqini","isPartOf":{"@id":"https:\/\/www.visit-ulcinj.com\/blog\/#website"},"primaryImageOfPage":{"@id":"https:\/\/www.visit-ulcinj.com\/blog\/2009\/03\/27\/perfundon-fushata-per-zgjedhjet-ne-mal-te-zi\/#primaryimage"},"datePublished":"2009-03-27T18:33:23+00:00","dateModified":"2009-03-27T18:35:23+00:00","author":{"@id":"https:\/\/www.visit-ulcinj.com\/blog\/#\/schema\/person\/dcab619c614d3038751c63bc2aadc06d"},"description":"N\u00eb Mal t\u00eb Zi, t\u00eb diel\u00ebn mbahen zgjedhjet e parakohshme parlamentare. Shqiptar\u00ebt paraqiten me pes\u00eb lista zgjedhore dhe kjo pritet t\u00eb ndikoj\u00eb negativisht n\u00eb","breadcrumb":{"@id":"https:\/\/www.visit-ulcinj.com\/blog\/2009\/03\/27\/perfundon-fushata-per-zgjedhjet-ne-mal-te-zi\/#breadcrumb"},"inLanguage":"en-US","potentialAction":[{"@type":"ReadAction","target":["https:\/\/www.visit-ulcinj.com\/blog\/2009\/03\/27\/perfundon-fushata-per-zgjedhjet-ne-mal-te-zi\/"]}]},{"@type":"BreadcrumbList","@id":"https:\/\/www.visit-ulcinj.com\/blog\/2009\/03\/27\/perfundon-fushata-per-zgjedhjet-ne-mal-te-zi\/#breadcrumb","itemListElement":[{"@type":"ListItem","position":1,"name":"Video &#8211; P\u00ebrfundon fushata p\u00ebr zgjedhjet n\u00eb Mal t\u00eb Zi"}]},{"@type":"Person","@id":"https:\/\/www.visit-ulcinj.com\/blog\/#\/schema\/person\/dcab619c614d3038751c63bc2aadc06d","name":"ulqini","sameAs":["http:\/\/www.visit-ulcinj.com"],"url":"https:\/\/www.visit-ulcinj.com\/blog\/author\/admin\/"}]}},"jetpack_featured_media_url":"","jetpack_sharing_enabled":true,"jetpack_shortlink":"https:\/\/wp.me\/pe6lTn-46J","_links":{"self":[{"href":"https:\/\/www.visit-ulcinj.com\/blog\/wp-json\/wp\/v2\/posts\/15793"}],"collection":[{"href":"https:\/\/www.visit-ulcinj.com\/blog\/wp-json\/wp\/v2\/posts"}],"about":[{"href":"https:\/\/www.visit-ulcinj.com\/blog\/wp-json\/wp\/v2\/types\/post"}],"author":[{"embeddable":true,"href":"https:\/\/www.visit-ulcinj.com\/blog\/wp-json\/wp\/v2\/users\/1"}],"replies":[{"embeddable":true,"href":"https:\/\/www.visit-ulcinj.com\/blog\/wp-json\/wp\/v2\/comments?post=15793"}],"version-history":[{"count":0,"href":"https:\/\/www.visit-ulcinj.com\/blog\/wp-json\/wp\/v2\/posts\/15793\/revisions"}],"wp:attachment":[{"href":"https:\/\/www.visit-ulcinj.com\/blog\/wp-json\/wp\/v2\/media?parent=15793"}],"wp:term":[{"taxonomy":"category","embeddable":true,"href":"https:\/\/www.visit-ulcinj.com\/blog\/wp-json\/wp\/v2\/categories?post=15793"},{"taxonomy":"post_tag","embeddable":true,"href":"https:\/\/www.visit-ulcinj.com\/blog\/wp-json\/wp\/v2\/tags?post=15793"}],"curies":[{"name":"wp","href":"https:\/\/api.w.org\/{rel}","templated":true}]}}