{"id":15801,"date":"2009-03-27T19:56:01","date_gmt":"2009-03-27T18:56:01","guid":{"rendered":"http:\/\/www.visit-ulcinj.com\/blog\/?p=15801"},"modified":"2009-03-29T12:39:41","modified_gmt":"2009-03-29T11:39:41","slug":"video-perfundoi-fushata-zgjedhore-e-forces-se-re-demokratike","status":"publish","type":"post","link":"https:\/\/www.visit-ulcinj.com\/blog\/2009\/03\/27\/video-perfundoi-fushata-zgjedhore-e-forces-se-re-demokratike\/","title":{"rendered":"Video &#8211; P\u00ebrfundoi fushata zgjedhore e Forc\u00ebs s\u00eb Re Demokratike"},"content":{"rendered":"<p><strong><a href=\"http:\/\/www.visit-ulcinj.com\/blog\/wp-content\/uploads\/2009\/03\/genc-nimanbegu_deputet-ne-parlament.jpg\"><img loading=\"lazy\" class=\"alignleft size-full wp-image-15802\" title=\"genc-nimanbegu_deputet-ne-parlament\" src=\"http:\/\/www.visit-ulcinj.com\/blog\/wp-content\/uploads\/2009\/03\/genc-nimanbegu_deputet-ne-parlament.jpg\" alt=\"genc-nimanbegu_deputet-ne-parlament\" width=\"570\" height=\"343\" \/><\/a>P\u00ebrfundoi fushata zgjedhore e Forc\u00ebs:<\/strong><br \/>\nSonte n\u00eb mesnat\u00eb p\u00ebrfundon fushata elektorale p\u00ebr zgjedhjet parlamentare t\u00eb 29 marsit. Heshtja parazgjedhore do t\u00eb zgjas\u00eb deri t\u00eb diel\u00ebn n\u00eb or\u00ebn 19h00<br \/>\nVotuesit t\u00eb diel\u00ebn do t\u00eb hedhin vot\u00ebn p\u00ebr t\u00eb zgjedhurkanditatin e tyre.<br \/>\nJa pra\u00a0 edhe Promovimi q\u00ebndror\u00eb i Forc\u00ebs se Re Demokratike n\u00eb Shtepin e Kultur\u00ebs n\u00eb Ulqin.<br \/>\n<strong>Shikoni Videon<\/strong><\/p>\n<p>[flv width=&#8221;570&#8243; height=&#8221;370&#8243;]http:\/\/forca.me\/images\/stories\/videos\/PROMOVIMI.flv[\/flv]<\/p>\n<p><strong>Sipas sondazhit n\u00eb faqen ton t\u00eb internetit dalim me kto shifra momentale:<\/strong><br \/>\n<script type=\"text\/javascript\" language=\"javascript\" src=\"http:\/\/s3.polldaddy.com\/p\/1332209\"><\/script><\/p>\n","protected":false},"excerpt":{"rendered":"<p>P\u00ebrfundoi fushata zgjedhore e Forc\u00ebs: Sonte n\u00eb mesnat\u00eb p\u00ebrfundon fushata elektorale p\u00ebr zgjedhjet parlamentare t\u00eb 29 marsit. Heshtja parazgjedhore do t\u00eb zgjas\u00eb deri t\u00eb diel\u00ebn n\u00eb or\u00ebn 19h00 Votuesit t\u00eb diel\u00ebn do t\u00eb hedhin vot\u00ebn p\u00ebr t\u00eb zgjedhurkanditatin e tyre. Ja pra\u00a0 edhe Promovimi q\u00ebndror\u00eb i Forc\u00ebs se Re Demokratike n\u00eb Shtepin e Kultur\u00ebs n\u00eb [&hellip;]<\/p>\n","protected":false},"author":1,"featured_media":0,"comment_status":"open","ping_status":"closed","sticky":false,"template":"","format":"standard","meta":{"spay_email":"","jetpack_publicize_message":"","jetpack_is_tweetstorm":false,"jetpack_publicize_feature_enabled":true},"categories":[6],"tags":[501,499,8379,500,8407,8378,2450,200],"jetpack_publicize_connections":[],"yoast_head":"<!-- This site is optimized with the Yoast SEO plugin v19.1 - https:\/\/yoast.com\/wordpress\/plugins\/seo\/ -->\n<title>Video - P\u00ebrfundoi fushata zgjedhore e Forc\u00ebs s\u00eb Re Demokratike - Lajme nga Ulqini<\/title>\n<meta name=\"description\" content=\"P\u00ebrfundoi fushata zgjedhore e Forc\u00ebs: Sonte n\u00eb mesnat\u00eb p\u00ebrfundon fushata elektorale p\u00ebr zgjedhjet parlamentare t\u00eb 29 marsit. Heshtja parazgjedhore do t\u00eb\" \/>\n<meta name=\"robots\" content=\"index, follow, max-snippet:-1, max-image-preview:large, max-video-preview:-1\" \/>\n<link rel=\"canonical\" href=\"https:\/\/www.visit-ulcinj.com\/blog\/2009\/03\/27\/video-perfundoi-fushata-zgjedhore-e-forces-se-re-demokratike\/\" \/>\n<meta property=\"og:locale\" content=\"en_US\" \/>\n<meta property=\"og:type\" content=\"article\" \/>\n<meta property=\"og:title\" content=\"Video - P\u00ebrfundoi fushata zgjedhore e Forc\u00ebs s\u00eb Re Demokratike - Lajme nga Ulqini\" \/>\n<meta property=\"og:description\" content=\"P\u00ebrfundoi fushata zgjedhore e Forc\u00ebs: Sonte n\u00eb mesnat\u00eb p\u00ebrfundon fushata elektorale p\u00ebr zgjedhjet parlamentare t\u00eb 29 marsit. Heshtja parazgjedhore do t\u00eb\" \/>\n<meta property=\"og:url\" content=\"https:\/\/www.visit-ulcinj.com\/blog\/2009\/03\/27\/video-perfundoi-fushata-zgjedhore-e-forces-se-re-demokratike\/\" \/>\n<meta property=\"og:site_name\" content=\"Lajme nga Ulqini\" \/>\n<meta property=\"article:published_time\" content=\"2009-03-27T18:56:01+00:00\" \/>\n<meta property=\"article:modified_time\" content=\"2009-03-29T11:39:41+00:00\" \/>\n<meta property=\"og:image\" content=\"http:\/\/www.visit-ulcinj.com\/blog\/wp-content\/uploads\/2009\/03\/genc-nimanbegu_deputet-ne-parlament.jpg\" \/>\n<meta name=\"twitter:label1\" content=\"Written by\" \/>\n\t<meta name=\"twitter:data1\" content=\"ulqini\" \/>\n<script type=\"application\/ld+json\" class=\"yoast-schema-graph\">{\"@context\":\"https:\/\/schema.org\",\"@graph\":[{\"@type\":\"WebSite\",\"@id\":\"https:\/\/www.visit-ulcinj.com\/blog\/#website\",\"url\":\"https:\/\/www.visit-ulcinj.com\/blog\/\",\"name\":\"Lajme nga Ulqini\",\"description\":\"Lajme,Vijesti,Ulqini,Ulqin,Crna Gora,Mali i Zi\",\"potentialAction\":[{\"@type\":\"SearchAction\",\"target\":{\"@type\":\"EntryPoint\",\"urlTemplate\":\"https:\/\/www.visit-ulcinj.com\/blog\/?s={search_term_string}\"},\"query-input\":\"required name=search_term_string\"}],\"inLanguage\":\"en-US\"},{\"@type\":\"ImageObject\",\"inLanguage\":\"en-US\",\"@id\":\"https:\/\/www.visit-ulcinj.com\/blog\/2009\/03\/27\/video-perfundoi-fushata-zgjedhore-e-forces-se-re-demokratike\/#primaryimage\",\"url\":\"https:\/\/www.visit-ulcinj.com\/blog\/wp-content\/uploads\/2009\/03\/genc-nimanbegu_deputet-ne-parlament.jpg\",\"contentUrl\":\"https:\/\/www.visit-ulcinj.com\/blog\/wp-content\/uploads\/2009\/03\/genc-nimanbegu_deputet-ne-parlament.jpg\",\"width\":\"421\",\"height\":\"343\"},{\"@type\":\"WebPage\",\"@id\":\"https:\/\/www.visit-ulcinj.com\/blog\/2009\/03\/27\/video-perfundoi-fushata-zgjedhore-e-forces-se-re-demokratike\/#webpage\",\"url\":\"https:\/\/www.visit-ulcinj.com\/blog\/2009\/03\/27\/video-perfundoi-fushata-zgjedhore-e-forces-se-re-demokratike\/\",\"name\":\"Video - P\u00ebrfundoi fushata zgjedhore e Forc\u00ebs s\u00eb Re Demokratike - Lajme nga Ulqini\",\"isPartOf\":{\"@id\":\"https:\/\/www.visit-ulcinj.com\/blog\/#website\"},\"primaryImageOfPage\":{\"@id\":\"https:\/\/www.visit-ulcinj.com\/blog\/2009\/03\/27\/video-perfundoi-fushata-zgjedhore-e-forces-se-re-demokratike\/#primaryimage\"},\"datePublished\":\"2009-03-27T18:56:01+00:00\",\"dateModified\":\"2009-03-29T11:39:41+00:00\",\"author\":{\"@id\":\"https:\/\/www.visit-ulcinj.com\/blog\/#\/schema\/person\/dcab619c614d3038751c63bc2aadc06d\"},\"description\":\"P\u00ebrfundoi fushata zgjedhore e Forc\u00ebs: Sonte n\u00eb mesnat\u00eb p\u00ebrfundon fushata elektorale p\u00ebr zgjedhjet parlamentare t\u00eb 29 marsit. Heshtja parazgjedhore do t\u00eb\",\"breadcrumb\":{\"@id\":\"https:\/\/www.visit-ulcinj.com\/blog\/2009\/03\/27\/video-perfundoi-fushata-zgjedhore-e-forces-se-re-demokratike\/#breadcrumb\"},\"inLanguage\":\"en-US\",\"potentialAction\":[{\"@type\":\"ReadAction\",\"target\":[\"https:\/\/www.visit-ulcinj.com\/blog\/2009\/03\/27\/video-perfundoi-fushata-zgjedhore-e-forces-se-re-demokratike\/\"]}]},{\"@type\":\"BreadcrumbList\",\"@id\":\"https:\/\/www.visit-ulcinj.com\/blog\/2009\/03\/27\/video-perfundoi-fushata-zgjedhore-e-forces-se-re-demokratike\/#breadcrumb\",\"itemListElement\":[{\"@type\":\"ListItem\",\"position\":1,\"name\":\"Video &#8211; P\u00ebrfundoi fushata zgjedhore e Forc\u00ebs s\u00eb Re Demokratike\"}]},{\"@type\":\"Person\",\"@id\":\"https:\/\/www.visit-ulcinj.com\/blog\/#\/schema\/person\/dcab619c614d3038751c63bc2aadc06d\",\"name\":\"ulqini\",\"sameAs\":[\"http:\/\/www.visit-ulcinj.com\"],\"url\":\"https:\/\/www.visit-ulcinj.com\/blog\/author\/admin\/\"}]}<\/script>\n<!-- \/ Yoast SEO plugin. -->","yoast_head_json":{"title":"Video - P\u00ebrfundoi fushata zgjedhore e Forc\u00ebs s\u00eb Re Demokratike - Lajme nga Ulqini","description":"P\u00ebrfundoi fushata zgjedhore e Forc\u00ebs: Sonte n\u00eb mesnat\u00eb p\u00ebrfundon fushata elektorale p\u00ebr zgjedhjet parlamentare t\u00eb 29 marsit. Heshtja parazgjedhore do t\u00eb","robots":{"index":"index","follow":"follow","max-snippet":"max-snippet:-1","max-image-preview":"max-image-preview:large","max-video-preview":"max-video-preview:-1"},"canonical":"https:\/\/www.visit-ulcinj.com\/blog\/2009\/03\/27\/video-perfundoi-fushata-zgjedhore-e-forces-se-re-demokratike\/","og_locale":"en_US","og_type":"article","og_title":"Video - P\u00ebrfundoi fushata zgjedhore e Forc\u00ebs s\u00eb Re Demokratike - Lajme nga Ulqini","og_description":"P\u00ebrfundoi fushata zgjedhore e Forc\u00ebs: Sonte n\u00eb mesnat\u00eb p\u00ebrfundon fushata elektorale p\u00ebr zgjedhjet parlamentare t\u00eb 29 marsit. Heshtja parazgjedhore do t\u00eb","og_url":"https:\/\/www.visit-ulcinj.com\/blog\/2009\/03\/27\/video-perfundoi-fushata-zgjedhore-e-forces-se-re-demokratike\/","og_site_name":"Lajme nga Ulqini","article_published_time":"2009-03-27T18:56:01+00:00","article_modified_time":"2009-03-29T11:39:41+00:00","og_image":[{"url":"http:\/\/www.visit-ulcinj.com\/blog\/wp-content\/uploads\/2009\/03\/genc-nimanbegu_deputet-ne-parlament.jpg"}],"twitter_misc":{"Written by":"ulqini"},"schema":{"@context":"https:\/\/schema.org","@graph":[{"@type":"WebSite","@id":"https:\/\/www.visit-ulcinj.com\/blog\/#website","url":"https:\/\/www.visit-ulcinj.com\/blog\/","name":"Lajme nga Ulqini","description":"Lajme,Vijesti,Ulqini,Ulqin,Crna Gora,Mali i Zi","potentialAction":[{"@type":"SearchAction","target":{"@type":"EntryPoint","urlTemplate":"https:\/\/www.visit-ulcinj.com\/blog\/?s={search_term_string}"},"query-input":"required name=search_term_string"}],"inLanguage":"en-US"},{"@type":"ImageObject","inLanguage":"en-US","@id":"https:\/\/www.visit-ulcinj.com\/blog\/2009\/03\/27\/video-perfundoi-fushata-zgjedhore-e-forces-se-re-demokratike\/#primaryimage","url":"https:\/\/www.visit-ulcinj.com\/blog\/wp-content\/uploads\/2009\/03\/genc-nimanbegu_deputet-ne-parlament.jpg","contentUrl":"https:\/\/www.visit-ulcinj.com\/blog\/wp-content\/uploads\/2009\/03\/genc-nimanbegu_deputet-ne-parlament.jpg","width":"421","height":"343"},{"@type":"WebPage","@id":"https:\/\/www.visit-ulcinj.com\/blog\/2009\/03\/27\/video-perfundoi-fushata-zgjedhore-e-forces-se-re-demokratike\/#webpage","url":"https:\/\/www.visit-ulcinj.com\/blog\/2009\/03\/27\/video-perfundoi-fushata-zgjedhore-e-forces-se-re-demokratike\/","name":"Video - P\u00ebrfundoi fushata zgjedhore e Forc\u00ebs s\u00eb Re Demokratike - Lajme nga Ulqini","isPartOf":{"@id":"https:\/\/www.visit-ulcinj.com\/blog\/#website"},"primaryImageOfPage":{"@id":"https:\/\/www.visit-ulcinj.com\/blog\/2009\/03\/27\/video-perfundoi-fushata-zgjedhore-e-forces-se-re-demokratike\/#primaryimage"},"datePublished":"2009-03-27T18:56:01+00:00","dateModified":"2009-03-29T11:39:41+00:00","author":{"@id":"https:\/\/www.visit-ulcinj.com\/blog\/#\/schema\/person\/dcab619c614d3038751c63bc2aadc06d"},"description":"P\u00ebrfundoi fushata zgjedhore e Forc\u00ebs: Sonte n\u00eb mesnat\u00eb p\u00ebrfundon fushata elektorale p\u00ebr zgjedhjet parlamentare t\u00eb 29 marsit. Heshtja parazgjedhore do t\u00eb","breadcrumb":{"@id":"https:\/\/www.visit-ulcinj.com\/blog\/2009\/03\/27\/video-perfundoi-fushata-zgjedhore-e-forces-se-re-demokratike\/#breadcrumb"},"inLanguage":"en-US","potentialAction":[{"@type":"ReadAction","target":["https:\/\/www.visit-ulcinj.com\/blog\/2009\/03\/27\/video-perfundoi-fushata-zgjedhore-e-forces-se-re-demokratike\/"]}]},{"@type":"BreadcrumbList","@id":"https:\/\/www.visit-ulcinj.com\/blog\/2009\/03\/27\/video-perfundoi-fushata-zgjedhore-e-forces-se-re-demokratike\/#breadcrumb","itemListElement":[{"@type":"ListItem","position":1,"name":"Video &#8211; P\u00ebrfundoi fushata zgjedhore e Forc\u00ebs s\u00eb Re Demokratike"}]},{"@type":"Person","@id":"https:\/\/www.visit-ulcinj.com\/blog\/#\/schema\/person\/dcab619c614d3038751c63bc2aadc06d","name":"ulqini","sameAs":["http:\/\/www.visit-ulcinj.com"],"url":"https:\/\/www.visit-ulcinj.com\/blog\/author\/admin\/"}]}},"jetpack_featured_media_url":"","jetpack_sharing_enabled":true,"jetpack_shortlink":"https:\/\/wp.me\/pe6lTn-46R","_links":{"self":[{"href":"https:\/\/www.visit-ulcinj.com\/blog\/wp-json\/wp\/v2\/posts\/15801"}],"collection":[{"href":"https:\/\/www.visit-ulcinj.com\/blog\/wp-json\/wp\/v2\/posts"}],"about":[{"href":"https:\/\/www.visit-ulcinj.com\/blog\/wp-json\/wp\/v2\/types\/post"}],"author":[{"embeddable":true,"href":"https:\/\/www.visit-ulcinj.com\/blog\/wp-json\/wp\/v2\/users\/1"}],"replies":[{"embeddable":true,"href":"https:\/\/www.visit-ulcinj.com\/blog\/wp-json\/wp\/v2\/comments?post=15801"}],"version-history":[{"count":0,"href":"https:\/\/www.visit-ulcinj.com\/blog\/wp-json\/wp\/v2\/posts\/15801\/revisions"}],"wp:attachment":[{"href":"https:\/\/www.visit-ulcinj.com\/blog\/wp-json\/wp\/v2\/media?parent=15801"}],"wp:term":[{"taxonomy":"category","embeddable":true,"href":"https:\/\/www.visit-ulcinj.com\/blog\/wp-json\/wp\/v2\/categories?post=15801"},{"taxonomy":"post_tag","embeddable":true,"href":"https:\/\/www.visit-ulcinj.com\/blog\/wp-json\/wp\/v2\/tags?post=15801"}],"curies":[{"name":"wp","href":"https:\/\/api.w.org\/{rel}","templated":true}]}}