{"id":15805,"date":"2009-03-27T20:31:40","date_gmt":"2009-03-27T19:31:40","guid":{"rendered":"http:\/\/www.visit-ulcinj.com\/blog\/?p=15805"},"modified":"2009-03-27T20:33:43","modified_gmt":"2009-03-27T19:33:43","slug":"mali-i-zi-te-dielen-zhvillon-zgjedhjet-e-parakohshme","status":"publish","type":"post","link":"https:\/\/www.visit-ulcinj.com\/blog\/2009\/03\/27\/mali-i-zi-te-dielen-zhvillon-zgjedhjet-e-parakohshme\/","title":{"rendered":"Video &#8211; Mali i Zi, t\u00eb diel\u00ebn zhvillon zgjedhjet e parakohshme"},"content":{"rendered":"<p><a href=\"http:\/\/www.visit-ulcinj.com\/blog\/wp-content\/uploads\/2009\/03\/zgjedhjet-parlamentare-ne-mal-te-zi.jpg\"><img loading=\"lazy\" class=\"alignleft size-full wp-image-15806\" title=\"zgjedhjet-parlamentare-ne-mal-te-zi\" src=\"http:\/\/www.visit-ulcinj.com\/blog\/wp-content\/uploads\/2009\/03\/zgjedhjet-parlamentare-ne-mal-te-zi.jpg\" alt=\"zgjedhjet-parlamentare-ne-mal-te-zi\" width=\"320\" height=\"360\" \/><\/a>Mali i Zi shkon n\u00eb zgjedhje t\u00eb p\u00ebrgjithshme dit\u00ebn e diel\u00eb. Nuk pritet ndonj\u00eb surpriz\u00eb n\u00eb k\u00ebto votime t\u00eb parakohshme, pasi sondazhet tregojn\u00eb se s\u00ebrish do t\u00eb fitoj\u00eb shumic\u00ebn e votave koaliocioni i kryeministrit Gjykanovi\u00e7<br \/>\nPODGORIC- Mali i Zi shkon n\u00eb zgjedhje parlamentare dit\u00ebn e diel\u00eb. Megjithat\u00eb nuk duket se do t\u00eb ket\u00eb ndonj\u00eb surpriz\u00eb n\u00eb rezultatin e zgjedhjeve t\u00eb parakohshme n\u00eb shtetin m\u00eb t\u00eb vog\u00ebl Ballkanik me 670 mij\u00eb banor\u00eb. Pritet q\u00eb s\u00ebrish shumic\u00ebn e votave ta marr\u00eb koalicioni qeveris\u00ebs i Malit t\u00eb Zi, i drejtuar nga kryeministri Milo Gjykanovi\u00e7.<br \/>\nSondazhet thon\u00eb se koalicioni i tij \u201cP\u00ebr nj\u00eb Mal t\u00eb Zi Europian\u201d, kryeson me 50 p\u00ebr qind t\u00eb votave. Dhe n\u00eb fakt Gjykanovi\u00e7 ka dominuar t\u00eb gjith\u00eb jet\u00ebn politike t\u00eb k\u00ebtij kombi ballkanik p\u00ebr dy dekada. Ishte Gjykanovi\u00e7 q\u00eb realizoi \u00ebndrr\u00ebn e malazez\u00ebve p\u00ebr nj\u00eb shtet t\u00eb pavarur nga Serbia dhe \u00ebsht\u00eb ai figura e vetme tek i cili banor\u00ebt e k\u00ebtij shteti besojn\u00eb se do t\u2019i udh\u00ebheq\u00eb drejt integrimit n\u00eb Bashkimit Evropian. N\u00eb fakt, qeveria e Gjykanovi\u00e7 ka premtuar se do t\u00eb luftoj\u00eb edhe kriz\u00ebn ekonomike aktuale q\u00eb ka p\u00ebrfshir\u00eb t\u00eb gjth\u00eb bot\u00ebn. Pas zgjedhjeve t\u00eb 2006, partit\u00eb politike ran\u00eb dakord q\u00eb t\u00eb mbanin zgjedhjet t\u00eb tjera n\u00eb fund t\u00eb 2009, por qeveria vendosi ta afroj\u00eb dat\u00ebn e zgjedhjeve p\u00ebr m\u00eb 29 mars, duke th\u00ebn\u00eb se rruga e an\u00ebtar\u00ebsimit n\u00eb Bashkimin Evropian k\u00ebrkon nj\u00eb qeveri dhe parlament plot\u00ebsisht funksional.<\/p>\n<p>\u201cJa p\u00ebrse vendos\u00ebm p\u00ebr zgjedhje t\u00eb p\u00ebrgjithshme. Vendos\u00ebm p\u00ebr 29 mars dhe besojm\u00eb se m\u00eb 30 mars, vullneti i qytetar\u00ebve t\u00eb Malit t\u00eb Zi do b\u00ebhet i ditur\u201d, tha GJykanovi\u00e7 gjat\u00eb nj\u00eb mitingu n\u00eb Budva, n\u00eb qytetin m\u00eb t\u00eb madh turistik q\u00eb i ka dh\u00ebn\u00eb dhe nj\u00eb zhvillim ekonomis\u00eb s\u00eb k\u00ebtij vendi.<br \/>\nPartia kryesore opozitare Socialiste nuk ka arritur sukses t\u00eb bashkoj\u00eb opozit\u00ebn, por n\u00eb fushat\u00eb ka th\u00ebn\u00eb se Gjukanovi\u00e7 po b\u00ebn premtime, g\u00ebnjeshtra. Lideri i k\u00ebsaj partie Serdjan Milic u ka b\u00ebr\u00eb thirrje qytetar\u00ebve t\u00eb mos g\u00ebnjehen.<br \/>\nNd\u00ebrkoh\u00eb n\u00eb votime garojn\u00eb dhe 6 parti shqiptare, t\u00eb p\u00ebr\u00e7ara dhe secilia b\u00ebn fushat\u00eb m\u00eb vete. Shqiptar\u00ebt jan\u00eb t\u00eb p\u00ebrqendruar n\u00eb qytetin jugor t\u00eb Ulqinit.<\/p>\n<p>Q\u00eb nj\u00eb parti t\u00eb fitoj\u00eb nj\u00eb vend n\u00eb parlament duhet t\u00eb marr\u00eb votat e t\u00eb pakt\u00ebn 2500 zgjedh\u00ebsve. N\u00eb Mal t\u00eb Zi jetojn\u00eb 30 mij\u00eb shqiptar\u00eb dhe n\u00eb rast se ata t\u00eb gjith\u00eb do t\u00eb votonin p\u00ebr nj\u00eb parti t\u00eb vetme, shqiptar\u00ebt do t\u00eb kishin mund\u00ebsi t\u00eb p\u00ebrfaq\u00ebsoheshin n\u00eb k\u00ebt\u00eb parlament. Por fakti q\u00eb partit\u00eb shqiptare garojn\u00eb m\u00eb vete, do t\u2019i kushtoj\u00eb shum\u00eb edhe qytetar\u00ebve shqiptar\u00eb. Prej koh\u00ebsh shqiptar\u00ebt ankohen se n\u00eb zonat ku ata jetojn\u00eb investimet e qeveris\u00eb jan\u00eb shum\u00eb t\u00eb ul\u00ebta. Republika e Malit t\u00eb Zi ka v\u00ebshtir\u00ebsi ekonomike dhe s\u00eb fundi qeveria ka k\u00ebrkuar nj\u00eb ndihm\u00eb prej 200-300 milion euro nga Fondi Monetar\u00eb Nd\u00ebrkomb\u00ebtar\u00eb.<br \/>\n<strong>(a.r\/news24\/balkanweb)<\/strong><\/p>\n<p><object classid=\"clsid:6bf52a52-394a-11d3-b153-00c04f79faa6\" width=\"400\" height=\"300\" codebase=\"http:\/\/activex.microsoft.com\/activex\/controls\/mplayer\/en\/nsmp2inf.cab#Version=5,1,52,701\"><param name=\"url\" value=\"http:\/\/www.balkanweb.com\/sitev4\/upload\/multimedia\/1238173430.wmv\" \/><param name=\"url\" value=\"http:\/\/www.balkanweb.com\/sitev4\/upload\/multimedia\/1238173430.wmv\" \/><\/object><\/p>\n","protected":false},"excerpt":{"rendered":"<p>Mali i Zi shkon n\u00eb zgjedhje t\u00eb p\u00ebrgjithshme dit\u00ebn e diel\u00eb. Nuk pritet ndonj\u00eb surpriz\u00eb n\u00eb k\u00ebto votime t\u00eb parakohshme, pasi sondazhet tregojn\u00eb se s\u00ebrish do t\u00eb fitoj\u00eb shumic\u00ebn e votave koaliocioni i kryeministrit Gjykanovi\u00e7 PODGORIC- Mali i Zi shkon n\u00eb zgjedhje parlamentare dit\u00ebn e diel\u00eb. Megjithat\u00eb nuk duket se do t\u00eb ket\u00eb ndonj\u00eb surpriz\u00eb [&hellip;]<\/p>\n","protected":false},"author":1,"featured_media":0,"comment_status":"open","ping_status":"closed","sticky":false,"template":"","format":"standard","meta":{"spay_email":"","jetpack_publicize_message":"","jetpack_is_tweetstorm":false,"jetpack_publicize_feature_enabled":true},"categories":[12],"tags":[95,8408],"jetpack_publicize_connections":[],"yoast_head":"<!-- This site is optimized with the Yoast SEO plugin v19.1 - https:\/\/yoast.com\/wordpress\/plugins\/seo\/ -->\n<title>Video - Mali i Zi, t\u00eb diel\u00ebn zhvillon zgjedhjet e parakohshme - Lajme nga Ulqini<\/title>\n<meta name=\"description\" content=\"Mali i Zi shkon n\u00eb zgjedhje t\u00eb p\u00ebrgjithshme dit\u00ebn e diel\u00eb. Nuk pritet ndonj\u00eb surpriz\u00eb n\u00eb k\u00ebto votime t\u00eb parakohshme, pasi sondazhet tregojn\u00eb se s\u00ebrish do\" \/>\n<meta name=\"robots\" content=\"index, follow, max-snippet:-1, max-image-preview:large, max-video-preview:-1\" \/>\n<link rel=\"canonical\" href=\"https:\/\/www.visit-ulcinj.com\/blog\/2009\/03\/27\/mali-i-zi-te-dielen-zhvillon-zgjedhjet-e-parakohshme\/\" \/>\n<meta property=\"og:locale\" content=\"en_US\" \/>\n<meta property=\"og:type\" content=\"article\" \/>\n<meta property=\"og:title\" content=\"Video - Mali i Zi, t\u00eb diel\u00ebn zhvillon zgjedhjet e parakohshme - Lajme nga Ulqini\" \/>\n<meta property=\"og:description\" content=\"Mali i Zi shkon n\u00eb zgjedhje t\u00eb p\u00ebrgjithshme dit\u00ebn e diel\u00eb. Nuk pritet ndonj\u00eb surpriz\u00eb n\u00eb k\u00ebto votime t\u00eb parakohshme, pasi sondazhet tregojn\u00eb se s\u00ebrish do\" \/>\n<meta property=\"og:url\" content=\"https:\/\/www.visit-ulcinj.com\/blog\/2009\/03\/27\/mali-i-zi-te-dielen-zhvillon-zgjedhjet-e-parakohshme\/\" \/>\n<meta property=\"og:site_name\" content=\"Lajme nga Ulqini\" \/>\n<meta property=\"article:published_time\" content=\"2009-03-27T19:31:40+00:00\" \/>\n<meta property=\"article:modified_time\" content=\"2009-03-27T19:33:43+00:00\" \/>\n<meta property=\"og:image\" content=\"http:\/\/www.visit-ulcinj.com\/blog\/wp-content\/uploads\/2009\/03\/zgjedhjet-parlamentare-ne-mal-te-zi.jpg\" \/>\n<meta name=\"twitter:label1\" content=\"Written by\" \/>\n\t<meta name=\"twitter:data1\" content=\"ulqini\" \/>\n\t<meta name=\"twitter:label2\" content=\"Est. reading time\" \/>\n\t<meta name=\"twitter:data2\" content=\"3 minutes\" \/>\n<script type=\"application\/ld+json\" class=\"yoast-schema-graph\">{\"@context\":\"https:\/\/schema.org\",\"@graph\":[{\"@type\":\"WebSite\",\"@id\":\"https:\/\/www.visit-ulcinj.com\/blog\/#website\",\"url\":\"https:\/\/www.visit-ulcinj.com\/blog\/\",\"name\":\"Lajme nga Ulqini\",\"description\":\"Lajme,Vijesti,Ulqini,Ulqin,Crna Gora,Mali i Zi\",\"potentialAction\":[{\"@type\":\"SearchAction\",\"target\":{\"@type\":\"EntryPoint\",\"urlTemplate\":\"https:\/\/www.visit-ulcinj.com\/blog\/?s={search_term_string}\"},\"query-input\":\"required name=search_term_string\"}],\"inLanguage\":\"en-US\"},{\"@type\":\"ImageObject\",\"inLanguage\":\"en-US\",\"@id\":\"https:\/\/www.visit-ulcinj.com\/blog\/2009\/03\/27\/mali-i-zi-te-dielen-zhvillon-zgjedhjet-e-parakohshme\/#primaryimage\",\"url\":\"http:\/\/www.visit-ulcinj.com\/blog\/wp-content\/uploads\/2009\/03\/zgjedhjet-parlamentare-ne-mal-te-zi.jpg\",\"contentUrl\":\"http:\/\/www.visit-ulcinj.com\/blog\/wp-content\/uploads\/2009\/03\/zgjedhjet-parlamentare-ne-mal-te-zi.jpg\"},{\"@type\":\"WebPage\",\"@id\":\"https:\/\/www.visit-ulcinj.com\/blog\/2009\/03\/27\/mali-i-zi-te-dielen-zhvillon-zgjedhjet-e-parakohshme\/#webpage\",\"url\":\"https:\/\/www.visit-ulcinj.com\/blog\/2009\/03\/27\/mali-i-zi-te-dielen-zhvillon-zgjedhjet-e-parakohshme\/\",\"name\":\"Video - Mali i Zi, t\u00eb diel\u00ebn zhvillon zgjedhjet e parakohshme - Lajme nga Ulqini\",\"isPartOf\":{\"@id\":\"https:\/\/www.visit-ulcinj.com\/blog\/#website\"},\"primaryImageOfPage\":{\"@id\":\"https:\/\/www.visit-ulcinj.com\/blog\/2009\/03\/27\/mali-i-zi-te-dielen-zhvillon-zgjedhjet-e-parakohshme\/#primaryimage\"},\"datePublished\":\"2009-03-27T19:31:40+00:00\",\"dateModified\":\"2009-03-27T19:33:43+00:00\",\"author\":{\"@id\":\"https:\/\/www.visit-ulcinj.com\/blog\/#\/schema\/person\/dcab619c614d3038751c63bc2aadc06d\"},\"description\":\"Mali i Zi shkon n\u00eb zgjedhje t\u00eb p\u00ebrgjithshme dit\u00ebn e diel\u00eb. Nuk pritet ndonj\u00eb surpriz\u00eb n\u00eb k\u00ebto votime t\u00eb parakohshme, pasi sondazhet tregojn\u00eb se s\u00ebrish do\",\"breadcrumb\":{\"@id\":\"https:\/\/www.visit-ulcinj.com\/blog\/2009\/03\/27\/mali-i-zi-te-dielen-zhvillon-zgjedhjet-e-parakohshme\/#breadcrumb\"},\"inLanguage\":\"en-US\",\"potentialAction\":[{\"@type\":\"ReadAction\",\"target\":[\"https:\/\/www.visit-ulcinj.com\/blog\/2009\/03\/27\/mali-i-zi-te-dielen-zhvillon-zgjedhjet-e-parakohshme\/\"]}]},{\"@type\":\"BreadcrumbList\",\"@id\":\"https:\/\/www.visit-ulcinj.com\/blog\/2009\/03\/27\/mali-i-zi-te-dielen-zhvillon-zgjedhjet-e-parakohshme\/#breadcrumb\",\"itemListElement\":[{\"@type\":\"ListItem\",\"position\":1,\"name\":\"Video &#8211; Mali i Zi, t\u00eb diel\u00ebn zhvillon zgjedhjet e parakohshme\"}]},{\"@type\":\"Person\",\"@id\":\"https:\/\/www.visit-ulcinj.com\/blog\/#\/schema\/person\/dcab619c614d3038751c63bc2aadc06d\",\"name\":\"ulqini\",\"sameAs\":[\"http:\/\/www.visit-ulcinj.com\"],\"url\":\"https:\/\/www.visit-ulcinj.com\/blog\/author\/admin\/\"}]}<\/script>\n<!-- \/ Yoast SEO plugin. -->","yoast_head_json":{"title":"Video - Mali i Zi, t\u00eb diel\u00ebn zhvillon zgjedhjet e parakohshme - Lajme nga Ulqini","description":"Mali i Zi shkon n\u00eb zgjedhje t\u00eb p\u00ebrgjithshme dit\u00ebn e diel\u00eb. Nuk pritet ndonj\u00eb surpriz\u00eb n\u00eb k\u00ebto votime t\u00eb parakohshme, pasi sondazhet tregojn\u00eb se s\u00ebrish do","robots":{"index":"index","follow":"follow","max-snippet":"max-snippet:-1","max-image-preview":"max-image-preview:large","max-video-preview":"max-video-preview:-1"},"canonical":"https:\/\/www.visit-ulcinj.com\/blog\/2009\/03\/27\/mali-i-zi-te-dielen-zhvillon-zgjedhjet-e-parakohshme\/","og_locale":"en_US","og_type":"article","og_title":"Video - Mali i Zi, t\u00eb diel\u00ebn zhvillon zgjedhjet e parakohshme - Lajme nga Ulqini","og_description":"Mali i Zi shkon n\u00eb zgjedhje t\u00eb p\u00ebrgjithshme dit\u00ebn e diel\u00eb. Nuk pritet ndonj\u00eb surpriz\u00eb n\u00eb k\u00ebto votime t\u00eb parakohshme, pasi sondazhet tregojn\u00eb se s\u00ebrish do","og_url":"https:\/\/www.visit-ulcinj.com\/blog\/2009\/03\/27\/mali-i-zi-te-dielen-zhvillon-zgjedhjet-e-parakohshme\/","og_site_name":"Lajme nga Ulqini","article_published_time":"2009-03-27T19:31:40+00:00","article_modified_time":"2009-03-27T19:33:43+00:00","og_image":[{"url":"http:\/\/www.visit-ulcinj.com\/blog\/wp-content\/uploads\/2009\/03\/zgjedhjet-parlamentare-ne-mal-te-zi.jpg"}],"twitter_misc":{"Written by":"ulqini","Est. reading time":"3 minutes"},"schema":{"@context":"https:\/\/schema.org","@graph":[{"@type":"WebSite","@id":"https:\/\/www.visit-ulcinj.com\/blog\/#website","url":"https:\/\/www.visit-ulcinj.com\/blog\/","name":"Lajme nga Ulqini","description":"Lajme,Vijesti,Ulqini,Ulqin,Crna Gora,Mali i Zi","potentialAction":[{"@type":"SearchAction","target":{"@type":"EntryPoint","urlTemplate":"https:\/\/www.visit-ulcinj.com\/blog\/?s={search_term_string}"},"query-input":"required name=search_term_string"}],"inLanguage":"en-US"},{"@type":"ImageObject","inLanguage":"en-US","@id":"https:\/\/www.visit-ulcinj.com\/blog\/2009\/03\/27\/mali-i-zi-te-dielen-zhvillon-zgjedhjet-e-parakohshme\/#primaryimage","url":"http:\/\/www.visit-ulcinj.com\/blog\/wp-content\/uploads\/2009\/03\/zgjedhjet-parlamentare-ne-mal-te-zi.jpg","contentUrl":"http:\/\/www.visit-ulcinj.com\/blog\/wp-content\/uploads\/2009\/03\/zgjedhjet-parlamentare-ne-mal-te-zi.jpg"},{"@type":"WebPage","@id":"https:\/\/www.visit-ulcinj.com\/blog\/2009\/03\/27\/mali-i-zi-te-dielen-zhvillon-zgjedhjet-e-parakohshme\/#webpage","url":"https:\/\/www.visit-ulcinj.com\/blog\/2009\/03\/27\/mali-i-zi-te-dielen-zhvillon-zgjedhjet-e-parakohshme\/","name":"Video - Mali i Zi, t\u00eb diel\u00ebn zhvillon zgjedhjet e parakohshme - Lajme nga Ulqini","isPartOf":{"@id":"https:\/\/www.visit-ulcinj.com\/blog\/#website"},"primaryImageOfPage":{"@id":"https:\/\/www.visit-ulcinj.com\/blog\/2009\/03\/27\/mali-i-zi-te-dielen-zhvillon-zgjedhjet-e-parakohshme\/#primaryimage"},"datePublished":"2009-03-27T19:31:40+00:00","dateModified":"2009-03-27T19:33:43+00:00","author":{"@id":"https:\/\/www.visit-ulcinj.com\/blog\/#\/schema\/person\/dcab619c614d3038751c63bc2aadc06d"},"description":"Mali i Zi shkon n\u00eb zgjedhje t\u00eb p\u00ebrgjithshme dit\u00ebn e diel\u00eb. Nuk pritet ndonj\u00eb surpriz\u00eb n\u00eb k\u00ebto votime t\u00eb parakohshme, pasi sondazhet tregojn\u00eb se s\u00ebrish do","breadcrumb":{"@id":"https:\/\/www.visit-ulcinj.com\/blog\/2009\/03\/27\/mali-i-zi-te-dielen-zhvillon-zgjedhjet-e-parakohshme\/#breadcrumb"},"inLanguage":"en-US","potentialAction":[{"@type":"ReadAction","target":["https:\/\/www.visit-ulcinj.com\/blog\/2009\/03\/27\/mali-i-zi-te-dielen-zhvillon-zgjedhjet-e-parakohshme\/"]}]},{"@type":"BreadcrumbList","@id":"https:\/\/www.visit-ulcinj.com\/blog\/2009\/03\/27\/mali-i-zi-te-dielen-zhvillon-zgjedhjet-e-parakohshme\/#breadcrumb","itemListElement":[{"@type":"ListItem","position":1,"name":"Video &#8211; Mali i Zi, t\u00eb diel\u00ebn zhvillon zgjedhjet e parakohshme"}]},{"@type":"Person","@id":"https:\/\/www.visit-ulcinj.com\/blog\/#\/schema\/person\/dcab619c614d3038751c63bc2aadc06d","name":"ulqini","sameAs":["http:\/\/www.visit-ulcinj.com"],"url":"https:\/\/www.visit-ulcinj.com\/blog\/author\/admin\/"}]}},"jetpack_featured_media_url":"","jetpack_sharing_enabled":true,"jetpack_shortlink":"https:\/\/wp.me\/pe6lTn-46V","_links":{"self":[{"href":"https:\/\/www.visit-ulcinj.com\/blog\/wp-json\/wp\/v2\/posts\/15805"}],"collection":[{"href":"https:\/\/www.visit-ulcinj.com\/blog\/wp-json\/wp\/v2\/posts"}],"about":[{"href":"https:\/\/www.visit-ulcinj.com\/blog\/wp-json\/wp\/v2\/types\/post"}],"author":[{"embeddable":true,"href":"https:\/\/www.visit-ulcinj.com\/blog\/wp-json\/wp\/v2\/users\/1"}],"replies":[{"embeddable":true,"href":"https:\/\/www.visit-ulcinj.com\/blog\/wp-json\/wp\/v2\/comments?post=15805"}],"version-history":[{"count":0,"href":"https:\/\/www.visit-ulcinj.com\/blog\/wp-json\/wp\/v2\/posts\/15805\/revisions"}],"wp:attachment":[{"href":"https:\/\/www.visit-ulcinj.com\/blog\/wp-json\/wp\/v2\/media?parent=15805"}],"wp:term":[{"taxonomy":"category","embeddable":true,"href":"https:\/\/www.visit-ulcinj.com\/blog\/wp-json\/wp\/v2\/categories?post=15805"},{"taxonomy":"post_tag","embeddable":true,"href":"https:\/\/www.visit-ulcinj.com\/blog\/wp-json\/wp\/v2\/tags?post=15805"}],"curies":[{"name":"wp","href":"https:\/\/api.w.org\/{rel}","templated":true}]}}