{"id":1581,"date":"2008-05-15T11:21:04","date_gmt":"2008-05-15T16:21:04","guid":{"rendered":"http:\/\/www.visit-ulcinj.com\/blog\/?p=1581"},"modified":"2008-05-15T11:27:47","modified_gmt":"2008-05-15T16:27:47","slug":"keshilli-nacionale-ne-malin-e-zi-dhe-sfidat-qe-e-presinal-i-pakices-shqipta","status":"publish","type":"post","link":"https:\/\/www.visit-ulcinj.com\/blog\/2008\/05\/15\/keshilli-nacionale-ne-malin-e-zi-dhe-sfidat-qe-e-presinal-i-pakices-shqipta\/","title":{"rendered":"K\u00ebshilli Nacional i pakic\u00ebs shqiptare n\u00eb Malin e Zi dhe sfidat q\u00eb e presin"},"content":{"rendered":"<p><a href=\"http:\/\/www.visit-ulcinj.com\/blog\/wp-content\/uploads\/2008\/05\/demokraci.jpg\"><img loading=\"lazy\" class=\"alignleft attachment wp-att-1582\" style=\"float: left;\" src=\"http:\/\/www.visit-ulcinj.com\/blog\/wp-content\/uploads\/2008\/05\/demokraci.thumbnail.jpg\" alt=\"demokraci\" width=\"169\" height=\"200\" \/><\/a>Detyr\u00eb par\u00ebsore dhe moto t\u00eb veprimtaris\u00eb s\u00eb vet K\u00ebshilli Nacional duhet t\u00eb ket\u00eb aktualizimin e \u00e7\u00ebshtjes shqiptare n\u00eb instancat m\u00eb t\u00eb larta shtet\u00ebrore dhe nd\u00ebrkomb\u00ebtare, n\u00eb nivelin q\u00eb i takon dhe paraqitjen e situat\u00ebs reale t\u00eb pozit\u00ebs s\u00eb shqiptar\u00ebve n\u00eb Malin e Zi. Probleme ka mjaft, por varet sa do jemi ne n\u00eb gjendje t\u2019i evidentojm\u00eb ato dhe t\u2019i paraqesim si t\u00eb tilla.<br \/>\nM\u00eb n\u00eb fund edhe shqiptar\u00ebt n\u00eb Malin e Zi arrit\u00ebn q\u00eb, n\u00eb baz\u00eb t\u00eb ligjit, ta ken\u00eb K\u00ebshillin e vet Nacional. T\u00eb themi t\u00eb drejt\u00ebn ishim mjaft dyshues dhe t\u00eb pa vendosur p\u00ebr ta marr\u00eb k\u00ebt\u00eb iniciativ\u00eb \u00e7ka tregon vet\u00eb fakti se ishim pakica e fundit q\u00eb b\u00ebri konstituimin e K\u00ebshillit t\u00eb vet Nacional dhe p\u00ebr k\u00ebt\u00eb u desh iniciativa direkte e Ministris\u00eb p\u00ebrkat\u00ebse dhe afatizimi kohor, sepse p\u00ebrndryshe ndoshta akoma do t\u00eb ishim n\u00eb hamendje dhe dilema.<br \/>\nPyes, pse ndodhi k\u00ebshtu? A thua shqiptar\u00ebt, q\u00eb dikur ishin t\u00eb etsh\u00ebm ta thon\u00eb fjal\u00ebn e vet dhe mjaft k\u00ebmb\u00ebngul\u00ebs n\u00eb k\u00ebrkesa, humb\u00ebn di\u00e7ka nga vetja e tyre n\u00eb rrug\u00ebn e gjat\u00eb dhe mjaft t\u00eb v\u00ebshtir\u00eb parlamentare?!<br \/>\nP\u00ebrgjigja shtrihet nga mendimi m\u00eb skeptik i cili q\u00eb n\u00eb fillim b\u00ebn thirje p\u00ebr bojkot e heqje dor\u00eb nga ky projekt e deri te qasja m\u00eb pozitive dhe vler\u00ebsimi maksimal q\u00eb mund t\u2019i atribuohet ekzistimit t\u00eb K\u00ebshillit nacional.Un\u00eb q\u00eb n\u00eb fillim do t\u00eb thoja se t\u00eb par\u00ebt e kan\u00eb gabim, nd\u00ebrsa t\u00eb dyt\u00ebt kan\u00eb tep\u00ebr vet\u00ebbesim. E v\u00ebrteta e ka vendin e vet dhe q\u00ebndron diku tjet\u00ebr.<br \/>\nSi\u00e7 e dim\u00eb t\u00eb gjith\u00eb, Mali i Zi \u00ebsht\u00eb nj\u00eb shtet i cili tenton t\u00eb ndjek\u00eb rrug\u00ebn e integrimeve euroatlantike sikurse edhe shtetet tjera fqinje. S\u00eb paku k\u00ebshtu deklarohet dhe na vjen mir\u00eb sidomos edhe kur shohim ndonj\u00eb iniciativ\u00eb direkte n\u00eb at\u00eb drejtim.Mir\u00ebpo kur kemi t\u00eb b\u00ebjm\u00eb me politik\u00ebn shtet\u00ebrore ndaj pakicave ajo \u00ebsht\u00eb konstante dhe e patjet\u00ebrsueshme q\u00eb shkon vij\u00ebs ideologjike e cila shprehimisht mund t\u00eb kuptohet n\u00eb k\u00ebt\u00eb m\u00ebnyr\u00eb:<br \/>\n-,,Sa t\u00eb mundesh freno, pastaj kur \u00ebsht\u00eb nevoja pak l\u00ebsho dhe n\u00eb maksimum p\u00ebrfito&#8221;.<br \/>\nKjo \u00ebsht\u00eb nj\u00eb maksim\u00eb mjaft frytdh\u00ebn\u00ebse dhe me rezultat absolut n\u00eb dobi t\u00eb shumic\u00ebs, e shfryt\u00ebzuar deri tani.K\u00ebt\u00eb e v\u00ebrteton edhe hulumtuesi i shkeljes s\u00eb t\u00eb drejtave dhe lirive t\u00eb njeriut z. Aleksandar Sasha Zekoviq i cili, duke u bazuar n\u00eb t\u00eb dh\u00ebna konkrete,n\u00eb nj\u00eb rast shprehet qart\u00eb: -,,Mali i Zi ka pakicat m\u00eb t\u00eb durueshme n\u00eb rajon&#8221;.<br \/>\nKjo p\u00ebr mua \u00ebsht\u00eb tep\u00ebr serioze dhe alarmante aq m\u00eb tep\u00ebr kur v\u00ebrejm\u00eb simptomat e par\u00eb t\u00eb evoluimit t\u00eb durimit n\u00eb vet\u00ebk\u00ebnaq\u00ebsi e kjo s`\u00ebsht\u00eb kurrgj\u00eb tjet\u00ebr p\u00ebrve\u00e7 se mazohiz\u00ebm i v\u00ebrtet\u00eb politik.<br \/>\nV\u00ebrtet ka vler\u00ebsime nga faktori nd\u00ebrkomb\u00ebtar\u00eb, se Mali i Zi ka b\u00ebr\u00eb levizje n\u00eb drejtim t\u00eb mbrojtjes s\u00eb t\u00eb drejtave dhe lirive t\u00eb njeriut si dhe t\u00eb pakicave, me aprovimin e Kusht\u00ebtutes dhe Ligjit p\u00ebr t\u00eb drejtat dhe lirit\u00eb e pakicave. Mir\u00ebpo,akoma nuk i siguron t\u00eb gjitha t\u00eb drejtat dhe lirit\u00eb e garantuara me konventat e njohura nd\u00ebrkomb\u00ebtare. Gjithashtu, duhet marr\u00eb parasysh\u00eb se n\u00eb \u00e7far\u00eb trysnie politike \u00ebsht\u00eb marr\u00eb vendimi p\u00ebr miratimin e k\u00ebtyre akteve juridike, nd\u00ebrsa p\u00ebr implementim as q\u00eb b\u00ebhet fjal\u00eb edhe pse \u00ebsht\u00eb tejkaluar \u00e7do afat kohor, kur \u00ebsht\u00eb dashur t\u00eb b\u00ebhet harmonizimi i ligjeve ekzistuese me aktin m\u00eb t\u00eb lart\u00eb juridik si\u00e7 \u00ebsht\u00eb Kushtetuta.<br \/>\nDuhet t\u00eb kujtoj k\u00ebtu se Ligji p\u00ebr lirit\u00eb dhe t\u00eb drejtat e pakicave miratohet vet\u00ebm disa dit\u00eb para referendumit p\u00ebr pavar\u00ebsin\u00eb e Malit t\u00eb Zi,si rezultat i nj\u00eb marr\u00ebveshtje,aspak transparente dhe gjysmake, n\u00eb mes partis\u00eb n\u00eb pushtet dhe nj\u00eb subjektit politik nacional.<img loading=\"lazy\" class=\"alignright\" style=\"float: right;\" src=\"http:\/\/www.visit-ulcinj.com\/blog\/wp-content\/uploads\/2008\/01\/partit-shqiptare.jpg\" alt=\"\" width=\"361\" height=\"82\" \/><br \/>\nSi kalohet zalli dhe nuk duhet m\u00eb kali, Gjykata Kushtetuese hedh posht\u00eb dy nenet m\u00eb substanciale t\u00eb k\u00ebtij ligji, q\u00eb kan\u00eb t\u00eb b\u00ebjn\u00eb me mandatet e garantuara p\u00ebr k\u00ebshilltar\u00eb nga radh\u00ebt e pakicave, pra p\u00ebrfaq\u00ebsimi autentik, dhe at\u00eb n\u00eb prag t\u00eb zgjedhjeve paralamentare.A nuk \u00ebsht\u00eb kjo nj\u00eb loj\u00eb teatrale fatkeq\u00ebsisht e thurur bukur mir\u00eb?<br \/>\nDhe k\u00ebshtu duke nxjerr\u00eb mjaft m\u00ebsime nj\u00ebri pas tjetrit vijm\u00eb deri t\u00eb formimi i k\u00ebshillave nacionale t\u00eb pakicave.Me sa di un\u00eb ky \u00ebsht\u00eb rasti i par\u00eb i implementimit n\u00eb realitet q\u00eb i b\u00ebhet ndonj\u00eb neni t\u00eb ligjit p\u00ebr pakica. Dhe ndoshta kjo \u00ebsht\u00eb m\u00eb e r\u00ebnd\u00ebsishmja p\u00ebr momentin.<br \/>\nMir\u00ebpo n\u00ebse mendojm\u00eb se kemi koh\u00eb p\u00ebr komoditet gabohemi. Q\u00eb nga dita e konstituimit dhe n\u00eb t\u00eb ardhmen k\u00ebt\u00eb k\u00ebshill\u00eb e presin detyra t\u00eb r\u00ebnd\u00ebsishme dhe mjaft serioze, nd\u00ebrsa ne si an\u00ebtar\u00eb t\u00eb K\u00ebshillit nacional t\u00eb pakic\u00ebs shqiptare na pret nj\u00eb pun\u00eb me mjaft p\u00ebrgjegj\u00ebsi n\u00ebse duam t\u00eb jemi n\u00eb nivel t\u00eb detyr\u00ebs q\u00eb na \u00ebsht\u00eb besuar.<\/p>\n<p>N\u00eb fillim duhet t\u00eb konstatojm\u00eb se \u00e7\u00ebshtja e shqiptar\u00ebve n\u00eb Mal t\u00eb Zi akoma mbetet e pa zgjidhur dhe ajo as p\u00ebr s\u00eb af\u00ebrmi nuk e ka gjetur rrug\u00ebn e vet. P\u00ebr k\u00ebt\u00eb nj\u00eb pjes\u00eb t\u00eb p\u00ebrgjegj\u00ebsis\u00eb e mban faktori politik shqiptar n\u00eb Mal t\u00eb zi,me krijimin e nj\u00eb numri enorm t\u00eb partive politike,secila me marketing politik n\u00eb rritje, por me q\u00ebndrim dhe k\u00ebrkesa n\u00eb zbritje. Situata gjeopolitike n\u00eb rajon dhe ngjarjet konfliktuale gjithashtu pat\u00ebn ndikimin e vet, duke b\u00ebr\u00eb q\u00eb \u00e7\u00ebshtja e shqiptar\u00ebve n\u00eb Mal t\u00eb Zi konstant t\u00eb q\u00ebndroj\u00eb n\u00eb plan t\u00eb dyt\u00eb.Nuk dua ti mbetem borxh dhe t\u00eb l\u00eb pa p\u00ebrmendur edhe rolin e pushtetit q\u00ebndror i cili m\u00eb s\u00eb miri e shfryt\u00ebzoi k\u00ebt\u00eb situat\u00eb p\u00ebr t\u00eb mbajtur nj\u00eb q\u00ebndrim mjaft destruktiv ndaj pakicave t\u00eb cilin edhe vazhdon ta ket\u00eb, \u00e7\u2019\u00ebsht\u00eb e v\u00ebrteta tani n\u00eb m\u00ebnyr\u00eb m\u00eb pasive.<br \/>\nPra si fillim, detyr\u00eb par\u00ebsore dhe moto t\u00eb veprimtaris\u00eb s\u00eb vet K\u00ebshilli Nacional duhet t\u00eb ket\u00eb aktualizimin e \u00e7\u00ebshtjes shqiptare, n\u00eb instancat m\u00eb t\u00eb larta shtet\u00ebrore dhe nd\u00ebrkomb\u00ebtare, n\u00eb nivelin q\u00eb i takon dhe paraqitjen e situat\u00ebs reale t\u00eb pozit\u00ebs s\u00eb shqiptar\u00ebve n\u00eb Malin e Zi. Probleme ka mjaft, por varet sa do jemi ne n\u00eb gjendje t\u2019i evidentojm\u00eb ato dhe t\u2019i paraqesim si t\u00eb tilla.<br \/>\nSot f\u00ebmij\u00ebt tan\u00eb n\u00ebp\u00ebr shkolla m\u00ebsojn\u00eb me programe t\u00eb cunguara dhe tejet tendencioze, duke p\u00ebrdorur p\u00ebrkthime aspak korrekte dhe n\u00eb disa raste mjaft keq\u00ebdash\u00ebse.<br \/>\nKultura, historia, arti, shkenca paraqiten si vepra t\u00eb nj\u00eb populli i cili nuk u ka dh\u00ebn\u00eb kurrgj\u00eb, apo fare pak, k\u00ebtyre fushave edhe pse dihet mir\u00eb se kontributi i popullit shqiptar \u00ebsht\u00eb tep\u00ebr i madh dhe i padiskutuesh\u00ebm n\u00eb k\u00ebt\u00eb drejtim.<br \/>\nInformimi n\u00eb gjuh\u00ebn shqipe as p\u00ebr s\u00eb af\u00ebrmi nuk i plot\u00ebson nevojat e k\u00ebtij populli edhe pse n\u00eb k\u00ebt\u00eb fush\u00eb kemi nj\u00eb potencial kadrovik q\u00eb do t\u00eb na kishin lakmi edhe t\u00eb tjer\u00ebt.<br \/>\nLidhjet me shtetin am\u00eb jan\u00eb tep\u00ebr sporadike dhe do t\u00eb thoja t\u00eb nivelit individual.P\u00ebrfaq\u00ebsimi autentik si dhe pjesmarrja e shqiptar\u00ebve n\u00ebp\u00ebr institucione t\u00eb ndryshme \u00ebsht\u00eb n\u00eb nivelin e ndonj\u00eb pakice emigrant\u00ebsh e jo t\u00eb nj\u00eb populli autokton me tradit\u00eb, kultur\u00eb e histori mij\u00ebravje\u00e7are n\u00eb k\u00ebto troje.<br \/>\nP\u00ebrdorimi i simboleve komb\u00ebtare \u00ebsht\u00eb tep\u00ebr i ngushtuar dhe l\u00eb hap\u00ebsir\u00eb p\u00ebr interpretim.K\u00ebto dhe mjaft t\u00eb tjera jan\u00eb probleme me t\u00eb cilat duhet t\u00eb ballafaqohet K\u00ebshilli Nacional i shqiptar\u00ebve n\u00eb Malin e Zi dhe n\u00eb m\u00ebnyr\u00eb dinjitoze dhe profesionale ta thot\u00eb fjal\u00ebn e vet n\u00eb cil\u00ebsin\u00eb e nj\u00eb faktori relevant dhe t\u00eb patjet\u00ebrsuesh\u00ebm.<br \/>\n(Autori \u00ebsht\u00eb an\u00ebtar i K\u00ebshillit Nacional)<strong><br \/>\nNaser Perashi<\/strong><br \/>\n<strong>KOHA JAVORE<\/strong><\/p>\n","protected":false},"excerpt":{"rendered":"<p><img loading=\"lazy\" class=\"attachment wp-att-1582 alignleft\" src=\"http:\/\/www.visit-ulcinj.com\/blog\/wp-content\/uploads\/2008\/05\/demokraci.thumbnail.jpg\" alt=\"demokraci\" width=\"140\" height=\"140\" \/><\/p>\n","protected":false},"author":1,"featured_media":0,"comment_status":"open","ping_status":"closed","sticky":false,"template":"","format":"standard","meta":{"spay_email":"","jetpack_publicize_message":"","jetpack_is_tweetstorm":false,"jetpack_publicize_feature_enabled":true},"categories":[6,12],"tags":[3198,3197],"jetpack_publicize_connections":[],"yoast_head":"<!-- This site is optimized with the Yoast SEO plugin v19.1 - https:\/\/yoast.com\/wordpress\/plugins\/seo\/ -->\n<title>K\u00ebshilli Nacional i pakic\u00ebs shqiptare n\u00eb Malin e Zi dhe sfidat q\u00eb e presin - Lajme nga Ulqini<\/title>\n<meta name=\"robots\" content=\"index, follow, max-snippet:-1, max-image-preview:large, max-video-preview:-1\" \/>\n<link rel=\"canonical\" href=\"https:\/\/www.visit-ulcinj.com\/blog\/2008\/05\/15\/keshilli-nacionale-ne-malin-e-zi-dhe-sfidat-qe-e-presinal-i-pakices-shqipta\/\" \/>\n<meta property=\"og:locale\" content=\"en_US\" \/>\n<meta property=\"og:type\" content=\"article\" \/>\n<meta property=\"og:title\" content=\"K\u00ebshilli Nacional i pakic\u00ebs shqiptare n\u00eb Malin e Zi dhe sfidat q\u00eb e presin - Lajme nga Ulqini\" \/>\n<meta property=\"og:url\" content=\"https:\/\/www.visit-ulcinj.com\/blog\/2008\/05\/15\/keshilli-nacionale-ne-malin-e-zi-dhe-sfidat-qe-e-presinal-i-pakices-shqipta\/\" \/>\n<meta property=\"og:site_name\" content=\"Lajme nga Ulqini\" \/>\n<meta property=\"article:published_time\" content=\"2008-05-15T16:21:04+00:00\" \/>\n<meta property=\"article:modified_time\" content=\"2008-05-15T16:27:47+00:00\" \/>\n<meta property=\"og:image\" content=\"http:\/\/www.visit-ulcinj.com\/blog\/wp-content\/uploads\/2008\/05\/demokraci.thumbnail.jpg\" \/>\n<meta name=\"twitter:label1\" content=\"Written by\" \/>\n\t<meta name=\"twitter:data1\" content=\"ulqini\" \/>\n\t<meta name=\"twitter:label2\" content=\"Est. reading time\" \/>\n\t<meta name=\"twitter:data2\" content=\"7 minutes\" \/>\n<script type=\"application\/ld+json\" class=\"yoast-schema-graph\">{\"@context\":\"https:\/\/schema.org\",\"@graph\":[{\"@type\":\"WebSite\",\"@id\":\"https:\/\/www.visit-ulcinj.com\/blog\/#website\",\"url\":\"https:\/\/www.visit-ulcinj.com\/blog\/\",\"name\":\"Lajme nga Ulqini\",\"description\":\"Lajme,Vijesti,Ulqini,Ulqin,Crna Gora,Mali i Zi\",\"potentialAction\":[{\"@type\":\"SearchAction\",\"target\":{\"@type\":\"EntryPoint\",\"urlTemplate\":\"https:\/\/www.visit-ulcinj.com\/blog\/?s={search_term_string}\"},\"query-input\":\"required name=search_term_string\"}],\"inLanguage\":\"en-US\"},{\"@type\":\"ImageObject\",\"inLanguage\":\"en-US\",\"@id\":\"https:\/\/www.visit-ulcinj.com\/blog\/2008\/05\/15\/keshilli-nacionale-ne-malin-e-zi-dhe-sfidat-qe-e-presinal-i-pakices-shqipta\/#primaryimage\",\"url\":\"http:\/\/www.visit-ulcinj.com\/blog\/wp-content\/uploads\/2008\/05\/demokraci.thumbnail.jpg\",\"contentUrl\":\"http:\/\/www.visit-ulcinj.com\/blog\/wp-content\/uploads\/2008\/05\/demokraci.thumbnail.jpg\"},{\"@type\":\"WebPage\",\"@id\":\"https:\/\/www.visit-ulcinj.com\/blog\/2008\/05\/15\/keshilli-nacionale-ne-malin-e-zi-dhe-sfidat-qe-e-presinal-i-pakices-shqipta\/#webpage\",\"url\":\"https:\/\/www.visit-ulcinj.com\/blog\/2008\/05\/15\/keshilli-nacionale-ne-malin-e-zi-dhe-sfidat-qe-e-presinal-i-pakices-shqipta\/\",\"name\":\"K\u00ebshilli Nacional i pakic\u00ebs shqiptare n\u00eb Malin e Zi dhe sfidat q\u00eb e presin - Lajme nga Ulqini\",\"isPartOf\":{\"@id\":\"https:\/\/www.visit-ulcinj.com\/blog\/#website\"},\"primaryImageOfPage\":{\"@id\":\"https:\/\/www.visit-ulcinj.com\/blog\/2008\/05\/15\/keshilli-nacionale-ne-malin-e-zi-dhe-sfidat-qe-e-presinal-i-pakices-shqipta\/#primaryimage\"},\"datePublished\":\"2008-05-15T16:21:04+00:00\",\"dateModified\":\"2008-05-15T16:27:47+00:00\",\"author\":{\"@id\":\"https:\/\/www.visit-ulcinj.com\/blog\/#\/schema\/person\/dcab619c614d3038751c63bc2aadc06d\"},\"breadcrumb\":{\"@id\":\"https:\/\/www.visit-ulcinj.com\/blog\/2008\/05\/15\/keshilli-nacionale-ne-malin-e-zi-dhe-sfidat-qe-e-presinal-i-pakices-shqipta\/#breadcrumb\"},\"inLanguage\":\"en-US\",\"potentialAction\":[{\"@type\":\"ReadAction\",\"target\":[\"https:\/\/www.visit-ulcinj.com\/blog\/2008\/05\/15\/keshilli-nacionale-ne-malin-e-zi-dhe-sfidat-qe-e-presinal-i-pakices-shqipta\/\"]}]},{\"@type\":\"BreadcrumbList\",\"@id\":\"https:\/\/www.visit-ulcinj.com\/blog\/2008\/05\/15\/keshilli-nacionale-ne-malin-e-zi-dhe-sfidat-qe-e-presinal-i-pakices-shqipta\/#breadcrumb\",\"itemListElement\":[{\"@type\":\"ListItem\",\"position\":1,\"name\":\"K\u00ebshilli Nacional i pakic\u00ebs shqiptare n\u00eb Malin e Zi dhe sfidat q\u00eb e presin\"}]},{\"@type\":\"Person\",\"@id\":\"https:\/\/www.visit-ulcinj.com\/blog\/#\/schema\/person\/dcab619c614d3038751c63bc2aadc06d\",\"name\":\"ulqini\",\"sameAs\":[\"http:\/\/www.visit-ulcinj.com\"],\"url\":\"https:\/\/www.visit-ulcinj.com\/blog\/author\/admin\/\"}]}<\/script>\n<!-- \/ Yoast SEO plugin. -->","yoast_head_json":{"title":"K\u00ebshilli Nacional i pakic\u00ebs shqiptare n\u00eb Malin e Zi dhe sfidat q\u00eb e presin - Lajme nga Ulqini","robots":{"index":"index","follow":"follow","max-snippet":"max-snippet:-1","max-image-preview":"max-image-preview:large","max-video-preview":"max-video-preview:-1"},"canonical":"https:\/\/www.visit-ulcinj.com\/blog\/2008\/05\/15\/keshilli-nacionale-ne-malin-e-zi-dhe-sfidat-qe-e-presinal-i-pakices-shqipta\/","og_locale":"en_US","og_type":"article","og_title":"K\u00ebshilli Nacional i pakic\u00ebs shqiptare n\u00eb Malin e Zi dhe sfidat q\u00eb e presin - Lajme nga Ulqini","og_url":"https:\/\/www.visit-ulcinj.com\/blog\/2008\/05\/15\/keshilli-nacionale-ne-malin-e-zi-dhe-sfidat-qe-e-presinal-i-pakices-shqipta\/","og_site_name":"Lajme nga Ulqini","article_published_time":"2008-05-15T16:21:04+00:00","article_modified_time":"2008-05-15T16:27:47+00:00","og_image":[{"url":"http:\/\/www.visit-ulcinj.com\/blog\/wp-content\/uploads\/2008\/05\/demokraci.thumbnail.jpg"}],"twitter_misc":{"Written by":"ulqini","Est. reading time":"7 minutes"},"schema":{"@context":"https:\/\/schema.org","@graph":[{"@type":"WebSite","@id":"https:\/\/www.visit-ulcinj.com\/blog\/#website","url":"https:\/\/www.visit-ulcinj.com\/blog\/","name":"Lajme nga Ulqini","description":"Lajme,Vijesti,Ulqini,Ulqin,Crna Gora,Mali i Zi","potentialAction":[{"@type":"SearchAction","target":{"@type":"EntryPoint","urlTemplate":"https:\/\/www.visit-ulcinj.com\/blog\/?s={search_term_string}"},"query-input":"required name=search_term_string"}],"inLanguage":"en-US"},{"@type":"ImageObject","inLanguage":"en-US","@id":"https:\/\/www.visit-ulcinj.com\/blog\/2008\/05\/15\/keshilli-nacionale-ne-malin-e-zi-dhe-sfidat-qe-e-presinal-i-pakices-shqipta\/#primaryimage","url":"http:\/\/www.visit-ulcinj.com\/blog\/wp-content\/uploads\/2008\/05\/demokraci.thumbnail.jpg","contentUrl":"http:\/\/www.visit-ulcinj.com\/blog\/wp-content\/uploads\/2008\/05\/demokraci.thumbnail.jpg"},{"@type":"WebPage","@id":"https:\/\/www.visit-ulcinj.com\/blog\/2008\/05\/15\/keshilli-nacionale-ne-malin-e-zi-dhe-sfidat-qe-e-presinal-i-pakices-shqipta\/#webpage","url":"https:\/\/www.visit-ulcinj.com\/blog\/2008\/05\/15\/keshilli-nacionale-ne-malin-e-zi-dhe-sfidat-qe-e-presinal-i-pakices-shqipta\/","name":"K\u00ebshilli Nacional i pakic\u00ebs shqiptare n\u00eb Malin e Zi dhe sfidat q\u00eb e presin - Lajme nga Ulqini","isPartOf":{"@id":"https:\/\/www.visit-ulcinj.com\/blog\/#website"},"primaryImageOfPage":{"@id":"https:\/\/www.visit-ulcinj.com\/blog\/2008\/05\/15\/keshilli-nacionale-ne-malin-e-zi-dhe-sfidat-qe-e-presinal-i-pakices-shqipta\/#primaryimage"},"datePublished":"2008-05-15T16:21:04+00:00","dateModified":"2008-05-15T16:27:47+00:00","author":{"@id":"https:\/\/www.visit-ulcinj.com\/blog\/#\/schema\/person\/dcab619c614d3038751c63bc2aadc06d"},"breadcrumb":{"@id":"https:\/\/www.visit-ulcinj.com\/blog\/2008\/05\/15\/keshilli-nacionale-ne-malin-e-zi-dhe-sfidat-qe-e-presinal-i-pakices-shqipta\/#breadcrumb"},"inLanguage":"en-US","potentialAction":[{"@type":"ReadAction","target":["https:\/\/www.visit-ulcinj.com\/blog\/2008\/05\/15\/keshilli-nacionale-ne-malin-e-zi-dhe-sfidat-qe-e-presinal-i-pakices-shqipta\/"]}]},{"@type":"BreadcrumbList","@id":"https:\/\/www.visit-ulcinj.com\/blog\/2008\/05\/15\/keshilli-nacionale-ne-malin-e-zi-dhe-sfidat-qe-e-presinal-i-pakices-shqipta\/#breadcrumb","itemListElement":[{"@type":"ListItem","position":1,"name":"K\u00ebshilli Nacional i pakic\u00ebs shqiptare n\u00eb Malin e Zi dhe sfidat q\u00eb e presin"}]},{"@type":"Person","@id":"https:\/\/www.visit-ulcinj.com\/blog\/#\/schema\/person\/dcab619c614d3038751c63bc2aadc06d","name":"ulqini","sameAs":["http:\/\/www.visit-ulcinj.com"],"url":"https:\/\/www.visit-ulcinj.com\/blog\/author\/admin\/"}]}},"jetpack_featured_media_url":"","jetpack_sharing_enabled":true,"jetpack_shortlink":"https:\/\/wp.me\/pe6lTn-pv","_links":{"self":[{"href":"https:\/\/www.visit-ulcinj.com\/blog\/wp-json\/wp\/v2\/posts\/1581"}],"collection":[{"href":"https:\/\/www.visit-ulcinj.com\/blog\/wp-json\/wp\/v2\/posts"}],"about":[{"href":"https:\/\/www.visit-ulcinj.com\/blog\/wp-json\/wp\/v2\/types\/post"}],"author":[{"embeddable":true,"href":"https:\/\/www.visit-ulcinj.com\/blog\/wp-json\/wp\/v2\/users\/1"}],"replies":[{"embeddable":true,"href":"https:\/\/www.visit-ulcinj.com\/blog\/wp-json\/wp\/v2\/comments?post=1581"}],"version-history":[{"count":0,"href":"https:\/\/www.visit-ulcinj.com\/blog\/wp-json\/wp\/v2\/posts\/1581\/revisions"}],"wp:attachment":[{"href":"https:\/\/www.visit-ulcinj.com\/blog\/wp-json\/wp\/v2\/media?parent=1581"}],"wp:term":[{"taxonomy":"category","embeddable":true,"href":"https:\/\/www.visit-ulcinj.com\/blog\/wp-json\/wp\/v2\/categories?post=1581"},{"taxonomy":"post_tag","embeddable":true,"href":"https:\/\/www.visit-ulcinj.com\/blog\/wp-json\/wp\/v2\/tags?post=1581"}],"curies":[{"name":"wp","href":"https:\/\/api.w.org\/{rel}","templated":true}]}}