{"id":15817,"date":"2009-03-28T10:55:00","date_gmt":"2009-03-28T09:55:00","guid":{"rendered":"http:\/\/www.visit-ulcinj.com\/blog\/?p=15817"},"modified":"2009-03-28T10:55:00","modified_gmt":"2009-03-28T09:55:00","slug":"arjon-djemte-ndjehen-te-ofenduar","status":"publish","type":"post","link":"https:\/\/www.visit-ulcinj.com\/blog\/2009\/03\/28\/arjon-djemte-ndjehen-te-ofenduar\/","title":{"rendered":"Arjon : Djemt\u00eb ndjehen t\u00eb ofenduar"},"content":{"rendered":"<p><em><span class=\"newsdate\"><a href=\"http:\/\/www.visit-ulcinj.com\/blog\/wp-content\/uploads\/2009\/03\/arjoni-tek-dera.jpg\"><img loading=\"lazy\" class=\"alignleft size-full wp-image-15818\" title=\"arjoni-tek-dera-big-brother-albania-2\" src=\"http:\/\/www.visit-ulcinj.com\/blog\/wp-content\/uploads\/2009\/03\/arjoni-tek-dera.jpg\" alt=\"arjoni-tek-dera-big-brother-albania-2\" width=\"300\" height=\"205\" \/><\/a>26\/03\/09 14:00<\/span><\/em><\/p>\n<p>Arjoni shikon Adel\u00ebn q\u00eb ndodhet n\u00eb dhom\u00ebn e vajzave. Ai i k\u00ebrkon q\u00eb ta puth\u00eb e p\u00ebrqafoj\u00eb dhe i k\u00ebrkon q\u00eb t\u00eb vij\u00eb aty ku ndodhet ai, pasi nuk mund t\u00eb kaloj\u00eb pragun e der\u00ebs s\u00eb dhom\u00ebs s\u00eb vajzave sepse e kan\u00eb t\u00eb ndaluar. Brenda n\u00eb dhom\u00eb ndodhet e dhe Bika e cila e komenton menj\u00ebher\u00eb veprimin e Arjonit. Ajo p\u00ebrs\u00ebrit me tone ironike shprehjen e Arjonit se nuk e kalon pragun e der\u00ebs. Adela i thot\u00eb se Arjoni ndihet i ofenduar q\u00eb pas vendosjes s\u00eb rregullit t\u00eb saj. Bika ia kthen me t\u00eb nj\u00ebjtin ton se kur u ofendua Bjordi, i cili nuk kishte p\u00ebrse t\u00eb ofendohej sepse ajo ia spjegoi mir\u00eb, jo m\u00eb Arjoni.<\/p>\n","protected":false},"excerpt":{"rendered":"<p>26\/03\/09 14:00 Arjoni shikon Adel\u00ebn q\u00eb ndodhet n\u00eb dhom\u00ebn e vajzave. Ai i k\u00ebrkon q\u00eb ta puth\u00eb e p\u00ebrqafoj\u00eb dhe i k\u00ebrkon q\u00eb t\u00eb vij\u00eb aty ku ndodhet ai, pasi nuk mund t\u00eb kaloj\u00eb pragun e der\u00ebs s\u00eb dhom\u00ebs s\u00eb vajzave sepse e kan\u00eb t\u00eb ndaluar. Brenda n\u00eb dhom\u00eb ndodhet e dhe Bika e cila [&hellip;]<\/p>\n","protected":false},"author":1,"featured_media":0,"comment_status":"open","ping_status":"closed","sticky":false,"template":"","format":"standard","meta":{"spay_email":"","jetpack_publicize_message":"","jetpack_is_tweetstorm":false,"jetpack_publicize_feature_enabled":true},"categories":[6502],"tags":[6529,6525,6883,6516,6712,8175,6891],"jetpack_publicize_connections":[],"yoast_head":"<!-- This site is optimized with the Yoast SEO plugin v19.1 - https:\/\/yoast.com\/wordpress\/plugins\/seo\/ -->\n<title>Arjon : Djemt\u00c3\u00ab ndjehen t\u00c3\u00ab ofenduar | Big Brother Albania 2<\/title>\n<meta name=\"description\" content=\"Big Brother Albania 2 - Arjoni shikon Adel\u00c3\u00abn q\u00c3\u00ab ndodhet n\u00c3\u00ab dhom\u00c3\u00abn e vajzave. Ai i k\u00c3\u00abrkon q\u00c3\u00ab ta puth\u00c3\u00ab e p\u00c3\u00abrqafoj\u00c3\u00ab dhe i k\u00c3\u00abrkon q\u00c3\u00ab t\u00c3\u00ab vij\u00c3\u00ab aty ku ndodhet ai,\" \/>\n<meta name=\"robots\" content=\"index, follow, max-snippet:-1, max-image-preview:large, max-video-preview:-1\" \/>\n<link rel=\"canonical\" href=\"https:\/\/www.visit-ulcinj.com\/blog\/2009\/03\/28\/arjon-djemte-ndjehen-te-ofenduar\/\" \/>\n<meta property=\"og:locale\" content=\"en_US\" \/>\n<meta property=\"og:type\" content=\"article\" \/>\n<meta property=\"og:title\" content=\"Arjon : Djemt\u00c3\u00ab ndjehen t\u00c3\u00ab ofenduar | Big Brother Albania 2\" \/>\n<meta property=\"og:description\" content=\"Big Brother Albania 2 - Arjoni shikon Adel\u00c3\u00abn q\u00c3\u00ab ndodhet n\u00c3\u00ab dhom\u00c3\u00abn e vajzave. Ai i k\u00c3\u00abrkon q\u00c3\u00ab ta puth\u00c3\u00ab e p\u00c3\u00abrqafoj\u00c3\u00ab dhe i k\u00c3\u00abrkon q\u00c3\u00ab t\u00c3\u00ab vij\u00c3\u00ab aty ku ndodhet ai,\" \/>\n<meta property=\"og:url\" content=\"https:\/\/www.visit-ulcinj.com\/blog\/2009\/03\/28\/arjon-djemte-ndjehen-te-ofenduar\/\" \/>\n<meta property=\"og:site_name\" content=\"Lajme nga Ulqini\" \/>\n<meta property=\"article:published_time\" content=\"2009-03-28T09:55:00+00:00\" \/>\n<meta property=\"og:image\" content=\"http:\/\/www.visit-ulcinj.com\/blog\/wp-content\/uploads\/2009\/03\/arjoni-tek-dera.jpg\" \/>\n<meta name=\"twitter:label1\" content=\"Written by\" \/>\n\t<meta name=\"twitter:data1\" content=\"ulqini\" \/>\n\t<meta name=\"twitter:label2\" content=\"Est. reading time\" \/>\n\t<meta name=\"twitter:data2\" content=\"1 minute\" \/>\n<script type=\"application\/ld+json\" class=\"yoast-schema-graph\">{\"@context\":\"https:\/\/schema.org\",\"@graph\":[{\"@type\":\"WebSite\",\"@id\":\"https:\/\/www.visit-ulcinj.com\/blog\/#website\",\"url\":\"https:\/\/www.visit-ulcinj.com\/blog\/\",\"name\":\"Lajme nga Ulqini\",\"description\":\"Lajme,Vijesti,Ulqini,Ulqin,Crna Gora,Mali i Zi\",\"potentialAction\":[{\"@type\":\"SearchAction\",\"target\":{\"@type\":\"EntryPoint\",\"urlTemplate\":\"https:\/\/www.visit-ulcinj.com\/blog\/?s={search_term_string}\"},\"query-input\":\"required name=search_term_string\"}],\"inLanguage\":\"en-US\"},{\"@type\":\"ImageObject\",\"inLanguage\":\"en-US\",\"@id\":\"https:\/\/www.visit-ulcinj.com\/blog\/2009\/03\/28\/arjon-djemte-ndjehen-te-ofenduar\/#primaryimage\",\"url\":\"http:\/\/www.visit-ulcinj.com\/blog\/wp-content\/uploads\/2009\/03\/arjoni-tek-dera.jpg\",\"contentUrl\":\"http:\/\/www.visit-ulcinj.com\/blog\/wp-content\/uploads\/2009\/03\/arjoni-tek-dera.jpg\"},{\"@type\":\"WebPage\",\"@id\":\"https:\/\/www.visit-ulcinj.com\/blog\/2009\/03\/28\/arjon-djemte-ndjehen-te-ofenduar\/#webpage\",\"url\":\"https:\/\/www.visit-ulcinj.com\/blog\/2009\/03\/28\/arjon-djemte-ndjehen-te-ofenduar\/\",\"name\":\"Arjon : Djemt\u00c3\u00ab ndjehen t\u00c3\u00ab ofenduar | Big Brother Albania 2\",\"isPartOf\":{\"@id\":\"https:\/\/www.visit-ulcinj.com\/blog\/#website\"},\"primaryImageOfPage\":{\"@id\":\"https:\/\/www.visit-ulcinj.com\/blog\/2009\/03\/28\/arjon-djemte-ndjehen-te-ofenduar\/#primaryimage\"},\"datePublished\":\"2009-03-28T09:55:00+00:00\",\"dateModified\":\"2009-03-28T09:55:00+00:00\",\"author\":{\"@id\":\"https:\/\/www.visit-ulcinj.com\/blog\/#\/schema\/person\/dcab619c614d3038751c63bc2aadc06d\"},\"description\":\"Big Brother Albania 2 - Arjoni shikon Adel\u00c3\u00abn q\u00c3\u00ab ndodhet n\u00c3\u00ab dhom\u00c3\u00abn e vajzave. Ai i k\u00c3\u00abrkon q\u00c3\u00ab ta puth\u00c3\u00ab e p\u00c3\u00abrqafoj\u00c3\u00ab dhe i k\u00c3\u00abrkon q\u00c3\u00ab t\u00c3\u00ab vij\u00c3\u00ab aty ku ndodhet ai,\",\"breadcrumb\":{\"@id\":\"https:\/\/www.visit-ulcinj.com\/blog\/2009\/03\/28\/arjon-djemte-ndjehen-te-ofenduar\/#breadcrumb\"},\"inLanguage\":\"en-US\",\"potentialAction\":[{\"@type\":\"ReadAction\",\"target\":[\"https:\/\/www.visit-ulcinj.com\/blog\/2009\/03\/28\/arjon-djemte-ndjehen-te-ofenduar\/\"]}]},{\"@type\":\"BreadcrumbList\",\"@id\":\"https:\/\/www.visit-ulcinj.com\/blog\/2009\/03\/28\/arjon-djemte-ndjehen-te-ofenduar\/#breadcrumb\",\"itemListElement\":[{\"@type\":\"ListItem\",\"position\":1,\"name\":\"Arjon : Djemt\u00eb ndjehen t\u00eb ofenduar\"}]},{\"@type\":\"Person\",\"@id\":\"https:\/\/www.visit-ulcinj.com\/blog\/#\/schema\/person\/dcab619c614d3038751c63bc2aadc06d\",\"name\":\"ulqini\",\"sameAs\":[\"http:\/\/www.visit-ulcinj.com\"],\"url\":\"https:\/\/www.visit-ulcinj.com\/blog\/author\/admin\/\"}]}<\/script>\n<!-- \/ Yoast SEO plugin. -->","yoast_head_json":{"title":"Arjon : Djemt\u00c3\u00ab ndjehen t\u00c3\u00ab ofenduar | Big Brother Albania 2","description":"Big Brother Albania 2 - Arjoni shikon Adel\u00c3\u00abn q\u00c3\u00ab ndodhet n\u00c3\u00ab dhom\u00c3\u00abn e vajzave. Ai i k\u00c3\u00abrkon q\u00c3\u00ab ta puth\u00c3\u00ab e p\u00c3\u00abrqafoj\u00c3\u00ab dhe i k\u00c3\u00abrkon q\u00c3\u00ab t\u00c3\u00ab vij\u00c3\u00ab aty ku ndodhet ai,","robots":{"index":"index","follow":"follow","max-snippet":"max-snippet:-1","max-image-preview":"max-image-preview:large","max-video-preview":"max-video-preview:-1"},"canonical":"https:\/\/www.visit-ulcinj.com\/blog\/2009\/03\/28\/arjon-djemte-ndjehen-te-ofenduar\/","og_locale":"en_US","og_type":"article","og_title":"Arjon : Djemt\u00c3\u00ab ndjehen t\u00c3\u00ab ofenduar | Big Brother Albania 2","og_description":"Big Brother Albania 2 - Arjoni shikon Adel\u00c3\u00abn q\u00c3\u00ab ndodhet n\u00c3\u00ab dhom\u00c3\u00abn e vajzave. Ai i k\u00c3\u00abrkon q\u00c3\u00ab ta puth\u00c3\u00ab e p\u00c3\u00abrqafoj\u00c3\u00ab dhe i k\u00c3\u00abrkon q\u00c3\u00ab t\u00c3\u00ab vij\u00c3\u00ab aty ku ndodhet ai,","og_url":"https:\/\/www.visit-ulcinj.com\/blog\/2009\/03\/28\/arjon-djemte-ndjehen-te-ofenduar\/","og_site_name":"Lajme nga Ulqini","article_published_time":"2009-03-28T09:55:00+00:00","og_image":[{"url":"http:\/\/www.visit-ulcinj.com\/blog\/wp-content\/uploads\/2009\/03\/arjoni-tek-dera.jpg"}],"twitter_misc":{"Written by":"ulqini","Est. reading time":"1 minute"},"schema":{"@context":"https:\/\/schema.org","@graph":[{"@type":"WebSite","@id":"https:\/\/www.visit-ulcinj.com\/blog\/#website","url":"https:\/\/www.visit-ulcinj.com\/blog\/","name":"Lajme nga Ulqini","description":"Lajme,Vijesti,Ulqini,Ulqin,Crna Gora,Mali i Zi","potentialAction":[{"@type":"SearchAction","target":{"@type":"EntryPoint","urlTemplate":"https:\/\/www.visit-ulcinj.com\/blog\/?s={search_term_string}"},"query-input":"required name=search_term_string"}],"inLanguage":"en-US"},{"@type":"ImageObject","inLanguage":"en-US","@id":"https:\/\/www.visit-ulcinj.com\/blog\/2009\/03\/28\/arjon-djemte-ndjehen-te-ofenduar\/#primaryimage","url":"http:\/\/www.visit-ulcinj.com\/blog\/wp-content\/uploads\/2009\/03\/arjoni-tek-dera.jpg","contentUrl":"http:\/\/www.visit-ulcinj.com\/blog\/wp-content\/uploads\/2009\/03\/arjoni-tek-dera.jpg"},{"@type":"WebPage","@id":"https:\/\/www.visit-ulcinj.com\/blog\/2009\/03\/28\/arjon-djemte-ndjehen-te-ofenduar\/#webpage","url":"https:\/\/www.visit-ulcinj.com\/blog\/2009\/03\/28\/arjon-djemte-ndjehen-te-ofenduar\/","name":"Arjon : Djemt\u00c3\u00ab ndjehen t\u00c3\u00ab ofenduar | Big Brother Albania 2","isPartOf":{"@id":"https:\/\/www.visit-ulcinj.com\/blog\/#website"},"primaryImageOfPage":{"@id":"https:\/\/www.visit-ulcinj.com\/blog\/2009\/03\/28\/arjon-djemte-ndjehen-te-ofenduar\/#primaryimage"},"datePublished":"2009-03-28T09:55:00+00:00","dateModified":"2009-03-28T09:55:00+00:00","author":{"@id":"https:\/\/www.visit-ulcinj.com\/blog\/#\/schema\/person\/dcab619c614d3038751c63bc2aadc06d"},"description":"Big Brother Albania 2 - Arjoni shikon Adel\u00c3\u00abn q\u00c3\u00ab ndodhet n\u00c3\u00ab dhom\u00c3\u00abn e vajzave. Ai i k\u00c3\u00abrkon q\u00c3\u00ab ta puth\u00c3\u00ab e p\u00c3\u00abrqafoj\u00c3\u00ab dhe i k\u00c3\u00abrkon q\u00c3\u00ab t\u00c3\u00ab vij\u00c3\u00ab aty ku ndodhet ai,","breadcrumb":{"@id":"https:\/\/www.visit-ulcinj.com\/blog\/2009\/03\/28\/arjon-djemte-ndjehen-te-ofenduar\/#breadcrumb"},"inLanguage":"en-US","potentialAction":[{"@type":"ReadAction","target":["https:\/\/www.visit-ulcinj.com\/blog\/2009\/03\/28\/arjon-djemte-ndjehen-te-ofenduar\/"]}]},{"@type":"BreadcrumbList","@id":"https:\/\/www.visit-ulcinj.com\/blog\/2009\/03\/28\/arjon-djemte-ndjehen-te-ofenduar\/#breadcrumb","itemListElement":[{"@type":"ListItem","position":1,"name":"Arjon : Djemt\u00eb ndjehen t\u00eb ofenduar"}]},{"@type":"Person","@id":"https:\/\/www.visit-ulcinj.com\/blog\/#\/schema\/person\/dcab619c614d3038751c63bc2aadc06d","name":"ulqini","sameAs":["http:\/\/www.visit-ulcinj.com"],"url":"https:\/\/www.visit-ulcinj.com\/blog\/author\/admin\/"}]}},"jetpack_featured_media_url":"","jetpack_sharing_enabled":true,"jetpack_shortlink":"https:\/\/wp.me\/pe6lTn-477","_links":{"self":[{"href":"https:\/\/www.visit-ulcinj.com\/blog\/wp-json\/wp\/v2\/posts\/15817"}],"collection":[{"href":"https:\/\/www.visit-ulcinj.com\/blog\/wp-json\/wp\/v2\/posts"}],"about":[{"href":"https:\/\/www.visit-ulcinj.com\/blog\/wp-json\/wp\/v2\/types\/post"}],"author":[{"embeddable":true,"href":"https:\/\/www.visit-ulcinj.com\/blog\/wp-json\/wp\/v2\/users\/1"}],"replies":[{"embeddable":true,"href":"https:\/\/www.visit-ulcinj.com\/blog\/wp-json\/wp\/v2\/comments?post=15817"}],"version-history":[{"count":0,"href":"https:\/\/www.visit-ulcinj.com\/blog\/wp-json\/wp\/v2\/posts\/15817\/revisions"}],"wp:attachment":[{"href":"https:\/\/www.visit-ulcinj.com\/blog\/wp-json\/wp\/v2\/media?parent=15817"}],"wp:term":[{"taxonomy":"category","embeddable":true,"href":"https:\/\/www.visit-ulcinj.com\/blog\/wp-json\/wp\/v2\/categories?post=15817"},{"taxonomy":"post_tag","embeddable":true,"href":"https:\/\/www.visit-ulcinj.com\/blog\/wp-json\/wp\/v2\/tags?post=15817"}],"curies":[{"name":"wp","href":"https:\/\/api.w.org\/{rel}","templated":true}]}}