{"id":15820,"date":"2009-03-28T10:59:55","date_gmt":"2009-03-28T09:59:55","guid":{"rendered":"http:\/\/www.visit-ulcinj.com\/blog\/?p=15820"},"modified":"2009-03-28T10:59:55","modified_gmt":"2009-03-28T09:59:55","slug":"lirita-dhe-qetsori-nuk-je-me-lirita-e-pare","status":"publish","type":"post","link":"https:\/\/www.visit-ulcinj.com\/blog\/2009\/03\/28\/lirita-dhe-qetsori-nuk-je-me-lirita-e-pare\/","title":{"rendered":"Lirita dhe Qetsori : Nuk je m\u00eb Lirita e par\u00eb"},"content":{"rendered":"<p><em><span class=\"newsdate\"><a href=\"http:\/\/www.visit-ulcinj.com\/blog\/wp-content\/uploads\/2009\/03\/liritasori.jpg\"><img loading=\"lazy\" class=\"alignleft size-full wp-image-15822\" title=\"liritasori\" src=\"http:\/\/www.visit-ulcinj.com\/blog\/wp-content\/uploads\/2009\/03\/liritasori.jpg\" alt=\"liritasori\" width=\"300\" height=\"205\" \/><\/a>26\/03\/09 14:05<\/span><\/em><\/p>\n<p>Qetsori bisedon me Lirit\u00ebn dhe i komenton sjelljen e saj se cfar\u00eb i p\u00eblqen dhe cfar\u00eb jo tek ajo. Ai i tregon se ne fillim i ka p\u00eblqyer sjellja e saj, i dukej shum\u00eb simpatike dhe arg\u00ebtuese dhe kalonin shum\u00eb mir\u00eb t\u00eb gjith\u00eb. Ai i kujton Lirit\u00ebs se p\u00ebrcarjen e par\u00eb e kan\u00eb patur pas disa jav\u00ebsh q\u00ebndrimi p\u00ebr arsyen e krevateve, m\u00eb pas q\u00eb ajo nuk respektoi nj\u00eb d\u00ebnim loje t\u00eb Sorit p\u00ebr t\u2019i rregulluar krevatin, p\u00ebrgjigjja q\u00eb i dha Arban\u00ebs gjat\u00eb spektaklit n\u00eb lidhje me debatin e saj me Arjonin dhe e fundit, mospozicionimi n\u00eb debatin e Aid\u00ebs me Adel\u00ebn. Sori i tregon hapur se me arsyen e k\u00ebsaj t\u00eb fundit, e ka sulmuar hapur tek t\u00eb tjer\u00ebt dhe e ka deklaruar gjithmon\u00eb fajtore. Sipas mendimit t\u00eb tij, ajo duhej t\u00eb pozicionohej p\u00ebrkrah Aid\u00ebs pasi me t\u00eb ishte lidhur m\u00eb shum\u00eb dhe kishte krijuar nj\u00eb lloj miq\u00ebsie. Ai tregon se si parim n\u00eb veten e tij, ka q\u00eb gjithmon\u00eb del krah mikut edhe n\u00ebse ai nuk e ka t\u00eb drejt\u00eb nd\u00ebrsa ajo, duke q\u00ebndruar pasive, e la Aid\u00ebn vet\u00ebm t\u00eb p\u00ebrballej me t\u00eb gjith\u00eb. Lirita fillon t\u2019ia sqaroj\u00eb atij por biseda e tyre ngelet p\u00ebrgjysm\u00eb pasi Dritani i th\u00ebrret p\u00ebr t\u2019u th\u00ebn\u00eb dicka. Lirita i thot\u00eb Sorit se bised\u00ebn do ta vazhdojn\u00eb m\u00eb von\u00eb.<\/p>\n","protected":false},"excerpt":{"rendered":"<p>26\/03\/09 14:05 Qetsori bisedon me Lirit\u00ebn dhe i komenton sjelljen e saj se cfar\u00eb i p\u00eblqen dhe cfar\u00eb jo tek ajo. Ai i tregon se ne fillim i ka p\u00eblqyer sjellja e saj, i dukej shum\u00eb simpatike dhe arg\u00ebtuese dhe kalonin shum\u00eb mir\u00eb t\u00eb gjith\u00eb. Ai i kujton Lirit\u00ebs se p\u00ebrcarjen e par\u00eb e kan\u00eb [&hellip;]<\/p>\n","protected":false},"author":1,"featured_media":0,"comment_status":"open","ping_status":"closed","sticky":false,"template":"","format":"standard","meta":{"spay_email":"","jetpack_publicize_message":"","jetpack_is_tweetstorm":false,"jetpack_publicize_feature_enabled":true},"categories":[6502],"tags":[6537,6883,6516,6712,6542,6900,6891],"jetpack_publicize_connections":[],"yoast_head":"<!-- This site is optimized with the Yoast SEO plugin v19.1 - https:\/\/yoast.com\/wordpress\/plugins\/seo\/ -->\n<title>Lirita dhe Qetsori : Nuk je m\u00c3\u00ab Lirita e par\u00c3\u00ab | Big Brother Albania 2<\/title>\n<meta name=\"description\" content=\"Big Brother Albania 2 - Qetsori bisedon me Lirit\u00c3\u00abn dhe i komenton sjelljen e saj se cfar\u00c3\u00ab i p\u00c3\u00ablqen dhe cfar\u00c3\u00ab jo tek ajo. Ai i tregon se ne fillim i ka p\u00c3\u00ablqyer sjellja e saj\" \/>\n<meta name=\"robots\" content=\"index, follow, max-snippet:-1, max-image-preview:large, max-video-preview:-1\" \/>\n<link rel=\"canonical\" href=\"https:\/\/www.visit-ulcinj.com\/blog\/2009\/03\/28\/lirita-dhe-qetsori-nuk-je-me-lirita-e-pare\/\" \/>\n<meta property=\"og:locale\" content=\"en_US\" \/>\n<meta property=\"og:type\" content=\"article\" \/>\n<meta property=\"og:title\" content=\"Lirita dhe Qetsori : Nuk je m\u00c3\u00ab Lirita e par\u00c3\u00ab | Big Brother Albania 2\" \/>\n<meta property=\"og:description\" content=\"Big Brother Albania 2 - Qetsori bisedon me Lirit\u00c3\u00abn dhe i komenton sjelljen e saj se cfar\u00c3\u00ab i p\u00c3\u00ablqen dhe cfar\u00c3\u00ab jo tek ajo. Ai i tregon se ne fillim i ka p\u00c3\u00ablqyer sjellja e saj\" \/>\n<meta property=\"og:url\" content=\"https:\/\/www.visit-ulcinj.com\/blog\/2009\/03\/28\/lirita-dhe-qetsori-nuk-je-me-lirita-e-pare\/\" \/>\n<meta property=\"og:site_name\" content=\"Lajme nga Ulqini\" \/>\n<meta property=\"article:published_time\" content=\"2009-03-28T09:59:55+00:00\" \/>\n<meta property=\"og:image\" content=\"http:\/\/www.visit-ulcinj.com\/blog\/wp-content\/uploads\/2009\/03\/liritasori.jpg\" \/>\n<meta name=\"twitter:label1\" content=\"Written by\" \/>\n\t<meta name=\"twitter:data1\" content=\"ulqini\" \/>\n\t<meta name=\"twitter:label2\" content=\"Est. reading time\" \/>\n\t<meta name=\"twitter:data2\" content=\"1 minute\" \/>\n<script type=\"application\/ld+json\" class=\"yoast-schema-graph\">{\"@context\":\"https:\/\/schema.org\",\"@graph\":[{\"@type\":\"WebSite\",\"@id\":\"https:\/\/www.visit-ulcinj.com\/blog\/#website\",\"url\":\"https:\/\/www.visit-ulcinj.com\/blog\/\",\"name\":\"Lajme nga Ulqini\",\"description\":\"Lajme,Vijesti,Ulqini,Ulqin,Crna Gora,Mali i Zi\",\"potentialAction\":[{\"@type\":\"SearchAction\",\"target\":{\"@type\":\"EntryPoint\",\"urlTemplate\":\"https:\/\/www.visit-ulcinj.com\/blog\/?s={search_term_string}\"},\"query-input\":\"required name=search_term_string\"}],\"inLanguage\":\"en-US\"},{\"@type\":\"ImageObject\",\"inLanguage\":\"en-US\",\"@id\":\"https:\/\/www.visit-ulcinj.com\/blog\/2009\/03\/28\/lirita-dhe-qetsori-nuk-je-me-lirita-e-pare\/#primaryimage\",\"url\":\"http:\/\/www.visit-ulcinj.com\/blog\/wp-content\/uploads\/2009\/03\/liritasori.jpg\",\"contentUrl\":\"http:\/\/www.visit-ulcinj.com\/blog\/wp-content\/uploads\/2009\/03\/liritasori.jpg\"},{\"@type\":\"WebPage\",\"@id\":\"https:\/\/www.visit-ulcinj.com\/blog\/2009\/03\/28\/lirita-dhe-qetsori-nuk-je-me-lirita-e-pare\/#webpage\",\"url\":\"https:\/\/www.visit-ulcinj.com\/blog\/2009\/03\/28\/lirita-dhe-qetsori-nuk-je-me-lirita-e-pare\/\",\"name\":\"Lirita dhe Qetsori : Nuk je m\u00c3\u00ab Lirita e par\u00c3\u00ab | Big Brother Albania 2\",\"isPartOf\":{\"@id\":\"https:\/\/www.visit-ulcinj.com\/blog\/#website\"},\"primaryImageOfPage\":{\"@id\":\"https:\/\/www.visit-ulcinj.com\/blog\/2009\/03\/28\/lirita-dhe-qetsori-nuk-je-me-lirita-e-pare\/#primaryimage\"},\"datePublished\":\"2009-03-28T09:59:55+00:00\",\"dateModified\":\"2009-03-28T09:59:55+00:00\",\"author\":{\"@id\":\"https:\/\/www.visit-ulcinj.com\/blog\/#\/schema\/person\/dcab619c614d3038751c63bc2aadc06d\"},\"description\":\"Big Brother Albania 2 - Qetsori bisedon me Lirit\u00c3\u00abn dhe i komenton sjelljen e saj se cfar\u00c3\u00ab i p\u00c3\u00ablqen dhe cfar\u00c3\u00ab jo tek ajo. Ai i tregon se ne fillim i ka p\u00c3\u00ablqyer sjellja e saj\",\"breadcrumb\":{\"@id\":\"https:\/\/www.visit-ulcinj.com\/blog\/2009\/03\/28\/lirita-dhe-qetsori-nuk-je-me-lirita-e-pare\/#breadcrumb\"},\"inLanguage\":\"en-US\",\"potentialAction\":[{\"@type\":\"ReadAction\",\"target\":[\"https:\/\/www.visit-ulcinj.com\/blog\/2009\/03\/28\/lirita-dhe-qetsori-nuk-je-me-lirita-e-pare\/\"]}]},{\"@type\":\"BreadcrumbList\",\"@id\":\"https:\/\/www.visit-ulcinj.com\/blog\/2009\/03\/28\/lirita-dhe-qetsori-nuk-je-me-lirita-e-pare\/#breadcrumb\",\"itemListElement\":[{\"@type\":\"ListItem\",\"position\":1,\"name\":\"Lirita dhe Qetsori : Nuk je m\u00eb Lirita e par\u00eb\"}]},{\"@type\":\"Person\",\"@id\":\"https:\/\/www.visit-ulcinj.com\/blog\/#\/schema\/person\/dcab619c614d3038751c63bc2aadc06d\",\"name\":\"ulqini\",\"sameAs\":[\"http:\/\/www.visit-ulcinj.com\"],\"url\":\"https:\/\/www.visit-ulcinj.com\/blog\/author\/admin\/\"}]}<\/script>\n<!-- \/ Yoast SEO plugin. -->","yoast_head_json":{"title":"Lirita dhe Qetsori : Nuk je m\u00c3\u00ab Lirita e par\u00c3\u00ab | Big Brother Albania 2","description":"Big Brother Albania 2 - Qetsori bisedon me Lirit\u00c3\u00abn dhe i komenton sjelljen e saj se cfar\u00c3\u00ab i p\u00c3\u00ablqen dhe cfar\u00c3\u00ab jo tek ajo. Ai i tregon se ne fillim i ka p\u00c3\u00ablqyer sjellja e saj","robots":{"index":"index","follow":"follow","max-snippet":"max-snippet:-1","max-image-preview":"max-image-preview:large","max-video-preview":"max-video-preview:-1"},"canonical":"https:\/\/www.visit-ulcinj.com\/blog\/2009\/03\/28\/lirita-dhe-qetsori-nuk-je-me-lirita-e-pare\/","og_locale":"en_US","og_type":"article","og_title":"Lirita dhe Qetsori : Nuk je m\u00c3\u00ab Lirita e par\u00c3\u00ab | Big Brother Albania 2","og_description":"Big Brother Albania 2 - Qetsori bisedon me Lirit\u00c3\u00abn dhe i komenton sjelljen e saj se cfar\u00c3\u00ab i p\u00c3\u00ablqen dhe cfar\u00c3\u00ab jo tek ajo. Ai i tregon se ne fillim i ka p\u00c3\u00ablqyer sjellja e saj","og_url":"https:\/\/www.visit-ulcinj.com\/blog\/2009\/03\/28\/lirita-dhe-qetsori-nuk-je-me-lirita-e-pare\/","og_site_name":"Lajme nga Ulqini","article_published_time":"2009-03-28T09:59:55+00:00","og_image":[{"url":"http:\/\/www.visit-ulcinj.com\/blog\/wp-content\/uploads\/2009\/03\/liritasori.jpg"}],"twitter_misc":{"Written by":"ulqini","Est. reading time":"1 minute"},"schema":{"@context":"https:\/\/schema.org","@graph":[{"@type":"WebSite","@id":"https:\/\/www.visit-ulcinj.com\/blog\/#website","url":"https:\/\/www.visit-ulcinj.com\/blog\/","name":"Lajme nga Ulqini","description":"Lajme,Vijesti,Ulqini,Ulqin,Crna Gora,Mali i Zi","potentialAction":[{"@type":"SearchAction","target":{"@type":"EntryPoint","urlTemplate":"https:\/\/www.visit-ulcinj.com\/blog\/?s={search_term_string}"},"query-input":"required name=search_term_string"}],"inLanguage":"en-US"},{"@type":"ImageObject","inLanguage":"en-US","@id":"https:\/\/www.visit-ulcinj.com\/blog\/2009\/03\/28\/lirita-dhe-qetsori-nuk-je-me-lirita-e-pare\/#primaryimage","url":"http:\/\/www.visit-ulcinj.com\/blog\/wp-content\/uploads\/2009\/03\/liritasori.jpg","contentUrl":"http:\/\/www.visit-ulcinj.com\/blog\/wp-content\/uploads\/2009\/03\/liritasori.jpg"},{"@type":"WebPage","@id":"https:\/\/www.visit-ulcinj.com\/blog\/2009\/03\/28\/lirita-dhe-qetsori-nuk-je-me-lirita-e-pare\/#webpage","url":"https:\/\/www.visit-ulcinj.com\/blog\/2009\/03\/28\/lirita-dhe-qetsori-nuk-je-me-lirita-e-pare\/","name":"Lirita dhe Qetsori : Nuk je m\u00c3\u00ab Lirita e par\u00c3\u00ab | Big Brother Albania 2","isPartOf":{"@id":"https:\/\/www.visit-ulcinj.com\/blog\/#website"},"primaryImageOfPage":{"@id":"https:\/\/www.visit-ulcinj.com\/blog\/2009\/03\/28\/lirita-dhe-qetsori-nuk-je-me-lirita-e-pare\/#primaryimage"},"datePublished":"2009-03-28T09:59:55+00:00","dateModified":"2009-03-28T09:59:55+00:00","author":{"@id":"https:\/\/www.visit-ulcinj.com\/blog\/#\/schema\/person\/dcab619c614d3038751c63bc2aadc06d"},"description":"Big Brother Albania 2 - Qetsori bisedon me Lirit\u00c3\u00abn dhe i komenton sjelljen e saj se cfar\u00c3\u00ab i p\u00c3\u00ablqen dhe cfar\u00c3\u00ab jo tek ajo. Ai i tregon se ne fillim i ka p\u00c3\u00ablqyer sjellja e saj","breadcrumb":{"@id":"https:\/\/www.visit-ulcinj.com\/blog\/2009\/03\/28\/lirita-dhe-qetsori-nuk-je-me-lirita-e-pare\/#breadcrumb"},"inLanguage":"en-US","potentialAction":[{"@type":"ReadAction","target":["https:\/\/www.visit-ulcinj.com\/blog\/2009\/03\/28\/lirita-dhe-qetsori-nuk-je-me-lirita-e-pare\/"]}]},{"@type":"BreadcrumbList","@id":"https:\/\/www.visit-ulcinj.com\/blog\/2009\/03\/28\/lirita-dhe-qetsori-nuk-je-me-lirita-e-pare\/#breadcrumb","itemListElement":[{"@type":"ListItem","position":1,"name":"Lirita dhe Qetsori : Nuk je m\u00eb Lirita e par\u00eb"}]},{"@type":"Person","@id":"https:\/\/www.visit-ulcinj.com\/blog\/#\/schema\/person\/dcab619c614d3038751c63bc2aadc06d","name":"ulqini","sameAs":["http:\/\/www.visit-ulcinj.com"],"url":"https:\/\/www.visit-ulcinj.com\/blog\/author\/admin\/"}]}},"jetpack_featured_media_url":"","jetpack_sharing_enabled":true,"jetpack_shortlink":"https:\/\/wp.me\/pe6lTn-47a","_links":{"self":[{"href":"https:\/\/www.visit-ulcinj.com\/blog\/wp-json\/wp\/v2\/posts\/15820"}],"collection":[{"href":"https:\/\/www.visit-ulcinj.com\/blog\/wp-json\/wp\/v2\/posts"}],"about":[{"href":"https:\/\/www.visit-ulcinj.com\/blog\/wp-json\/wp\/v2\/types\/post"}],"author":[{"embeddable":true,"href":"https:\/\/www.visit-ulcinj.com\/blog\/wp-json\/wp\/v2\/users\/1"}],"replies":[{"embeddable":true,"href":"https:\/\/www.visit-ulcinj.com\/blog\/wp-json\/wp\/v2\/comments?post=15820"}],"version-history":[{"count":0,"href":"https:\/\/www.visit-ulcinj.com\/blog\/wp-json\/wp\/v2\/posts\/15820\/revisions"}],"wp:attachment":[{"href":"https:\/\/www.visit-ulcinj.com\/blog\/wp-json\/wp\/v2\/media?parent=15820"}],"wp:term":[{"taxonomy":"category","embeddable":true,"href":"https:\/\/www.visit-ulcinj.com\/blog\/wp-json\/wp\/v2\/categories?post=15820"},{"taxonomy":"post_tag","embeddable":true,"href":"https:\/\/www.visit-ulcinj.com\/blog\/wp-json\/wp\/v2\/tags?post=15820"}],"curies":[{"name":"wp","href":"https:\/\/api.w.org\/{rel}","templated":true}]}}