{"id":15824,"date":"2009-03-28T11:04:03","date_gmt":"2009-03-28T10:04:03","guid":{"rendered":"http:\/\/www.visit-ulcinj.com\/blog\/?p=15824"},"modified":"2009-03-28T11:04:03","modified_gmt":"2009-03-28T10:04:03","slug":"te-fitojme-te-ardhura-per-bamiresi","status":"publish","type":"post","link":"https:\/\/www.visit-ulcinj.com\/blog\/2009\/03\/28\/te-fitojme-te-ardhura-per-bamiresi\/","title":{"rendered":"T\u00eb fitojm\u00eb t\u00eb ardhura p\u00ebr bamir\u00ebsi"},"content":{"rendered":"<p><em><span class=\"newsdate\"><a href=\"http:\/\/www.visit-ulcinj.com\/blog\/wp-content\/uploads\/2009\/03\/per-proven1.jpg\"><img loading=\"lazy\" class=\"alignleft size-full wp-image-15825\" title=\"per-proven-big-brother-albania-2\" src=\"http:\/\/www.visit-ulcinj.com\/blog\/wp-content\/uploads\/2009\/03\/per-proven1.jpg\" alt=\"per-proven-big-brother-albania-2\" width=\"300\" height=\"205\" \/><\/a>26\/03\/09 14:20<\/span><\/em><\/p>\n<p>Adela dhe Dritani mbledhin t\u00eb gjith\u00eb banor\u00ebt p\u00ebr t\u2019iu komunikuar se kan\u00eb nd\u00ebrmend q\u00eb t\u00eb vendosin disa rregulla gjat\u00eb gatimit t\u00eb picave, duke par\u00eb q\u00eb nj\u00eb nat\u00eb m\u00eb par\u00eb pat\u00ebn disa probleme. Adela thot\u00eb se p\u00ebr t\u00eb punuar m\u00eb shum\u00eb, p\u00ebr t\u00eb q\u00ebn\u00eb m\u00eb t\u00eb rregullt e p\u00ebr t\u2019u dukur m\u00eb mir\u00eb do t\u00eb ndajn\u00eb pun\u00ebt midis tyre. Ajo thot\u00eb se secili do t\u00eb ket\u00eb detyr\u00ebn e vet\u00eb dhe se si do ndahen detyrat do t\u00eb diskutojn\u00eb t\u00eb gjith\u00eb bashk\u00eb. T\u00eb gjith\u00eb banor\u00ebt jan\u00eb dakord me k\u00ebt\u00eb ide dhe fillojn\u00eb t\u00eb diskutojn\u00eb se cfar\u00eb do t\u00eb b\u00ebjn\u00eb dhe ku ndjehen m\u00eb mir\u00eb. Pozicionet e tyre vendosen dhe t\u00eb gjith\u00eb e p\u00eblqejn\u00eb p\u00ebrvec Bjordit, q\u00eb nuk pranon t\u00eb b\u00ebj\u00eb rolin q\u00eb i caktojn\u00eb dhe mendon se secili duhet t\u00eb b\u00ebj\u00eb pic\u00ebn e tij, pasi k\u00ebshtu u p\u00ebrcaktua q\u00eb n\u00eb fillim. Adela e sqaron se e r\u00ebnd\u00ebsishme n\u00eb prov\u00ebn e jav\u00ebs \u00ebsht\u00eb t\u00eb b\u00ebjn\u00eb sa m\u00eb shum\u00eb pica dhe t\u00eb mbledhin sa m\u00eb shum\u00eb t\u00eb ardhura p\u00ebr bamir\u00ebsi, e jo se cili do t\u00eb gatuaj\u00eb m\u00eb shum\u00eb pica. Bjordi e kupton r\u00ebnd\u00ebsin\u00eb dhe pranon t\u00eb b\u00ebj\u00eb at\u00eb rol q\u00eb i p\u00ebrcaktojn\u00eb. Adela u kujton banor\u00ebve se n\u00eb cdo kuti do t\u00eb vendosin emrat dhe firmat e tyre, n\u00eb var\u00ebsi t\u00eb porosis\u00eb.<\/p>\n","protected":false},"excerpt":{"rendered":"<p>26\/03\/09 14:20 Adela dhe Dritani mbledhin t\u00eb gjith\u00eb banor\u00ebt p\u00ebr t\u2019iu komunikuar se kan\u00eb nd\u00ebrmend q\u00eb t\u00eb vendosin disa rregulla gjat\u00eb gatimit t\u00eb picave, duke par\u00eb q\u00eb nj\u00eb nat\u00eb m\u00eb par\u00eb pat\u00ebn disa probleme. Adela thot\u00eb se p\u00ebr t\u00eb punuar m\u00eb shum\u00eb, p\u00ebr t\u00eb q\u00ebn\u00eb m\u00eb t\u00eb rregullt e p\u00ebr t\u2019u dukur m\u00eb mir\u00eb do [&hellip;]<\/p>\n","protected":false},"author":1,"featured_media":0,"comment_status":"open","ping_status":"closed","sticky":false,"template":"","format":"standard","meta":{"spay_email":"","jetpack_publicize_message":"","jetpack_is_tweetstorm":false,"jetpack_publicize_feature_enabled":true},"categories":[6502],"tags":[6736,6529,5057,6506,6516,6712,7129,6521,6891,6693,6887],"jetpack_publicize_connections":[],"yoast_head":"<!-- This site is optimized with the Yoast SEO plugin v19.1 - https:\/\/yoast.com\/wordpress\/plugins\/seo\/ -->\n<title>T\u00c3\u00ab fitojm\u00c3\u00ab t\u00c3\u00ab ardhura p\u00c3\u00abr bamir\u00c3\u00absi | Big Brother Albania 2<\/title>\n<meta name=\"description\" content=\"Big Brother Albania 2 - Adela dhe Dritani mbledhin t\u00c3\u00ab gjith\u00c3\u00ab banor\u00c3\u00abt p\u00c3\u00abr t\u00e2\u20ac\u2122iu komunikuar se kan\u00c3\u00ab nd\u00c3\u00abrmend q\u00c3\u00ab t\u00c3\u00ab vendosin disa rregulla gjat\u00c3\u00ab gatimit t\u00c3\u00ab picave\" \/>\n<meta name=\"robots\" content=\"index, follow, max-snippet:-1, max-image-preview:large, max-video-preview:-1\" \/>\n<link rel=\"canonical\" href=\"https:\/\/www.visit-ulcinj.com\/blog\/2009\/03\/28\/te-fitojme-te-ardhura-per-bamiresi\/\" \/>\n<meta property=\"og:locale\" content=\"en_US\" \/>\n<meta property=\"og:type\" content=\"article\" \/>\n<meta property=\"og:title\" content=\"T\u00c3\u00ab fitojm\u00c3\u00ab t\u00c3\u00ab ardhura p\u00c3\u00abr bamir\u00c3\u00absi | Big Brother Albania 2\" \/>\n<meta property=\"og:description\" content=\"Big Brother Albania 2 - Adela dhe Dritani mbledhin t\u00c3\u00ab gjith\u00c3\u00ab banor\u00c3\u00abt p\u00c3\u00abr t\u00e2\u20ac\u2122iu komunikuar se kan\u00c3\u00ab nd\u00c3\u00abrmend q\u00c3\u00ab t\u00c3\u00ab vendosin disa rregulla gjat\u00c3\u00ab gatimit t\u00c3\u00ab picave\" \/>\n<meta property=\"og:url\" content=\"https:\/\/www.visit-ulcinj.com\/blog\/2009\/03\/28\/te-fitojme-te-ardhura-per-bamiresi\/\" \/>\n<meta property=\"og:site_name\" content=\"Lajme nga Ulqini\" \/>\n<meta property=\"article:published_time\" content=\"2009-03-28T10:04:03+00:00\" \/>\n<meta property=\"og:image\" content=\"http:\/\/www.visit-ulcinj.com\/blog\/wp-content\/uploads\/2009\/03\/per-proven1.jpg\" \/>\n<meta name=\"twitter:label1\" content=\"Written by\" \/>\n\t<meta name=\"twitter:data1\" content=\"ulqini\" \/>\n\t<meta name=\"twitter:label2\" content=\"Est. reading time\" \/>\n\t<meta name=\"twitter:data2\" content=\"1 minute\" \/>\n<script type=\"application\/ld+json\" class=\"yoast-schema-graph\">{\"@context\":\"https:\/\/schema.org\",\"@graph\":[{\"@type\":\"WebSite\",\"@id\":\"https:\/\/www.visit-ulcinj.com\/blog\/#website\",\"url\":\"https:\/\/www.visit-ulcinj.com\/blog\/\",\"name\":\"Lajme nga Ulqini\",\"description\":\"Lajme,Vijesti,Ulqini,Ulqin,Crna Gora,Mali i Zi\",\"potentialAction\":[{\"@type\":\"SearchAction\",\"target\":{\"@type\":\"EntryPoint\",\"urlTemplate\":\"https:\/\/www.visit-ulcinj.com\/blog\/?s={search_term_string}\"},\"query-input\":\"required name=search_term_string\"}],\"inLanguage\":\"en-US\"},{\"@type\":\"ImageObject\",\"inLanguage\":\"en-US\",\"@id\":\"https:\/\/www.visit-ulcinj.com\/blog\/2009\/03\/28\/te-fitojme-te-ardhura-per-bamiresi\/#primaryimage\",\"url\":\"http:\/\/www.visit-ulcinj.com\/blog\/wp-content\/uploads\/2009\/03\/per-proven1.jpg\",\"contentUrl\":\"http:\/\/www.visit-ulcinj.com\/blog\/wp-content\/uploads\/2009\/03\/per-proven1.jpg\"},{\"@type\":\"WebPage\",\"@id\":\"https:\/\/www.visit-ulcinj.com\/blog\/2009\/03\/28\/te-fitojme-te-ardhura-per-bamiresi\/#webpage\",\"url\":\"https:\/\/www.visit-ulcinj.com\/blog\/2009\/03\/28\/te-fitojme-te-ardhura-per-bamiresi\/\",\"name\":\"T\u00c3\u00ab fitojm\u00c3\u00ab t\u00c3\u00ab ardhura p\u00c3\u00abr bamir\u00c3\u00absi | Big Brother Albania 2\",\"isPartOf\":{\"@id\":\"https:\/\/www.visit-ulcinj.com\/blog\/#website\"},\"primaryImageOfPage\":{\"@id\":\"https:\/\/www.visit-ulcinj.com\/blog\/2009\/03\/28\/te-fitojme-te-ardhura-per-bamiresi\/#primaryimage\"},\"datePublished\":\"2009-03-28T10:04:03+00:00\",\"dateModified\":\"2009-03-28T10:04:03+00:00\",\"author\":{\"@id\":\"https:\/\/www.visit-ulcinj.com\/blog\/#\/schema\/person\/dcab619c614d3038751c63bc2aadc06d\"},\"description\":\"Big Brother Albania 2 - Adela dhe Dritani mbledhin t\u00c3\u00ab gjith\u00c3\u00ab banor\u00c3\u00abt p\u00c3\u00abr t\u00e2\u20ac\u2122iu komunikuar se kan\u00c3\u00ab nd\u00c3\u00abrmend q\u00c3\u00ab t\u00c3\u00ab vendosin disa rregulla gjat\u00c3\u00ab gatimit t\u00c3\u00ab picave\",\"breadcrumb\":{\"@id\":\"https:\/\/www.visit-ulcinj.com\/blog\/2009\/03\/28\/te-fitojme-te-ardhura-per-bamiresi\/#breadcrumb\"},\"inLanguage\":\"en-US\",\"potentialAction\":[{\"@type\":\"ReadAction\",\"target\":[\"https:\/\/www.visit-ulcinj.com\/blog\/2009\/03\/28\/te-fitojme-te-ardhura-per-bamiresi\/\"]}]},{\"@type\":\"BreadcrumbList\",\"@id\":\"https:\/\/www.visit-ulcinj.com\/blog\/2009\/03\/28\/te-fitojme-te-ardhura-per-bamiresi\/#breadcrumb\",\"itemListElement\":[{\"@type\":\"ListItem\",\"position\":1,\"name\":\"T\u00eb fitojm\u00eb t\u00eb ardhura p\u00ebr bamir\u00ebsi\"}]},{\"@type\":\"Person\",\"@id\":\"https:\/\/www.visit-ulcinj.com\/blog\/#\/schema\/person\/dcab619c614d3038751c63bc2aadc06d\",\"name\":\"ulqini\",\"sameAs\":[\"http:\/\/www.visit-ulcinj.com\"],\"url\":\"https:\/\/www.visit-ulcinj.com\/blog\/author\/admin\/\"}]}<\/script>\n<!-- \/ Yoast SEO plugin. -->","yoast_head_json":{"title":"T\u00c3\u00ab fitojm\u00c3\u00ab t\u00c3\u00ab ardhura p\u00c3\u00abr bamir\u00c3\u00absi | Big Brother Albania 2","description":"Big Brother Albania 2 - Adela dhe Dritani mbledhin t\u00c3\u00ab gjith\u00c3\u00ab banor\u00c3\u00abt p\u00c3\u00abr t\u00e2\u20ac\u2122iu komunikuar se kan\u00c3\u00ab nd\u00c3\u00abrmend q\u00c3\u00ab t\u00c3\u00ab vendosin disa rregulla gjat\u00c3\u00ab gatimit t\u00c3\u00ab picave","robots":{"index":"index","follow":"follow","max-snippet":"max-snippet:-1","max-image-preview":"max-image-preview:large","max-video-preview":"max-video-preview:-1"},"canonical":"https:\/\/www.visit-ulcinj.com\/blog\/2009\/03\/28\/te-fitojme-te-ardhura-per-bamiresi\/","og_locale":"en_US","og_type":"article","og_title":"T\u00c3\u00ab fitojm\u00c3\u00ab t\u00c3\u00ab ardhura p\u00c3\u00abr bamir\u00c3\u00absi | Big Brother Albania 2","og_description":"Big Brother Albania 2 - Adela dhe Dritani mbledhin t\u00c3\u00ab gjith\u00c3\u00ab banor\u00c3\u00abt p\u00c3\u00abr t\u00e2\u20ac\u2122iu komunikuar se kan\u00c3\u00ab nd\u00c3\u00abrmend q\u00c3\u00ab t\u00c3\u00ab vendosin disa rregulla gjat\u00c3\u00ab gatimit t\u00c3\u00ab picave","og_url":"https:\/\/www.visit-ulcinj.com\/blog\/2009\/03\/28\/te-fitojme-te-ardhura-per-bamiresi\/","og_site_name":"Lajme nga Ulqini","article_published_time":"2009-03-28T10:04:03+00:00","og_image":[{"url":"http:\/\/www.visit-ulcinj.com\/blog\/wp-content\/uploads\/2009\/03\/per-proven1.jpg"}],"twitter_misc":{"Written by":"ulqini","Est. reading time":"1 minute"},"schema":{"@context":"https:\/\/schema.org","@graph":[{"@type":"WebSite","@id":"https:\/\/www.visit-ulcinj.com\/blog\/#website","url":"https:\/\/www.visit-ulcinj.com\/blog\/","name":"Lajme nga Ulqini","description":"Lajme,Vijesti,Ulqini,Ulqin,Crna Gora,Mali i Zi","potentialAction":[{"@type":"SearchAction","target":{"@type":"EntryPoint","urlTemplate":"https:\/\/www.visit-ulcinj.com\/blog\/?s={search_term_string}"},"query-input":"required name=search_term_string"}],"inLanguage":"en-US"},{"@type":"ImageObject","inLanguage":"en-US","@id":"https:\/\/www.visit-ulcinj.com\/blog\/2009\/03\/28\/te-fitojme-te-ardhura-per-bamiresi\/#primaryimage","url":"http:\/\/www.visit-ulcinj.com\/blog\/wp-content\/uploads\/2009\/03\/per-proven1.jpg","contentUrl":"http:\/\/www.visit-ulcinj.com\/blog\/wp-content\/uploads\/2009\/03\/per-proven1.jpg"},{"@type":"WebPage","@id":"https:\/\/www.visit-ulcinj.com\/blog\/2009\/03\/28\/te-fitojme-te-ardhura-per-bamiresi\/#webpage","url":"https:\/\/www.visit-ulcinj.com\/blog\/2009\/03\/28\/te-fitojme-te-ardhura-per-bamiresi\/","name":"T\u00c3\u00ab fitojm\u00c3\u00ab t\u00c3\u00ab ardhura p\u00c3\u00abr bamir\u00c3\u00absi | Big Brother Albania 2","isPartOf":{"@id":"https:\/\/www.visit-ulcinj.com\/blog\/#website"},"primaryImageOfPage":{"@id":"https:\/\/www.visit-ulcinj.com\/blog\/2009\/03\/28\/te-fitojme-te-ardhura-per-bamiresi\/#primaryimage"},"datePublished":"2009-03-28T10:04:03+00:00","dateModified":"2009-03-28T10:04:03+00:00","author":{"@id":"https:\/\/www.visit-ulcinj.com\/blog\/#\/schema\/person\/dcab619c614d3038751c63bc2aadc06d"},"description":"Big Brother Albania 2 - Adela dhe Dritani mbledhin t\u00c3\u00ab gjith\u00c3\u00ab banor\u00c3\u00abt p\u00c3\u00abr t\u00e2\u20ac\u2122iu komunikuar se kan\u00c3\u00ab nd\u00c3\u00abrmend q\u00c3\u00ab t\u00c3\u00ab vendosin disa rregulla gjat\u00c3\u00ab gatimit t\u00c3\u00ab picave","breadcrumb":{"@id":"https:\/\/www.visit-ulcinj.com\/blog\/2009\/03\/28\/te-fitojme-te-ardhura-per-bamiresi\/#breadcrumb"},"inLanguage":"en-US","potentialAction":[{"@type":"ReadAction","target":["https:\/\/www.visit-ulcinj.com\/blog\/2009\/03\/28\/te-fitojme-te-ardhura-per-bamiresi\/"]}]},{"@type":"BreadcrumbList","@id":"https:\/\/www.visit-ulcinj.com\/blog\/2009\/03\/28\/te-fitojme-te-ardhura-per-bamiresi\/#breadcrumb","itemListElement":[{"@type":"ListItem","position":1,"name":"T\u00eb fitojm\u00eb t\u00eb ardhura p\u00ebr bamir\u00ebsi"}]},{"@type":"Person","@id":"https:\/\/www.visit-ulcinj.com\/blog\/#\/schema\/person\/dcab619c614d3038751c63bc2aadc06d","name":"ulqini","sameAs":["http:\/\/www.visit-ulcinj.com"],"url":"https:\/\/www.visit-ulcinj.com\/blog\/author\/admin\/"}]}},"jetpack_featured_media_url":"","jetpack_sharing_enabled":true,"jetpack_shortlink":"https:\/\/wp.me\/pe6lTn-47e","_links":{"self":[{"href":"https:\/\/www.visit-ulcinj.com\/blog\/wp-json\/wp\/v2\/posts\/15824"}],"collection":[{"href":"https:\/\/www.visit-ulcinj.com\/blog\/wp-json\/wp\/v2\/posts"}],"about":[{"href":"https:\/\/www.visit-ulcinj.com\/blog\/wp-json\/wp\/v2\/types\/post"}],"author":[{"embeddable":true,"href":"https:\/\/www.visit-ulcinj.com\/blog\/wp-json\/wp\/v2\/users\/1"}],"replies":[{"embeddable":true,"href":"https:\/\/www.visit-ulcinj.com\/blog\/wp-json\/wp\/v2\/comments?post=15824"}],"version-history":[{"count":0,"href":"https:\/\/www.visit-ulcinj.com\/blog\/wp-json\/wp\/v2\/posts\/15824\/revisions"}],"wp:attachment":[{"href":"https:\/\/www.visit-ulcinj.com\/blog\/wp-json\/wp\/v2\/media?parent=15824"}],"wp:term":[{"taxonomy":"category","embeddable":true,"href":"https:\/\/www.visit-ulcinj.com\/blog\/wp-json\/wp\/v2\/categories?post=15824"},{"taxonomy":"post_tag","embeddable":true,"href":"https:\/\/www.visit-ulcinj.com\/blog\/wp-json\/wp\/v2\/tags?post=15824"}],"curies":[{"name":"wp","href":"https:\/\/api.w.org\/{rel}","templated":true}]}}