{"id":15830,"date":"2009-03-28T11:10:10","date_gmt":"2009-03-28T10:10:10","guid":{"rendered":"http:\/\/www.visit-ulcinj.com\/blog\/?p=15830"},"modified":"2009-03-28T11:10:10","modified_gmt":"2009-03-28T10:10:10","slug":"adelajda-bukuria-nuk-eshte-loje","status":"publish","type":"post","link":"https:\/\/www.visit-ulcinj.com\/blog\/2009\/03\/28\/adelajda-bukuria-nuk-eshte-loje\/","title":{"rendered":"Adelajda : Bukuria nuk \u00ebsht\u00eb loj\u00eb"},"content":{"rendered":"<p><em><span class=\"newsdate\"><a href=\"http:\/\/www.visit-ulcinj.com\/blog\/wp-content\/uploads\/2009\/03\/stili-i-adeles.jpg\"><img loading=\"lazy\" class=\"alignleft size-full wp-image-15831\" title=\"stili-i-adeles-big-brother-albania-2\" src=\"http:\/\/www.visit-ulcinj.com\/blog\/wp-content\/uploads\/2009\/03\/stili-i-adeles.jpg\" alt=\"stili-i-adeles-big-brother-albania-2\" width=\"300\" height=\"205\" \/><\/a>26\/03\/09 15:47<\/span><\/em><\/p>\n<p>Adi diskuton p\u00ebr ngjyrat e produkteve kozmetike t\u00eb femrave. Ai thot\u00eb q\u00eb ngjyra roz\u00eb nuk e duron dot, por i p\u00eblqen e kuqja q\u00eb Anjeza kishte lyer buz\u00ebt. Adelajda i thot\u00eb q\u00eb asaj nuk i shkon ajo lloj e kuqeje. K\u00ebtu merr shkas Bjordi p\u00ebr t\u00eb komentuar at\u00eb. Ai thot\u00eb:-\u201cTi nuk ke stil fare, ta them me zem\u00ebr!\u201d Adi e k\u00ebshillon Adelajd\u00ebn q\u00eb kur t\u00eb dal\u00eb nga \u201cBig Brother\u201d t\u00eb shkoj\u00eb n\u00eb nj\u00eb q\u00ebnd\u00ebr estetike, dhe t`ja l\u00eb n\u00eb dor\u00eb pamjen e saj nj\u00eb profesionisteje. Anjeza mendon q\u00eb femra q\u00eb \u00ebsht\u00eb m\u00eb e bukur n\u00eb sht\u00ebpi \u00ebsht\u00eb Adelajda. Sipas saj, ajo i ka tiparet m\u00eb t\u00eb rregullta se Mimoza. Adi ia kthen, q\u00eb p\u00ebr syrin e mashkullit Mmimoza \u00ebsht\u00eb m\u00eb e mir\u00eb. Ai shton:-\u201cAdelajda ka tiparet e fytyr\u00ebs m\u00eb josh\u00ebse, por k\u00ebtu fillon dhe mbaron ajo!\u201d Bjordi shton:-\u201cBukuria nuk \u00ebsht\u00eb loj\u00eb!\u201d<\/p>\n","protected":false},"excerpt":{"rendered":"<p>26\/03\/09 15:47 Adi diskuton p\u00ebr ngjyrat e produkteve kozmetike t\u00eb femrave. Ai thot\u00eb q\u00eb ngjyra roz\u00eb nuk e duron dot, por i p\u00eblqen e kuqja q\u00eb Anjeza kishte lyer buz\u00ebt. Adelajda i thot\u00eb q\u00eb asaj nuk i shkon ajo lloj e kuqeje. K\u00ebtu merr shkas Bjordi p\u00ebr t\u00eb komentuar at\u00eb. Ai thot\u00eb:-\u201cTi nuk ke stil [&hellip;]<\/p>\n","protected":false},"author":1,"featured_media":0,"comment_status":"open","ping_status":"closed","sticky":false,"template":"","format":"standard","meta":{"spay_email":"","jetpack_publicize_message":"","jetpack_is_tweetstorm":false,"jetpack_publicize_feature_enabled":true},"categories":[6502],"tags":[6529,1414,6537,8289,6883,6516,6712,6522,6891],"jetpack_publicize_connections":[],"yoast_head":"<!-- This site is optimized with the Yoast SEO plugin v19.1 - https:\/\/yoast.com\/wordpress\/plugins\/seo\/ -->\n<title>Adelajda : Bukuria nuk \u00c3\u00absht\u00c3\u00ab loj\u00c3\u00ab | Big Brother Albania 2<\/title>\n<meta name=\"description\" content=\"Big Brother Albania 2 - Adi diskuton p\u00c3\u00abr ngjyrat e produkteve kozmetike t\u00c3\u00ab femrave. Ai thot\u00c3\u00ab q\u00c3\u00ab ngjyra roz\u00c3\u00ab nuk e duron dot, por i p\u00c3\u00ablqen e kuqja q\u00c3\u00ab Anjeza kishte lyer buz\u00c3\u00abt.\" \/>\n<meta name=\"robots\" content=\"index, follow, max-snippet:-1, max-image-preview:large, max-video-preview:-1\" \/>\n<link rel=\"canonical\" href=\"https:\/\/www.visit-ulcinj.com\/blog\/2009\/03\/28\/adelajda-bukuria-nuk-eshte-loje\/\" \/>\n<meta property=\"og:locale\" content=\"en_US\" \/>\n<meta property=\"og:type\" content=\"article\" \/>\n<meta property=\"og:title\" content=\"Adelajda : Bukuria nuk \u00c3\u00absht\u00c3\u00ab loj\u00c3\u00ab | Big Brother Albania 2\" \/>\n<meta property=\"og:description\" content=\"Big Brother Albania 2 - Adi diskuton p\u00c3\u00abr ngjyrat e produkteve kozmetike t\u00c3\u00ab femrave. Ai thot\u00c3\u00ab q\u00c3\u00ab ngjyra roz\u00c3\u00ab nuk e duron dot, por i p\u00c3\u00ablqen e kuqja q\u00c3\u00ab Anjeza kishte lyer buz\u00c3\u00abt.\" \/>\n<meta property=\"og:url\" content=\"https:\/\/www.visit-ulcinj.com\/blog\/2009\/03\/28\/adelajda-bukuria-nuk-eshte-loje\/\" \/>\n<meta property=\"og:site_name\" content=\"Lajme nga Ulqini\" \/>\n<meta property=\"article:published_time\" content=\"2009-03-28T10:10:10+00:00\" \/>\n<meta property=\"og:image\" content=\"http:\/\/www.visit-ulcinj.com\/blog\/wp-content\/uploads\/2009\/03\/stili-i-adeles.jpg\" \/>\n<meta name=\"twitter:label1\" content=\"Written by\" \/>\n\t<meta name=\"twitter:data1\" content=\"ulqini\" \/>\n\t<meta name=\"twitter:label2\" content=\"Est. reading time\" \/>\n\t<meta name=\"twitter:data2\" content=\"1 minute\" \/>\n<script type=\"application\/ld+json\" class=\"yoast-schema-graph\">{\"@context\":\"https:\/\/schema.org\",\"@graph\":[{\"@type\":\"WebSite\",\"@id\":\"https:\/\/www.visit-ulcinj.com\/blog\/#website\",\"url\":\"https:\/\/www.visit-ulcinj.com\/blog\/\",\"name\":\"Lajme nga Ulqini\",\"description\":\"Lajme,Vijesti,Ulqini,Ulqin,Crna Gora,Mali i Zi\",\"potentialAction\":[{\"@type\":\"SearchAction\",\"target\":{\"@type\":\"EntryPoint\",\"urlTemplate\":\"https:\/\/www.visit-ulcinj.com\/blog\/?s={search_term_string}\"},\"query-input\":\"required name=search_term_string\"}],\"inLanguage\":\"en-US\"},{\"@type\":\"ImageObject\",\"inLanguage\":\"en-US\",\"@id\":\"https:\/\/www.visit-ulcinj.com\/blog\/2009\/03\/28\/adelajda-bukuria-nuk-eshte-loje\/#primaryimage\",\"url\":\"http:\/\/www.visit-ulcinj.com\/blog\/wp-content\/uploads\/2009\/03\/stili-i-adeles.jpg\",\"contentUrl\":\"http:\/\/www.visit-ulcinj.com\/blog\/wp-content\/uploads\/2009\/03\/stili-i-adeles.jpg\"},{\"@type\":\"WebPage\",\"@id\":\"https:\/\/www.visit-ulcinj.com\/blog\/2009\/03\/28\/adelajda-bukuria-nuk-eshte-loje\/#webpage\",\"url\":\"https:\/\/www.visit-ulcinj.com\/blog\/2009\/03\/28\/adelajda-bukuria-nuk-eshte-loje\/\",\"name\":\"Adelajda : Bukuria nuk \u00c3\u00absht\u00c3\u00ab loj\u00c3\u00ab | Big Brother Albania 2\",\"isPartOf\":{\"@id\":\"https:\/\/www.visit-ulcinj.com\/blog\/#website\"},\"primaryImageOfPage\":{\"@id\":\"https:\/\/www.visit-ulcinj.com\/blog\/2009\/03\/28\/adelajda-bukuria-nuk-eshte-loje\/#primaryimage\"},\"datePublished\":\"2009-03-28T10:10:10+00:00\",\"dateModified\":\"2009-03-28T10:10:10+00:00\",\"author\":{\"@id\":\"https:\/\/www.visit-ulcinj.com\/blog\/#\/schema\/person\/dcab619c614d3038751c63bc2aadc06d\"},\"description\":\"Big Brother Albania 2 - Adi diskuton p\u00c3\u00abr ngjyrat e produkteve kozmetike t\u00c3\u00ab femrave. Ai thot\u00c3\u00ab q\u00c3\u00ab ngjyra roz\u00c3\u00ab nuk e duron dot, por i p\u00c3\u00ablqen e kuqja q\u00c3\u00ab Anjeza kishte lyer buz\u00c3\u00abt.\",\"breadcrumb\":{\"@id\":\"https:\/\/www.visit-ulcinj.com\/blog\/2009\/03\/28\/adelajda-bukuria-nuk-eshte-loje\/#breadcrumb\"},\"inLanguage\":\"en-US\",\"potentialAction\":[{\"@type\":\"ReadAction\",\"target\":[\"https:\/\/www.visit-ulcinj.com\/blog\/2009\/03\/28\/adelajda-bukuria-nuk-eshte-loje\/\"]}]},{\"@type\":\"BreadcrumbList\",\"@id\":\"https:\/\/www.visit-ulcinj.com\/blog\/2009\/03\/28\/adelajda-bukuria-nuk-eshte-loje\/#breadcrumb\",\"itemListElement\":[{\"@type\":\"ListItem\",\"position\":1,\"name\":\"Adelajda : Bukuria nuk \u00ebsht\u00eb loj\u00eb\"}]},{\"@type\":\"Person\",\"@id\":\"https:\/\/www.visit-ulcinj.com\/blog\/#\/schema\/person\/dcab619c614d3038751c63bc2aadc06d\",\"name\":\"ulqini\",\"sameAs\":[\"http:\/\/www.visit-ulcinj.com\"],\"url\":\"https:\/\/www.visit-ulcinj.com\/blog\/author\/admin\/\"}]}<\/script>\n<!-- \/ Yoast SEO plugin. -->","yoast_head_json":{"title":"Adelajda : Bukuria nuk \u00c3\u00absht\u00c3\u00ab loj\u00c3\u00ab | Big Brother Albania 2","description":"Big Brother Albania 2 - Adi diskuton p\u00c3\u00abr ngjyrat e produkteve kozmetike t\u00c3\u00ab femrave. Ai thot\u00c3\u00ab q\u00c3\u00ab ngjyra roz\u00c3\u00ab nuk e duron dot, por i p\u00c3\u00ablqen e kuqja q\u00c3\u00ab Anjeza kishte lyer buz\u00c3\u00abt.","robots":{"index":"index","follow":"follow","max-snippet":"max-snippet:-1","max-image-preview":"max-image-preview:large","max-video-preview":"max-video-preview:-1"},"canonical":"https:\/\/www.visit-ulcinj.com\/blog\/2009\/03\/28\/adelajda-bukuria-nuk-eshte-loje\/","og_locale":"en_US","og_type":"article","og_title":"Adelajda : Bukuria nuk \u00c3\u00absht\u00c3\u00ab loj\u00c3\u00ab | Big Brother Albania 2","og_description":"Big Brother Albania 2 - Adi diskuton p\u00c3\u00abr ngjyrat e produkteve kozmetike t\u00c3\u00ab femrave. Ai thot\u00c3\u00ab q\u00c3\u00ab ngjyra roz\u00c3\u00ab nuk e duron dot, por i p\u00c3\u00ablqen e kuqja q\u00c3\u00ab Anjeza kishte lyer buz\u00c3\u00abt.","og_url":"https:\/\/www.visit-ulcinj.com\/blog\/2009\/03\/28\/adelajda-bukuria-nuk-eshte-loje\/","og_site_name":"Lajme nga Ulqini","article_published_time":"2009-03-28T10:10:10+00:00","og_image":[{"url":"http:\/\/www.visit-ulcinj.com\/blog\/wp-content\/uploads\/2009\/03\/stili-i-adeles.jpg"}],"twitter_misc":{"Written by":"ulqini","Est. reading time":"1 minute"},"schema":{"@context":"https:\/\/schema.org","@graph":[{"@type":"WebSite","@id":"https:\/\/www.visit-ulcinj.com\/blog\/#website","url":"https:\/\/www.visit-ulcinj.com\/blog\/","name":"Lajme nga Ulqini","description":"Lajme,Vijesti,Ulqini,Ulqin,Crna Gora,Mali i Zi","potentialAction":[{"@type":"SearchAction","target":{"@type":"EntryPoint","urlTemplate":"https:\/\/www.visit-ulcinj.com\/blog\/?s={search_term_string}"},"query-input":"required name=search_term_string"}],"inLanguage":"en-US"},{"@type":"ImageObject","inLanguage":"en-US","@id":"https:\/\/www.visit-ulcinj.com\/blog\/2009\/03\/28\/adelajda-bukuria-nuk-eshte-loje\/#primaryimage","url":"http:\/\/www.visit-ulcinj.com\/blog\/wp-content\/uploads\/2009\/03\/stili-i-adeles.jpg","contentUrl":"http:\/\/www.visit-ulcinj.com\/blog\/wp-content\/uploads\/2009\/03\/stili-i-adeles.jpg"},{"@type":"WebPage","@id":"https:\/\/www.visit-ulcinj.com\/blog\/2009\/03\/28\/adelajda-bukuria-nuk-eshte-loje\/#webpage","url":"https:\/\/www.visit-ulcinj.com\/blog\/2009\/03\/28\/adelajda-bukuria-nuk-eshte-loje\/","name":"Adelajda : Bukuria nuk \u00c3\u00absht\u00c3\u00ab loj\u00c3\u00ab | Big Brother Albania 2","isPartOf":{"@id":"https:\/\/www.visit-ulcinj.com\/blog\/#website"},"primaryImageOfPage":{"@id":"https:\/\/www.visit-ulcinj.com\/blog\/2009\/03\/28\/adelajda-bukuria-nuk-eshte-loje\/#primaryimage"},"datePublished":"2009-03-28T10:10:10+00:00","dateModified":"2009-03-28T10:10:10+00:00","author":{"@id":"https:\/\/www.visit-ulcinj.com\/blog\/#\/schema\/person\/dcab619c614d3038751c63bc2aadc06d"},"description":"Big Brother Albania 2 - Adi diskuton p\u00c3\u00abr ngjyrat e produkteve kozmetike t\u00c3\u00ab femrave. Ai thot\u00c3\u00ab q\u00c3\u00ab ngjyra roz\u00c3\u00ab nuk e duron dot, por i p\u00c3\u00ablqen e kuqja q\u00c3\u00ab Anjeza kishte lyer buz\u00c3\u00abt.","breadcrumb":{"@id":"https:\/\/www.visit-ulcinj.com\/blog\/2009\/03\/28\/adelajda-bukuria-nuk-eshte-loje\/#breadcrumb"},"inLanguage":"en-US","potentialAction":[{"@type":"ReadAction","target":["https:\/\/www.visit-ulcinj.com\/blog\/2009\/03\/28\/adelajda-bukuria-nuk-eshte-loje\/"]}]},{"@type":"BreadcrumbList","@id":"https:\/\/www.visit-ulcinj.com\/blog\/2009\/03\/28\/adelajda-bukuria-nuk-eshte-loje\/#breadcrumb","itemListElement":[{"@type":"ListItem","position":1,"name":"Adelajda : Bukuria nuk \u00ebsht\u00eb loj\u00eb"}]},{"@type":"Person","@id":"https:\/\/www.visit-ulcinj.com\/blog\/#\/schema\/person\/dcab619c614d3038751c63bc2aadc06d","name":"ulqini","sameAs":["http:\/\/www.visit-ulcinj.com"],"url":"https:\/\/www.visit-ulcinj.com\/blog\/author\/admin\/"}]}},"jetpack_featured_media_url":"","jetpack_sharing_enabled":true,"jetpack_shortlink":"https:\/\/wp.me\/pe6lTn-47k","_links":{"self":[{"href":"https:\/\/www.visit-ulcinj.com\/blog\/wp-json\/wp\/v2\/posts\/15830"}],"collection":[{"href":"https:\/\/www.visit-ulcinj.com\/blog\/wp-json\/wp\/v2\/posts"}],"about":[{"href":"https:\/\/www.visit-ulcinj.com\/blog\/wp-json\/wp\/v2\/types\/post"}],"author":[{"embeddable":true,"href":"https:\/\/www.visit-ulcinj.com\/blog\/wp-json\/wp\/v2\/users\/1"}],"replies":[{"embeddable":true,"href":"https:\/\/www.visit-ulcinj.com\/blog\/wp-json\/wp\/v2\/comments?post=15830"}],"version-history":[{"count":0,"href":"https:\/\/www.visit-ulcinj.com\/blog\/wp-json\/wp\/v2\/posts\/15830\/revisions"}],"wp:attachment":[{"href":"https:\/\/www.visit-ulcinj.com\/blog\/wp-json\/wp\/v2\/media?parent=15830"}],"wp:term":[{"taxonomy":"category","embeddable":true,"href":"https:\/\/www.visit-ulcinj.com\/blog\/wp-json\/wp\/v2\/categories?post=15830"},{"taxonomy":"post_tag","embeddable":true,"href":"https:\/\/www.visit-ulcinj.com\/blog\/wp-json\/wp\/v2\/tags?post=15830"}],"curies":[{"name":"wp","href":"https:\/\/api.w.org\/{rel}","templated":true}]}}