{"id":15837,"date":"2009-03-28T11:20:22","date_gmt":"2009-03-28T10:20:22","guid":{"rendered":"http:\/\/www.visit-ulcinj.com\/blog\/?p=15837"},"modified":"2009-03-28T11:20:22","modified_gmt":"2009-03-28T10:20:22","slug":"aida-bika-ti-je-idealiste","status":"publish","type":"post","link":"https:\/\/www.visit-ulcinj.com\/blog\/2009\/03\/28\/aida-bika-ti-je-idealiste\/","title":{"rendered":"Aida: Bika, ti je idealiste"},"content":{"rendered":"<p><em><span class=\"newsdate\"><a href=\"http:\/\/www.visit-ulcinj.com\/blog\/wp-content\/uploads\/2009\/03\/aida-per-biken.jpg\"><img loading=\"lazy\" class=\"alignleft size-full wp-image-15838\" title=\"aida-per-biken-big-brother-albania-2\" src=\"http:\/\/www.visit-ulcinj.com\/blog\/wp-content\/uploads\/2009\/03\/aida-per-biken.jpg\" alt=\"aida-per-biken-big-brother-albania-2\" width=\"300\" height=\"205\" \/><\/a>26\/03\/09 18:48<\/span><\/em><\/p>\n<p>Republika i thot\u00eb vajzave q\u00eb Anjeza ka tipare shum\u00eb t\u00eb rregullta. Nga kjo merr shkas Aida p\u00ebr t\u00eb folur p\u00ebr t\u00eb. Sipas saj Anjeza nuk duket p\u00ebr 20 vjec ,por tregon m\u00eb e madhe. Lirita k\u00ebrkon nj\u00eb mendim t\u00eb Aid\u00ebs n\u00eb lidhje me mosh\u00ebn e saj, dhe e pyet:-\u201cPo un\u00eb dukem p\u00ebr 22vjec?\u201d Aida i thot\u00eb q\u00eb p\u00ebr t\u00eb, ajo tregon p\u00ebr 25 vjec, dhe kjo vjen nga m\u00ebnyra e t\u00eb menduarit. Dhe Republika i b\u00ebn t\u00eb nj\u00ebjt\u00ebn pyetje t\u00eb Lirit\u00ebs. Aida i thot\u00eb:-\u201cTa kam th\u00ebn\u00eb, ti je idealiste!\u201d P\u00ebr Lirit\u00ebn, Republika duket p\u00ebr 23 vjec. Republika thot\u00eb q\u00eb ajo nuk e ka problem kur t\u00eb tjer\u00ebt i thon\u00eb q\u00eb duket m\u00eb e vog\u00ebl, apo m\u00eb e madhe. Aida i thot\u00eb:-\u201cTy t\u00eb pakt\u00ebn pjekuria jote, dhe idealizmi jot nuk t\u00eb rrit n\u00eb mosh\u00eb. Mua pjekuria ime m\u00eb ka rritur gjithmon\u00eb n\u00eb mosh\u00eb.\u201d Sipas saj Republika duhet t\u00eb jet\u00eb m\u00eb fleksib\u00ebl si natyr\u00eb ndaj gj\u00ebrave t\u00eb reja dhe d\u00ebshirave.<\/p>\n","protected":false},"excerpt":{"rendered":"<p>26\/03\/09 18:48 Republika i thot\u00eb vajzave q\u00eb Anjeza ka tipare shum\u00eb t\u00eb rregullta. Nga kjo merr shkas Aida p\u00ebr t\u00eb folur p\u00ebr t\u00eb. Sipas saj Anjeza nuk duket p\u00ebr 20 vjec ,por tregon m\u00eb e madhe. Lirita k\u00ebrkon nj\u00eb mendim t\u00eb Aid\u00ebs n\u00eb lidhje me mosh\u00ebn e saj, dhe e pyet:-\u201cPo un\u00eb dukem p\u00ebr 22vjec?\u201d [&hellip;]<\/p>\n","protected":false},"author":1,"featured_media":0,"comment_status":"open","ping_status":"closed","sticky":false,"template":"","format":"standard","meta":{"spay_email":"","jetpack_publicize_message":"","jetpack_is_tweetstorm":false,"jetpack_publicize_feature_enabled":true},"categories":[6502],"tags":[6537,5057,6506,6516,6712,7129,6740,262,6891,6693,6887],"jetpack_publicize_connections":[],"yoast_head":"<!-- This site is optimized with the Yoast SEO plugin v19.1 - https:\/\/yoast.com\/wordpress\/plugins\/seo\/ -->\n<title>Aida: Bika, ti je idealiste | Big Brother Albania 2<\/title>\n<meta name=\"description\" content=\"Big Brother Albania 2 - Republika i thot\u00c3\u00ab vajzave q\u00c3\u00ab Anjeza ka tipare shum\u00c3\u00ab t\u00c3\u00ab rregullta. Nga kjo merr shkas Aida p\u00c3\u00abr t\u00c3\u00ab folur p\u00c3\u00abr t\u00c3\u00ab. Sipas saj Anjeza nuk duket p\u00c3\u00abr 20 vjec ,por tregon m\u00c3\u00ab e madhe.\" \/>\n<meta name=\"robots\" content=\"index, follow, max-snippet:-1, max-image-preview:large, max-video-preview:-1\" \/>\n<link rel=\"canonical\" href=\"https:\/\/www.visit-ulcinj.com\/blog\/2009\/03\/28\/aida-bika-ti-je-idealiste\/\" \/>\n<meta property=\"og:locale\" content=\"en_US\" \/>\n<meta property=\"og:type\" content=\"article\" \/>\n<meta property=\"og:title\" content=\"Aida: Bika, ti je idealiste | Big Brother Albania 2\" \/>\n<meta property=\"og:description\" content=\"Big Brother Albania 2 - Republika i thot\u00c3\u00ab vajzave q\u00c3\u00ab Anjeza ka tipare shum\u00c3\u00ab t\u00c3\u00ab rregullta. Nga kjo merr shkas Aida p\u00c3\u00abr t\u00c3\u00ab folur p\u00c3\u00abr t\u00c3\u00ab. Sipas saj Anjeza nuk duket p\u00c3\u00abr 20 vjec ,por tregon m\u00c3\u00ab e madhe.\" \/>\n<meta property=\"og:url\" content=\"https:\/\/www.visit-ulcinj.com\/blog\/2009\/03\/28\/aida-bika-ti-je-idealiste\/\" \/>\n<meta property=\"og:site_name\" content=\"Lajme nga Ulqini\" \/>\n<meta property=\"article:published_time\" content=\"2009-03-28T10:20:22+00:00\" \/>\n<meta property=\"og:image\" content=\"http:\/\/www.visit-ulcinj.com\/blog\/wp-content\/uploads\/2009\/03\/aida-per-biken.jpg\" \/>\n<meta name=\"twitter:label1\" content=\"Written by\" \/>\n\t<meta name=\"twitter:data1\" content=\"ulqini\" \/>\n\t<meta name=\"twitter:label2\" content=\"Est. reading time\" \/>\n\t<meta name=\"twitter:data2\" content=\"1 minute\" \/>\n<script type=\"application\/ld+json\" class=\"yoast-schema-graph\">{\"@context\":\"https:\/\/schema.org\",\"@graph\":[{\"@type\":\"WebSite\",\"@id\":\"https:\/\/www.visit-ulcinj.com\/blog\/#website\",\"url\":\"https:\/\/www.visit-ulcinj.com\/blog\/\",\"name\":\"Lajme nga Ulqini\",\"description\":\"Lajme,Vijesti,Ulqini,Ulqin,Crna Gora,Mali i Zi\",\"potentialAction\":[{\"@type\":\"SearchAction\",\"target\":{\"@type\":\"EntryPoint\",\"urlTemplate\":\"https:\/\/www.visit-ulcinj.com\/blog\/?s={search_term_string}\"},\"query-input\":\"required name=search_term_string\"}],\"inLanguage\":\"en-US\"},{\"@type\":\"ImageObject\",\"inLanguage\":\"en-US\",\"@id\":\"https:\/\/www.visit-ulcinj.com\/blog\/2009\/03\/28\/aida-bika-ti-je-idealiste\/#primaryimage\",\"url\":\"http:\/\/www.visit-ulcinj.com\/blog\/wp-content\/uploads\/2009\/03\/aida-per-biken.jpg\",\"contentUrl\":\"http:\/\/www.visit-ulcinj.com\/blog\/wp-content\/uploads\/2009\/03\/aida-per-biken.jpg\"},{\"@type\":\"WebPage\",\"@id\":\"https:\/\/www.visit-ulcinj.com\/blog\/2009\/03\/28\/aida-bika-ti-je-idealiste\/#webpage\",\"url\":\"https:\/\/www.visit-ulcinj.com\/blog\/2009\/03\/28\/aida-bika-ti-je-idealiste\/\",\"name\":\"Aida: Bika, ti je idealiste | Big Brother Albania 2\",\"isPartOf\":{\"@id\":\"https:\/\/www.visit-ulcinj.com\/blog\/#website\"},\"primaryImageOfPage\":{\"@id\":\"https:\/\/www.visit-ulcinj.com\/blog\/2009\/03\/28\/aida-bika-ti-je-idealiste\/#primaryimage\"},\"datePublished\":\"2009-03-28T10:20:22+00:00\",\"dateModified\":\"2009-03-28T10:20:22+00:00\",\"author\":{\"@id\":\"https:\/\/www.visit-ulcinj.com\/blog\/#\/schema\/person\/dcab619c614d3038751c63bc2aadc06d\"},\"description\":\"Big Brother Albania 2 - Republika i thot\u00c3\u00ab vajzave q\u00c3\u00ab Anjeza ka tipare shum\u00c3\u00ab t\u00c3\u00ab rregullta. Nga kjo merr shkas Aida p\u00c3\u00abr t\u00c3\u00ab folur p\u00c3\u00abr t\u00c3\u00ab. Sipas saj Anjeza nuk duket p\u00c3\u00abr 20 vjec ,por tregon m\u00c3\u00ab e madhe.\",\"breadcrumb\":{\"@id\":\"https:\/\/www.visit-ulcinj.com\/blog\/2009\/03\/28\/aida-bika-ti-je-idealiste\/#breadcrumb\"},\"inLanguage\":\"en-US\",\"potentialAction\":[{\"@type\":\"ReadAction\",\"target\":[\"https:\/\/www.visit-ulcinj.com\/blog\/2009\/03\/28\/aida-bika-ti-je-idealiste\/\"]}]},{\"@type\":\"BreadcrumbList\",\"@id\":\"https:\/\/www.visit-ulcinj.com\/blog\/2009\/03\/28\/aida-bika-ti-je-idealiste\/#breadcrumb\",\"itemListElement\":[{\"@type\":\"ListItem\",\"position\":1,\"name\":\"Aida: Bika, ti je idealiste\"}]},{\"@type\":\"Person\",\"@id\":\"https:\/\/www.visit-ulcinj.com\/blog\/#\/schema\/person\/dcab619c614d3038751c63bc2aadc06d\",\"name\":\"ulqini\",\"sameAs\":[\"http:\/\/www.visit-ulcinj.com\"],\"url\":\"https:\/\/www.visit-ulcinj.com\/blog\/author\/admin\/\"}]}<\/script>\n<!-- \/ Yoast SEO plugin. -->","yoast_head_json":{"title":"Aida: Bika, ti je idealiste | Big Brother Albania 2","description":"Big Brother Albania 2 - Republika i thot\u00c3\u00ab vajzave q\u00c3\u00ab Anjeza ka tipare shum\u00c3\u00ab t\u00c3\u00ab rregullta. Nga kjo merr shkas Aida p\u00c3\u00abr t\u00c3\u00ab folur p\u00c3\u00abr t\u00c3\u00ab. Sipas saj Anjeza nuk duket p\u00c3\u00abr 20 vjec ,por tregon m\u00c3\u00ab e madhe.","robots":{"index":"index","follow":"follow","max-snippet":"max-snippet:-1","max-image-preview":"max-image-preview:large","max-video-preview":"max-video-preview:-1"},"canonical":"https:\/\/www.visit-ulcinj.com\/blog\/2009\/03\/28\/aida-bika-ti-je-idealiste\/","og_locale":"en_US","og_type":"article","og_title":"Aida: Bika, ti je idealiste | Big Brother Albania 2","og_description":"Big Brother Albania 2 - Republika i thot\u00c3\u00ab vajzave q\u00c3\u00ab Anjeza ka tipare shum\u00c3\u00ab t\u00c3\u00ab rregullta. Nga kjo merr shkas Aida p\u00c3\u00abr t\u00c3\u00ab folur p\u00c3\u00abr t\u00c3\u00ab. Sipas saj Anjeza nuk duket p\u00c3\u00abr 20 vjec ,por tregon m\u00c3\u00ab e madhe.","og_url":"https:\/\/www.visit-ulcinj.com\/blog\/2009\/03\/28\/aida-bika-ti-je-idealiste\/","og_site_name":"Lajme nga Ulqini","article_published_time":"2009-03-28T10:20:22+00:00","og_image":[{"url":"http:\/\/www.visit-ulcinj.com\/blog\/wp-content\/uploads\/2009\/03\/aida-per-biken.jpg"}],"twitter_misc":{"Written by":"ulqini","Est. reading time":"1 minute"},"schema":{"@context":"https:\/\/schema.org","@graph":[{"@type":"WebSite","@id":"https:\/\/www.visit-ulcinj.com\/blog\/#website","url":"https:\/\/www.visit-ulcinj.com\/blog\/","name":"Lajme nga Ulqini","description":"Lajme,Vijesti,Ulqini,Ulqin,Crna Gora,Mali i Zi","potentialAction":[{"@type":"SearchAction","target":{"@type":"EntryPoint","urlTemplate":"https:\/\/www.visit-ulcinj.com\/blog\/?s={search_term_string}"},"query-input":"required name=search_term_string"}],"inLanguage":"en-US"},{"@type":"ImageObject","inLanguage":"en-US","@id":"https:\/\/www.visit-ulcinj.com\/blog\/2009\/03\/28\/aida-bika-ti-je-idealiste\/#primaryimage","url":"http:\/\/www.visit-ulcinj.com\/blog\/wp-content\/uploads\/2009\/03\/aida-per-biken.jpg","contentUrl":"http:\/\/www.visit-ulcinj.com\/blog\/wp-content\/uploads\/2009\/03\/aida-per-biken.jpg"},{"@type":"WebPage","@id":"https:\/\/www.visit-ulcinj.com\/blog\/2009\/03\/28\/aida-bika-ti-je-idealiste\/#webpage","url":"https:\/\/www.visit-ulcinj.com\/blog\/2009\/03\/28\/aida-bika-ti-je-idealiste\/","name":"Aida: Bika, ti je idealiste | Big Brother Albania 2","isPartOf":{"@id":"https:\/\/www.visit-ulcinj.com\/blog\/#website"},"primaryImageOfPage":{"@id":"https:\/\/www.visit-ulcinj.com\/blog\/2009\/03\/28\/aida-bika-ti-je-idealiste\/#primaryimage"},"datePublished":"2009-03-28T10:20:22+00:00","dateModified":"2009-03-28T10:20:22+00:00","author":{"@id":"https:\/\/www.visit-ulcinj.com\/blog\/#\/schema\/person\/dcab619c614d3038751c63bc2aadc06d"},"description":"Big Brother Albania 2 - Republika i thot\u00c3\u00ab vajzave q\u00c3\u00ab Anjeza ka tipare shum\u00c3\u00ab t\u00c3\u00ab rregullta. Nga kjo merr shkas Aida p\u00c3\u00abr t\u00c3\u00ab folur p\u00c3\u00abr t\u00c3\u00ab. Sipas saj Anjeza nuk duket p\u00c3\u00abr 20 vjec ,por tregon m\u00c3\u00ab e madhe.","breadcrumb":{"@id":"https:\/\/www.visit-ulcinj.com\/blog\/2009\/03\/28\/aida-bika-ti-je-idealiste\/#breadcrumb"},"inLanguage":"en-US","potentialAction":[{"@type":"ReadAction","target":["https:\/\/www.visit-ulcinj.com\/blog\/2009\/03\/28\/aida-bika-ti-je-idealiste\/"]}]},{"@type":"BreadcrumbList","@id":"https:\/\/www.visit-ulcinj.com\/blog\/2009\/03\/28\/aida-bika-ti-je-idealiste\/#breadcrumb","itemListElement":[{"@type":"ListItem","position":1,"name":"Aida: Bika, ti je idealiste"}]},{"@type":"Person","@id":"https:\/\/www.visit-ulcinj.com\/blog\/#\/schema\/person\/dcab619c614d3038751c63bc2aadc06d","name":"ulqini","sameAs":["http:\/\/www.visit-ulcinj.com"],"url":"https:\/\/www.visit-ulcinj.com\/blog\/author\/admin\/"}]}},"jetpack_featured_media_url":"","jetpack_sharing_enabled":true,"jetpack_shortlink":"https:\/\/wp.me\/pe6lTn-47r","_links":{"self":[{"href":"https:\/\/www.visit-ulcinj.com\/blog\/wp-json\/wp\/v2\/posts\/15837"}],"collection":[{"href":"https:\/\/www.visit-ulcinj.com\/blog\/wp-json\/wp\/v2\/posts"}],"about":[{"href":"https:\/\/www.visit-ulcinj.com\/blog\/wp-json\/wp\/v2\/types\/post"}],"author":[{"embeddable":true,"href":"https:\/\/www.visit-ulcinj.com\/blog\/wp-json\/wp\/v2\/users\/1"}],"replies":[{"embeddable":true,"href":"https:\/\/www.visit-ulcinj.com\/blog\/wp-json\/wp\/v2\/comments?post=15837"}],"version-history":[{"count":0,"href":"https:\/\/www.visit-ulcinj.com\/blog\/wp-json\/wp\/v2\/posts\/15837\/revisions"}],"wp:attachment":[{"href":"https:\/\/www.visit-ulcinj.com\/blog\/wp-json\/wp\/v2\/media?parent=15837"}],"wp:term":[{"taxonomy":"category","embeddable":true,"href":"https:\/\/www.visit-ulcinj.com\/blog\/wp-json\/wp\/v2\/categories?post=15837"},{"taxonomy":"post_tag","embeddable":true,"href":"https:\/\/www.visit-ulcinj.com\/blog\/wp-json\/wp\/v2\/tags?post=15837"}],"curies":[{"name":"wp","href":"https:\/\/api.w.org\/{rel}","templated":true}]}}