{"id":1584,"date":"2008-05-15T11:51:24","date_gmt":"2008-05-15T16:51:24","guid":{"rendered":"http:\/\/www.visit-ulcinj.com\/blog\/?p=1584"},"modified":"2008-05-19T00:09:37","modified_gmt":"2008-05-19T05:09:37","slug":"pakicat-ne-mal-te-zi-dhe-e-drejta-e-perdorimit-te-gjuhes-se-tyre","status":"publish","type":"post","link":"https:\/\/www.visit-ulcinj.com\/blog\/2008\/05\/15\/pakicat-ne-mal-te-zi-dhe-e-drejta-e-perdorimit-te-gjuhes-se-tyre\/","title":{"rendered":"Pakicat n\u00eb Mal t\u00eb Zi dhe e drejta e p\u00ebrdorimit t\u00eb gjuh\u00ebs s\u00eb tyre"},"content":{"rendered":"<p><a href=\"http:\/\/www.visit-ulcinj.com\/blog\/wp-content\/uploads\/2008\/03\/xhemal-peroviq1.jpg\"><img loading=\"lazy\" class=\"alignleft attachment wp-att-1023\" style=\"float: left;\" src=\"http:\/\/www.visit-ulcinj.com\/blog\/wp-content\/uploads\/2008\/03\/xhemal-peroviq1.thumbnail.jpg\" alt=\"Xhemal peroviq1_ulqin\" width=\"200\" height=\"177\" \/><\/a><\/p>\n<p><strong>Gjuha tregon identitetin e nj\u00eb populli<\/strong><br \/>\nN\u00eb kuad\u00ebr t\u00eb realizimit t\u00eb projektit &#8220;Liria e t\u00eb shprehurit n\u00eb Mal t\u00eb Zi&#8221;, i cili mb\u00ebshtetet nga Ambasada e Mbret\u00ebris\u00eb s\u00eb Norvegjis\u00eb, Nisma e t\u00eb Rinjve p\u00ebr t\u00eb Drejt\u00ebn e Njeriut organizoi dit\u00eb m\u00eb par\u00eb n\u00eb Ulqin tribun\u00ebn me tem\u00eb &#8220;E drejta e p\u00ebrdorimit t\u00eb gjuh\u00ebve t\u00eb pakicave n\u00eb Mal t\u00eb Zi&#8221;.<br \/>\nP\u00ebr k\u00ebt\u00eb tem\u00eb ligj\u00ebruan Xhemal Peroviq nga Qendra p\u00ebr Marr\u00ebdh\u00ebnie Nd\u00ebretnike &#8220;Pax&#8221;, dr. Nail Draga, profesor, dhe Leon Gjokaj, koordinator i Qendr\u00ebs Nansen Dialog.<br \/>\nN\u00eb fjal\u00ebn etij Xhemal Peroviqi theksoi se e drejta e p\u00ebrdorimit t\u00eb gjuh\u00ebs s\u00eb vet \u00ebsht\u00eb nj\u00eb e drejt\u00eb themelore, e cila \u00ebsht\u00eb e sanksionuar nga nj\u00eb mori e dokumenteve nd\u00ebrkomb\u00ebtare.<br \/>\nSipas tij, p\u00ebr realizimin e k\u00ebsaj t\u00eb drejte themelore shteti duhet t\u00eb krijoj\u00eb kushte q\u00eb \u00e7do individ pa marr\u00eb parasysh numrin t\u00eb ket\u00eb mund\u00ebsi t\u00eb shprehet dhe t\u00eb marr\u00eb pjes\u00eb aktive n\u00eb jet\u00ebn publike.<br \/>\nPeroviq kritikoi q\u00ebndrimin e disa intelektual\u00ebve lidhur me p\u00ebrdorimin e gjuh\u00ebs shqipe, t\u00eb cil\u00ebt n\u00eb tubime t\u00eb ndryshme flasin n\u00eb gjuh\u00ebn zyrtare (malazeze) gjoja me q\u00ebllim p\u00ebr t`u marr\u00eb vesh m\u00eb mir\u00eb me pjes\u00ebn tjet\u00ebr joshqipfol\u00ebse duke e cil\u00ebsuar si nj\u00eb dukuri q\u00eb \u00ebsht\u00eb n\u00eb rritje.<br \/>\nAi tha se shqipja n\u00eb Mal t\u00eb Zi ka qen\u00eb gjuh\u00eb zyrtare, megjith\u00ebse e cunguar vet\u00ebm n\u00eb komun\u00ebn e Ulqinit, edhe n\u00eb koh\u00ebn e Millosheviqit.<br \/>\n&#8220;Me Kushtetut\u00ebn e vitit 1991 dhe 1992, shqipja ka qen\u00eb gjuh\u00eb zyrtare. \u00cbsht\u00eb m\u00ebkat kur dikush q\u00eb pretendon se i njeh mir\u00eb t\u00eb drejtat e pakicave thot\u00eb q\u00eb po flasim tani n\u00eb gjuh\u00ebn zyrtare duke menduar n\u00eb gjuh\u00ebn tjet\u00ebr e jo n\u00eb gjuh\u00ebn shqipe. Pra, gjuh\u00eb zyrtare edhe me Kushtetut\u00ebn e re, edhe me Kushtetut\u00ebn e m\u00ebparshme \u00ebsht\u00eb edhe gjuha shqipe dhe mund\u00ebsia e shprehjes n\u00eb gjuh\u00ebn e vet p\u00ebr shqiptar\u00ebt n\u00eb Mal t\u00eb Zi ekziston&#8221;, tha Peroviq.<br \/>\nPeroviq theksoi se shteti duhet t\u00eb mund\u00ebsoj\u00eb komunikimin e \u00e7do individi me shtetin n\u00eb gjuh\u00ebn e tij.<br \/>\n&#8220;Komunikimi i shtetit malazez me secilin individ shqiptar duhet t\u00eb jet\u00eb i till\u00eb q\u00eb shteti t\u00eb krijoj\u00eb mund\u00ebsin\u00eb q\u00eb ai t\u00eb komunikoj\u00eb me shtetin n\u00eb gjuh\u00ebn e vet&#8221;, tha ai.<br \/>\nPeroviq kritikoi po ashtu mendimin e nj\u00eb pjese t\u00eb mir\u00eb t\u00eb elit\u00ebs politike malazeze, q\u00ebndrim q\u00eb sipas tij nuk kund\u00ebrshtohet sa duhet nga elita politike shqiptare, se Mali i Zi n\u00eb realizimin e t\u00eb drejtave t\u00eb pakicave mban primatin dhe \u00ebsht\u00eb shembull n\u00eb regjion.<br \/>\n&#8220;I kemi harruar disa gj\u00ebra dhe i konsiderojm\u00eb si t\u00eb arritura. Shkollimin n\u00eb gjuh\u00ebn shqipe e kemi pasur prej monizmit, emisionin n\u00eb televizion e kemi pasur prej monizmit, emisionin n\u00eb radio prej monizmit, Radio Tivari ka folur n\u00eb gjuh\u00ebn shqipe edhe para Radio Ulqinit n\u00eb vitin 1983-1984&#8221;, tha Peroviq.<a href=\"http:\/\/www.visit-ulcinj.com\/blog\/wp-content\/uploads\/2008\/04\/nail-draga1.jpg\"><img loading=\"lazy\" class=\"alignright attachment wp-att-1290\" style=\"float: right;\" src=\"http:\/\/www.visit-ulcinj.com\/blog\/wp-content\/uploads\/2008\/04\/nail-draga1.thumbnail.jpg\" alt=\"nail draga_1\" width=\"193\" height=\"200\" \/><\/a><br \/>\nDr. Nail Draga theksoi se gjuha tregon identitetin e nj\u00eb individi dhe t\u00eb nj\u00eb populli dhe se pa barazi gjuh\u00ebsore, nuk ka barazi komb\u00ebtare.<br \/>\nSi shembull t\u00eb pabarazis\u00eb gjuh\u00ebsore ai mori shembullin e let\u00ebrnjoftimit t\u00eb deritash\u00ebm.<br \/>\nDraga tha se me nenin 13 t\u00eb Kushtetut\u00ebs s\u00eb re t\u00eb Malit t\u00eb Zi gjuha shqipe definohet si gjuh\u00eb e barabart\u00eb, pra si gjuh\u00eb zyrtare n\u00eb mjediset ku jetojn\u00eb shqiptar\u00ebt.<br \/>\n&#8220;Ne nuk k\u00ebrkojm\u00eb t\u00eb shkruhet dhe t\u00eb flitet shqip n\u00eb Zhablak, Plluzhine, etj. ku nuk ka shqiptar\u00eb, por n\u00eb ato mjedise ku shqiptar\u00ebt jan\u00eb popullsi autoktone, qoft\u00eb ku jan\u00eb shumic\u00eb si n\u00eb Ulqin, apo pakic\u00eb si n\u00eb Plav\u00eb dhe Rozhaj\u00eb&#8221;, tha ai.<br \/>\nSipas Drag\u00ebs, askush nuk mund t`ju mohoj\u00eb shqiptar\u00ebve n\u00eb Rozhaj\u00eb q\u00eb dokumentet zyrtare t`i ken\u00eb edhe n\u00eb gjuh\u00ebn e tyre.<br \/>\n&#8220;N\u00ebse ti ju mohon k\u00ebt\u00eb t\u00eb drejt\u00eb sepse jan\u00eb kat\u00ebr p\u00ebr qind do t\u00eb thot\u00eb q\u00eb ti barazin\u00eb dhe demokracin\u00eb praktikisht e sheh me p\u00ebrqindje. Barazia dhe demokracia nuk \u00ebsht\u00eb me p\u00ebrqindje, por \u00ebsht\u00eb \u00e7\u00ebshtje universale, e drejt\u00eb elementare e \u00e7do njeriu, t\u00eb cil\u00ebn e fiton me lindjen e tij&#8221;, tha ai.<br \/>\nSipas tij duhet t\u00eb jemi edhe vet\u00ebkritik\u00eb kur flasim p\u00ebr p\u00ebrdorimin e gjuh\u00ebs shqipe.<br \/>\n&#8220;Un\u00eb jam kritik q\u00eb t\u00eb kritikojm\u00eb t\u00eb tjer\u00ebt, por jam vet\u00ebkritik\u00eb q\u00eb t`i kritikojm\u00eb edhe njer\u00ebzit tan\u00eb&#8221;, tha Draga.<br \/>\nAi kritikoi pushtetin vendor t\u00eb Ulqinit n\u00eb k\u00ebt\u00eb aspekt.<br \/>\nDraga mori shembullin e nj\u00eb flete t\u00eb d\u00ebrguar nga Komuna e Ulqinit me rastin e zgjedhjeve presidenciale ku tregohet se ku duhet t\u00eb votohet dhe numri i qendr\u00ebs s\u00eb votimit.<br \/>\n&#8220;Teksti \u00ebsht\u00eb shkruar n\u00eb shqip kurse vendi i votimit O.S. Sukobin nuk \u00ebsht\u00eb shkruar n\u00eb gjuh\u00ebn shqipe. Kush e b\u00ebn k\u00ebt\u00eb? K\u00ebt\u00eb nuk ta ka b\u00ebr\u00eb as Gjukanoviqi, as Maroviqi, por k\u00ebt\u00eb e kan\u00eb b\u00ebr\u00eb shqiptar\u00ebt q\u00eb punojn\u00eb aty&#8221;, tha ai.<br \/>\nDraga theksoi se problemet ekzistojn\u00eb n\u00eb dy dimensione, at\u00eb lokal dhe republikan.<br \/>\n&#8220;Nuk ekziston vullnet dhe gatishm\u00ebri e pushteti qendror q\u00eb t\u00eb zgjidhen \u00e7\u00ebshtjejt e tilla q\u00eb un\u00eb i quaj teknike&#8221;, tha ai.<br \/>\n<img loading=\"lazy\" class=\"alignleft\" style=\"float: left;\" src=\"http:\/\/www.ndcmn.org\/view_image.php?id=127&amp;cache=sr\" alt=\"LEON GJOKAJ\" width=\"64\" height=\"81\" \/> Koordinatori i Qendr\u00ebs Nansen Dialog, Leon Gjokaj, tha se integrimet europiane dhe euro-atlantike p\u00ebr t\u00eb cilat pretendon Mali i Zi nuk jan\u00eb t\u00eb mundura n\u00ebse nuk integrohemi n\u00eb shoq\u00ebri si t\u00ebr\u00ebsi me specifikat tona, nd\u00ebr t\u00eb cilat m\u00eb e r\u00ebnd\u00ebsishmja \u00ebsht\u00eb gjuha.<br \/>\nGjokaj vler\u00ebsoi se Mali i Zi ka boshll\u00ebqe kur b\u00ebhet fjal\u00eb p\u00ebr implementimin e ligjeve, n\u00eb rastin konkret t\u00eb atij q\u00eb sanksionon t\u00eb drejt\u00ebn e p\u00ebrdorimit t\u00eb gjuh\u00ebs.<br \/>\nAi p\u00ebrmendi shum\u00eb raste ku shkelet e drejta e p\u00ebrdorimit t\u00eb gjuh\u00ebs shqipe, si\u00e7 \u00ebsht\u00eb rasti me tabelat e rrug\u00ebve q\u00eb tregojn\u00eb vendbanimet.<br \/>\nSipas tij, n\u00eb mjediset ku shqiptar\u00ebt p\u00ebrb\u00ebjn\u00eb shumic\u00ebn pjesa joshqiptare duhet ta m\u00ebsoj\u00eb dhe ta dij\u00eb gjuh\u00ebn shqipe ashtu si\u00e7 e m\u00ebsojn\u00eb shqiptar\u00ebt gjuh\u00ebn malazeze (serbe).<br \/>\nAi tha se n\u00eb koh\u00ebn e shpalljes s\u00eb pavar\u00ebsis\u00eb s\u00eb Kosov\u00ebs nuk e ka ndjer\u00eb veten t\u00eb lir\u00eb t\u00eb flas\u00eb shqip n\u00eb Podgoric\u00eb.<br \/>\nGjokaj potencoi po ashtu edhe inferioritetin dhe pabarazin\u00eb e gjuh\u00ebs shqipe n\u00eb arsim apo edhe n\u00eb media.<br \/>\n<strong>I. Kallaba<br \/>\nKOHA JAVORE<\/strong><\/p>\n<!--YouTube Error: bad URL entered-->\n","protected":false},"excerpt":{"rendered":"<p><img loading=\"lazy\" class=\"attachment wp-att-1023 alignleft\" src=\"http:\/\/www.visit-ulcinj.com\/blog\/wp-content\/uploads\/2008\/03\/xhemal-peroviq1.thumbnail.jpg\" alt=\"Xhemal peroviq1_ulqin\" width=\"140\" height=\"140\" \/><\/p>\n","protected":false},"author":1,"featured_media":0,"comment_status":"open","ping_status":"closed","sticky":false,"template":"","format":"standard","meta":{"spay_email":"","jetpack_publicize_message":"","jetpack_is_tweetstorm":false,"jetpack_publicize_feature_enabled":true},"categories":[4,11,12],"tags":[1939,3199,3200,2441],"jetpack_publicize_connections":[],"yoast_head":"<!-- This site is optimized with the Yoast SEO plugin v19.1 - https:\/\/yoast.com\/wordpress\/plugins\/seo\/ -->\n<title>Pakicat n\u00eb Mal t\u00eb Zi dhe e drejta e p\u00ebrdorimit t\u00eb gjuh\u00ebs s\u00eb tyre - Lajme nga Ulqini<\/title>\n<meta name=\"robots\" content=\"index, follow, max-snippet:-1, max-image-preview:large, max-video-preview:-1\" \/>\n<link rel=\"canonical\" href=\"https:\/\/www.visit-ulcinj.com\/blog\/2008\/05\/15\/pakicat-ne-mal-te-zi-dhe-e-drejta-e-perdorimit-te-gjuhes-se-tyre\/\" \/>\n<meta property=\"og:locale\" content=\"en_US\" \/>\n<meta property=\"og:type\" content=\"article\" \/>\n<meta property=\"og:title\" content=\"Pakicat n\u00eb Mal t\u00eb Zi dhe e drejta e p\u00ebrdorimit t\u00eb gjuh\u00ebs s\u00eb tyre - Lajme nga Ulqini\" \/>\n<meta property=\"og:url\" content=\"https:\/\/www.visit-ulcinj.com\/blog\/2008\/05\/15\/pakicat-ne-mal-te-zi-dhe-e-drejta-e-perdorimit-te-gjuhes-se-tyre\/\" \/>\n<meta property=\"og:site_name\" content=\"Lajme nga Ulqini\" \/>\n<meta property=\"article:published_time\" content=\"2008-05-15T16:51:24+00:00\" \/>\n<meta property=\"article:modified_time\" content=\"2008-05-19T05:09:37+00:00\" \/>\n<meta property=\"og:image\" content=\"http:\/\/www.visit-ulcinj.com\/blog\/wp-content\/uploads\/2008\/03\/xhemal-peroviq1.thumbnail.jpg\" \/>\n<meta name=\"twitter:label1\" content=\"Written by\" \/>\n\t<meta name=\"twitter:data1\" content=\"ulqini\" \/>\n\t<meta name=\"twitter:label2\" content=\"Est. reading time\" \/>\n\t<meta name=\"twitter:data2\" content=\"5 minutes\" \/>\n<script type=\"application\/ld+json\" class=\"yoast-schema-graph\">{\"@context\":\"https:\/\/schema.org\",\"@graph\":[{\"@type\":\"WebSite\",\"@id\":\"https:\/\/www.visit-ulcinj.com\/blog\/#website\",\"url\":\"https:\/\/www.visit-ulcinj.com\/blog\/\",\"name\":\"Lajme nga Ulqini\",\"description\":\"Lajme,Vijesti,Ulqini,Ulqin,Crna Gora,Mali i Zi\",\"potentialAction\":[{\"@type\":\"SearchAction\",\"target\":{\"@type\":\"EntryPoint\",\"urlTemplate\":\"https:\/\/www.visit-ulcinj.com\/blog\/?s={search_term_string}\"},\"query-input\":\"required name=search_term_string\"}],\"inLanguage\":\"en-US\"},{\"@type\":\"ImageObject\",\"inLanguage\":\"en-US\",\"@id\":\"https:\/\/www.visit-ulcinj.com\/blog\/2008\/05\/15\/pakicat-ne-mal-te-zi-dhe-e-drejta-e-perdorimit-te-gjuhes-se-tyre\/#primaryimage\",\"url\":\"http:\/\/www.visit-ulcinj.com\/blog\/wp-content\/uploads\/2008\/03\/xhemal-peroviq1.thumbnail.jpg\",\"contentUrl\":\"http:\/\/www.visit-ulcinj.com\/blog\/wp-content\/uploads\/2008\/03\/xhemal-peroviq1.thumbnail.jpg\"},{\"@type\":\"WebPage\",\"@id\":\"https:\/\/www.visit-ulcinj.com\/blog\/2008\/05\/15\/pakicat-ne-mal-te-zi-dhe-e-drejta-e-perdorimit-te-gjuhes-se-tyre\/#webpage\",\"url\":\"https:\/\/www.visit-ulcinj.com\/blog\/2008\/05\/15\/pakicat-ne-mal-te-zi-dhe-e-drejta-e-perdorimit-te-gjuhes-se-tyre\/\",\"name\":\"Pakicat n\u00eb Mal t\u00eb Zi dhe e drejta e p\u00ebrdorimit t\u00eb gjuh\u00ebs s\u00eb tyre - Lajme nga Ulqini\",\"isPartOf\":{\"@id\":\"https:\/\/www.visit-ulcinj.com\/blog\/#website\"},\"primaryImageOfPage\":{\"@id\":\"https:\/\/www.visit-ulcinj.com\/blog\/2008\/05\/15\/pakicat-ne-mal-te-zi-dhe-e-drejta-e-perdorimit-te-gjuhes-se-tyre\/#primaryimage\"},\"datePublished\":\"2008-05-15T16:51:24+00:00\",\"dateModified\":\"2008-05-19T05:09:37+00:00\",\"author\":{\"@id\":\"https:\/\/www.visit-ulcinj.com\/blog\/#\/schema\/person\/dcab619c614d3038751c63bc2aadc06d\"},\"breadcrumb\":{\"@id\":\"https:\/\/www.visit-ulcinj.com\/blog\/2008\/05\/15\/pakicat-ne-mal-te-zi-dhe-e-drejta-e-perdorimit-te-gjuhes-se-tyre\/#breadcrumb\"},\"inLanguage\":\"en-US\",\"potentialAction\":[{\"@type\":\"ReadAction\",\"target\":[\"https:\/\/www.visit-ulcinj.com\/blog\/2008\/05\/15\/pakicat-ne-mal-te-zi-dhe-e-drejta-e-perdorimit-te-gjuhes-se-tyre\/\"]}]},{\"@type\":\"BreadcrumbList\",\"@id\":\"https:\/\/www.visit-ulcinj.com\/blog\/2008\/05\/15\/pakicat-ne-mal-te-zi-dhe-e-drejta-e-perdorimit-te-gjuhes-se-tyre\/#breadcrumb\",\"itemListElement\":[{\"@type\":\"ListItem\",\"position\":1,\"name\":\"Pakicat n\u00eb Mal t\u00eb Zi dhe e drejta e p\u00ebrdorimit t\u00eb gjuh\u00ebs s\u00eb tyre\"}]},{\"@type\":\"Person\",\"@id\":\"https:\/\/www.visit-ulcinj.com\/blog\/#\/schema\/person\/dcab619c614d3038751c63bc2aadc06d\",\"name\":\"ulqini\",\"sameAs\":[\"http:\/\/www.visit-ulcinj.com\"],\"url\":\"https:\/\/www.visit-ulcinj.com\/blog\/author\/admin\/\"}]}<\/script>\n<!-- \/ Yoast SEO plugin. -->","yoast_head_json":{"title":"Pakicat n\u00eb Mal t\u00eb Zi dhe e drejta e p\u00ebrdorimit t\u00eb gjuh\u00ebs s\u00eb tyre - Lajme nga Ulqini","robots":{"index":"index","follow":"follow","max-snippet":"max-snippet:-1","max-image-preview":"max-image-preview:large","max-video-preview":"max-video-preview:-1"},"canonical":"https:\/\/www.visit-ulcinj.com\/blog\/2008\/05\/15\/pakicat-ne-mal-te-zi-dhe-e-drejta-e-perdorimit-te-gjuhes-se-tyre\/","og_locale":"en_US","og_type":"article","og_title":"Pakicat n\u00eb Mal t\u00eb Zi dhe e drejta e p\u00ebrdorimit t\u00eb gjuh\u00ebs s\u00eb tyre - Lajme nga Ulqini","og_url":"https:\/\/www.visit-ulcinj.com\/blog\/2008\/05\/15\/pakicat-ne-mal-te-zi-dhe-e-drejta-e-perdorimit-te-gjuhes-se-tyre\/","og_site_name":"Lajme nga Ulqini","article_published_time":"2008-05-15T16:51:24+00:00","article_modified_time":"2008-05-19T05:09:37+00:00","og_image":[{"url":"http:\/\/www.visit-ulcinj.com\/blog\/wp-content\/uploads\/2008\/03\/xhemal-peroviq1.thumbnail.jpg"}],"twitter_misc":{"Written by":"ulqini","Est. reading time":"5 minutes"},"schema":{"@context":"https:\/\/schema.org","@graph":[{"@type":"WebSite","@id":"https:\/\/www.visit-ulcinj.com\/blog\/#website","url":"https:\/\/www.visit-ulcinj.com\/blog\/","name":"Lajme nga Ulqini","description":"Lajme,Vijesti,Ulqini,Ulqin,Crna Gora,Mali i Zi","potentialAction":[{"@type":"SearchAction","target":{"@type":"EntryPoint","urlTemplate":"https:\/\/www.visit-ulcinj.com\/blog\/?s={search_term_string}"},"query-input":"required name=search_term_string"}],"inLanguage":"en-US"},{"@type":"ImageObject","inLanguage":"en-US","@id":"https:\/\/www.visit-ulcinj.com\/blog\/2008\/05\/15\/pakicat-ne-mal-te-zi-dhe-e-drejta-e-perdorimit-te-gjuhes-se-tyre\/#primaryimage","url":"http:\/\/www.visit-ulcinj.com\/blog\/wp-content\/uploads\/2008\/03\/xhemal-peroviq1.thumbnail.jpg","contentUrl":"http:\/\/www.visit-ulcinj.com\/blog\/wp-content\/uploads\/2008\/03\/xhemal-peroviq1.thumbnail.jpg"},{"@type":"WebPage","@id":"https:\/\/www.visit-ulcinj.com\/blog\/2008\/05\/15\/pakicat-ne-mal-te-zi-dhe-e-drejta-e-perdorimit-te-gjuhes-se-tyre\/#webpage","url":"https:\/\/www.visit-ulcinj.com\/blog\/2008\/05\/15\/pakicat-ne-mal-te-zi-dhe-e-drejta-e-perdorimit-te-gjuhes-se-tyre\/","name":"Pakicat n\u00eb Mal t\u00eb Zi dhe e drejta e p\u00ebrdorimit t\u00eb gjuh\u00ebs s\u00eb tyre - Lajme nga Ulqini","isPartOf":{"@id":"https:\/\/www.visit-ulcinj.com\/blog\/#website"},"primaryImageOfPage":{"@id":"https:\/\/www.visit-ulcinj.com\/blog\/2008\/05\/15\/pakicat-ne-mal-te-zi-dhe-e-drejta-e-perdorimit-te-gjuhes-se-tyre\/#primaryimage"},"datePublished":"2008-05-15T16:51:24+00:00","dateModified":"2008-05-19T05:09:37+00:00","author":{"@id":"https:\/\/www.visit-ulcinj.com\/blog\/#\/schema\/person\/dcab619c614d3038751c63bc2aadc06d"},"breadcrumb":{"@id":"https:\/\/www.visit-ulcinj.com\/blog\/2008\/05\/15\/pakicat-ne-mal-te-zi-dhe-e-drejta-e-perdorimit-te-gjuhes-se-tyre\/#breadcrumb"},"inLanguage":"en-US","potentialAction":[{"@type":"ReadAction","target":["https:\/\/www.visit-ulcinj.com\/blog\/2008\/05\/15\/pakicat-ne-mal-te-zi-dhe-e-drejta-e-perdorimit-te-gjuhes-se-tyre\/"]}]},{"@type":"BreadcrumbList","@id":"https:\/\/www.visit-ulcinj.com\/blog\/2008\/05\/15\/pakicat-ne-mal-te-zi-dhe-e-drejta-e-perdorimit-te-gjuhes-se-tyre\/#breadcrumb","itemListElement":[{"@type":"ListItem","position":1,"name":"Pakicat n\u00eb Mal t\u00eb Zi dhe e drejta e p\u00ebrdorimit t\u00eb gjuh\u00ebs s\u00eb tyre"}]},{"@type":"Person","@id":"https:\/\/www.visit-ulcinj.com\/blog\/#\/schema\/person\/dcab619c614d3038751c63bc2aadc06d","name":"ulqini","sameAs":["http:\/\/www.visit-ulcinj.com"],"url":"https:\/\/www.visit-ulcinj.com\/blog\/author\/admin\/"}]}},"jetpack_featured_media_url":"","jetpack_sharing_enabled":true,"jetpack_shortlink":"https:\/\/wp.me\/pe6lTn-py","_links":{"self":[{"href":"https:\/\/www.visit-ulcinj.com\/blog\/wp-json\/wp\/v2\/posts\/1584"}],"collection":[{"href":"https:\/\/www.visit-ulcinj.com\/blog\/wp-json\/wp\/v2\/posts"}],"about":[{"href":"https:\/\/www.visit-ulcinj.com\/blog\/wp-json\/wp\/v2\/types\/post"}],"author":[{"embeddable":true,"href":"https:\/\/www.visit-ulcinj.com\/blog\/wp-json\/wp\/v2\/users\/1"}],"replies":[{"embeddable":true,"href":"https:\/\/www.visit-ulcinj.com\/blog\/wp-json\/wp\/v2\/comments?post=1584"}],"version-history":[{"count":0,"href":"https:\/\/www.visit-ulcinj.com\/blog\/wp-json\/wp\/v2\/posts\/1584\/revisions"}],"wp:attachment":[{"href":"https:\/\/www.visit-ulcinj.com\/blog\/wp-json\/wp\/v2\/media?parent=1584"}],"wp:term":[{"taxonomy":"category","embeddable":true,"href":"https:\/\/www.visit-ulcinj.com\/blog\/wp-json\/wp\/v2\/categories?post=1584"},{"taxonomy":"post_tag","embeddable":true,"href":"https:\/\/www.visit-ulcinj.com\/blog\/wp-json\/wp\/v2\/tags?post=1584"}],"curies":[{"name":"wp","href":"https:\/\/api.w.org\/{rel}","templated":true}]}}