{"id":15840,"date":"2009-03-28T11:23:02","date_gmt":"2009-03-28T10:23:02","guid":{"rendered":"http:\/\/www.visit-ulcinj.com\/blog\/?p=15840"},"modified":"2009-03-28T11:23:02","modified_gmt":"2009-03-28T10:23:02","slug":"arjoni-shoh-ne-enderr-banoret","status":"publish","type":"post","link":"https:\/\/www.visit-ulcinj.com\/blog\/2009\/03\/28\/arjoni-shoh-ne-enderr-banoret\/","title":{"rendered":"Arjoni: Shoh n\u00eb \u00ebnd\u00ebrr banor\u00ebt"},"content":{"rendered":"<p><em><span class=\"newsdate\">b<a href=\"http:\/\/www.visit-ulcinj.com\/blog\/wp-content\/uploads\/2009\/03\/bisede-endrra.jpg\"><img loading=\"lazy\" class=\"alignleft size-full wp-image-15841\" title=\"bisede-endrra-big-brother-albania-2\" src=\"http:\/\/www.visit-ulcinj.com\/blog\/wp-content\/uploads\/2009\/03\/bisede-endrra.jpg\" alt=\"bisede-endrra-big-brother-albania-2\" width=\"300\" height=\"205\" \/><\/a>26\/03\/09 19:55<\/span><\/em><\/p>\n<p>T\u00eb gjith\u00eb banor\u00ebt q\u00ebndrojn\u00eb n\u00eb dhom\u00ebn e meshkujve. Arjoni, Adelajda dhe Anjeza q\u00ebndrojn\u00eb n\u00eb nj\u00eb krevat, dhe diskutojn\u00eb p\u00ebr \u00ebndrrat. Arjoni ka par\u00eb nj\u00eb \u00ebnd\u00ebrr me Anjez\u00ebn dhe ia ka th\u00ebn\u00eb. Ajo \u00ebsht\u00eb kurioze ta dij\u00eb se si ishte kjo \u00ebnd\u00ebrr, dhe e pyet. Arjoni i thot\u00eb q\u00eb nuk e mbante mend, pasi ishte konfuze si \u00ebnd\u00ebrr. Ajo i thot\u00eb:-\u201cE r\u00ebnd\u00ebsishme \u00ebsht\u00eb q\u00eb kam q\u00ebn\u00eb un\u00eb!\u201d Anjeza tregon q\u00eb \u00ebsht\u00eb nj\u00eb tip q\u00eb shikon shum\u00eb shpesh \u00ebndrra, por sa ka hyr\u00eb n\u00eb \u201cBig Brother\u201d thot\u00eb ajo, nuk sheh m\u00eb. Arjoni thot\u00eb:-\u201c Shoh n\u00eb \u00ebnd\u00ebrr vet\u00ebm banor\u00ebt!\u201d Adela tregon q\u00eb asaj n\u00eb \u00ebnd\u00ebrr i dalin familjar\u00ebt e saj, dhe shton me shaka:-\u201cNuk m\u00eb l\u00ebn\u00eb rehat as n\u00eb \u00ebndrra!\u201d<\/p>\n","protected":false},"excerpt":{"rendered":"<p>b26\/03\/09 19:55 T\u00eb gjith\u00eb banor\u00ebt q\u00ebndrojn\u00eb n\u00eb dhom\u00ebn e meshkujve. Arjoni, Adelajda dhe Anjeza q\u00ebndrojn\u00eb n\u00eb nj\u00eb krevat, dhe diskutojn\u00eb p\u00ebr \u00ebndrrat. Arjoni ka par\u00eb nj\u00eb \u00ebnd\u00ebrr me Anjez\u00ebn dhe ia ka th\u00ebn\u00eb. Ajo \u00ebsht\u00eb kurioze ta dij\u00eb se si ishte kjo \u00ebnd\u00ebrr, dhe e pyet. Arjoni i thot\u00eb q\u00eb nuk e mbante mend, pasi [&hellip;]<\/p>\n","protected":false},"author":1,"featured_media":0,"comment_status":"open","ping_status":"closed","sticky":false,"template":"","format":"standard","meta":{"spay_email":"","jetpack_publicize_message":"","jetpack_is_tweetstorm":false,"jetpack_publicize_feature_enabled":true},"categories":[6502],"tags":[6529,8410,6525,6883,6516,6712,6891],"jetpack_publicize_connections":[],"yoast_head":"<!-- This site is optimized with the Yoast SEO plugin v19.1 - https:\/\/yoast.com\/wordpress\/plugins\/seo\/ -->\n<title>Arjoni: Shoh n\u00c3\u00ab \u00c3\u00abnd\u00c3\u00abrr banor\u00c3\u00abt | Big Brother Albania 2<\/title>\n<meta name=\"description\" content=\"Big Brother Albania 2 - T\u00c3\u00ab gjith\u00c3\u00ab banor\u00c3\u00abt q\u00c3\u00abndrojn\u00c3\u00ab n\u00c3\u00ab dhom\u00c3\u00abn e meshkujve. Arjoni, Adelajda dhe Anjeza q\u00c3\u00abndrojn\u00c3\u00ab n\u00c3\u00ab nj\u00c3\u00ab krevat, dhe diskutojn\u00c3\u00ab p\u00c3\u00abr \u00c3\u00abndrrat.\" \/>\n<meta name=\"robots\" content=\"index, follow, max-snippet:-1, max-image-preview:large, max-video-preview:-1\" \/>\n<link rel=\"canonical\" href=\"https:\/\/www.visit-ulcinj.com\/blog\/2009\/03\/28\/arjoni-shoh-ne-enderr-banoret\/\" \/>\n<meta property=\"og:locale\" content=\"en_US\" \/>\n<meta property=\"og:type\" content=\"article\" \/>\n<meta property=\"og:title\" content=\"Arjoni: Shoh n\u00c3\u00ab \u00c3\u00abnd\u00c3\u00abrr banor\u00c3\u00abt | Big Brother Albania 2\" \/>\n<meta property=\"og:description\" content=\"Big Brother Albania 2 - T\u00c3\u00ab gjith\u00c3\u00ab banor\u00c3\u00abt q\u00c3\u00abndrojn\u00c3\u00ab n\u00c3\u00ab dhom\u00c3\u00abn e meshkujve. Arjoni, Adelajda dhe Anjeza q\u00c3\u00abndrojn\u00c3\u00ab n\u00c3\u00ab nj\u00c3\u00ab krevat, dhe diskutojn\u00c3\u00ab p\u00c3\u00abr \u00c3\u00abndrrat.\" \/>\n<meta property=\"og:url\" content=\"https:\/\/www.visit-ulcinj.com\/blog\/2009\/03\/28\/arjoni-shoh-ne-enderr-banoret\/\" \/>\n<meta property=\"og:site_name\" content=\"Lajme nga Ulqini\" \/>\n<meta property=\"article:published_time\" content=\"2009-03-28T10:23:02+00:00\" \/>\n<meta property=\"og:image\" content=\"http:\/\/www.visit-ulcinj.com\/blog\/wp-content\/uploads\/2009\/03\/bisede-endrra.jpg\" \/>\n<meta name=\"twitter:label1\" content=\"Written by\" \/>\n\t<meta name=\"twitter:data1\" content=\"ulqini\" \/>\n\t<meta name=\"twitter:label2\" content=\"Est. reading time\" \/>\n\t<meta name=\"twitter:data2\" content=\"1 minute\" \/>\n<script type=\"application\/ld+json\" class=\"yoast-schema-graph\">{\"@context\":\"https:\/\/schema.org\",\"@graph\":[{\"@type\":\"WebSite\",\"@id\":\"https:\/\/www.visit-ulcinj.com\/blog\/#website\",\"url\":\"https:\/\/www.visit-ulcinj.com\/blog\/\",\"name\":\"Lajme nga Ulqini\",\"description\":\"Lajme,Vijesti,Ulqini,Ulqin,Crna Gora,Mali i Zi\",\"potentialAction\":[{\"@type\":\"SearchAction\",\"target\":{\"@type\":\"EntryPoint\",\"urlTemplate\":\"https:\/\/www.visit-ulcinj.com\/blog\/?s={search_term_string}\"},\"query-input\":\"required name=search_term_string\"}],\"inLanguage\":\"en-US\"},{\"@type\":\"ImageObject\",\"inLanguage\":\"en-US\",\"@id\":\"https:\/\/www.visit-ulcinj.com\/blog\/2009\/03\/28\/arjoni-shoh-ne-enderr-banoret\/#primaryimage\",\"url\":\"http:\/\/www.visit-ulcinj.com\/blog\/wp-content\/uploads\/2009\/03\/bisede-endrra.jpg\",\"contentUrl\":\"http:\/\/www.visit-ulcinj.com\/blog\/wp-content\/uploads\/2009\/03\/bisede-endrra.jpg\"},{\"@type\":\"WebPage\",\"@id\":\"https:\/\/www.visit-ulcinj.com\/blog\/2009\/03\/28\/arjoni-shoh-ne-enderr-banoret\/#webpage\",\"url\":\"https:\/\/www.visit-ulcinj.com\/blog\/2009\/03\/28\/arjoni-shoh-ne-enderr-banoret\/\",\"name\":\"Arjoni: Shoh n\u00c3\u00ab \u00c3\u00abnd\u00c3\u00abrr banor\u00c3\u00abt | Big Brother Albania 2\",\"isPartOf\":{\"@id\":\"https:\/\/www.visit-ulcinj.com\/blog\/#website\"},\"primaryImageOfPage\":{\"@id\":\"https:\/\/www.visit-ulcinj.com\/blog\/2009\/03\/28\/arjoni-shoh-ne-enderr-banoret\/#primaryimage\"},\"datePublished\":\"2009-03-28T10:23:02+00:00\",\"dateModified\":\"2009-03-28T10:23:02+00:00\",\"author\":{\"@id\":\"https:\/\/www.visit-ulcinj.com\/blog\/#\/schema\/person\/dcab619c614d3038751c63bc2aadc06d\"},\"description\":\"Big Brother Albania 2 - T\u00c3\u00ab gjith\u00c3\u00ab banor\u00c3\u00abt q\u00c3\u00abndrojn\u00c3\u00ab n\u00c3\u00ab dhom\u00c3\u00abn e meshkujve. Arjoni, Adelajda dhe Anjeza q\u00c3\u00abndrojn\u00c3\u00ab n\u00c3\u00ab nj\u00c3\u00ab krevat, dhe diskutojn\u00c3\u00ab p\u00c3\u00abr \u00c3\u00abndrrat.\",\"breadcrumb\":{\"@id\":\"https:\/\/www.visit-ulcinj.com\/blog\/2009\/03\/28\/arjoni-shoh-ne-enderr-banoret\/#breadcrumb\"},\"inLanguage\":\"en-US\",\"potentialAction\":[{\"@type\":\"ReadAction\",\"target\":[\"https:\/\/www.visit-ulcinj.com\/blog\/2009\/03\/28\/arjoni-shoh-ne-enderr-banoret\/\"]}]},{\"@type\":\"BreadcrumbList\",\"@id\":\"https:\/\/www.visit-ulcinj.com\/blog\/2009\/03\/28\/arjoni-shoh-ne-enderr-banoret\/#breadcrumb\",\"itemListElement\":[{\"@type\":\"ListItem\",\"position\":1,\"name\":\"Arjoni: Shoh n\u00eb \u00ebnd\u00ebrr banor\u00ebt\"}]},{\"@type\":\"Person\",\"@id\":\"https:\/\/www.visit-ulcinj.com\/blog\/#\/schema\/person\/dcab619c614d3038751c63bc2aadc06d\",\"name\":\"ulqini\",\"sameAs\":[\"http:\/\/www.visit-ulcinj.com\"],\"url\":\"https:\/\/www.visit-ulcinj.com\/blog\/author\/admin\/\"}]}<\/script>\n<!-- \/ Yoast SEO plugin. -->","yoast_head_json":{"title":"Arjoni: Shoh n\u00c3\u00ab \u00c3\u00abnd\u00c3\u00abrr banor\u00c3\u00abt | Big Brother Albania 2","description":"Big Brother Albania 2 - T\u00c3\u00ab gjith\u00c3\u00ab banor\u00c3\u00abt q\u00c3\u00abndrojn\u00c3\u00ab n\u00c3\u00ab dhom\u00c3\u00abn e meshkujve. Arjoni, Adelajda dhe Anjeza q\u00c3\u00abndrojn\u00c3\u00ab n\u00c3\u00ab nj\u00c3\u00ab krevat, dhe diskutojn\u00c3\u00ab p\u00c3\u00abr \u00c3\u00abndrrat.","robots":{"index":"index","follow":"follow","max-snippet":"max-snippet:-1","max-image-preview":"max-image-preview:large","max-video-preview":"max-video-preview:-1"},"canonical":"https:\/\/www.visit-ulcinj.com\/blog\/2009\/03\/28\/arjoni-shoh-ne-enderr-banoret\/","og_locale":"en_US","og_type":"article","og_title":"Arjoni: Shoh n\u00c3\u00ab \u00c3\u00abnd\u00c3\u00abrr banor\u00c3\u00abt | Big Brother Albania 2","og_description":"Big Brother Albania 2 - T\u00c3\u00ab gjith\u00c3\u00ab banor\u00c3\u00abt q\u00c3\u00abndrojn\u00c3\u00ab n\u00c3\u00ab dhom\u00c3\u00abn e meshkujve. Arjoni, Adelajda dhe Anjeza q\u00c3\u00abndrojn\u00c3\u00ab n\u00c3\u00ab nj\u00c3\u00ab krevat, dhe diskutojn\u00c3\u00ab p\u00c3\u00abr \u00c3\u00abndrrat.","og_url":"https:\/\/www.visit-ulcinj.com\/blog\/2009\/03\/28\/arjoni-shoh-ne-enderr-banoret\/","og_site_name":"Lajme nga Ulqini","article_published_time":"2009-03-28T10:23:02+00:00","og_image":[{"url":"http:\/\/www.visit-ulcinj.com\/blog\/wp-content\/uploads\/2009\/03\/bisede-endrra.jpg"}],"twitter_misc":{"Written by":"ulqini","Est. reading time":"1 minute"},"schema":{"@context":"https:\/\/schema.org","@graph":[{"@type":"WebSite","@id":"https:\/\/www.visit-ulcinj.com\/blog\/#website","url":"https:\/\/www.visit-ulcinj.com\/blog\/","name":"Lajme nga Ulqini","description":"Lajme,Vijesti,Ulqini,Ulqin,Crna Gora,Mali i Zi","potentialAction":[{"@type":"SearchAction","target":{"@type":"EntryPoint","urlTemplate":"https:\/\/www.visit-ulcinj.com\/blog\/?s={search_term_string}"},"query-input":"required name=search_term_string"}],"inLanguage":"en-US"},{"@type":"ImageObject","inLanguage":"en-US","@id":"https:\/\/www.visit-ulcinj.com\/blog\/2009\/03\/28\/arjoni-shoh-ne-enderr-banoret\/#primaryimage","url":"http:\/\/www.visit-ulcinj.com\/blog\/wp-content\/uploads\/2009\/03\/bisede-endrra.jpg","contentUrl":"http:\/\/www.visit-ulcinj.com\/blog\/wp-content\/uploads\/2009\/03\/bisede-endrra.jpg"},{"@type":"WebPage","@id":"https:\/\/www.visit-ulcinj.com\/blog\/2009\/03\/28\/arjoni-shoh-ne-enderr-banoret\/#webpage","url":"https:\/\/www.visit-ulcinj.com\/blog\/2009\/03\/28\/arjoni-shoh-ne-enderr-banoret\/","name":"Arjoni: Shoh n\u00c3\u00ab \u00c3\u00abnd\u00c3\u00abrr banor\u00c3\u00abt | Big Brother Albania 2","isPartOf":{"@id":"https:\/\/www.visit-ulcinj.com\/blog\/#website"},"primaryImageOfPage":{"@id":"https:\/\/www.visit-ulcinj.com\/blog\/2009\/03\/28\/arjoni-shoh-ne-enderr-banoret\/#primaryimage"},"datePublished":"2009-03-28T10:23:02+00:00","dateModified":"2009-03-28T10:23:02+00:00","author":{"@id":"https:\/\/www.visit-ulcinj.com\/blog\/#\/schema\/person\/dcab619c614d3038751c63bc2aadc06d"},"description":"Big Brother Albania 2 - T\u00c3\u00ab gjith\u00c3\u00ab banor\u00c3\u00abt q\u00c3\u00abndrojn\u00c3\u00ab n\u00c3\u00ab dhom\u00c3\u00abn e meshkujve. Arjoni, Adelajda dhe Anjeza q\u00c3\u00abndrojn\u00c3\u00ab n\u00c3\u00ab nj\u00c3\u00ab krevat, dhe diskutojn\u00c3\u00ab p\u00c3\u00abr \u00c3\u00abndrrat.","breadcrumb":{"@id":"https:\/\/www.visit-ulcinj.com\/blog\/2009\/03\/28\/arjoni-shoh-ne-enderr-banoret\/#breadcrumb"},"inLanguage":"en-US","potentialAction":[{"@type":"ReadAction","target":["https:\/\/www.visit-ulcinj.com\/blog\/2009\/03\/28\/arjoni-shoh-ne-enderr-banoret\/"]}]},{"@type":"BreadcrumbList","@id":"https:\/\/www.visit-ulcinj.com\/blog\/2009\/03\/28\/arjoni-shoh-ne-enderr-banoret\/#breadcrumb","itemListElement":[{"@type":"ListItem","position":1,"name":"Arjoni: Shoh n\u00eb \u00ebnd\u00ebrr banor\u00ebt"}]},{"@type":"Person","@id":"https:\/\/www.visit-ulcinj.com\/blog\/#\/schema\/person\/dcab619c614d3038751c63bc2aadc06d","name":"ulqini","sameAs":["http:\/\/www.visit-ulcinj.com"],"url":"https:\/\/www.visit-ulcinj.com\/blog\/author\/admin\/"}]}},"jetpack_featured_media_url":"","jetpack_sharing_enabled":true,"jetpack_shortlink":"https:\/\/wp.me\/pe6lTn-47u","_links":{"self":[{"href":"https:\/\/www.visit-ulcinj.com\/blog\/wp-json\/wp\/v2\/posts\/15840"}],"collection":[{"href":"https:\/\/www.visit-ulcinj.com\/blog\/wp-json\/wp\/v2\/posts"}],"about":[{"href":"https:\/\/www.visit-ulcinj.com\/blog\/wp-json\/wp\/v2\/types\/post"}],"author":[{"embeddable":true,"href":"https:\/\/www.visit-ulcinj.com\/blog\/wp-json\/wp\/v2\/users\/1"}],"replies":[{"embeddable":true,"href":"https:\/\/www.visit-ulcinj.com\/blog\/wp-json\/wp\/v2\/comments?post=15840"}],"version-history":[{"count":0,"href":"https:\/\/www.visit-ulcinj.com\/blog\/wp-json\/wp\/v2\/posts\/15840\/revisions"}],"wp:attachment":[{"href":"https:\/\/www.visit-ulcinj.com\/blog\/wp-json\/wp\/v2\/media?parent=15840"}],"wp:term":[{"taxonomy":"category","embeddable":true,"href":"https:\/\/www.visit-ulcinj.com\/blog\/wp-json\/wp\/v2\/categories?post=15840"},{"taxonomy":"post_tag","embeddable":true,"href":"https:\/\/www.visit-ulcinj.com\/blog\/wp-json\/wp\/v2\/tags?post=15840"}],"curies":[{"name":"wp","href":"https:\/\/api.w.org\/{rel}","templated":true}]}}