{"id":15843,"date":"2009-03-28T11:24:52","date_gmt":"2009-03-28T10:24:52","guid":{"rendered":"http:\/\/www.visit-ulcinj.com\/blog\/?p=15843"},"modified":"2009-03-28T11:24:52","modified_gmt":"2009-03-28T10:24:52","slug":"piceri-big-brother-albania-2","status":"publish","type":"post","link":"https:\/\/www.visit-ulcinj.com\/blog\/2009\/03\/28\/piceri-big-brother-albania-2\/","title":{"rendered":"Piceri Big Brother Albania 2"},"content":{"rendered":"<p><em><span class=\"newsdate\"><a href=\"http:\/\/www.visit-ulcinj.com\/blog\/wp-content\/uploads\/2009\/03\/piceria-dita-e-dyte.jpg\"><img loading=\"lazy\" class=\"alignleft size-full wp-image-15844\" title=\"piceria-dita-e-dyte-big-brother-albania-2\" src=\"http:\/\/www.visit-ulcinj.com\/blog\/wp-content\/uploads\/2009\/03\/piceria-dita-e-dyte.jpg\" alt=\"piceria-dita-e-dyte-big-brother-albania-2\" width=\"300\" height=\"205\" \/><\/a>26\/03\/09 21:49<\/span><\/em><\/p>\n<p>N\u00eb dit\u00ebn e dyt\u00eb t\u00eb prov\u00ebs banor\u00ebt ishin m\u00eb t\u00eb organizuar . Ato e ndan\u00eb pun\u00ebn p\u00ebr secilin banor. Arjoni dhe Qetsori ishin personat q\u00eb u mor\u00ebn me p\u00ebrgatitjen e brumit.<br \/>\nAida, Mimoza dhe Lirita hidhnin p\u00ebrb\u00ebr\u00ebsit e picave. Adi, Anjeza dhe Ani u mor\u00ebn me sistemimin e picave n\u00ebp\u00ebr kuti. Bjordi dhe Dritani ishin furr\u00ebtar\u00ebt e piceris\u00eb, nd\u00ebrsa Republika dhe Adelajda u mor\u00ebn me p\u00ebrgatitjen e p\u00ebrb\u00ebr\u00ebsve n\u00eb kuzhin\u00eb. Prov\u00ebn e shoq\u00ebruan me k\u00ebrcime t\u00eb ndryshme, k\u00ebng\u00eb dhe duke b\u00ebr\u00eb reklama p\u00ebr picat e tyre. V\u00ebllai i Madh i pajisi dhe me uniformat p\u00ebrkat\u00ebse. Banor\u00ebt n\u00eb to shkruajt\u00ebn nga nj\u00eb mesazh p\u00ebr personat e af\u00ebrm.<\/p>\n","protected":false},"excerpt":{"rendered":"<p>26\/03\/09 21:49 N\u00eb dit\u00ebn e dyt\u00eb t\u00eb prov\u00ebs banor\u00ebt ishin m\u00eb t\u00eb organizuar . Ato e ndan\u00eb pun\u00ebn p\u00ebr secilin banor. Arjoni dhe Qetsori ishin personat q\u00eb u mor\u00ebn me p\u00ebrgatitjen e brumit. Aida, Mimoza dhe Lirita hidhnin p\u00ebrb\u00ebr\u00ebsit e picave. Adi, Anjeza dhe Ani u mor\u00ebn me sistemimin e picave n\u00ebp\u00ebr kuti. Bjordi dhe [&hellip;]<\/p>\n","protected":false},"author":1,"featured_media":0,"comment_status":"open","ping_status":"closed","sticky":false,"template":"","format":"standard","meta":{"spay_email":"","jetpack_publicize_message":"","jetpack_is_tweetstorm":false,"jetpack_publicize_feature_enabled":true},"categories":[6502],"tags":[6537,6883,6516,6712,6542,6544,8411,6891],"jetpack_publicize_connections":[],"yoast_head":"<!-- This site is optimized with the Yoast SEO plugin v19.1 - https:\/\/yoast.com\/wordpress\/plugins\/seo\/ -->\n<title>Piceri Big Brother Albania 2<\/title>\n<meta name=\"description\" content=\"Piceri Big Brother Albania 2 - N\u00c3\u00ab dit\u00c3\u00abn e dyt\u00c3\u00ab t\u00c3\u00ab prov\u00c3\u00abs banor\u00c3\u00abt ishin m\u00c3\u00ab t\u00c3\u00ab organizuar . Ato e ndan\u00c3\u00ab pun\u00c3\u00abn p\u00c3\u00abr secilin banor. Arjoni dhe Qetsori ishin personat q\u00c3\u00ab u mor\u00c3\u00abn me p\u00c3\u00abrgatitjen e brumit.\" \/>\n<meta name=\"robots\" content=\"index, follow, max-snippet:-1, max-image-preview:large, max-video-preview:-1\" \/>\n<link rel=\"canonical\" href=\"https:\/\/www.visit-ulcinj.com\/blog\/2009\/03\/28\/piceri-big-brother-albania-2\/\" \/>\n<meta property=\"og:locale\" content=\"en_US\" \/>\n<meta property=\"og:type\" content=\"article\" \/>\n<meta property=\"og:title\" content=\"Piceri Big Brother Albania 2\" \/>\n<meta property=\"og:description\" content=\"Piceri Big Brother Albania 2 - N\u00c3\u00ab dit\u00c3\u00abn e dyt\u00c3\u00ab t\u00c3\u00ab prov\u00c3\u00abs banor\u00c3\u00abt ishin m\u00c3\u00ab t\u00c3\u00ab organizuar . Ato e ndan\u00c3\u00ab pun\u00c3\u00abn p\u00c3\u00abr secilin banor. Arjoni dhe Qetsori ishin personat q\u00c3\u00ab u mor\u00c3\u00abn me p\u00c3\u00abrgatitjen e brumit.\" \/>\n<meta property=\"og:url\" content=\"https:\/\/www.visit-ulcinj.com\/blog\/2009\/03\/28\/piceri-big-brother-albania-2\/\" \/>\n<meta property=\"og:site_name\" content=\"Lajme nga Ulqini\" \/>\n<meta property=\"article:published_time\" content=\"2009-03-28T10:24:52+00:00\" \/>\n<meta property=\"og:image\" content=\"http:\/\/www.visit-ulcinj.com\/blog\/wp-content\/uploads\/2009\/03\/piceria-dita-e-dyte.jpg\" \/>\n<meta name=\"twitter:label1\" content=\"Written by\" \/>\n\t<meta name=\"twitter:data1\" content=\"ulqini\" \/>\n\t<meta name=\"twitter:label2\" content=\"Est. reading time\" \/>\n\t<meta name=\"twitter:data2\" content=\"1 minute\" \/>\n<script type=\"application\/ld+json\" class=\"yoast-schema-graph\">{\"@context\":\"https:\/\/schema.org\",\"@graph\":[{\"@type\":\"WebSite\",\"@id\":\"https:\/\/www.visit-ulcinj.com\/blog\/#website\",\"url\":\"https:\/\/www.visit-ulcinj.com\/blog\/\",\"name\":\"Lajme nga Ulqini\",\"description\":\"Lajme,Vijesti,Ulqini,Ulqin,Crna Gora,Mali i Zi\",\"potentialAction\":[{\"@type\":\"SearchAction\",\"target\":{\"@type\":\"EntryPoint\",\"urlTemplate\":\"https:\/\/www.visit-ulcinj.com\/blog\/?s={search_term_string}\"},\"query-input\":\"required name=search_term_string\"}],\"inLanguage\":\"en-US\"},{\"@type\":\"ImageObject\",\"inLanguage\":\"en-US\",\"@id\":\"https:\/\/www.visit-ulcinj.com\/blog\/2009\/03\/28\/piceri-big-brother-albania-2\/#primaryimage\",\"url\":\"http:\/\/www.visit-ulcinj.com\/blog\/wp-content\/uploads\/2009\/03\/piceria-dita-e-dyte.jpg\",\"contentUrl\":\"http:\/\/www.visit-ulcinj.com\/blog\/wp-content\/uploads\/2009\/03\/piceria-dita-e-dyte.jpg\"},{\"@type\":\"WebPage\",\"@id\":\"https:\/\/www.visit-ulcinj.com\/blog\/2009\/03\/28\/piceri-big-brother-albania-2\/#webpage\",\"url\":\"https:\/\/www.visit-ulcinj.com\/blog\/2009\/03\/28\/piceri-big-brother-albania-2\/\",\"name\":\"Piceri Big Brother Albania 2\",\"isPartOf\":{\"@id\":\"https:\/\/www.visit-ulcinj.com\/blog\/#website\"},\"primaryImageOfPage\":{\"@id\":\"https:\/\/www.visit-ulcinj.com\/blog\/2009\/03\/28\/piceri-big-brother-albania-2\/#primaryimage\"},\"datePublished\":\"2009-03-28T10:24:52+00:00\",\"dateModified\":\"2009-03-28T10:24:52+00:00\",\"author\":{\"@id\":\"https:\/\/www.visit-ulcinj.com\/blog\/#\/schema\/person\/dcab619c614d3038751c63bc2aadc06d\"},\"description\":\"Piceri Big Brother Albania 2 - N\u00c3\u00ab dit\u00c3\u00abn e dyt\u00c3\u00ab t\u00c3\u00ab prov\u00c3\u00abs banor\u00c3\u00abt ishin m\u00c3\u00ab t\u00c3\u00ab organizuar . Ato e ndan\u00c3\u00ab pun\u00c3\u00abn p\u00c3\u00abr secilin banor. Arjoni dhe Qetsori ishin personat q\u00c3\u00ab u mor\u00c3\u00abn me p\u00c3\u00abrgatitjen e brumit.\",\"breadcrumb\":{\"@id\":\"https:\/\/www.visit-ulcinj.com\/blog\/2009\/03\/28\/piceri-big-brother-albania-2\/#breadcrumb\"},\"inLanguage\":\"en-US\",\"potentialAction\":[{\"@type\":\"ReadAction\",\"target\":[\"https:\/\/www.visit-ulcinj.com\/blog\/2009\/03\/28\/piceri-big-brother-albania-2\/\"]}]},{\"@type\":\"BreadcrumbList\",\"@id\":\"https:\/\/www.visit-ulcinj.com\/blog\/2009\/03\/28\/piceri-big-brother-albania-2\/#breadcrumb\",\"itemListElement\":[{\"@type\":\"ListItem\",\"position\":1,\"name\":\"Piceri Big Brother Albania 2\"}]},{\"@type\":\"Person\",\"@id\":\"https:\/\/www.visit-ulcinj.com\/blog\/#\/schema\/person\/dcab619c614d3038751c63bc2aadc06d\",\"name\":\"ulqini\",\"sameAs\":[\"http:\/\/www.visit-ulcinj.com\"],\"url\":\"https:\/\/www.visit-ulcinj.com\/blog\/author\/admin\/\"}]}<\/script>\n<!-- \/ Yoast SEO plugin. -->","yoast_head_json":{"title":"Piceri Big Brother Albania 2","description":"Piceri Big Brother Albania 2 - N\u00c3\u00ab dit\u00c3\u00abn e dyt\u00c3\u00ab t\u00c3\u00ab prov\u00c3\u00abs banor\u00c3\u00abt ishin m\u00c3\u00ab t\u00c3\u00ab organizuar . Ato e ndan\u00c3\u00ab pun\u00c3\u00abn p\u00c3\u00abr secilin banor. Arjoni dhe Qetsori ishin personat q\u00c3\u00ab u mor\u00c3\u00abn me p\u00c3\u00abrgatitjen e brumit.","robots":{"index":"index","follow":"follow","max-snippet":"max-snippet:-1","max-image-preview":"max-image-preview:large","max-video-preview":"max-video-preview:-1"},"canonical":"https:\/\/www.visit-ulcinj.com\/blog\/2009\/03\/28\/piceri-big-brother-albania-2\/","og_locale":"en_US","og_type":"article","og_title":"Piceri Big Brother Albania 2","og_description":"Piceri Big Brother Albania 2 - N\u00c3\u00ab dit\u00c3\u00abn e dyt\u00c3\u00ab t\u00c3\u00ab prov\u00c3\u00abs banor\u00c3\u00abt ishin m\u00c3\u00ab t\u00c3\u00ab organizuar . Ato e ndan\u00c3\u00ab pun\u00c3\u00abn p\u00c3\u00abr secilin banor. Arjoni dhe Qetsori ishin personat q\u00c3\u00ab u mor\u00c3\u00abn me p\u00c3\u00abrgatitjen e brumit.","og_url":"https:\/\/www.visit-ulcinj.com\/blog\/2009\/03\/28\/piceri-big-brother-albania-2\/","og_site_name":"Lajme nga Ulqini","article_published_time":"2009-03-28T10:24:52+00:00","og_image":[{"url":"http:\/\/www.visit-ulcinj.com\/blog\/wp-content\/uploads\/2009\/03\/piceria-dita-e-dyte.jpg"}],"twitter_misc":{"Written by":"ulqini","Est. reading time":"1 minute"},"schema":{"@context":"https:\/\/schema.org","@graph":[{"@type":"WebSite","@id":"https:\/\/www.visit-ulcinj.com\/blog\/#website","url":"https:\/\/www.visit-ulcinj.com\/blog\/","name":"Lajme nga Ulqini","description":"Lajme,Vijesti,Ulqini,Ulqin,Crna Gora,Mali i Zi","potentialAction":[{"@type":"SearchAction","target":{"@type":"EntryPoint","urlTemplate":"https:\/\/www.visit-ulcinj.com\/blog\/?s={search_term_string}"},"query-input":"required name=search_term_string"}],"inLanguage":"en-US"},{"@type":"ImageObject","inLanguage":"en-US","@id":"https:\/\/www.visit-ulcinj.com\/blog\/2009\/03\/28\/piceri-big-brother-albania-2\/#primaryimage","url":"http:\/\/www.visit-ulcinj.com\/blog\/wp-content\/uploads\/2009\/03\/piceria-dita-e-dyte.jpg","contentUrl":"http:\/\/www.visit-ulcinj.com\/blog\/wp-content\/uploads\/2009\/03\/piceria-dita-e-dyte.jpg"},{"@type":"WebPage","@id":"https:\/\/www.visit-ulcinj.com\/blog\/2009\/03\/28\/piceri-big-brother-albania-2\/#webpage","url":"https:\/\/www.visit-ulcinj.com\/blog\/2009\/03\/28\/piceri-big-brother-albania-2\/","name":"Piceri Big Brother Albania 2","isPartOf":{"@id":"https:\/\/www.visit-ulcinj.com\/blog\/#website"},"primaryImageOfPage":{"@id":"https:\/\/www.visit-ulcinj.com\/blog\/2009\/03\/28\/piceri-big-brother-albania-2\/#primaryimage"},"datePublished":"2009-03-28T10:24:52+00:00","dateModified":"2009-03-28T10:24:52+00:00","author":{"@id":"https:\/\/www.visit-ulcinj.com\/blog\/#\/schema\/person\/dcab619c614d3038751c63bc2aadc06d"},"description":"Piceri Big Brother Albania 2 - N\u00c3\u00ab dit\u00c3\u00abn e dyt\u00c3\u00ab t\u00c3\u00ab prov\u00c3\u00abs banor\u00c3\u00abt ishin m\u00c3\u00ab t\u00c3\u00ab organizuar . Ato e ndan\u00c3\u00ab pun\u00c3\u00abn p\u00c3\u00abr secilin banor. Arjoni dhe Qetsori ishin personat q\u00c3\u00ab u mor\u00c3\u00abn me p\u00c3\u00abrgatitjen e brumit.","breadcrumb":{"@id":"https:\/\/www.visit-ulcinj.com\/blog\/2009\/03\/28\/piceri-big-brother-albania-2\/#breadcrumb"},"inLanguage":"en-US","potentialAction":[{"@type":"ReadAction","target":["https:\/\/www.visit-ulcinj.com\/blog\/2009\/03\/28\/piceri-big-brother-albania-2\/"]}]},{"@type":"BreadcrumbList","@id":"https:\/\/www.visit-ulcinj.com\/blog\/2009\/03\/28\/piceri-big-brother-albania-2\/#breadcrumb","itemListElement":[{"@type":"ListItem","position":1,"name":"Piceri Big Brother Albania 2"}]},{"@type":"Person","@id":"https:\/\/www.visit-ulcinj.com\/blog\/#\/schema\/person\/dcab619c614d3038751c63bc2aadc06d","name":"ulqini","sameAs":["http:\/\/www.visit-ulcinj.com"],"url":"https:\/\/www.visit-ulcinj.com\/blog\/author\/admin\/"}]}},"jetpack_featured_media_url":"","jetpack_sharing_enabled":true,"jetpack_shortlink":"https:\/\/wp.me\/pe6lTn-47x","_links":{"self":[{"href":"https:\/\/www.visit-ulcinj.com\/blog\/wp-json\/wp\/v2\/posts\/15843"}],"collection":[{"href":"https:\/\/www.visit-ulcinj.com\/blog\/wp-json\/wp\/v2\/posts"}],"about":[{"href":"https:\/\/www.visit-ulcinj.com\/blog\/wp-json\/wp\/v2\/types\/post"}],"author":[{"embeddable":true,"href":"https:\/\/www.visit-ulcinj.com\/blog\/wp-json\/wp\/v2\/users\/1"}],"replies":[{"embeddable":true,"href":"https:\/\/www.visit-ulcinj.com\/blog\/wp-json\/wp\/v2\/comments?post=15843"}],"version-history":[{"count":0,"href":"https:\/\/www.visit-ulcinj.com\/blog\/wp-json\/wp\/v2\/posts\/15843\/revisions"}],"wp:attachment":[{"href":"https:\/\/www.visit-ulcinj.com\/blog\/wp-json\/wp\/v2\/media?parent=15843"}],"wp:term":[{"taxonomy":"category","embeddable":true,"href":"https:\/\/www.visit-ulcinj.com\/blog\/wp-json\/wp\/v2\/categories?post=15843"},{"taxonomy":"post_tag","embeddable":true,"href":"https:\/\/www.visit-ulcinj.com\/blog\/wp-json\/wp\/v2\/tags?post=15843"}],"curies":[{"name":"wp","href":"https:\/\/api.w.org\/{rel}","templated":true}]}}