{"id":15856,"date":"2009-03-28T11:36:00","date_gmt":"2009-03-28T10:36:00","guid":{"rendered":"http:\/\/www.visit-ulcinj.com\/blog\/?p=15856"},"modified":"2009-03-28T11:36:00","modified_gmt":"2009-03-28T10:36:00","slug":"adelajda-ti-nuk-di-ku-flet","status":"publish","type":"post","link":"https:\/\/www.visit-ulcinj.com\/blog\/2009\/03\/28\/adelajda-ti-nuk-di-ku-flet\/","title":{"rendered":"Adelajda : Ti nuk di ku flet"},"content":{"rendered":"<p><em><span class=\"newsdate\"><a href=\"http:\/\/www.visit-ulcinj.com\/blog\/wp-content\/uploads\/2009\/03\/adelajda-bisedim.jpg\"><img loading=\"lazy\" class=\"alignleft size-full wp-image-15857\" title=\"adelajda-bisedim-big-brother-albania-2\" src=\"http:\/\/www.visit-ulcinj.com\/blog\/wp-content\/uploads\/2009\/03\/adelajda-bisedim.jpg\" alt=\"adelajda-bisedim-big-brother-albania-2\" width=\"300\" height=\"205\" \/><\/a>25\/03\/09 01:48<\/span><\/em><\/p>\n<p>Aida dhe Adelajda jan\u00eb v\u00ebn\u00eb s\u00ebrish p\u00ebrball\u00eb nj\u00ebra-tjetr\u00ebs. Duke folur p\u00ebr qytetin e Adelajdes, Kavaj\u00ebn, Aida i ka th\u00ebn\u00eb se ajo vet u kishte th\u00ebn\u00eb se vinte nga nj\u00eb qytet ku askush nuk shikonte pun\u00ebn e vet, por t\u00eb tjetrit, ku t\u00eb gjith\u00eb merr\u00ebshin me thashetheme dhe ku paragjykimet ekzistonin. Adelajda i \u00ebsht\u00eb kthyer duke i th\u00ebn\u00eb se Aida i ishte shprehur dikujt, q\u00eb m\u00eb pas ia kishte treguar Adelajdes, se kjo e fundit nuk e donte qytetin e vet. \u201cTi nuk di ku flet!\u201d- i ka th\u00ebn\u00eb ajo Aid\u00ebs dhe ka shtuar se ajo kishte dashur, duke keqp\u00ebrdorur fjal\u00ebt q\u00eb Adela kishte th\u00ebn\u00eb p\u00ebr Kavaj\u00ebn, ta nxirrte at\u00eb keq, para qytetit t\u00eb saj. Aida i ka th\u00ebn\u00eb se ashtu si e kishte prezantuar Adela Kavaj\u00ebn, vet\u00ebm mendim t\u00eb keq mund t\u00eb krijoje. Pas k\u00ebsaj debati m\u00eb t\u00eb dyjave u thellua m\u00eb tej duke iu rikthyer atij t\u00eb Adit n\u00eb lidhje me Mimoz\u00ebn. Aida i ka th\u00ebn\u00eb Adelajdes, se ajo kishte p\u00ebrdorur fjal\u00ebt e saj, nd\u00ebrsa Adela kishte shpikur n\u00eb kurrizin e saj. Kishte qen\u00eb pik\u00ebrisht ajo q\u00eb, sipas Aid\u00ebs, i kishte th\u00ebn\u00eb Adit se Aida ka th\u00ebn\u00eb p\u00ebr ty q\u00eb derisa kishe nj\u00eb t\u00eb dashur 25 vje\u00e7e, nuk e shihje Moz\u00ebn si t\u00eb vog\u00ebl. N\u00eb vazhdim Aida ka th\u00ebn\u00eb se kjo ishte nj\u00eb tem\u00eb tjet\u00ebr dhe ata duhet t\u2019i ktheheshin tem\u00ebs fillestare n\u00eb diskutim: Seksi dhe Qyteti\u201d. Adelajda i ka thn\u00eb se ajo nuk as ta nis\u00eb, as ta drejtoj\u00eb. Aida ia ka kthyer q\u00eb ajo dinte dhe ta niste dhe ta vazhdonte, nd\u00ebrsa Adela, nj\u00eb tem\u00eb t\u00eb till\u00eb, nuk do t\u00eb kishte patur kurr\u00eb kurajo ta hapte. \u201cE si mund t\u00eb ndodhte ndryshe!\u201d \u2013 ka komentuar Adelajda p\u00ebrplasjen e pashmangshme mes t\u00eb dyjave. \u201cMe injorant\u00eb si puna jote, nuk mund t\u00eb ndodhte ndryshe!\u201d \u2013 i \u00ebsht\u00eb p\u00ebrgjigjur Aida.<\/p>\n","protected":false},"excerpt":{"rendered":"<p>25\/03\/09 01:48 Aida dhe Adelajda jan\u00eb v\u00ebn\u00eb s\u00ebrish p\u00ebrball\u00eb nj\u00ebra-tjetr\u00ebs. Duke folur p\u00ebr qytetin e Adelajdes, Kavaj\u00ebn, Aida i ka th\u00ebn\u00eb se ajo vet u kishte th\u00ebn\u00eb se vinte nga nj\u00eb qytet ku askush nuk shikonte pun\u00ebn e vet, por t\u00eb tjetrit, ku t\u00eb gjith\u00eb merr\u00ebshin me thashetheme dhe ku paragjykimet ekzistonin. Adelajda i \u00ebsht\u00eb [&hellip;]<\/p>\n","protected":false},"author":1,"featured_media":0,"comment_status":"open","ping_status":"closed","sticky":false,"template":"","format":"standard","meta":{"spay_email":"","jetpack_publicize_message":"","jetpack_is_tweetstorm":false,"jetpack_publicize_feature_enabled":true},"categories":[6502],"tags":[6529,6537,6525,6883,6516,6712,6522,6544,6891],"jetpack_publicize_connections":[],"yoast_head":"<!-- This site is optimized with the Yoast SEO plugin v19.1 - https:\/\/yoast.com\/wordpress\/plugins\/seo\/ -->\n<title>Adelajda : Ti nuk di ku flet | Big Brother Albania 2<\/title>\n<meta name=\"description\" content=\"Big Brother Albania 2 - Aida dhe Adelajda jan\u00c3\u00ab v\u00c3\u00abn\u00c3\u00ab s\u00c3\u00abrish p\u00c3\u00abrball\u00c3\u00ab nj\u00c3\u00abra-tjetr\u00c3\u00abs. Duke folur p\u00c3\u00abr qytetin e Adelajde\" \/>\n<meta name=\"robots\" content=\"index, follow, max-snippet:-1, max-image-preview:large, max-video-preview:-1\" \/>\n<link rel=\"canonical\" href=\"https:\/\/www.visit-ulcinj.com\/blog\/2009\/03\/28\/adelajda-ti-nuk-di-ku-flet\/\" \/>\n<meta property=\"og:locale\" content=\"en_US\" \/>\n<meta property=\"og:type\" content=\"article\" \/>\n<meta property=\"og:title\" content=\"Adelajda : Ti nuk di ku flet | Big Brother Albania 2\" \/>\n<meta property=\"og:description\" content=\"Big Brother Albania 2 - Aida dhe Adelajda jan\u00c3\u00ab v\u00c3\u00abn\u00c3\u00ab s\u00c3\u00abrish p\u00c3\u00abrball\u00c3\u00ab nj\u00c3\u00abra-tjetr\u00c3\u00abs. Duke folur p\u00c3\u00abr qytetin e Adelajde\" \/>\n<meta property=\"og:url\" content=\"https:\/\/www.visit-ulcinj.com\/blog\/2009\/03\/28\/adelajda-ti-nuk-di-ku-flet\/\" \/>\n<meta property=\"og:site_name\" content=\"Lajme nga Ulqini\" \/>\n<meta property=\"article:published_time\" content=\"2009-03-28T10:36:00+00:00\" \/>\n<meta property=\"og:image\" content=\"http:\/\/www.visit-ulcinj.com\/blog\/wp-content\/uploads\/2009\/03\/adelajda-bisedim.jpg\" \/>\n<meta name=\"twitter:label1\" content=\"Written by\" \/>\n\t<meta name=\"twitter:data1\" content=\"ulqini\" \/>\n\t<meta name=\"twitter:label2\" content=\"Est. reading time\" \/>\n\t<meta name=\"twitter:data2\" content=\"2 minutes\" \/>\n<script type=\"application\/ld+json\" class=\"yoast-schema-graph\">{\"@context\":\"https:\/\/schema.org\",\"@graph\":[{\"@type\":\"WebSite\",\"@id\":\"https:\/\/www.visit-ulcinj.com\/blog\/#website\",\"url\":\"https:\/\/www.visit-ulcinj.com\/blog\/\",\"name\":\"Lajme nga Ulqini\",\"description\":\"Lajme,Vijesti,Ulqini,Ulqin,Crna Gora,Mali i Zi\",\"potentialAction\":[{\"@type\":\"SearchAction\",\"target\":{\"@type\":\"EntryPoint\",\"urlTemplate\":\"https:\/\/www.visit-ulcinj.com\/blog\/?s={search_term_string}\"},\"query-input\":\"required name=search_term_string\"}],\"inLanguage\":\"en-US\"},{\"@type\":\"ImageObject\",\"inLanguage\":\"en-US\",\"@id\":\"https:\/\/www.visit-ulcinj.com\/blog\/2009\/03\/28\/adelajda-ti-nuk-di-ku-flet\/#primaryimage\",\"url\":\"http:\/\/www.visit-ulcinj.com\/blog\/wp-content\/uploads\/2009\/03\/adelajda-bisedim.jpg\",\"contentUrl\":\"http:\/\/www.visit-ulcinj.com\/blog\/wp-content\/uploads\/2009\/03\/adelajda-bisedim.jpg\"},{\"@type\":\"WebPage\",\"@id\":\"https:\/\/www.visit-ulcinj.com\/blog\/2009\/03\/28\/adelajda-ti-nuk-di-ku-flet\/#webpage\",\"url\":\"https:\/\/www.visit-ulcinj.com\/blog\/2009\/03\/28\/adelajda-ti-nuk-di-ku-flet\/\",\"name\":\"Adelajda : Ti nuk di ku flet | Big Brother Albania 2\",\"isPartOf\":{\"@id\":\"https:\/\/www.visit-ulcinj.com\/blog\/#website\"},\"primaryImageOfPage\":{\"@id\":\"https:\/\/www.visit-ulcinj.com\/blog\/2009\/03\/28\/adelajda-ti-nuk-di-ku-flet\/#primaryimage\"},\"datePublished\":\"2009-03-28T10:36:00+00:00\",\"dateModified\":\"2009-03-28T10:36:00+00:00\",\"author\":{\"@id\":\"https:\/\/www.visit-ulcinj.com\/blog\/#\/schema\/person\/dcab619c614d3038751c63bc2aadc06d\"},\"description\":\"Big Brother Albania 2 - Aida dhe Adelajda jan\u00c3\u00ab v\u00c3\u00abn\u00c3\u00ab s\u00c3\u00abrish p\u00c3\u00abrball\u00c3\u00ab nj\u00c3\u00abra-tjetr\u00c3\u00abs. Duke folur p\u00c3\u00abr qytetin e Adelajde\",\"breadcrumb\":{\"@id\":\"https:\/\/www.visit-ulcinj.com\/blog\/2009\/03\/28\/adelajda-ti-nuk-di-ku-flet\/#breadcrumb\"},\"inLanguage\":\"en-US\",\"potentialAction\":[{\"@type\":\"ReadAction\",\"target\":[\"https:\/\/www.visit-ulcinj.com\/blog\/2009\/03\/28\/adelajda-ti-nuk-di-ku-flet\/\"]}]},{\"@type\":\"BreadcrumbList\",\"@id\":\"https:\/\/www.visit-ulcinj.com\/blog\/2009\/03\/28\/adelajda-ti-nuk-di-ku-flet\/#breadcrumb\",\"itemListElement\":[{\"@type\":\"ListItem\",\"position\":1,\"name\":\"Adelajda : Ti nuk di ku flet\"}]},{\"@type\":\"Person\",\"@id\":\"https:\/\/www.visit-ulcinj.com\/blog\/#\/schema\/person\/dcab619c614d3038751c63bc2aadc06d\",\"name\":\"ulqini\",\"sameAs\":[\"http:\/\/www.visit-ulcinj.com\"],\"url\":\"https:\/\/www.visit-ulcinj.com\/blog\/author\/admin\/\"}]}<\/script>\n<!-- \/ Yoast SEO plugin. -->","yoast_head_json":{"title":"Adelajda : Ti nuk di ku flet | Big Brother Albania 2","description":"Big Brother Albania 2 - Aida dhe Adelajda jan\u00c3\u00ab v\u00c3\u00abn\u00c3\u00ab s\u00c3\u00abrish p\u00c3\u00abrball\u00c3\u00ab nj\u00c3\u00abra-tjetr\u00c3\u00abs. Duke folur p\u00c3\u00abr qytetin e Adelajde","robots":{"index":"index","follow":"follow","max-snippet":"max-snippet:-1","max-image-preview":"max-image-preview:large","max-video-preview":"max-video-preview:-1"},"canonical":"https:\/\/www.visit-ulcinj.com\/blog\/2009\/03\/28\/adelajda-ti-nuk-di-ku-flet\/","og_locale":"en_US","og_type":"article","og_title":"Adelajda : Ti nuk di ku flet | Big Brother Albania 2","og_description":"Big Brother Albania 2 - Aida dhe Adelajda jan\u00c3\u00ab v\u00c3\u00abn\u00c3\u00ab s\u00c3\u00abrish p\u00c3\u00abrball\u00c3\u00ab nj\u00c3\u00abra-tjetr\u00c3\u00abs. Duke folur p\u00c3\u00abr qytetin e Adelajde","og_url":"https:\/\/www.visit-ulcinj.com\/blog\/2009\/03\/28\/adelajda-ti-nuk-di-ku-flet\/","og_site_name":"Lajme nga Ulqini","article_published_time":"2009-03-28T10:36:00+00:00","og_image":[{"url":"http:\/\/www.visit-ulcinj.com\/blog\/wp-content\/uploads\/2009\/03\/adelajda-bisedim.jpg"}],"twitter_misc":{"Written by":"ulqini","Est. reading time":"2 minutes"},"schema":{"@context":"https:\/\/schema.org","@graph":[{"@type":"WebSite","@id":"https:\/\/www.visit-ulcinj.com\/blog\/#website","url":"https:\/\/www.visit-ulcinj.com\/blog\/","name":"Lajme nga Ulqini","description":"Lajme,Vijesti,Ulqini,Ulqin,Crna Gora,Mali i Zi","potentialAction":[{"@type":"SearchAction","target":{"@type":"EntryPoint","urlTemplate":"https:\/\/www.visit-ulcinj.com\/blog\/?s={search_term_string}"},"query-input":"required name=search_term_string"}],"inLanguage":"en-US"},{"@type":"ImageObject","inLanguage":"en-US","@id":"https:\/\/www.visit-ulcinj.com\/blog\/2009\/03\/28\/adelajda-ti-nuk-di-ku-flet\/#primaryimage","url":"http:\/\/www.visit-ulcinj.com\/blog\/wp-content\/uploads\/2009\/03\/adelajda-bisedim.jpg","contentUrl":"http:\/\/www.visit-ulcinj.com\/blog\/wp-content\/uploads\/2009\/03\/adelajda-bisedim.jpg"},{"@type":"WebPage","@id":"https:\/\/www.visit-ulcinj.com\/blog\/2009\/03\/28\/adelajda-ti-nuk-di-ku-flet\/#webpage","url":"https:\/\/www.visit-ulcinj.com\/blog\/2009\/03\/28\/adelajda-ti-nuk-di-ku-flet\/","name":"Adelajda : Ti nuk di ku flet | Big Brother Albania 2","isPartOf":{"@id":"https:\/\/www.visit-ulcinj.com\/blog\/#website"},"primaryImageOfPage":{"@id":"https:\/\/www.visit-ulcinj.com\/blog\/2009\/03\/28\/adelajda-ti-nuk-di-ku-flet\/#primaryimage"},"datePublished":"2009-03-28T10:36:00+00:00","dateModified":"2009-03-28T10:36:00+00:00","author":{"@id":"https:\/\/www.visit-ulcinj.com\/blog\/#\/schema\/person\/dcab619c614d3038751c63bc2aadc06d"},"description":"Big Brother Albania 2 - Aida dhe Adelajda jan\u00c3\u00ab v\u00c3\u00abn\u00c3\u00ab s\u00c3\u00abrish p\u00c3\u00abrball\u00c3\u00ab nj\u00c3\u00abra-tjetr\u00c3\u00abs. Duke folur p\u00c3\u00abr qytetin e Adelajde","breadcrumb":{"@id":"https:\/\/www.visit-ulcinj.com\/blog\/2009\/03\/28\/adelajda-ti-nuk-di-ku-flet\/#breadcrumb"},"inLanguage":"en-US","potentialAction":[{"@type":"ReadAction","target":["https:\/\/www.visit-ulcinj.com\/blog\/2009\/03\/28\/adelajda-ti-nuk-di-ku-flet\/"]}]},{"@type":"BreadcrumbList","@id":"https:\/\/www.visit-ulcinj.com\/blog\/2009\/03\/28\/adelajda-ti-nuk-di-ku-flet\/#breadcrumb","itemListElement":[{"@type":"ListItem","position":1,"name":"Adelajda : Ti nuk di ku flet"}]},{"@type":"Person","@id":"https:\/\/www.visit-ulcinj.com\/blog\/#\/schema\/person\/dcab619c614d3038751c63bc2aadc06d","name":"ulqini","sameAs":["http:\/\/www.visit-ulcinj.com"],"url":"https:\/\/www.visit-ulcinj.com\/blog\/author\/admin\/"}]}},"jetpack_featured_media_url":"","jetpack_sharing_enabled":true,"jetpack_shortlink":"https:\/\/wp.me\/pe6lTn-47K","_links":{"self":[{"href":"https:\/\/www.visit-ulcinj.com\/blog\/wp-json\/wp\/v2\/posts\/15856"}],"collection":[{"href":"https:\/\/www.visit-ulcinj.com\/blog\/wp-json\/wp\/v2\/posts"}],"about":[{"href":"https:\/\/www.visit-ulcinj.com\/blog\/wp-json\/wp\/v2\/types\/post"}],"author":[{"embeddable":true,"href":"https:\/\/www.visit-ulcinj.com\/blog\/wp-json\/wp\/v2\/users\/1"}],"replies":[{"embeddable":true,"href":"https:\/\/www.visit-ulcinj.com\/blog\/wp-json\/wp\/v2\/comments?post=15856"}],"version-history":[{"count":0,"href":"https:\/\/www.visit-ulcinj.com\/blog\/wp-json\/wp\/v2\/posts\/15856\/revisions"}],"wp:attachment":[{"href":"https:\/\/www.visit-ulcinj.com\/blog\/wp-json\/wp\/v2\/media?parent=15856"}],"wp:term":[{"taxonomy":"category","embeddable":true,"href":"https:\/\/www.visit-ulcinj.com\/blog\/wp-json\/wp\/v2\/categories?post=15856"},{"taxonomy":"post_tag","embeddable":true,"href":"https:\/\/www.visit-ulcinj.com\/blog\/wp-json\/wp\/v2\/tags?post=15856"}],"curies":[{"name":"wp","href":"https:\/\/api.w.org\/{rel}","templated":true}]}}