{"id":15866,"date":"2009-03-28T11:43:30","date_gmt":"2009-03-28T10:43:30","guid":{"rendered":"http:\/\/www.visit-ulcinj.com\/blog\/?p=15866"},"modified":"2009-03-28T11:43:30","modified_gmt":"2009-03-28T10:43:30","slug":"anjeza-behu-shembull-i-mire","status":"publish","type":"post","link":"https:\/\/www.visit-ulcinj.com\/blog\/2009\/03\/28\/anjeza-behu-shembull-i-mire\/","title":{"rendered":"Anjeza : B\u00ebhu shembull i mir\u00eb"},"content":{"rendered":"<p><em><span class=\"newsdate\"><a href=\"http:\/\/www.visit-ulcinj.com\/blog\/wp-content\/uploads\/2009\/03\/per-pastertine.jpg\"><img loading=\"lazy\" class=\"alignleft size-full wp-image-15867\" title=\"per-pastertine-big-brother-albania-2\" src=\"http:\/\/www.visit-ulcinj.com\/blog\/wp-content\/uploads\/2009\/03\/per-pastertine.jpg\" alt=\"per-pastertine-big-brother-albania-2\" width=\"300\" height=\"205\" \/><\/a>26\/03\/09 13:50<\/span><\/em><\/p>\n<p>Anjeza \u00ebsht\u00eb tep\u00ebr e m\u00ebrzitur nga banor\u00ebt t\u00eb cil\u00ebt nuk kujdesen p\u00ebr past\u00ebrtin\u00eb e sht\u00ebpis\u00eb. Ajo shprehet se ka nga ata q\u00eb e k\u00ebrkojn\u00eb me k\u00ebmb\u00ebngulje k\u00ebt\u00eb gj\u00eb por, kur vjen puna tek vetja, nuk b\u00ebjn\u00eb asgj\u00eb. Dritani, Adi dhe Bjordi mundohen ta kalojn\u00eb me t\u00eb qeshur k\u00ebt\u00eb situat\u00eb, por Anjeza mendon se duhet t\u00eb ken\u00eb t\u00eb gjith\u00eb m\u00eb shum\u00eb kujdes, sidomos n\u00eb zon\u00ebn ku do t\u00eb gatuajn\u00eb picat. Ajo i jep k\u00ebshilla edhe Bjordit q\u00eb t\u00eb mos q\u00ebndroj\u00eb pa shapka n\u00eb sht\u00ebpi sepse nuk \u00ebsht\u00eb higjenike. Bjordi justifikohet se k\u00ebshtu rrin\u00eb t\u00eb gjith\u00eb, por Anjeza i thot\u00eb se ai duhet t\u00eb b\u00ebhet shembull e k\u00ebshtu edhe t\u00eb tjer\u00ebt do t\u00eb b\u00ebjn\u00eb si ai.<\/p>\n","protected":false},"excerpt":{"rendered":"<p>26\/03\/09 13:50 Anjeza \u00ebsht\u00eb tep\u00ebr e m\u00ebrzitur nga banor\u00ebt t\u00eb cil\u00ebt nuk kujdesen p\u00ebr past\u00ebrtin\u00eb e sht\u00ebpis\u00eb. Ajo shprehet se ka nga ata q\u00eb e k\u00ebrkojn\u00eb me k\u00ebmb\u00ebngulje k\u00ebt\u00eb gj\u00eb por, kur vjen puna tek vetja, nuk b\u00ebjn\u00eb asgj\u00eb. Dritani, Adi dhe Bjordi mundohen ta kalojn\u00eb me t\u00eb qeshur k\u00ebt\u00eb situat\u00eb, por Anjeza mendon se [&hellip;]<\/p>\n","protected":false},"author":1,"featured_media":0,"comment_status":"open","ping_status":"closed","sticky":false,"template":"","format":"standard","meta":{"spay_email":"","jetpack_publicize_message":"","jetpack_is_tweetstorm":false,"jetpack_publicize_feature_enabled":true},"categories":[6502],"tags":[6537,8289,6525,6883,6516,6712,6522,6521,6891],"jetpack_publicize_connections":[],"yoast_head":"<!-- This site is optimized with the Yoast SEO plugin v19.1 - https:\/\/yoast.com\/wordpress\/plugins\/seo\/ -->\n<title>Anjeza : B\u00c3\u00abhu shembull i mir\u00c3\u00ab | Big Brother Albania 2<\/title>\n<meta name=\"description\" content=\"Big Brother Albania 2 - Anjeza \u00c3\u00absht\u00c3\u00ab tep\u00c3\u00abr e m\u00c3\u00abrzitur nga banor\u00c3\u00abt t\u00c3\u00ab cil\u00c3\u00abt nuk kujdesen p\u00c3\u00abr past\u00c3\u00abrtin\u00c3\u00ab e sht\u00c3\u00abpis\u00c3\u00ab. Ajo shprehet se ka nga ata q\u00c3\u00ab e k\u00c3\u00abrkojn\u00c3\u00ab me k\u00c3\u00abmb\u00c3\u00abngulje k\u00c3\u00abt\u00c3\u00ab gj\u00c3\u00ab por, kur vjen puna tek vetja, nuk b\u00c3\u00abjn\u00c3\u00ab asgj\u00c3\u00ab.\" \/>\n<meta name=\"robots\" content=\"index, follow, max-snippet:-1, max-image-preview:large, max-video-preview:-1\" \/>\n<link rel=\"canonical\" href=\"https:\/\/www.visit-ulcinj.com\/blog\/2009\/03\/28\/anjeza-behu-shembull-i-mire\/\" \/>\n<meta property=\"og:locale\" content=\"en_US\" \/>\n<meta property=\"og:type\" content=\"article\" \/>\n<meta property=\"og:title\" content=\"Anjeza : B\u00c3\u00abhu shembull i mir\u00c3\u00ab | Big Brother Albania 2\" \/>\n<meta property=\"og:description\" content=\"Big Brother Albania 2 - Anjeza \u00c3\u00absht\u00c3\u00ab tep\u00c3\u00abr e m\u00c3\u00abrzitur nga banor\u00c3\u00abt t\u00c3\u00ab cil\u00c3\u00abt nuk kujdesen p\u00c3\u00abr past\u00c3\u00abrtin\u00c3\u00ab e sht\u00c3\u00abpis\u00c3\u00ab. Ajo shprehet se ka nga ata q\u00c3\u00ab e k\u00c3\u00abrkojn\u00c3\u00ab me k\u00c3\u00abmb\u00c3\u00abngulje k\u00c3\u00abt\u00c3\u00ab gj\u00c3\u00ab por, kur vjen puna tek vetja, nuk b\u00c3\u00abjn\u00c3\u00ab asgj\u00c3\u00ab.\" \/>\n<meta property=\"og:url\" content=\"https:\/\/www.visit-ulcinj.com\/blog\/2009\/03\/28\/anjeza-behu-shembull-i-mire\/\" \/>\n<meta property=\"og:site_name\" content=\"Lajme nga Ulqini\" \/>\n<meta property=\"article:published_time\" content=\"2009-03-28T10:43:30+00:00\" \/>\n<meta property=\"og:image\" content=\"http:\/\/www.visit-ulcinj.com\/blog\/wp-content\/uploads\/2009\/03\/per-pastertine.jpg\" \/>\n<meta name=\"twitter:label1\" content=\"Written by\" \/>\n\t<meta name=\"twitter:data1\" content=\"ulqini\" \/>\n\t<meta name=\"twitter:label2\" content=\"Est. reading time\" \/>\n\t<meta name=\"twitter:data2\" content=\"1 minute\" \/>\n<script type=\"application\/ld+json\" class=\"yoast-schema-graph\">{\"@context\":\"https:\/\/schema.org\",\"@graph\":[{\"@type\":\"WebSite\",\"@id\":\"https:\/\/www.visit-ulcinj.com\/blog\/#website\",\"url\":\"https:\/\/www.visit-ulcinj.com\/blog\/\",\"name\":\"Lajme nga Ulqini\",\"description\":\"Lajme,Vijesti,Ulqini,Ulqin,Crna Gora,Mali i Zi\",\"potentialAction\":[{\"@type\":\"SearchAction\",\"target\":{\"@type\":\"EntryPoint\",\"urlTemplate\":\"https:\/\/www.visit-ulcinj.com\/blog\/?s={search_term_string}\"},\"query-input\":\"required name=search_term_string\"}],\"inLanguage\":\"en-US\"},{\"@type\":\"ImageObject\",\"inLanguage\":\"en-US\",\"@id\":\"https:\/\/www.visit-ulcinj.com\/blog\/2009\/03\/28\/anjeza-behu-shembull-i-mire\/#primaryimage\",\"url\":\"http:\/\/www.visit-ulcinj.com\/blog\/wp-content\/uploads\/2009\/03\/per-pastertine.jpg\",\"contentUrl\":\"http:\/\/www.visit-ulcinj.com\/blog\/wp-content\/uploads\/2009\/03\/per-pastertine.jpg\"},{\"@type\":\"WebPage\",\"@id\":\"https:\/\/www.visit-ulcinj.com\/blog\/2009\/03\/28\/anjeza-behu-shembull-i-mire\/#webpage\",\"url\":\"https:\/\/www.visit-ulcinj.com\/blog\/2009\/03\/28\/anjeza-behu-shembull-i-mire\/\",\"name\":\"Anjeza : B\u00c3\u00abhu shembull i mir\u00c3\u00ab | Big Brother Albania 2\",\"isPartOf\":{\"@id\":\"https:\/\/www.visit-ulcinj.com\/blog\/#website\"},\"primaryImageOfPage\":{\"@id\":\"https:\/\/www.visit-ulcinj.com\/blog\/2009\/03\/28\/anjeza-behu-shembull-i-mire\/#primaryimage\"},\"datePublished\":\"2009-03-28T10:43:30+00:00\",\"dateModified\":\"2009-03-28T10:43:30+00:00\",\"author\":{\"@id\":\"https:\/\/www.visit-ulcinj.com\/blog\/#\/schema\/person\/dcab619c614d3038751c63bc2aadc06d\"},\"description\":\"Big Brother Albania 2 - Anjeza \u00c3\u00absht\u00c3\u00ab tep\u00c3\u00abr e m\u00c3\u00abrzitur nga banor\u00c3\u00abt t\u00c3\u00ab cil\u00c3\u00abt nuk kujdesen p\u00c3\u00abr past\u00c3\u00abrtin\u00c3\u00ab e sht\u00c3\u00abpis\u00c3\u00ab. Ajo shprehet se ka nga ata q\u00c3\u00ab e k\u00c3\u00abrkojn\u00c3\u00ab me k\u00c3\u00abmb\u00c3\u00abngulje k\u00c3\u00abt\u00c3\u00ab gj\u00c3\u00ab por, kur vjen puna tek vetja, nuk b\u00c3\u00abjn\u00c3\u00ab asgj\u00c3\u00ab.\",\"breadcrumb\":{\"@id\":\"https:\/\/www.visit-ulcinj.com\/blog\/2009\/03\/28\/anjeza-behu-shembull-i-mire\/#breadcrumb\"},\"inLanguage\":\"en-US\",\"potentialAction\":[{\"@type\":\"ReadAction\",\"target\":[\"https:\/\/www.visit-ulcinj.com\/blog\/2009\/03\/28\/anjeza-behu-shembull-i-mire\/\"]}]},{\"@type\":\"BreadcrumbList\",\"@id\":\"https:\/\/www.visit-ulcinj.com\/blog\/2009\/03\/28\/anjeza-behu-shembull-i-mire\/#breadcrumb\",\"itemListElement\":[{\"@type\":\"ListItem\",\"position\":1,\"name\":\"Anjeza : B\u00ebhu shembull i mir\u00eb\"}]},{\"@type\":\"Person\",\"@id\":\"https:\/\/www.visit-ulcinj.com\/blog\/#\/schema\/person\/dcab619c614d3038751c63bc2aadc06d\",\"name\":\"ulqini\",\"sameAs\":[\"http:\/\/www.visit-ulcinj.com\"],\"url\":\"https:\/\/www.visit-ulcinj.com\/blog\/author\/admin\/\"}]}<\/script>\n<!-- \/ Yoast SEO plugin. -->","yoast_head_json":{"title":"Anjeza : B\u00c3\u00abhu shembull i mir\u00c3\u00ab | Big Brother Albania 2","description":"Big Brother Albania 2 - Anjeza \u00c3\u00absht\u00c3\u00ab tep\u00c3\u00abr e m\u00c3\u00abrzitur nga banor\u00c3\u00abt t\u00c3\u00ab cil\u00c3\u00abt nuk kujdesen p\u00c3\u00abr past\u00c3\u00abrtin\u00c3\u00ab e sht\u00c3\u00abpis\u00c3\u00ab. Ajo shprehet se ka nga ata q\u00c3\u00ab e k\u00c3\u00abrkojn\u00c3\u00ab me k\u00c3\u00abmb\u00c3\u00abngulje k\u00c3\u00abt\u00c3\u00ab gj\u00c3\u00ab por, kur vjen puna tek vetja, nuk b\u00c3\u00abjn\u00c3\u00ab asgj\u00c3\u00ab.","robots":{"index":"index","follow":"follow","max-snippet":"max-snippet:-1","max-image-preview":"max-image-preview:large","max-video-preview":"max-video-preview:-1"},"canonical":"https:\/\/www.visit-ulcinj.com\/blog\/2009\/03\/28\/anjeza-behu-shembull-i-mire\/","og_locale":"en_US","og_type":"article","og_title":"Anjeza : B\u00c3\u00abhu shembull i mir\u00c3\u00ab | Big Brother Albania 2","og_description":"Big Brother Albania 2 - Anjeza \u00c3\u00absht\u00c3\u00ab tep\u00c3\u00abr e m\u00c3\u00abrzitur nga banor\u00c3\u00abt t\u00c3\u00ab cil\u00c3\u00abt nuk kujdesen p\u00c3\u00abr past\u00c3\u00abrtin\u00c3\u00ab e sht\u00c3\u00abpis\u00c3\u00ab. Ajo shprehet se ka nga ata q\u00c3\u00ab e k\u00c3\u00abrkojn\u00c3\u00ab me k\u00c3\u00abmb\u00c3\u00abngulje k\u00c3\u00abt\u00c3\u00ab gj\u00c3\u00ab por, kur vjen puna tek vetja, nuk b\u00c3\u00abjn\u00c3\u00ab asgj\u00c3\u00ab.","og_url":"https:\/\/www.visit-ulcinj.com\/blog\/2009\/03\/28\/anjeza-behu-shembull-i-mire\/","og_site_name":"Lajme nga Ulqini","article_published_time":"2009-03-28T10:43:30+00:00","og_image":[{"url":"http:\/\/www.visit-ulcinj.com\/blog\/wp-content\/uploads\/2009\/03\/per-pastertine.jpg"}],"twitter_misc":{"Written by":"ulqini","Est. reading time":"1 minute"},"schema":{"@context":"https:\/\/schema.org","@graph":[{"@type":"WebSite","@id":"https:\/\/www.visit-ulcinj.com\/blog\/#website","url":"https:\/\/www.visit-ulcinj.com\/blog\/","name":"Lajme nga Ulqini","description":"Lajme,Vijesti,Ulqini,Ulqin,Crna Gora,Mali i Zi","potentialAction":[{"@type":"SearchAction","target":{"@type":"EntryPoint","urlTemplate":"https:\/\/www.visit-ulcinj.com\/blog\/?s={search_term_string}"},"query-input":"required name=search_term_string"}],"inLanguage":"en-US"},{"@type":"ImageObject","inLanguage":"en-US","@id":"https:\/\/www.visit-ulcinj.com\/blog\/2009\/03\/28\/anjeza-behu-shembull-i-mire\/#primaryimage","url":"http:\/\/www.visit-ulcinj.com\/blog\/wp-content\/uploads\/2009\/03\/per-pastertine.jpg","contentUrl":"http:\/\/www.visit-ulcinj.com\/blog\/wp-content\/uploads\/2009\/03\/per-pastertine.jpg"},{"@type":"WebPage","@id":"https:\/\/www.visit-ulcinj.com\/blog\/2009\/03\/28\/anjeza-behu-shembull-i-mire\/#webpage","url":"https:\/\/www.visit-ulcinj.com\/blog\/2009\/03\/28\/anjeza-behu-shembull-i-mire\/","name":"Anjeza : B\u00c3\u00abhu shembull i mir\u00c3\u00ab | Big Brother Albania 2","isPartOf":{"@id":"https:\/\/www.visit-ulcinj.com\/blog\/#website"},"primaryImageOfPage":{"@id":"https:\/\/www.visit-ulcinj.com\/blog\/2009\/03\/28\/anjeza-behu-shembull-i-mire\/#primaryimage"},"datePublished":"2009-03-28T10:43:30+00:00","dateModified":"2009-03-28T10:43:30+00:00","author":{"@id":"https:\/\/www.visit-ulcinj.com\/blog\/#\/schema\/person\/dcab619c614d3038751c63bc2aadc06d"},"description":"Big Brother Albania 2 - Anjeza \u00c3\u00absht\u00c3\u00ab tep\u00c3\u00abr e m\u00c3\u00abrzitur nga banor\u00c3\u00abt t\u00c3\u00ab cil\u00c3\u00abt nuk kujdesen p\u00c3\u00abr past\u00c3\u00abrtin\u00c3\u00ab e sht\u00c3\u00abpis\u00c3\u00ab. Ajo shprehet se ka nga ata q\u00c3\u00ab e k\u00c3\u00abrkojn\u00c3\u00ab me k\u00c3\u00abmb\u00c3\u00abngulje k\u00c3\u00abt\u00c3\u00ab gj\u00c3\u00ab por, kur vjen puna tek vetja, nuk b\u00c3\u00abjn\u00c3\u00ab asgj\u00c3\u00ab.","breadcrumb":{"@id":"https:\/\/www.visit-ulcinj.com\/blog\/2009\/03\/28\/anjeza-behu-shembull-i-mire\/#breadcrumb"},"inLanguage":"en-US","potentialAction":[{"@type":"ReadAction","target":["https:\/\/www.visit-ulcinj.com\/blog\/2009\/03\/28\/anjeza-behu-shembull-i-mire\/"]}]},{"@type":"BreadcrumbList","@id":"https:\/\/www.visit-ulcinj.com\/blog\/2009\/03\/28\/anjeza-behu-shembull-i-mire\/#breadcrumb","itemListElement":[{"@type":"ListItem","position":1,"name":"Anjeza : B\u00ebhu shembull i mir\u00eb"}]},{"@type":"Person","@id":"https:\/\/www.visit-ulcinj.com\/blog\/#\/schema\/person\/dcab619c614d3038751c63bc2aadc06d","name":"ulqini","sameAs":["http:\/\/www.visit-ulcinj.com"],"url":"https:\/\/www.visit-ulcinj.com\/blog\/author\/admin\/"}]}},"jetpack_featured_media_url":"","jetpack_sharing_enabled":true,"jetpack_shortlink":"https:\/\/wp.me\/pe6lTn-47U","_links":{"self":[{"href":"https:\/\/www.visit-ulcinj.com\/blog\/wp-json\/wp\/v2\/posts\/15866"}],"collection":[{"href":"https:\/\/www.visit-ulcinj.com\/blog\/wp-json\/wp\/v2\/posts"}],"about":[{"href":"https:\/\/www.visit-ulcinj.com\/blog\/wp-json\/wp\/v2\/types\/post"}],"author":[{"embeddable":true,"href":"https:\/\/www.visit-ulcinj.com\/blog\/wp-json\/wp\/v2\/users\/1"}],"replies":[{"embeddable":true,"href":"https:\/\/www.visit-ulcinj.com\/blog\/wp-json\/wp\/v2\/comments?post=15866"}],"version-history":[{"count":0,"href":"https:\/\/www.visit-ulcinj.com\/blog\/wp-json\/wp\/v2\/posts\/15866\/revisions"}],"wp:attachment":[{"href":"https:\/\/www.visit-ulcinj.com\/blog\/wp-json\/wp\/v2\/media?parent=15866"}],"wp:term":[{"taxonomy":"category","embeddable":true,"href":"https:\/\/www.visit-ulcinj.com\/blog\/wp-json\/wp\/v2\/categories?post=15866"},{"taxonomy":"post_tag","embeddable":true,"href":"https:\/\/www.visit-ulcinj.com\/blog\/wp-json\/wp\/v2\/tags?post=15866"}],"curies":[{"name":"wp","href":"https:\/\/api.w.org\/{rel}","templated":true}]}}