{"id":1587,"date":"2008-05-15T16:29:53","date_gmt":"2008-05-15T21:29:53","guid":{"rendered":"http:\/\/www.visit-ulcinj.com\/blog\/?p=1587"},"modified":"2008-05-15T16:44:06","modified_gmt":"2008-05-15T21:44:06","slug":"interviste-me-kengetaren-hana-cakuli","status":"publish","type":"post","link":"https:\/\/www.visit-ulcinj.com\/blog\/2008\/05\/15\/interviste-me-kengetaren-hana-cakuli\/","title":{"rendered":"Intervist\u00eb me k\u00ebng\u00ebtaren Hana Cakuli &#8211; Video"},"content":{"rendered":"<p><a href=\"http:\/\/www.visit-ulcinj.com\/blog\/wp-content\/uploads\/2008\/05\/hana-cakuli.jpg\"><img loading=\"lazy\" class=\"alignleft attachment wp-att-1588\" style=\"float: left;\" src=\"http:\/\/www.visit-ulcinj.com\/blog\/wp-content\/uploads\/2008\/05\/hana-cakuli.thumbnail.jpg\" alt=\"HANA CAKULI\" width=\"200\" height=\"132\" \/><\/a><strong>E dashuruar me Top Fest<\/strong><br \/>\npjes\u00ebmarrjen e saj t\u00eb tret\u00eb, Hana ka rr\u00ebmbyer \u00c7mimin Best Song n\u00eb edicionin e pest\u00eb t\u00eb Festivalit Top Fest q\u00eb organizohet nga Televizioni Top Channel. Ajo e vler\u00ebson Top Fest-in e sivjetsh\u00ebm si m\u00eb t\u00eb mirin nga t\u00eb gjitha edicionet e deritashme dhe premton se do t\u00eb marr\u00eb pjes\u00eb s\u00ebrish n\u00eb Top Fest-et e ardhshme.<br \/>\n<strong>Koha javore:<\/strong> Hana, cilat jan\u00eb p\u00ebrshtypjet Tuaja p\u00ebr Festivalin &#8220;Top Fest 5&#8221;?<br \/>\n<strong>H. Cakuli:<\/strong> Ishte nat\u00eb madh\u00ebshtore. Q\u00eb nga fillimi e deri n\u00eb fund m\u00eb la me goj\u00eb hapur. T\u00eb gjitha ato p\u00ebrpjekje t\u00eb organizator\u00ebve, q\u00eb ishin m\u00eb t\u00eb m\u00ebdha se kat\u00ebr vitet tjera, mendoj se jan\u00eb shp\u00ebrblyer. M\u00eb p\u00eblqeu tapeti i kuq, m\u00eb kan\u00eb p\u00eblqyer shum\u00eb performancat e t\u00eb gjith\u00eb k\u00ebng\u00ebtar\u00ebve, skena&#8230; t\u00eb gjitha!<br \/>\n<strong> Koha javore:<\/strong> Kjo ishte hera e tret\u00eb q\u00eb Ju merrni pjes\u00eb n\u00eb Top Fest. Sa jeni e k\u00ebnaqur me prezantimin Tuaj dhe me \u00c7mimin e fituar Best Song?<br \/>\n<strong> H. Cakuli:<\/strong> Duke ditur q\u00eb ky \u00ebsht\u00eb \u00e7mimi m\u00eb i r\u00ebnd\u00ebsish\u00ebm i Festivalit dhe duke qen\u00eb se konkurrenca ishte shum\u00eb e fort\u00eb, isha e nominuar me: Bes\u00ebn, Vesa Lum\u00ebn, Kamel\u00ebn, Malda Susurin dhe grupin Cody, e po ashtu q\u00eb ky \u00e7mim mzu dha direkt nga juria profesioniste e cila iu shtua Festivalit k\u00ebt\u00eb vit, ndjehem shum\u00eb e vler\u00ebsuar dhe e lumtur q\u00eb \u00ebndrra u b\u00eb realitet.<a href=\"http:\/\/www.visit-ulcinj.com\/blog\/wp-content\/uploads\/2008\/02\/hana-cakuli.jpg\"><img loading=\"lazy\" class=\"alignright attachment wp-att-388\" style=\"float: right;\" src=\"http:\/\/www.visit-ulcinj.com\/blog\/wp-content\/uploads\/2008\/02\/hana-cakuli.thumbnail.jpg\" alt=\"hana cakuli\" width=\"128\" height=\"94\" \/><\/a><br \/>\n<strong> Koha javore:<\/strong> Keni pritur m\u00eb shum\u00eb?<br \/>\n<strong> H. Cakuli:<\/strong> Un\u00eb gjithmon\u00eb nisem me at\u00eb vet\u00ebbesimin tim dhe e mbyllur n\u00eb bot\u00ebn time, bot\u00eb e cila nuk ia v\u00eb veshin konkurrenc\u00ebs dhe nuk frik\u00ebsohet nga ajo, por szdo t\u00eb thot\u00eb se nisem p\u00ebr t\u00eb fituar patjet\u00ebr dhe q\u00eb n\u00eb rastin konkret doja medoemos \u00e7mimin e par\u00eb. Megjithat\u00eb, organizator\u00ebt dhe juria n\u00eb after party ma b\u00ebn\u00eb t\u00eb ditur q\u00eb isha shum\u00eb af\u00ebr fitores.<br \/>\n<strong> Koha javore:<\/strong> Si ishte konkurrenca n\u00eb krahasim me edicionet e kaluara?<br \/>\n<strong> H. Cakuli:<\/strong> Jasht\u00ebzakonisht e madhe. Secila kategori kishte k\u00ebng\u00eb t\u00eb mrekullueshme e t\u00eb realizuara n\u00eb m\u00ebnyr\u00eb shum\u00eb profesionale, gjithashtu edhe emra t\u00eb njohur t\u00eb muzik\u00ebs shqiptare. M\u00eb ka p\u00eblqyer ky Top Fest. Mendoj se \u00ebsht\u00eb m\u00eb i miri deri tani.<br \/>\n<strong> Koha javore: <\/strong>Na thuaj di\u00e7ka m\u00eb tep\u00ebr rreth k\u00ebng\u00ebs &#8220;\u00c7ka do tzju themi n\u00ebnave&#8221; me t\u00eb cil\u00ebn u prezantuat sivjet dhe bashk\u00ebpunimit me Armend Rexhepagiqin?<br \/>\n<strong> H. Cakuli:<\/strong> E dua k\u00ebt\u00eb k\u00ebng\u00eb. Jam dashuruar n\u00eb t\u00eb q\u00eb nga momenti i par\u00eb q\u00eb e kam d\u00ebgjuar. K\u00ebshtu edhe e k\u00ebrkova nga kompozitori Armend Rexhepagiqi, q\u00eb t\u00eb jet\u00eb dramatike, e thell\u00eb dhe emocionale. Ai si duket tashm\u00eb me bashk\u00ebpunimin ton\u00eb t\u00eb dyt\u00eb m\u00eb njohu edhe m\u00eb mir\u00eb dhe e q\u00eblloi k\u00ebng\u00ebn me natyr\u00ebn time. Patjet\u00ebr nuk do t\u00eb dilte k\u00ebshtu pa tekstin e Aida Barakut dhe orkestrimin e Florent Boshnjakut, t\u00eb cil\u00ebt gjithashtu m\u00eb inspiruan.<br \/>\n<strong> Koha javore:<\/strong> \u00c7far\u00eb mendon p\u00ebr m\u00ebnyr\u00ebn e sivjetshme t\u00eb votimit?<br \/>\n<strong> H. Cakuli:<\/strong> \u00cbsht\u00eb shum\u00eb mir\u00eb q\u00eb u shtua juria profesioniste. V\u00ebrehet qart\u00eb q\u00eb \u00e7do \u00e7mim u dha i merituar, e \u00e7z\u00ebsht\u00eb dhe m\u00eb e mira &#8211; e aprovuar edhe nga publiku.<br \/>\n<strong> Koha javore:<\/strong> P\u00ebr dallim prej viteve t\u00eb tjera, sivjet nuk ishit e vetmuar n\u00eb Top Fest pasi q\u00eb ka pasur edhe pjes\u00ebmarr\u00ebs t\u00eb tjer\u00eb nga trevat shqiptare n\u00eb Mal t\u00eb Zi?<br \/>\n<a href=\"http:\/\/www.visit-ulcinj.com\/blog\/wp-content\/uploads\/2008\/02\/hana-cakuli-ulqin.jpg\"><img loading=\"lazy\" class=\"alignleft attachment wp-att-386\" style=\"float: left;\" src=\"http:\/\/www.visit-ulcinj.com\/blog\/wp-content\/uploads\/2008\/02\/hana-cakuli-ulqin.thumbnail.jpg\" alt=\"Hana Cakuli - ulqin\" width=\"121\" height=\"128\" \/><\/a><strong>H. Cakuli:<\/strong> M\u00eb p\u00eblqen shum\u00eb q\u00eb grupi &#8220;Brotherhood&#8221; ka marr\u00eb guximin dhe ka hedhur hapin e tij t\u00eb par\u00eb drejt pun\u00ebs n\u00eb muzik\u00eb. Un\u00eb i p\u00ebrg\u00ebzoj an\u00ebtar\u00ebt e tij dhe ju uroj shum\u00eb suksese!<br \/>\n<strong> Koha javore: <\/strong>A do t\u00eb merrni pjes\u00eb s\u00ebrish n\u00eb Top Fest?<br \/>\n<strong> H. Cakuli:<\/strong> Patjet\u00ebr. M\u00eb p\u00eblqen t\u00eb b\u00ebj muzik\u00eb p\u00ebr Top Fest-in dhe Top Median.<br \/>\n<strong> Koha javore: <\/strong>Projektet Tuaja p\u00ebr t\u00eb ardhmen e af\u00ebrt?<br \/>\n<strong> H. Cakuli:<\/strong> Nuk do tzi zbuloj. Ndiqni mediat.<br \/>\n<strong>Bisedoi: I. Kallaba<br \/>\nKOHA JAVORE<\/strong><\/p>\n<p><strong>Hana Cakuli &#8211;<\/strong><strong> U sherova<a title=\"U sherova\" onclick=\"_hbLink('Usherova','VidVert');\" href=\"http:\/\/www.youtube.com\/watch?v=Yc58p327LNA\"> <\/a><\/strong><\/p>\n<!--YouTube Error: bad URL entered-->\n<p><strong>Hana Cakuli &#8211; \u00e7ka do t&#8217;ju themi nenave<\/strong><\/p>\n<!--YouTube Error: bad URL entered-->\n<p><strong>Hana Cakuli Video &#8211; Enderrat s&#8217;ndalen kurre<\/strong><\/p>\n<!--YouTube Error: bad URL entered-->\n<p><span id=\"BeginvidDescGhV8_nv2hZ0\"><strong>Hana<\/strong><strong> Cakuli &#8211; mendoj te fluturoj<\/strong><\/span><\/p>\n<!--YouTube Error: bad URL entered-->\n","protected":false},"excerpt":{"rendered":"<p><img loading=\"lazy\" class=\"attachment wp-att-1588 alignleft\" src=\"http:\/\/www.visit-ulcinj.com\/blog\/wp-content\/uploads\/2008\/05\/hana-cakuli.thumbnail.jpg\" alt=\"HANA CAKULI\" width=\"140\" height=\"140\" \/><\/p>\n","protected":false},"author":1,"featured_media":0,"comment_status":"open","ping_status":"closed","sticky":false,"template":"","format":"standard","meta":{"spay_email":"","jetpack_publicize_message":"","jetpack_is_tweetstorm":false,"jetpack_publicize_feature_enabled":true},"categories":[12],"tags":[3201,95,200,18],"jetpack_publicize_connections":[],"yoast_head":"<!-- This site is optimized with the Yoast SEO plugin v19.1 - https:\/\/yoast.com\/wordpress\/plugins\/seo\/ -->\n<title>Intervist\u00eb me k\u00ebng\u00ebtaren Hana Cakuli - Video - Lajme nga Ulqini<\/title>\n<meta name=\"robots\" content=\"index, follow, max-snippet:-1, max-image-preview:large, max-video-preview:-1\" \/>\n<link rel=\"canonical\" href=\"https:\/\/www.visit-ulcinj.com\/blog\/2008\/05\/15\/interviste-me-kengetaren-hana-cakuli\/\" \/>\n<meta property=\"og:locale\" content=\"en_US\" \/>\n<meta property=\"og:type\" content=\"article\" \/>\n<meta property=\"og:title\" content=\"Intervist\u00eb me k\u00ebng\u00ebtaren Hana Cakuli - Video - Lajme nga Ulqini\" \/>\n<meta property=\"og:url\" content=\"https:\/\/www.visit-ulcinj.com\/blog\/2008\/05\/15\/interviste-me-kengetaren-hana-cakuli\/\" \/>\n<meta property=\"og:site_name\" content=\"Lajme nga Ulqini\" \/>\n<meta property=\"article:published_time\" content=\"2008-05-15T21:29:53+00:00\" \/>\n<meta property=\"article:modified_time\" content=\"2008-05-15T21:44:06+00:00\" \/>\n<meta property=\"og:image\" content=\"http:\/\/www.visit-ulcinj.com\/blog\/wp-content\/uploads\/2008\/05\/hana-cakuli.thumbnail.jpg\" \/>\n<meta name=\"twitter:label1\" content=\"Written by\" \/>\n\t<meta name=\"twitter:data1\" content=\"ulqini\" \/>\n\t<meta name=\"twitter:label2\" content=\"Est. reading time\" \/>\n\t<meta name=\"twitter:data2\" content=\"4 minutes\" \/>\n<script type=\"application\/ld+json\" class=\"yoast-schema-graph\">{\"@context\":\"https:\/\/schema.org\",\"@graph\":[{\"@type\":\"WebSite\",\"@id\":\"https:\/\/www.visit-ulcinj.com\/blog\/#website\",\"url\":\"https:\/\/www.visit-ulcinj.com\/blog\/\",\"name\":\"Lajme nga Ulqini\",\"description\":\"Lajme,Vijesti,Ulqini,Ulqin,Crna Gora,Mali i Zi\",\"potentialAction\":[{\"@type\":\"SearchAction\",\"target\":{\"@type\":\"EntryPoint\",\"urlTemplate\":\"https:\/\/www.visit-ulcinj.com\/blog\/?s={search_term_string}\"},\"query-input\":\"required name=search_term_string\"}],\"inLanguage\":\"en-US\"},{\"@type\":\"ImageObject\",\"inLanguage\":\"en-US\",\"@id\":\"https:\/\/www.visit-ulcinj.com\/blog\/2008\/05\/15\/interviste-me-kengetaren-hana-cakuli\/#primaryimage\",\"url\":\"http:\/\/www.visit-ulcinj.com\/blog\/wp-content\/uploads\/2008\/05\/hana-cakuli.thumbnail.jpg\",\"contentUrl\":\"http:\/\/www.visit-ulcinj.com\/blog\/wp-content\/uploads\/2008\/05\/hana-cakuli.thumbnail.jpg\"},{\"@type\":\"WebPage\",\"@id\":\"https:\/\/www.visit-ulcinj.com\/blog\/2008\/05\/15\/interviste-me-kengetaren-hana-cakuli\/#webpage\",\"url\":\"https:\/\/www.visit-ulcinj.com\/blog\/2008\/05\/15\/interviste-me-kengetaren-hana-cakuli\/\",\"name\":\"Intervist\u00eb me k\u00ebng\u00ebtaren Hana Cakuli - Video - Lajme nga Ulqini\",\"isPartOf\":{\"@id\":\"https:\/\/www.visit-ulcinj.com\/blog\/#website\"},\"primaryImageOfPage\":{\"@id\":\"https:\/\/www.visit-ulcinj.com\/blog\/2008\/05\/15\/interviste-me-kengetaren-hana-cakuli\/#primaryimage\"},\"datePublished\":\"2008-05-15T21:29:53+00:00\",\"dateModified\":\"2008-05-15T21:44:06+00:00\",\"author\":{\"@id\":\"https:\/\/www.visit-ulcinj.com\/blog\/#\/schema\/person\/dcab619c614d3038751c63bc2aadc06d\"},\"breadcrumb\":{\"@id\":\"https:\/\/www.visit-ulcinj.com\/blog\/2008\/05\/15\/interviste-me-kengetaren-hana-cakuli\/#breadcrumb\"},\"inLanguage\":\"en-US\",\"potentialAction\":[{\"@type\":\"ReadAction\",\"target\":[\"https:\/\/www.visit-ulcinj.com\/blog\/2008\/05\/15\/interviste-me-kengetaren-hana-cakuli\/\"]}]},{\"@type\":\"BreadcrumbList\",\"@id\":\"https:\/\/www.visit-ulcinj.com\/blog\/2008\/05\/15\/interviste-me-kengetaren-hana-cakuli\/#breadcrumb\",\"itemListElement\":[{\"@type\":\"ListItem\",\"position\":1,\"name\":\"Intervist\u00eb me k\u00ebng\u00ebtaren Hana Cakuli &#8211; Video\"}]},{\"@type\":\"Person\",\"@id\":\"https:\/\/www.visit-ulcinj.com\/blog\/#\/schema\/person\/dcab619c614d3038751c63bc2aadc06d\",\"name\":\"ulqini\",\"sameAs\":[\"http:\/\/www.visit-ulcinj.com\"],\"url\":\"https:\/\/www.visit-ulcinj.com\/blog\/author\/admin\/\"}]}<\/script>\n<!-- \/ Yoast SEO plugin. -->","yoast_head_json":{"title":"Intervist\u00eb me k\u00ebng\u00ebtaren Hana Cakuli - Video - Lajme nga Ulqini","robots":{"index":"index","follow":"follow","max-snippet":"max-snippet:-1","max-image-preview":"max-image-preview:large","max-video-preview":"max-video-preview:-1"},"canonical":"https:\/\/www.visit-ulcinj.com\/blog\/2008\/05\/15\/interviste-me-kengetaren-hana-cakuli\/","og_locale":"en_US","og_type":"article","og_title":"Intervist\u00eb me k\u00ebng\u00ebtaren Hana Cakuli - Video - Lajme nga Ulqini","og_url":"https:\/\/www.visit-ulcinj.com\/blog\/2008\/05\/15\/interviste-me-kengetaren-hana-cakuli\/","og_site_name":"Lajme nga Ulqini","article_published_time":"2008-05-15T21:29:53+00:00","article_modified_time":"2008-05-15T21:44:06+00:00","og_image":[{"url":"http:\/\/www.visit-ulcinj.com\/blog\/wp-content\/uploads\/2008\/05\/hana-cakuli.thumbnail.jpg"}],"twitter_misc":{"Written by":"ulqini","Est. reading time":"4 minutes"},"schema":{"@context":"https:\/\/schema.org","@graph":[{"@type":"WebSite","@id":"https:\/\/www.visit-ulcinj.com\/blog\/#website","url":"https:\/\/www.visit-ulcinj.com\/blog\/","name":"Lajme nga Ulqini","description":"Lajme,Vijesti,Ulqini,Ulqin,Crna Gora,Mali i Zi","potentialAction":[{"@type":"SearchAction","target":{"@type":"EntryPoint","urlTemplate":"https:\/\/www.visit-ulcinj.com\/blog\/?s={search_term_string}"},"query-input":"required name=search_term_string"}],"inLanguage":"en-US"},{"@type":"ImageObject","inLanguage":"en-US","@id":"https:\/\/www.visit-ulcinj.com\/blog\/2008\/05\/15\/interviste-me-kengetaren-hana-cakuli\/#primaryimage","url":"http:\/\/www.visit-ulcinj.com\/blog\/wp-content\/uploads\/2008\/05\/hana-cakuli.thumbnail.jpg","contentUrl":"http:\/\/www.visit-ulcinj.com\/blog\/wp-content\/uploads\/2008\/05\/hana-cakuli.thumbnail.jpg"},{"@type":"WebPage","@id":"https:\/\/www.visit-ulcinj.com\/blog\/2008\/05\/15\/interviste-me-kengetaren-hana-cakuli\/#webpage","url":"https:\/\/www.visit-ulcinj.com\/blog\/2008\/05\/15\/interviste-me-kengetaren-hana-cakuli\/","name":"Intervist\u00eb me k\u00ebng\u00ebtaren Hana Cakuli - Video - Lajme nga Ulqini","isPartOf":{"@id":"https:\/\/www.visit-ulcinj.com\/blog\/#website"},"primaryImageOfPage":{"@id":"https:\/\/www.visit-ulcinj.com\/blog\/2008\/05\/15\/interviste-me-kengetaren-hana-cakuli\/#primaryimage"},"datePublished":"2008-05-15T21:29:53+00:00","dateModified":"2008-05-15T21:44:06+00:00","author":{"@id":"https:\/\/www.visit-ulcinj.com\/blog\/#\/schema\/person\/dcab619c614d3038751c63bc2aadc06d"},"breadcrumb":{"@id":"https:\/\/www.visit-ulcinj.com\/blog\/2008\/05\/15\/interviste-me-kengetaren-hana-cakuli\/#breadcrumb"},"inLanguage":"en-US","potentialAction":[{"@type":"ReadAction","target":["https:\/\/www.visit-ulcinj.com\/blog\/2008\/05\/15\/interviste-me-kengetaren-hana-cakuli\/"]}]},{"@type":"BreadcrumbList","@id":"https:\/\/www.visit-ulcinj.com\/blog\/2008\/05\/15\/interviste-me-kengetaren-hana-cakuli\/#breadcrumb","itemListElement":[{"@type":"ListItem","position":1,"name":"Intervist\u00eb me k\u00ebng\u00ebtaren Hana Cakuli &#8211; Video"}]},{"@type":"Person","@id":"https:\/\/www.visit-ulcinj.com\/blog\/#\/schema\/person\/dcab619c614d3038751c63bc2aadc06d","name":"ulqini","sameAs":["http:\/\/www.visit-ulcinj.com"],"url":"https:\/\/www.visit-ulcinj.com\/blog\/author\/admin\/"}]}},"jetpack_featured_media_url":"","jetpack_sharing_enabled":true,"jetpack_shortlink":"https:\/\/wp.me\/pe6lTn-pB","_links":{"self":[{"href":"https:\/\/www.visit-ulcinj.com\/blog\/wp-json\/wp\/v2\/posts\/1587"}],"collection":[{"href":"https:\/\/www.visit-ulcinj.com\/blog\/wp-json\/wp\/v2\/posts"}],"about":[{"href":"https:\/\/www.visit-ulcinj.com\/blog\/wp-json\/wp\/v2\/types\/post"}],"author":[{"embeddable":true,"href":"https:\/\/www.visit-ulcinj.com\/blog\/wp-json\/wp\/v2\/users\/1"}],"replies":[{"embeddable":true,"href":"https:\/\/www.visit-ulcinj.com\/blog\/wp-json\/wp\/v2\/comments?post=1587"}],"version-history":[{"count":0,"href":"https:\/\/www.visit-ulcinj.com\/blog\/wp-json\/wp\/v2\/posts\/1587\/revisions"}],"wp:attachment":[{"href":"https:\/\/www.visit-ulcinj.com\/blog\/wp-json\/wp\/v2\/media?parent=1587"}],"wp:term":[{"taxonomy":"category","embeddable":true,"href":"https:\/\/www.visit-ulcinj.com\/blog\/wp-json\/wp\/v2\/categories?post=1587"},{"taxonomy":"post_tag","embeddable":true,"href":"https:\/\/www.visit-ulcinj.com\/blog\/wp-json\/wp\/v2\/tags?post=1587"}],"curies":[{"name":"wp","href":"https:\/\/api.w.org\/{rel}","templated":true}]}}